{"id":17867,"date":"2014-06-07T08:00:46","date_gmt":"2014-06-07T14:00:46","guid":{"rendered":"http:\/\/quechilero.com\/blog\/?p=17867"},"modified":"2014-05-21T12:13:15","modified_gmt":"2014-05-21T18:13:15","slug":"carta-sin-destino","status":"publish","type":"post","link":"https:\/\/quechilero.com\/blog\/2014\/06\/07\/carta-sin-destino\/","title":{"rendered":"Carta sin destino"},"content":{"rendered":"<p>Escuchando el silencio del atardecer, en la frialdad de mi soledad, buscando mariposas en el desierto, viendo volar las aves, me encuentro suspirando por ti.<\/p>\n<p>Hoy como todos los d\u00edas, he despertado con aires de grandeza, fortalecido por una esperanza de vida, trazando mi camino en una vereda de sue\u00f1os, buscando el amor que nunca encuentro, pero con la a\u00f1oranza de que alg\u00fan d\u00eda llegar\u00e1.<\/p>\n<p>So\u00f1ando en alcanzar las estrellas, so\u00f1ando en contar cada gota del agua del mar, cruzando caminos sin fronteras, por tal de encontrarte y estar junto a ti.<\/p>\n<p>La distancia no es un obst\u00e1culo, para amarte, los obst\u00e1culos son una prueba de vida, una prueba de amor.<\/p>\n<p>Un simple adi\u00f3s, d\u00eda con d\u00eda, es el fortalecimiento de mi alma, que ambiciona cada ma\u00f1ana para volverte a ver.<\/p>\n<p>Esta carta tiene un destino, conquistar tu coraz\u00f3n y entregarte mi pasi\u00f3n. Por eso mi destino es tu amor y tu remitente mi vida.<\/p>\n<p>No hay carta sin destino\u2026 ni palabras sin direcci\u00f3n, todo se dirige hacia alguien que quiero y que desee contestarla.<\/p>\n<p>Mi coraz\u00f3n abierto, mi amor para ti, contesta si quieres y dale direcci\u00f3n a mi vida.<\/p>\n<p>*** *** ***<\/p>\n<p>Autor\u00a0<a title=\"Carta sin destino\" href=\"https:\/\/www.facebook.com\/notes\/luis-samayoa\/carta-sin-destino\/195205993832889\" target=\"_blank\"><em>Luis Samayoa<\/em>.<\/a><\/p>\n","protected":false},"excerpt":{"rendered":"<p>Escuchando el silencio del atardecer, en la frialdad de mi soledad, buscando mariposas en el desierto, viendo volar las aves, me encuentro suspirando por ti. Hoy como todos los d\u00edas, he despertado con aires de grandeza, fortalecido por una esperanza de vida, trazando mi camino en una vereda de sue\u00f1os, buscando el amor que nunca &#8230; <a title=\"Carta sin destino\" class=\"read-more\" href=\"https:\/\/quechilero.com\/blog\/2014\/06\/07\/carta-sin-destino\/\" aria-label=\"Leer m\u00e1s sobre Carta sin destino\">Leer m\u00e1s<\/a><\/p>\n","protected":false},"author":1,"featured_media":0,"comment_status":"open","ping_status":"open","sticky":false,"template":"","format":"standard","meta":{"advanced_seo_description":"","jetpack_seo_html_title":"","jetpack_seo_noindex":false,"jetpack_seo_schema_type":"","episode_type":"","audio_file":"","podmotor_file_id":"","podmotor_episode_id":"","cover_image":"","cover_image_id":"","duration":"","filesize":"","filesize_raw":"","date_recorded":"","explicit":"","block":"","_jetpack_newsletter_access":"","_jetpack_dont_email_post_to_subs":false,"_jetpack_newsletter_tier_id":0,"_jetpack_memberships_contains_paywalled_content":false,"_jetpack_feature_clip_id":0,"_jetpack_memberships_contains_paid_content":false,"footnotes":"","jetpack_publicize_message":"","jetpack_publicize_feature_enabled":true,"jetpack_social_post_already_shared":true,"jetpack_social_options":{"image_generator_settings":{"template":"highway","default_image_id":0,"font":"","enabled":false},"version":2},"jetpack_post_was_ever_published":false},"categories":[2],"tags":[15,52,24],"series":[],"class_list":["post-17867","post","type-post","status-publish","format-standard","hentry","category-limones","tag-amor","tag-pasion","tag-vida"],"episode_featured_image":false,"episode_player_image":"https:\/\/i0.wp.com\/quechilero.com\/blog\/imagenes\/podcast.png?fit=1831%2C1831&ssl=1","download_link":"","player_link":"","audio_player":false,"episode_data":{"playerMode":"dark","subscribeUrls":{"amazon":{"key":"amazon","url":"","label":"Amazon","class":"amazon","icon":"amazon.png"},"apple_podcasts":{"key":"apple_podcasts","url":"","label":"Apple Podcasts","class":"apple_podcasts","icon":"apple-podcasts.png"},"castbox":{"key":"castbox","url":"","label":"CastBox","class":"castbox","icon":"castbox.png"},"deezer":{"key":"deezer","url":"","label":"Deezer","class":"deezer","icon":"deezer.png"},"google_podcasts":{"key":"google_podcasts","url":"","label":"Google Podcasts","class":"google_podcasts","icon":"google-podcasts.png"},"listen_notes":{"key":"listen_notes","url":"","label":"Listen Notes","class":"listen_notes","icon":"listen-notes.png"},"pandora":{"key":"pandora","url":"","label":"Pandora","class":"pandora","icon":"pandora.png"},"podbean":{"key":"podbean","url":"","label":"Podbean","class":"podbean","icon":"podbean.png"},"podcast_republic":{"key":"podcast_republic","url":"","label":"Podcast Republic","class":"podcast_republic","icon":"podcast-republic.png"},"rss":{"key":"rss","url":"","label":"RSS","class":"rss","icon":"rss.png"},"spotify":{"key":"spotify","url":"","label":"Spotify","class":"spotify","icon":"spotify.png"},"stitcher":{"key":"stitcher","url":"","label":"Stitcher","class":"stitcher","icon":"stitcher.png"},"tunein":{"key":"tunein","url":"","label":"TuneIn","class":"tunein","icon":"tunein.png"},"youtube":{"key":"youtube","url":"","label":"YouTube","class":"youtube","icon":"youtube.png"},"iheartradio":{"key":"iheartradio","url":"","label":"iHeartRadio","class":"iheartradio","icon":"iheartradio.png"},"ivoox":{"key":"ivoox","url":"","label":"iVoox","class":"ivoox","icon":"ivoox.png"}},"rssFeedUrl":"https:\/\/quechilero.com\/blog\/feed\/podcast\/si-la-vida-nos-da-limones","embedCode":"<blockquote class=\"wp-embedded-content\" data-secret=\"TPcjTYocjI\"><a href=\"https:\/\/quechilero.com\/blog\/2014\/06\/07\/carta-sin-destino\/\">Carta sin destino<\/a><\/blockquote><iframe sandbox=\"allow-scripts\" security=\"restricted\" src=\"https:\/\/quechilero.com\/blog\/2014\/06\/07\/carta-sin-destino\/embed\/#?secret=TPcjTYocjI\" width=\"500\" height=\"350\" title=\"\u00abCarta sin destino\u00bb \u2014 Si la Vida nos da Limones...\" data-secret=\"TPcjTYocjI\" frameborder=\"0\" marginwidth=\"0\" marginheight=\"0\" scrolling=\"no\" class=\"wp-embedded-content\"><\/iframe><script>\n\/*! This file is auto-generated *\/\n!function(d,l){\"use strict\";l.querySelector&&d.addEventListener&&\"undefined\"!=typeof URL&&(d.wp=d.wp||{},d.wp.receiveEmbedMessage||(d.wp.receiveEmbedMessage=function(e){var t=e.data;if((t||t.secret||t.message||t.value)&&!\/[^a-zA-Z0-9]\/.test(t.secret)){for(var s,r,n,a=l.querySelectorAll('iframe[data-secret=\"'+t.secret+'\"]'),o=l.querySelectorAll('blockquote[data-secret=\"'+t.secret+'\"]'),c=new RegExp(\"^https?:$\",\"i\"),i=0;i<o.length;i++)o[i].style.display=\"none\";for(i=0;i<a.length;i++)s=a[i],e.source===s.contentWindow&&(s.removeAttribute(\"style\"),\"height\"===t.message?(1e3<(r=parseInt(t.value,10))?r=1e3:~~r<200&&(r=200),s.height=r):\"link\"===t.message&&(r=new URL(s.getAttribute(\"src\")),n=new URL(t.value),c.test(n.protocol))&&n.host===r.host&&l.activeElement===s&&(d.top.location.href=t.value))}},d.addEventListener(\"message\",d.wp.receiveEmbedMessage,!1),l.addEventListener(\"DOMContentLoaded\",function(){for(var e,t,s=l.querySelectorAll(\"iframe.wp-embedded-content\"),r=0;r<s.length;r++)(t=(e=s[r]).getAttribute(\"data-secret\"))||(t=Math.random().toString(36).substring(2,12),e.src+=\"#?secret=\"+t,e.setAttribute(\"data-secret\",t)),e.contentWindow.postMessage({message:\"ready\",secret:t},\"*\")},!1)))}(window,document);\n\/\/# sourceURL=https:\/\/quechilero.com\/blog\/wp-includes\/js\/wp-embed.min.js\n<\/script>\n"},"jetpack_publicize_connections":[],"jetpack_shortlink":"https:\/\/wp.me\/pDKli-4Eb","jetpack_sharing_enabled":true,"jetpack-related-posts":[{"id":5951,"url":"https:\/\/quechilero.com\/blog\/2010\/11\/01\/fiesta-de-todos-los-santos\/","url_meta":{"origin":17867,"position":0},"title":"Fiesta de Todos los Santos","author":"Pepe Barrascout Ortiz","date":"1 noviembre 2010","format":false,"excerpt":"Este d\u00eda se celebran a todos los millones de personas que han llegado al cielo, aunque sean desconocidos para nosotros. Santo es aquel que ha llegado al cielo, algunos han sido canonizados y son por esto propuestos por la Iglesia como ejemplos de vida cristiana. La comuni\u00f3n de los santos,\u2026","rel":"","context":"En \u00abLimones\u00bb","block_context":{"text":"Limones","link":"https:\/\/quechilero.com\/blog\/category\/limones\/"},"img":{"alt_text":"","src":"","width":0,"height":0},"classes":[]},{"id":927,"url":"https:\/\/quechilero.com\/blog\/2008\/04\/05\/de-cual-tipo-de-persona-sos\/","url_meta":{"origin":17867,"position":1},"title":"\u00bfDe cu\u00e1l tipo de persona sos?","author":"Pepe Barrascout Ortiz","date":"5 abril 2008","format":false,"excerpt":"Luego de que cualquiera camine un breve tiempo en la vida y trate de trabajar encontrar\u00e1 varios tipos de personas. Me ha parecido un buen ejercicio poder recorrer algunos tipos y \"anti-tipos\" (si es que existe el t\u00e9rmino) para que todos crezcamos y mejoremos cada d\u00eda. Muy probablemente vamos a\u2026","rel":"","context":"En \u00abLimones\u00bb","block_context":{"text":"Limones","link":"https:\/\/quechilero.com\/blog\/category\/limones\/"},"img":{"alt_text":"","src":"","width":0,"height":0},"classes":[]},{"id":16908,"url":"https:\/\/quechilero.com\/blog\/2013\/11\/01\/fiesta-de-todos-los-santos-2\/","url_meta":{"origin":17867,"position":2},"title":"Fiesta de Todos los Santos","author":"Pepe Barrascout Ortiz","date":"1 noviembre 2013","format":false,"excerpt":"Este d\u00eda se celebran a todos los millones de personas que han llegado al cielo, aunque sean desconocidos para nosotros. Santo es aquel que ha llegado al cielo, algunos han sido canonizados y son por esto propuestos por la Iglesia como ejemplos de vida cristiana. La comuni\u00f3n de los santos,\u2026","rel":"","context":"En \u00abLimones\u00bb","block_context":{"text":"Limones","link":"https:\/\/quechilero.com\/blog\/category\/limones\/"},"img":{"alt_text":"","src":"","width":0,"height":0},"classes":[]},{"id":17802,"url":"https:\/\/quechilero.com\/blog\/2014\/04\/27\/oracion-oficial-a-san-juan-pablo-ii\/","url_meta":{"origin":17867,"position":3},"title":"Oraci\u00f3n Oficial a San Juan Pablo II","author":"Pepe Barrascout Ortiz","date":"27 abril 2014","format":false,"excerpt":"\u00a1Oh San Juan Pablo, desde la ventana del Cielo d\u00f3nanos tu bendici\u00f3n! Bendice a la Iglesia, que t\u00fa has amado, servido, y guiado, anim\u00e1ndola a caminar con coraje por los senderos del mundo para llevar a Jes\u00fas a todos y a todos a Jes\u00fas. Bendice a los j\u00f3venes, que han\u2026","rel":"","context":"En \u00abLimones\u00bb","block_context":{"text":"Limones","link":"https:\/\/quechilero.com\/blog\/category\/limones\/"},"img":{"alt_text":"","src":"https:\/\/i0.wp.com\/lh6.googleusercontent.com\/-2B9-CvruU-A\/U2Aomq64tyI\/AAAAAAAACcc\/SQtxp0pHbW8\/w500-h375-no\/sanjuanpablooracion.jpg?resize=350%2C200&ssl=1","width":350,"height":200},"classes":[]},{"id":17117,"url":"https:\/\/quechilero.com\/blog\/2013\/09\/09\/para-ti-una-carta\/","url_meta":{"origin":17867,"position":4},"title":"Para ti una carta","author":"Pepe Barrascout Ortiz","date":"9 septiembre 2013","format":false,"excerpt":"T\u00fa, que eres un ser humano, eres mi milagro. Y eres fuerte, capaz, inteligente y lleno de dones y talentos. Cu\u00e9ntalos y entusi\u00e1smate con ellos. Recon\u00f3cete. Encu\u00e9ntrate. Ac\u00e9ptate. An\u00edmate. Y piensa que, desde este momento, puedes cambiar tu vida para bien, si te lo propones y te llenas de entusiasmo.\u2026","rel":"","context":"En \u00abLimones\u00bb","block_context":{"text":"Limones","link":"https:\/\/quechilero.com\/blog\/category\/limones\/"},"img":{"alt_text":"","src":"","width":0,"height":0},"classes":[]},{"id":16888,"url":"https:\/\/quechilero.com\/blog\/2013\/08\/14\/trucos-de-belleza-para-verse-mejor\/","url_meta":{"origin":17867,"position":5},"title":"Trucos de Belleza para Verse Mejor","author":"Pepe Barrascout Ortiz","date":"14 agosto 2013","format":false,"excerpt":"Para conseguir unos labios atractivos, di palabras de ternura. Para conseguir unos ojos preciosos, busca lo que hay de bueno en la gente. Para conseguir una silueta esbelta, comparte tu comida con los que pasan hambre. Para tener un pelo bonito, deja que un ni\u00f1o pase sus dedos por tu\u2026","rel":"","context":"En \u00abLimones\u00bb","block_context":{"text":"Limones","link":"https:\/\/quechilero.com\/blog\/category\/limones\/"},"img":{"alt_text":"","src":"","width":0,"height":0},"classes":[]}],"jetpack_featured_media_url":"","_links":{"self":[{"href":"https:\/\/quechilero.com\/blog\/wp-json\/wp\/v2\/posts\/17867","targetHints":{"allow":["GET"]}}],"collection":[{"href":"https:\/\/quechilero.com\/blog\/wp-json\/wp\/v2\/posts"}],"about":[{"href":"https:\/\/quechilero.com\/blog\/wp-json\/wp\/v2\/types\/post"}],"author":[{"embeddable":true,"href":"https:\/\/quechilero.com\/blog\/wp-json\/wp\/v2\/users\/1"}],"replies":[{"embeddable":true,"href":"https:\/\/quechilero.com\/blog\/wp-json\/wp\/v2\/comments?post=17867"}],"version-history":[{"count":0,"href":"https:\/\/quechilero.com\/blog\/wp-json\/wp\/v2\/posts\/17867\/revisions"}],"wp:attachment":[{"href":"https:\/\/quechilero.com\/blog\/wp-json\/wp\/v2\/media?parent=17867"}],"wp:term":[{"taxonomy":"category","embeddable":true,"href":"https:\/\/quechilero.com\/blog\/wp-json\/wp\/v2\/categories?post=17867"},{"taxonomy":"post_tag","embeddable":true,"href":"https:\/\/quechilero.com\/blog\/wp-json\/wp\/v2\/tags?post=17867"},{"taxonomy":"series","embeddable":true,"href":"https:\/\/quechilero.com\/blog\/wp-json\/wp\/v2\/series?post=17867"}],"curies":[{"name":"wp","href":"https:\/\/api.w.org\/{rel}","templated":true}]}}