{"id":17862,"date":"2014-05-31T08:00:55","date_gmt":"2014-05-31T14:00:55","guid":{"rendered":"http:\/\/quechilero.com\/blog\/?p=17862"},"modified":"2014-05-20T14:11:26","modified_gmt":"2014-05-20T20:11:26","slug":"habilidad","status":"publish","type":"post","link":"https:\/\/quechilero.com\/blog\/2014\/05\/31\/habilidad\/","title":{"rendered":"Habilidad"},"content":{"rendered":"<p>Hace unos d\u00edas estaba en mi carro, haciendo diligencias del cotidiano vivir.<\/p>\n<p>Con el tranque vehicular que se ve en muchas ciudades capitales, no est\u00e1 de m\u00e1s el estr\u00e9s y el poner en pr\u00e1ctica la habilidad al volante para as\u00ed esquivar lo que podr\u00eda ser un accidente. Fue eso precisamente lo que me sucedi\u00f3: tuve que esquivar a otro carro que se cruz\u00f3 en mi v\u00eda y fue all\u00ed donde realic\u00e9 la diferencia en mi reacci\u00f3n de hoy y mi reacci\u00f3n de hace diez a\u00f1os. Wow, a\u00fan en mi manera de manejar veo la diferencia de mi reacci\u00f3n y habilidad.<\/p>\n<p>Pero luego vino a m\u00ed la analog\u00eda: es precisamente igual en nuestra vida espiritual.<\/p>\n<p>Cuando somos j\u00f3venes espiritualmente, y estamos conociendo a Dios, aprendiendo a vivir como cristianos, nuestra habilidad espiritual est\u00e1 a\u00fan bastante limitada o nuestras reacciones a\u00fan son impulsivas e inmaduras. Sin embargo, a medida que crecemos aprendemos a esquivar lo que podr\u00eda ser un accidente fatal, pensamos nuestras acciones, dependemos no de nuestras propias habilidades sino en las de Dios a trav\u00e9s de nosotros, nuestros reflejos est\u00e1n fundamentados en lo que tenemos por dentro, en el lugar que Dios tiene en nuestro ser, porque al final, nuestras acciones son el reflejo de nuestro interior.<\/p>\n<p>As\u00ed que, tal como nuestra habilidad para manejar un carro mejora de acuerdo a los a\u00f1os de pr\u00e1ctica, de esta misma manera deber\u00edamos ver nuestra habilidad espiritual: mientras m\u00e1s pr\u00e1ctica tengamos, m\u00e1s impacto podremos tener en los que nos rodean y en nosotros mismos.<\/p>\n<p>\u00a1Qu\u00e9 Dios sea glorificado con nuestro diario andar!<\/p>\n","protected":false},"excerpt":{"rendered":"<p>Hace unos d\u00edas estaba en mi carro, haciendo diligencias del cotidiano vivir. Con el tranque vehicular que se ve en muchas ciudades capitales, no est\u00e1 de m\u00e1s el estr\u00e9s y el poner en pr\u00e1ctica la habilidad al volante para as\u00ed esquivar lo que podr\u00eda ser un accidente. Fue eso precisamente lo que me sucedi\u00f3: tuve &#8230; <a title=\"Habilidad\" class=\"read-more\" href=\"https:\/\/quechilero.com\/blog\/2014\/05\/31\/habilidad\/\" aria-label=\"Leer m\u00e1s sobre Habilidad\">Leer m\u00e1s<\/a><\/p>\n","protected":false},"author":1,"featured_media":0,"comment_status":"open","ping_status":"open","sticky":false,"template":"","format":"standard","meta":{"advanced_seo_description":"","jetpack_seo_html_title":"","jetpack_seo_noindex":false,"jetpack_seo_schema_type":"","episode_type":"","audio_file":"","podmotor_file_id":"","podmotor_episode_id":"","cover_image":"","cover_image_id":"","duration":"","filesize":"","filesize_raw":"","date_recorded":"","explicit":"","block":"","_jetpack_newsletter_access":"","_jetpack_dont_email_post_to_subs":false,"_jetpack_newsletter_tier_id":0,"_jetpack_memberships_contains_paywalled_content":false,"_jetpack_feature_clip_id":0,"_jetpack_memberships_contains_paid_content":false,"footnotes":"","jetpack_publicize_message":"","jetpack_publicize_feature_enabled":true,"jetpack_social_post_already_shared":true,"jetpack_social_options":{"image_generator_settings":{"template":"highway","default_image_id":0,"font":"","enabled":false},"version":2},"jetpack_post_was_ever_published":false},"categories":[2],"tags":[51,24],"series":[],"class_list":["post-17862","post","type-post","status-publish","format-standard","hentry","category-limones","tag-dios","tag-vida"],"episode_featured_image":false,"episode_player_image":"https:\/\/i0.wp.com\/quechilero.com\/blog\/imagenes\/podcast.png?fit=1831%2C1831&ssl=1","download_link":"","player_link":"","audio_player":false,"episode_data":{"playerMode":"dark","subscribeUrls":{"amazon":{"key":"amazon","url":"","label":"Amazon","class":"amazon","icon":"amazon.png"},"apple_podcasts":{"key":"apple_podcasts","url":"","label":"Apple Podcasts","class":"apple_podcasts","icon":"apple-podcasts.png"},"castbox":{"key":"castbox","url":"","label":"CastBox","class":"castbox","icon":"castbox.png"},"deezer":{"key":"deezer","url":"","label":"Deezer","class":"deezer","icon":"deezer.png"},"google_podcasts":{"key":"google_podcasts","url":"","label":"Google Podcasts","class":"google_podcasts","icon":"google-podcasts.png"},"listen_notes":{"key":"listen_notes","url":"","label":"Listen Notes","class":"listen_notes","icon":"listen-notes.png"},"pandora":{"key":"pandora","url":"","label":"Pandora","class":"pandora","icon":"pandora.png"},"podbean":{"key":"podbean","url":"","label":"Podbean","class":"podbean","icon":"podbean.png"},"podcast_republic":{"key":"podcast_republic","url":"","label":"Podcast Republic","class":"podcast_republic","icon":"podcast-republic.png"},"rss":{"key":"rss","url":"","label":"RSS","class":"rss","icon":"rss.png"},"spotify":{"key":"spotify","url":"","label":"Spotify","class":"spotify","icon":"spotify.png"},"stitcher":{"key":"stitcher","url":"","label":"Stitcher","class":"stitcher","icon":"stitcher.png"},"tunein":{"key":"tunein","url":"","label":"TuneIn","class":"tunein","icon":"tunein.png"},"youtube":{"key":"youtube","url":"","label":"YouTube","class":"youtube","icon":"youtube.png"},"iheartradio":{"key":"iheartradio","url":"","label":"iHeartRadio","class":"iheartradio","icon":"iheartradio.png"},"ivoox":{"key":"ivoox","url":"","label":"iVoox","class":"ivoox","icon":"ivoox.png"}},"rssFeedUrl":"https:\/\/quechilero.com\/blog\/feed\/podcast\/si-la-vida-nos-da-limones","embedCode":"<blockquote class=\"wp-embedded-content\" data-secret=\"4OZRUzcLnj\"><a href=\"https:\/\/quechilero.com\/blog\/2014\/05\/31\/habilidad\/\">Habilidad<\/a><\/blockquote><iframe sandbox=\"allow-scripts\" security=\"restricted\" src=\"https:\/\/quechilero.com\/blog\/2014\/05\/31\/habilidad\/embed\/#?secret=4OZRUzcLnj\" width=\"500\" height=\"350\" title=\"\u00abHabilidad\u00bb \u2014 Si la Vida nos da Limones...\" data-secret=\"4OZRUzcLnj\" frameborder=\"0\" marginwidth=\"0\" marginheight=\"0\" scrolling=\"no\" class=\"wp-embedded-content\"><\/iframe><script>\n\/*! This file is auto-generated *\/\n!function(d,l){\"use strict\";l.querySelector&&d.addEventListener&&\"undefined\"!=typeof URL&&(d.wp=d.wp||{},d.wp.receiveEmbedMessage||(d.wp.receiveEmbedMessage=function(e){var t=e.data;if((t||t.secret||t.message||t.value)&&!\/[^a-zA-Z0-9]\/.test(t.secret)){for(var s,r,n,a=l.querySelectorAll('iframe[data-secret=\"'+t.secret+'\"]'),o=l.querySelectorAll('blockquote[data-secret=\"'+t.secret+'\"]'),c=new RegExp(\"^https?:$\",\"i\"),i=0;i<o.length;i++)o[i].style.display=\"none\";for(i=0;i<a.length;i++)s=a[i],e.source===s.contentWindow&&(s.removeAttribute(\"style\"),\"height\"===t.message?(1e3<(r=parseInt(t.value,10))?r=1e3:~~r<200&&(r=200),s.height=r):\"link\"===t.message&&(r=new URL(s.getAttribute(\"src\")),n=new URL(t.value),c.test(n.protocol))&&n.host===r.host&&l.activeElement===s&&(d.top.location.href=t.value))}},d.addEventListener(\"message\",d.wp.receiveEmbedMessage,!1),l.addEventListener(\"DOMContentLoaded\",function(){for(var e,t,s=l.querySelectorAll(\"iframe.wp-embedded-content\"),r=0;r<s.length;r++)(t=(e=s[r]).getAttribute(\"data-secret\"))||(t=Math.random().toString(36).substring(2,12),e.src+=\"#?secret=\"+t,e.setAttribute(\"data-secret\",t)),e.contentWindow.postMessage({message:\"ready\",secret:t},\"*\")},!1)))}(window,document);\n\/\/# sourceURL=https:\/\/quechilero.com\/blog\/wp-includes\/js\/wp-embed.min.js\n<\/script>\n"},"jetpack_publicize_connections":[],"jetpack_shortlink":"https:\/\/wp.me\/pDKli-4E6","jetpack_sharing_enabled":true,"jetpack-related-posts":[{"id":13456,"url":"https:\/\/quechilero.com\/blog\/2012\/05\/26\/sin-reabastecerse\/","url_meta":{"origin":17862,"position":0},"title":"Sin reabastecerse","author":"Pepe Barrascout Ortiz","date":"26 mayo 2012","format":false,"excerpt":"El aventurero estadounidense Steve Fossett, de 60 a\u00f1os, se convirti\u00f3 el 3 de Marzo de 2005 en el primer hombre que logra dar la vuelta al mundo en avi\u00f3n en solitario, sin escalas ni reabastecimiento, a bordo del ultra-liviano Virgin Atlantic GlobalFlyer, constat\u00f3 un periodista de la AFP. En menos\u2026","rel":"","context":"En \u00abLimones\u00bb","block_context":{"text":"Limones","link":"https:\/\/quechilero.com\/blog\/category\/limones\/"},"img":{"alt_text":"","src":"","width":0,"height":0},"classes":[]},{"id":16876,"url":"https:\/\/quechilero.com\/blog\/2013\/08\/09\/del-camino\/","url_meta":{"origin":17862,"position":1},"title":"Del Camino","author":"Pepe Barrascout Ortiz","date":"9 agosto 2013","format":false,"excerpt":"La tradici\u00f3n oral list\u00f3 los diez pasos del Camino espiritual: La inquietud: la persona percibe que precisa cambiar de vida, sea por tedio o por sufrimiento. La B\u00fasqueda: viene la decisi\u00f3n del cambio. La b\u00fasqueda se da con libros, cursos, encuentros. La decepci\u00f3n: comienzan los cambios de camino. Aquel que\u2026","rel":"","context":"En \u00abLimones\u00bb","block_context":{"text":"Limones","link":"https:\/\/quechilero.com\/blog\/category\/limones\/"},"img":{"alt_text":"","src":"","width":0,"height":0},"classes":[]},{"id":420,"url":"https:\/\/quechilero.com\/blog\/2007\/01\/25\/como-llenar-un-colador-con-agua\/","url_meta":{"origin":17862,"position":2},"title":"Como llenar un colador con agua","author":"Pepe Barrascout Ortiz","date":"25 enero 2007","format":false,"excerpt":"Un grupo de devotos invit\u00f3 a un maestro de meditaci\u00f3n a la casa de uno de ellos para que los instruyera. El maestro dijo que deb\u00edan esforzarse por liberarse de reaccionar en demas\u00eda frente a los hechos de la vida diaria, por lograr una actitud de reverencia, y por adquirir\u2026","rel":"","context":"En \u00abLimones\u00bb","block_context":{"text":"Limones","link":"https:\/\/quechilero.com\/blog\/category\/limones\/"},"img":{"alt_text":"","src":"","width":0,"height":0},"classes":[]},{"id":5796,"url":"https:\/\/quechilero.com\/blog\/2010\/10\/24\/en-esta-ocasion\/","url_meta":{"origin":17862,"position":3},"title":"En esta ocasi\u00f3n&#8230;","author":"Pepe Barrascout Ortiz","date":"24 octubre 2010","format":false,"excerpt":"Quiz\u00e1s para muchos, sea otro a\u00f1o m\u00e1s en que se acerca la Semana Santa, y de igual manera los d\u00edas en que se puede ir a vacacionar y pasarla bien. Para m\u00ed as\u00ed era antes. Hoy precisamente en este a\u00f1o, espero y doy gracias a Dios por estar ya en\u2026","rel":"","context":"En \u00abLimones\u00bb","block_context":{"text":"Limones","link":"https:\/\/quechilero.com\/blog\/category\/limones\/"},"img":{"alt_text":"","src":"","width":0,"height":0},"classes":[]},{"id":30,"url":"https:\/\/quechilero.com\/blog\/2006\/07\/17\/piezas-de-domino\/","url_meta":{"origin":17862,"position":4},"title":"Piezas de Domin\u00f3","author":"Pepe Barrascout Ortiz","date":"17 julio 2006","format":false,"excerpt":"Alguien se acuerda cuando pasaban por la televisi\u00f3n un programa donde hab\u00eda un sin fin de piezas de domin\u00f3 formadas una tras otra creando formas asombrosas, pero lo mas asombroso es cuando en uno de los extremos, se dejaba caer uno y como consecuencia se generaba un reacci\u00f3n en cadena\u2026","rel":"","context":"En \u00abLimones\u00bb","block_context":{"text":"Limones","link":"https:\/\/quechilero.com\/blog\/category\/limones\/"},"img":{"alt_text":"","src":"","width":0,"height":0},"classes":[]},{"id":1124,"url":"https:\/\/quechilero.com\/blog\/2008\/09\/08\/no-limites-tu-capacidad\/","url_meta":{"origin":17862,"position":5},"title":"No limites tu capacidad","author":"Pepe Barrascout Ortiz","date":"8 septiembre 2008","format":false,"excerpt":"Uno de estos d\u00edas estaba sacando la basura de mi casa. El basurero estaba hasta el tope y no cab\u00eda ya nada m\u00e1s. Al sacar la bolsa del basurero me di cuenta de que la bolsa era mucho m\u00e1s grande y que a\u00fan le cab\u00eda much\u00edsimo. Era el basurero el\u2026","rel":"","context":"En \u00abLimones\u00bb","block_context":{"text":"Limones","link":"https:\/\/quechilero.com\/blog\/category\/limones\/"},"img":{"alt_text":"","src":"","width":0,"height":0},"classes":[]}],"jetpack_featured_media_url":"","_links":{"self":[{"href":"https:\/\/quechilero.com\/blog\/wp-json\/wp\/v2\/posts\/17862","targetHints":{"allow":["GET"]}}],"collection":[{"href":"https:\/\/quechilero.com\/blog\/wp-json\/wp\/v2\/posts"}],"about":[{"href":"https:\/\/quechilero.com\/blog\/wp-json\/wp\/v2\/types\/post"}],"author":[{"embeddable":true,"href":"https:\/\/quechilero.com\/blog\/wp-json\/wp\/v2\/users\/1"}],"replies":[{"embeddable":true,"href":"https:\/\/quechilero.com\/blog\/wp-json\/wp\/v2\/comments?post=17862"}],"version-history":[{"count":0,"href":"https:\/\/quechilero.com\/blog\/wp-json\/wp\/v2\/posts\/17862\/revisions"}],"wp:attachment":[{"href":"https:\/\/quechilero.com\/blog\/wp-json\/wp\/v2\/media?parent=17862"}],"wp:term":[{"taxonomy":"category","embeddable":true,"href":"https:\/\/quechilero.com\/blog\/wp-json\/wp\/v2\/categories?post=17862"},{"taxonomy":"post_tag","embeddable":true,"href":"https:\/\/quechilero.com\/blog\/wp-json\/wp\/v2\/tags?post=17862"},{"taxonomy":"series","embeddable":true,"href":"https:\/\/quechilero.com\/blog\/wp-json\/wp\/v2\/series?post=17862"}],"curies":[{"name":"wp","href":"https:\/\/api.w.org\/{rel}","templated":true}]}}