{"id":17802,"date":"2014-04-27T08:00:03","date_gmt":"2014-04-27T14:00:03","guid":{"rendered":"http:\/\/quechilero.com\/blog\/?p=17802"},"modified":"2014-04-29T16:39:05","modified_gmt":"2014-04-29T22:39:05","slug":"oracion-oficial-a-san-juan-pablo-ii","status":"publish","type":"post","link":"https:\/\/quechilero.com\/blog\/2014\/04\/27\/oracion-oficial-a-san-juan-pablo-ii\/","title":{"rendered":"Oraci\u00f3n Oficial a San Juan Pablo II"},"content":{"rendered":"<p><img data-recalc-dims=\"1\" loading=\"lazy\" decoding=\"async\" class=\"alignnone\" alt=\"\" src=\"https:\/\/i0.wp.com\/lh6.googleusercontent.com\/-2B9-CvruU-A\/U2Aomq64tyI\/AAAAAAAACcc\/SQtxp0pHbW8\/w500-h375-no\/sanjuanpablooracion.jpg?resize=500%2C375&#038;ssl=1\" width=\"500\" height=\"375\" \/><\/p>\n<p>\u00a1Oh San Juan Pablo, desde la ventana del Cielo d\u00f3nanos tu bendici\u00f3n!<\/p>\n<p>Bendice a la Iglesia, que t\u00fa has amado, servido, y guiado, anim\u00e1ndola a caminar con coraje por los senderos del mundo para llevar a Jes\u00fas a todos y a todos a Jes\u00fas.<\/p>\n<p>Bendice a los j\u00f3venes, que han sido tu gran pasi\u00f3n. Conc\u00e9deles volver a so\u00f1ar, volver a mirar hacia lo alto para encontrar la luz, que ilumina los caminos de la vida en la tierra.<\/p>\n<p>Bendice las familias, \u00a1bendice cada familia!<\/p>\n<p>T\u00fa advertiste el asalto de satan\u00e1s contra esta preciosa e indispensable chispita de Cielo, que Dios encendi\u00f3 sobre la tierra. San Juan Pablo, con tu oraci\u00f3n protege las familias y cada vida que brota en la familia.<\/p>\n<p>Ruega por el mundo entero, todav\u00eda marcado por tensiones, guerras e injusticias. T\u00fa te opusiste a la guerra invocando el di\u00e1logo y sembrando el amor: ruega por nosotros, para que seamos incansables sembradores de paz.<\/p>\n<p>Oh San Juan Pablo, desde la ventana del Cielo, donde te vemos junto a Mar\u00eda, haz descender sobre todos nosotros la bendici\u00f3n de Dios. Am\u00e9n.<\/p>\n<p><em>Cardenal Angelo Comastri <\/em><br \/>\n<em>Vicario General de Su Santidad para la Ciudad del Vaticano<\/em><\/p>\n","protected":false},"excerpt":{"rendered":"<p>\u00a1Oh San Juan Pablo, desde la ventana del Cielo d\u00f3nanos tu bendici\u00f3n! Bendice a la Iglesia, que t\u00fa has amado, servido, y guiado, anim\u00e1ndola a caminar con coraje por los senderos del mundo para llevar a Jes\u00fas a todos y a todos a Jes\u00fas. Bendice a los j\u00f3venes, que han sido tu gran pasi\u00f3n. Conc\u00e9deles &#8230; <a title=\"Oraci\u00f3n Oficial a San Juan Pablo II\" class=\"read-more\" href=\"https:\/\/quechilero.com\/blog\/2014\/04\/27\/oracion-oficial-a-san-juan-pablo-ii\/\" aria-label=\"Leer m\u00e1s sobre Oraci\u00f3n Oficial a San Juan Pablo II\">Leer m\u00e1s<\/a><\/p>\n","protected":false},"author":1,"featured_media":0,"comment_status":"open","ping_status":"open","sticky":false,"template":"","format":"standard","meta":{"advanced_seo_description":"","jetpack_seo_html_title":"","jetpack_seo_noindex":false,"jetpack_seo_schema_type":"","episode_type":"","audio_file":"","podmotor_file_id":"","podmotor_episode_id":"","cover_image":"","cover_image_id":"","duration":"","filesize":"","filesize_raw":"","date_recorded":"","explicit":"","block":"","_jetpack_newsletter_access":"","_jetpack_dont_email_post_to_subs":false,"_jetpack_newsletter_tier_id":0,"_jetpack_memberships_contains_paywalled_content":false,"_jetpack_feature_clip_id":0,"_jetpack_memberships_contains_paid_content":false,"footnotes":"","jetpack_publicize_message":"","jetpack_publicize_feature_enabled":true,"jetpack_social_post_already_shared":false,"jetpack_social_options":{"image_generator_settings":{"template":"highway","default_image_id":0,"font":"","enabled":false},"version":2},"jetpack_post_was_ever_published":false},"categories":[2],"tags":[15,51,74,86,52,40,24],"series":[],"class_list":["post-17802","post","type-post","status-publish","format-standard","hentry","category-limones","tag-amor","tag-dios","tag-jesus","tag-oracion","tag-pasion","tag-paz","tag-vida"],"episode_featured_image":false,"episode_player_image":"https:\/\/i0.wp.com\/quechilero.com\/blog\/imagenes\/podcast.png?fit=1831%2C1831&ssl=1","download_link":"","player_link":"","audio_player":false,"episode_data":{"playerMode":"dark","subscribeUrls":{"amazon":{"key":"amazon","url":"","label":"Amazon","class":"amazon","icon":"amazon.png"},"apple_podcasts":{"key":"apple_podcasts","url":"","label":"Apple Podcasts","class":"apple_podcasts","icon":"apple-podcasts.png"},"castbox":{"key":"castbox","url":"","label":"CastBox","class":"castbox","icon":"castbox.png"},"deezer":{"key":"deezer","url":"","label":"Deezer","class":"deezer","icon":"deezer.png"},"google_podcasts":{"key":"google_podcasts","url":"","label":"Google Podcasts","class":"google_podcasts","icon":"google-podcasts.png"},"listen_notes":{"key":"listen_notes","url":"","label":"Listen Notes","class":"listen_notes","icon":"listen-notes.png"},"pandora":{"key":"pandora","url":"","label":"Pandora","class":"pandora","icon":"pandora.png"},"podbean":{"key":"podbean","url":"","label":"Podbean","class":"podbean","icon":"podbean.png"},"podcast_republic":{"key":"podcast_republic","url":"","label":"Podcast Republic","class":"podcast_republic","icon":"podcast-republic.png"},"rss":{"key":"rss","url":"","label":"RSS","class":"rss","icon":"rss.png"},"spotify":{"key":"spotify","url":"","label":"Spotify","class":"spotify","icon":"spotify.png"},"stitcher":{"key":"stitcher","url":"","label":"Stitcher","class":"stitcher","icon":"stitcher.png"},"tunein":{"key":"tunein","url":"","label":"TuneIn","class":"tunein","icon":"tunein.png"},"youtube":{"key":"youtube","url":"","label":"YouTube","class":"youtube","icon":"youtube.png"},"iheartradio":{"key":"iheartradio","url":"","label":"iHeartRadio","class":"iheartradio","icon":"iheartradio.png"},"ivoox":{"key":"ivoox","url":"","label":"iVoox","class":"ivoox","icon":"ivoox.png"}},"rssFeedUrl":"https:\/\/quechilero.com\/blog\/feed\/podcast\/si-la-vida-nos-da-limones","embedCode":"<blockquote class=\"wp-embedded-content\" data-secret=\"WFCAgQvBXb\"><a href=\"https:\/\/quechilero.com\/blog\/2014\/04\/27\/oracion-oficial-a-san-juan-pablo-ii\/\">Oraci\u00f3n Oficial a San Juan Pablo II<\/a><\/blockquote><iframe sandbox=\"allow-scripts\" security=\"restricted\" src=\"https:\/\/quechilero.com\/blog\/2014\/04\/27\/oracion-oficial-a-san-juan-pablo-ii\/embed\/#?secret=WFCAgQvBXb\" width=\"500\" height=\"350\" title=\"\u00abOraci\u00f3n Oficial a San Juan Pablo II\u00bb \u2014 Si la Vida nos da Limones...\" data-secret=\"WFCAgQvBXb\" frameborder=\"0\" marginwidth=\"0\" marginheight=\"0\" scrolling=\"no\" class=\"wp-embedded-content\"><\/iframe><script>\n\/*! This file is auto-generated *\/\n!function(d,l){\"use strict\";l.querySelector&&d.addEventListener&&\"undefined\"!=typeof URL&&(d.wp=d.wp||{},d.wp.receiveEmbedMessage||(d.wp.receiveEmbedMessage=function(e){var t=e.data;if((t||t.secret||t.message||t.value)&&!\/[^a-zA-Z0-9]\/.test(t.secret)){for(var s,r,n,a=l.querySelectorAll('iframe[data-secret=\"'+t.secret+'\"]'),o=l.querySelectorAll('blockquote[data-secret=\"'+t.secret+'\"]'),c=new RegExp(\"^https?:$\",\"i\"),i=0;i<o.length;i++)o[i].style.display=\"none\";for(i=0;i<a.length;i++)s=a[i],e.source===s.contentWindow&&(s.removeAttribute(\"style\"),\"height\"===t.message?(1e3<(r=parseInt(t.value,10))?r=1e3:~~r<200&&(r=200),s.height=r):\"link\"===t.message&&(r=new URL(s.getAttribute(\"src\")),n=new URL(t.value),c.test(n.protocol))&&n.host===r.host&&l.activeElement===s&&(d.top.location.href=t.value))}},d.addEventListener(\"message\",d.wp.receiveEmbedMessage,!1),l.addEventListener(\"DOMContentLoaded\",function(){for(var e,t,s=l.querySelectorAll(\"iframe.wp-embedded-content\"),r=0;r<s.length;r++)(t=(e=s[r]).getAttribute(\"data-secret\"))||(t=Math.random().toString(36).substring(2,12),e.src+=\"#?secret=\"+t,e.setAttribute(\"data-secret\",t)),e.contentWindow.postMessage({message:\"ready\",secret:t},\"*\")},!1)))}(window,document);\n\/\/# sourceURL=https:\/\/quechilero.com\/blog\/wp-includes\/js\/wp-embed.min.js\n<\/script>\n"},"jetpack_publicize_connections":[],"jetpack_shortlink":"https:\/\/wp.me\/pDKli-4D8","jetpack_sharing_enabled":true,"jetpack-related-posts":[{"id":15358,"url":"https:\/\/quechilero.com\/blog\/2012\/12\/02\/primer-domingo-de-adviento\/","url_meta":{"origin":17802,"position":0},"title":"Primer Domingo de Adviento","author":"Pepe Barrascout Ortiz","date":"2 diciembre 2012","format":false,"excerpt":"Primer Domingo de Adviento (ciclo B) Cabeza de Familia: Hermanos: Al iniciar hoy el Adviento, comenzamos el A\u00f1o Lit\u00fargico, s\u00edmbolo de nuestra larga traves\u00eda por la vida. Vamos caminando por el desierto, atravesando unas veces, bellos oasis; otras sofocantes desiertos. Lo hacemos con alegr\u00eda y con miedo, con fe y\u2026","rel":"","context":"En \u00abLimones\u00bb","block_context":{"text":"Limones","link":"https:\/\/quechilero.com\/blog\/category\/limones\/"},"img":{"alt_text":"","src":"https:\/\/i0.wp.com\/i392.photobucket.com\/albums\/pp7\/pepejaguar\/blog\/1-domingo-adviento.png?resize=350%2C200","width":350,"height":200,"srcset":"https:\/\/i0.wp.com\/i392.photobucket.com\/albums\/pp7\/pepejaguar\/blog\/1-domingo-adviento.png?resize=350%2C200 1x, https:\/\/i0.wp.com\/i392.photobucket.com\/albums\/pp7\/pepejaguar\/blog\/1-domingo-adviento.png?resize=525%2C300 1.5x"},"classes":[]},{"id":11459,"url":"https:\/\/quechilero.com\/blog\/2011\/12\/24\/oracion-de-bendicion-para-la-cena-de-navidad\/","url_meta":{"origin":17802,"position":1},"title":"Oraci\u00f3n de Bendici\u00f3n para la Cena de Navidad","author":"Pepe Barrascout Ortiz","date":"24 diciembre 2011","format":false,"excerpt":"Bendice, Se\u00f1or, nuestra mesa.\u00a0Bendice la fraternidad y la armon\u00eda que hay\u00a0entre nosotros. Danos alegr\u00eda, paz, salud, pan\u2026 durante\u00a0toda nuestra vida. Danos fuerza y ternura para ser hombres y\u00a0mujeres justos donde haya buenos d\u00edas y muchas noches-buenas, como \u00e9sta y la que celebraremos con nuestras familias el 24 de diciembre. Queremos\u2026","rel":"","context":"En \u00abLimones\u00bb","block_context":{"text":"Limones","link":"https:\/\/quechilero.com\/blog\/category\/limones\/"},"img":{"alt_text":"","src":"","width":0,"height":0},"classes":[]},{"id":418,"url":"https:\/\/quechilero.com\/blog\/2007\/01\/23\/companero-de-oracion\/","url_meta":{"origin":17802,"position":2},"title":"Compa\u00f1ero de oraci\u00f3n","author":"Pepe Barrascout Ortiz","date":"23 enero 2007","format":false,"excerpt":"Mi hijo Brian hab\u00eda estado luchando durante varias horas para reparar las ca\u00f1er\u00edas en su ba\u00f1o. Por mucho que lo intentaba, nada le daba resultado. Su hijo de cuatro a\u00f1os lo hab\u00eda estado observando pues quer\u00eda ayudar, pero no sab\u00eda qu\u00e9 hacer. Brian estaba a punto de probar una cosa\u2026","rel":"","context":"En \u00abLimones\u00bb","block_context":{"text":"Limones","link":"https:\/\/quechilero.com\/blog\/category\/limones\/"},"img":{"alt_text":"","src":"","width":0,"height":0},"classes":[]},{"id":15359,"url":"https:\/\/quechilero.com\/blog\/2012\/12\/09\/segundo-domingo-de-adviento\/","url_meta":{"origin":17802,"position":3},"title":"Segundo Domingo de Adviento","author":"Pepe Barrascout Ortiz","date":"9 diciembre 2012","format":false,"excerpt":"Segundo Domingo de Adviento (ciclo B) Reunida la familia o el grupo de personas, se encienden: la vela del primer domingo y la que corresponde al segundo domingo. Hermanos: Al introducirnos m\u00e1s de lleno en el tiempo de Adviento, la Palabra de Dios nos urge a una reflexi\u00f3n m\u00e1s profunda.\u2026","rel":"","context":"En \u00abLimones\u00bb","block_context":{"text":"Limones","link":"https:\/\/quechilero.com\/blog\/category\/limones\/"},"img":{"alt_text":"","src":"https:\/\/i0.wp.com\/i392.photobucket.com\/albums\/pp7\/pepejaguar\/blog\/2-domingo-adviento.png?resize=350%2C200","width":350,"height":200,"srcset":"https:\/\/i0.wp.com\/i392.photobucket.com\/albums\/pp7\/pepejaguar\/blog\/2-domingo-adviento.png?resize=350%2C200 1x, https:\/\/i0.wp.com\/i392.photobucket.com\/albums\/pp7\/pepejaguar\/blog\/2-domingo-adviento.png?resize=525%2C300 1.5x"},"classes":[]},{"id":15360,"url":"https:\/\/quechilero.com\/blog\/2012\/12\/16\/tercer-domingo-de-adviento\/","url_meta":{"origin":17802,"position":4},"title":"Tercer Domingo de Adviento","author":"Pepe Barrascout Ortiz","date":"16 diciembre 2012","format":false,"excerpt":"Tercer Domingo de Adviento (ciclo B) Reunida la familia o grupo de personas, se encienden las candelas del primero domingo, la del segundo y la del tercer domingo. Hermanos: A medida que avanza el Adviento y crece nuestra expectativa por un encuentro m\u00e1s intenso con Jes\u00fas, la Palabra de Dios,\u2026","rel":"","context":"En \u00abLimones\u00bb","block_context":{"text":"Limones","link":"https:\/\/quechilero.com\/blog\/category\/limones\/"},"img":{"alt_text":"","src":"https:\/\/i0.wp.com\/i392.photobucket.com\/albums\/pp7\/pepejaguar\/blog\/3-domingo-adviento.png?resize=350%2C200","width":350,"height":200,"srcset":"https:\/\/i0.wp.com\/i392.photobucket.com\/albums\/pp7\/pepejaguar\/blog\/3-domingo-adviento.png?resize=350%2C200 1x, https:\/\/i0.wp.com\/i392.photobucket.com\/albums\/pp7\/pepejaguar\/blog\/3-domingo-adviento.png?resize=525%2C300 1.5x"},"classes":[]},{"id":4853,"url":"https:\/\/quechilero.com\/blog\/2010\/06\/04\/oracion-2\/","url_meta":{"origin":17802,"position":5},"title":"Oraci\u00f3n","author":"Pepe Barrascout Ortiz","date":"4 junio 2010","format":false,"excerpt":"T\u00fa sabes, Se\u00f1or, que la persona que est\u00e1 leyendo esto es muy especial para m\u00ed. Por eso, mi Se\u00f1or, te pido para ella que derrames Tu gran Misericordia en su vida. Llena su coraz\u00f3n de Amor, de Paz y de Alegr\u00eda. Toca su mente, sus emociones, sus recuerdos... Elimina sus\u2026","rel":"","context":"En \u00abLimones\u00bb","block_context":{"text":"Limones","link":"https:\/\/quechilero.com\/blog\/category\/limones\/"},"img":{"alt_text":"","src":"","width":0,"height":0},"classes":[]}],"jetpack_featured_media_url":"","_links":{"self":[{"href":"https:\/\/quechilero.com\/blog\/wp-json\/wp\/v2\/posts\/17802","targetHints":{"allow":["GET"]}}],"collection":[{"href":"https:\/\/quechilero.com\/blog\/wp-json\/wp\/v2\/posts"}],"about":[{"href":"https:\/\/quechilero.com\/blog\/wp-json\/wp\/v2\/types\/post"}],"author":[{"embeddable":true,"href":"https:\/\/quechilero.com\/blog\/wp-json\/wp\/v2\/users\/1"}],"replies":[{"embeddable":true,"href":"https:\/\/quechilero.com\/blog\/wp-json\/wp\/v2\/comments?post=17802"}],"version-history":[{"count":0,"href":"https:\/\/quechilero.com\/blog\/wp-json\/wp\/v2\/posts\/17802\/revisions"}],"wp:attachment":[{"href":"https:\/\/quechilero.com\/blog\/wp-json\/wp\/v2\/media?parent=17802"}],"wp:term":[{"taxonomy":"category","embeddable":true,"href":"https:\/\/quechilero.com\/blog\/wp-json\/wp\/v2\/categories?post=17802"},{"taxonomy":"post_tag","embeddable":true,"href":"https:\/\/quechilero.com\/blog\/wp-json\/wp\/v2\/tags?post=17802"},{"taxonomy":"series","embeddable":true,"href":"https:\/\/quechilero.com\/blog\/wp-json\/wp\/v2\/series?post=17802"}],"curies":[{"name":"wp","href":"https:\/\/api.w.org\/{rel}","templated":true}]}}