{"id":17748,"date":"2014-02-23T08:00:47","date_gmt":"2014-02-23T14:00:47","guid":{"rendered":"http:\/\/quechilero.com\/blog\/?p=17748"},"modified":"2014-01-27T11:23:13","modified_gmt":"2014-01-27T17:23:13","slug":"no-juzguen-a-los-demas","status":"publish","type":"post","link":"https:\/\/quechilero.com\/blog\/2014\/02\/23\/no-juzguen-a-los-demas\/","title":{"rendered":"No juzguen a los dem\u00e1s"},"content":{"rendered":"<p>Cuenta una historia que cuatro personas entraron a un templo a orar y a adorar a Dios. Estaban all\u00ed postrados cuando entr\u00f3 otro creyente y se qued\u00f3 de pie mientras hac\u00eda su oraci\u00f3n.<\/p>\n<p>Entonces uno de los cuatro dijo indignado:<\/p>\n<p>&#8211; A esa persona le falta devoci\u00f3n porque no se postra para hacer sus plegarias.<\/p>\n<p>&#8211; \u00a1C\u00e1llate! -le dijo otro- Porque al hablar est\u00e1s invalidando tu oraci\u00f3n.<\/p>\n<p>&#8211; \u00a1C\u00e1llate t\u00fa tambi\u00e9n! \u00a1Porque acabas de hacer lo mismo! -replic\u00f3 el tercero.<\/p>\n<p>Y el cuarto a\u00f1adi\u00f3:<\/p>\n<p>&#8211; \u00a1Gracias a Dios yo no habl\u00e9 como ustedes y Dios s\u00ed va a escuchar mi oraci\u00f3n!<\/p>\n<p>Despu\u00e9s de leer esta historia conviene meditar en lo importante que es no vivir ocupado en lo que hacen los dem\u00e1s. Por estar tan pendientes de los otros con una curiosidad malsana, muchos yerran con el juicio y la condena: \u00ab\u00bfPor qu\u00e9 te fijas en la pajita que tiene tu hermano en el ojo, pero no te das cuenta de la viga que tienes t\u00fa en el tuyo?\u00bb (Mateo 7:3)<\/p>\n","protected":false},"excerpt":{"rendered":"<p>Cuenta una historia que cuatro personas entraron a un templo a orar y a adorar a Dios. Estaban all\u00ed postrados cuando entr\u00f3 otro creyente y se qued\u00f3 de pie mientras hac\u00eda su oraci\u00f3n. Entonces uno de los cuatro dijo indignado: &#8211; A esa persona le falta devoci\u00f3n porque no se postra para hacer sus plegarias. &#8230; <a title=\"No juzguen a los dem\u00e1s\" class=\"read-more\" href=\"https:\/\/quechilero.com\/blog\/2014\/02\/23\/no-juzguen-a-los-demas\/\" aria-label=\"Leer m\u00e1s sobre No juzguen a los dem\u00e1s\">Leer m\u00e1s<\/a><\/p>\n","protected":false},"author":1,"featured_media":0,"comment_status":"open","ping_status":"open","sticky":false,"template":"","format":"standard","meta":{"advanced_seo_description":"","jetpack_seo_html_title":"","jetpack_seo_noindex":false,"jetpack_seo_schema_type":"","episode_type":"","audio_file":"","podmotor_file_id":"","podmotor_episode_id":"","cover_image":"","cover_image_id":"","duration":"","filesize":"","filesize_raw":"","date_recorded":"","explicit":"","block":"","_jetpack_newsletter_access":"","_jetpack_dont_email_post_to_subs":false,"_jetpack_newsletter_tier_id":0,"_jetpack_memberships_contains_paywalled_content":false,"_jetpack_feature_clip_id":0,"_jetpack_memberships_contains_paid_content":false,"footnotes":"","jetpack_publicize_message":"","jetpack_publicize_feature_enabled":true,"jetpack_social_post_already_shared":false,"jetpack_social_options":{"image_generator_settings":{"template":"highway","default_image_id":0,"font":"","enabled":false},"version":2},"jetpack_post_was_ever_published":false},"categories":[2],"tags":[48,51,17,86],"series":[],"class_list":["post-17748","post","type-post","status-publish","format-standard","hentry","category-limones","tag-curiosidad","tag-dios","tag-historia","tag-oracion"],"episode_featured_image":false,"episode_player_image":"https:\/\/i0.wp.com\/quechilero.com\/blog\/imagenes\/podcast.png?fit=1831%2C1831&ssl=1","download_link":"","player_link":"","audio_player":false,"episode_data":{"playerMode":"dark","subscribeUrls":{"amazon":{"key":"amazon","url":"","label":"Amazon","class":"amazon","icon":"amazon.png"},"apple_podcasts":{"key":"apple_podcasts","url":"","label":"Apple Podcasts","class":"apple_podcasts","icon":"apple-podcasts.png"},"castbox":{"key":"castbox","url":"","label":"CastBox","class":"castbox","icon":"castbox.png"},"deezer":{"key":"deezer","url":"","label":"Deezer","class":"deezer","icon":"deezer.png"},"google_podcasts":{"key":"google_podcasts","url":"","label":"Google Podcasts","class":"google_podcasts","icon":"google-podcasts.png"},"listen_notes":{"key":"listen_notes","url":"","label":"Listen Notes","class":"listen_notes","icon":"listen-notes.png"},"pandora":{"key":"pandora","url":"","label":"Pandora","class":"pandora","icon":"pandora.png"},"podbean":{"key":"podbean","url":"","label":"Podbean","class":"podbean","icon":"podbean.png"},"podcast_republic":{"key":"podcast_republic","url":"","label":"Podcast Republic","class":"podcast_republic","icon":"podcast-republic.png"},"rss":{"key":"rss","url":"","label":"RSS","class":"rss","icon":"rss.png"},"spotify":{"key":"spotify","url":"","label":"Spotify","class":"spotify","icon":"spotify.png"},"stitcher":{"key":"stitcher","url":"","label":"Stitcher","class":"stitcher","icon":"stitcher.png"},"tunein":{"key":"tunein","url":"","label":"TuneIn","class":"tunein","icon":"tunein.png"},"youtube":{"key":"youtube","url":"","label":"YouTube","class":"youtube","icon":"youtube.png"},"iheartradio":{"key":"iheartradio","url":"","label":"iHeartRadio","class":"iheartradio","icon":"iheartradio.png"},"ivoox":{"key":"ivoox","url":"","label":"iVoox","class":"ivoox","icon":"ivoox.png"}},"rssFeedUrl":"https:\/\/quechilero.com\/blog\/feed\/podcast\/si-la-vida-nos-da-limones","embedCode":"<blockquote class=\"wp-embedded-content\" data-secret=\"SKN6L9IXeT\"><a href=\"https:\/\/quechilero.com\/blog\/2014\/02\/23\/no-juzguen-a-los-demas\/\">No juzguen a los dem\u00e1s<\/a><\/blockquote><iframe sandbox=\"allow-scripts\" security=\"restricted\" src=\"https:\/\/quechilero.com\/blog\/2014\/02\/23\/no-juzguen-a-los-demas\/embed\/#?secret=SKN6L9IXeT\" width=\"500\" height=\"350\" title=\"\u00abNo juzguen a los dem\u00e1s\u00bb \u2014 Si la Vida nos da Limones...\" data-secret=\"SKN6L9IXeT\" frameborder=\"0\" marginwidth=\"0\" marginheight=\"0\" scrolling=\"no\" class=\"wp-embedded-content\"><\/iframe><script>\n\/*! This file is auto-generated *\/\n!function(d,l){\"use strict\";l.querySelector&&d.addEventListener&&\"undefined\"!=typeof URL&&(d.wp=d.wp||{},d.wp.receiveEmbedMessage||(d.wp.receiveEmbedMessage=function(e){var t=e.data;if((t||t.secret||t.message||t.value)&&!\/[^a-zA-Z0-9]\/.test(t.secret)){for(var s,r,n,a=l.querySelectorAll('iframe[data-secret=\"'+t.secret+'\"]'),o=l.querySelectorAll('blockquote[data-secret=\"'+t.secret+'\"]'),c=new RegExp(\"^https?:$\",\"i\"),i=0;i<o.length;i++)o[i].style.display=\"none\";for(i=0;i<a.length;i++)s=a[i],e.source===s.contentWindow&&(s.removeAttribute(\"style\"),\"height\"===t.message?(1e3<(r=parseInt(t.value,10))?r=1e3:~~r<200&&(r=200),s.height=r):\"link\"===t.message&&(r=new URL(s.getAttribute(\"src\")),n=new URL(t.value),c.test(n.protocol))&&n.host===r.host&&l.activeElement===s&&(d.top.location.href=t.value))}},d.addEventListener(\"message\",d.wp.receiveEmbedMessage,!1),l.addEventListener(\"DOMContentLoaded\",function(){for(var e,t,s=l.querySelectorAll(\"iframe.wp-embedded-content\"),r=0;r<s.length;r++)(t=(e=s[r]).getAttribute(\"data-secret\"))||(t=Math.random().toString(36).substring(2,12),e.src+=\"#?secret=\"+t,e.setAttribute(\"data-secret\",t)),e.contentWindow.postMessage({message:\"ready\",secret:t},\"*\")},!1)))}(window,document);\n\/\/# sourceURL=https:\/\/quechilero.com\/blog\/wp-includes\/js\/wp-embed.min.js\n<\/script>\n"},"jetpack_publicize_connections":[],"jetpack_shortlink":"https:\/\/wp.me\/pDKli-4Cg","jetpack_sharing_enabled":true,"jetpack-related-posts":[{"id":303,"url":"https:\/\/quechilero.com\/blog\/2006\/10\/28\/rezar-o-actuar\/","url_meta":{"origin":17748,"position":0},"title":"Rezar o actuar","author":"Pepe Barrascout Ortiz","date":"28 octubre 2006","format":false,"excerpt":"Si un misionero llega a tu iglesia y dice que necesita ayuda por un per\u00edodo corto de tiempo, \u00bforas o act\u00faas?. Si el director de j\u00f3venes dice que tu iglesia necesita algunos instrumentos musicales nuevos para el ministerio, \u00bforas o act\u00faas? Si un ministerio necesita ayuda en un comedor de\u2026","rel":"","context":"En \u00abLimones\u00bb","block_context":{"text":"Limones","link":"https:\/\/quechilero.com\/blog\/category\/limones\/"},"img":{"alt_text":"","src":"","width":0,"height":0},"classes":[]},{"id":418,"url":"https:\/\/quechilero.com\/blog\/2007\/01\/23\/companero-de-oracion\/","url_meta":{"origin":17748,"position":1},"title":"Compa\u00f1ero de oraci\u00f3n","author":"Pepe Barrascout Ortiz","date":"23 enero 2007","format":false,"excerpt":"Mi hijo Brian hab\u00eda estado luchando durante varias horas para reparar las ca\u00f1er\u00edas en su ba\u00f1o. Por mucho que lo intentaba, nada le daba resultado. Su hijo de cuatro a\u00f1os lo hab\u00eda estado observando pues quer\u00eda ayudar, pero no sab\u00eda qu\u00e9 hacer. Brian estaba a punto de probar una cosa\u2026","rel":"","context":"En \u00abLimones\u00bb","block_context":{"text":"Limones","link":"https:\/\/quechilero.com\/blog\/category\/limones\/"},"img":{"alt_text":"","src":"","width":0,"height":0},"classes":[]},{"id":20075,"url":"https:\/\/quechilero.com\/blog\/2015\/04\/28\/transmitiendo-el-amor-de-dios\/","url_meta":{"origin":17748,"position":2},"title":"Transmitiendo el Amor de Dios","author":"Pepe Barrascout Ortiz","date":"28 abril 2015","format":false,"excerpt":"Claire Townsend encontr\u00f3 que las reuniones semanales de producci\u00f3n en el importante estudio cinematogr\u00e1fico donde trabajaba eran extremadamente fatigosas. Todas las ma\u00f1anas, varios responsables de departamentos luchaban por mantener sus puestos. El estudio hab\u00eda sido reci\u00e9n adquirido, los trabajos eran inseguros y se hab\u00eda perdido el esp\u00edritu de equipo. Por\u2026","rel":"","context":"En \u00abLimones\u00bb","block_context":{"text":"Limones","link":"https:\/\/quechilero.com\/blog\/category\/limones\/"},"img":{"alt_text":"","src":"","width":0,"height":0},"classes":[]},{"id":21698,"url":"https:\/\/quechilero.com\/blog\/2015\/10\/30\/helado-para-el-alma\/","url_meta":{"origin":17748,"position":3},"title":"Helado para el Alma","author":"Pepe Barrascout Ortiz","date":"30 octubre 2015","format":false,"excerpt":"La semana pasada llev\u00e9 a mis ni\u00f1os a un restaurante. Mi hijo de 6 a\u00f1os de edad pregunt\u00f3 si pod\u00eda dar las gracias. Cuando inclinamos nuestras cabezas, \u00e9l dijo: \"Dios es bueno, Dios es grande. Gracias por los alimentos, yo estar\u00eda a\u00fan m\u00e1s agradecido si Mam\u00e1 nos diese helado para\u2026","rel":"","context":"En \u00abLimones\u00bb","block_context":{"text":"Limones","link":"https:\/\/quechilero.com\/blog\/category\/limones\/"},"img":{"alt_text":"","src":"","width":0,"height":0},"classes":[]},{"id":17897,"url":"https:\/\/quechilero.com\/blog\/2014\/06\/14\/violencia-domestica-que-haces-tu\/","url_meta":{"origin":17748,"position":4},"title":"Violencia dom\u00e9stica \u00bfque haces tu?","author":"Pepe Barrascout Ortiz","date":"14 junio 2014","format":false,"excerpt":"https:\/\/youtu.be\/VU5LAslbcts Esta historia es una dramatizaci\u00f3n de una acci\u00f3n que es mas com\u00fan de lo que parece, lamentablemente. La veo y no deja de incomodar pero a la vez agradecer que realmente no sucedi\u00f3 as\u00ed. Sin embargo, es m\u00e1s real de lo que crees, \u2013 una mujer es golpeada por\u2026","rel":"","context":"En \u00abVideoBlog\u00bb","block_context":{"text":"VideoBlog","link":"https:\/\/quechilero.com\/blog\/category\/videoblog\/"},"img":{"alt_text":"","src":"https:\/\/i0.wp.com\/img.youtube.com\/vi\/VU5LAslbcts\/0.jpg?resize=350%2C200","width":350,"height":200},"classes":[]},{"id":21560,"url":"https:\/\/quechilero.com\/blog\/2015\/09\/03\/de-la-a-a-la-z\/","url_meta":{"origin":17748,"position":5},"title":"De la \u00abA\u00bb a la \u00abZ\u00bb","author":"Pepe Barrascout Ortiz","date":"3 septiembre 2015","format":false,"excerpt":"Cuentan que un humilde zapatero ten\u00eda la costumbre de hacer siempre sus oraciones en la ma\u00f1ana, al mediod\u00eda y en la tarde. Se serv\u00eda de un libro de plegarias porque no se sent\u00eda capaz de dirigirse al Creador con sus pobres palabras. Un d\u00eda, se sinti\u00f3 muy mal porque, estando\u2026","rel":"","context":"En \u00abLimones\u00bb","block_context":{"text":"Limones","link":"https:\/\/quechilero.com\/blog\/category\/limones\/"},"img":{"alt_text":"","src":"","width":0,"height":0},"classes":[]}],"jetpack_featured_media_url":"","_links":{"self":[{"href":"https:\/\/quechilero.com\/blog\/wp-json\/wp\/v2\/posts\/17748","targetHints":{"allow":["GET"]}}],"collection":[{"href":"https:\/\/quechilero.com\/blog\/wp-json\/wp\/v2\/posts"}],"about":[{"href":"https:\/\/quechilero.com\/blog\/wp-json\/wp\/v2\/types\/post"}],"author":[{"embeddable":true,"href":"https:\/\/quechilero.com\/blog\/wp-json\/wp\/v2\/users\/1"}],"replies":[{"embeddable":true,"href":"https:\/\/quechilero.com\/blog\/wp-json\/wp\/v2\/comments?post=17748"}],"version-history":[{"count":0,"href":"https:\/\/quechilero.com\/blog\/wp-json\/wp\/v2\/posts\/17748\/revisions"}],"wp:attachment":[{"href":"https:\/\/quechilero.com\/blog\/wp-json\/wp\/v2\/media?parent=17748"}],"wp:term":[{"taxonomy":"category","embeddable":true,"href":"https:\/\/quechilero.com\/blog\/wp-json\/wp\/v2\/categories?post=17748"},{"taxonomy":"post_tag","embeddable":true,"href":"https:\/\/quechilero.com\/blog\/wp-json\/wp\/v2\/tags?post=17748"},{"taxonomy":"series","embeddable":true,"href":"https:\/\/quechilero.com\/blog\/wp-json\/wp\/v2\/series?post=17748"}],"curies":[{"name":"wp","href":"https:\/\/api.w.org\/{rel}","templated":true}]}}