{"id":17747,"date":"2014-02-22T08:00:44","date_gmt":"2014-02-22T14:00:44","guid":{"rendered":"http:\/\/quechilero.com\/blog\/?p=17747"},"modified":"2014-01-27T11:20:12","modified_gmt":"2014-01-27T17:20:12","slug":"las-tres-hijas-del-rey","status":"publish","type":"post","link":"https:\/\/quechilero.com\/blog\/2014\/02\/22\/las-tres-hijas-del-rey\/","title":{"rendered":"Las tres hijas del rey"},"content":{"rendered":"<p>Cuenta una leyenda que un rey ten\u00eda tres hijas y a cada una de ellas le pidi\u00f3 que le describiera la profundidad de su amor por \u00e9l.<\/p>\n<p>La mayor dijo que lo quer\u00eda tanto como el pan; la segunda, tanto como el vino, y la tercera, tanto como la sal. El rey se enfad\u00f3 con su hija menor, y por haber elegido la sal la desterr\u00f3 de su presencia.<\/p>\n<p>La hija permaneci\u00f3 desheredada hasta que un d\u00eda, recibi\u00f3 la ayuda del cocinero del palacio. Siguiendo su consejo, la hija menor le prepar\u00f3 a su padre una de sus comidas favoritas, pero sin sal, totalmente ins\u00edpida.<\/p>\n<p>Entonces cuando el monarca prob\u00f3 aquel manjar, pero que sin sal se convirti\u00f3 en algo nada apetecible, comprendi\u00f3 que no pod\u00eda vivir sin la sal y acogi\u00f3 con gusto a su hija, al entender la profundidad de su amor.<\/p>\n<p>Esta leyenda destaca el valor de algo aparentemente peque\u00f1o e insignificante, simbolizado en el poder sazonador, preservativo y antis\u00e9ptico de la sal.<\/p>\n<p>La sal conserva, purifica y da vida. \u00a1Pong\u00e1mosle sal a la vida! Llen\u00e9mosla de amor y de humor, y aprendamos a valorar lo peque\u00f1o.<\/p>\n<p>\u00a1Que lindo es poder cumplir con ese cometido precioso que Nuestro Amado Se\u00f1or Jes\u00fas nos dejara, cuando nos mand\u00f3 a ser \u00abla sal de este mundo\u00bb!<\/p>\n","protected":false},"excerpt":{"rendered":"<p>Cuenta una leyenda que un rey ten\u00eda tres hijas y a cada una de ellas le pidi\u00f3 que le describiera la profundidad de su amor por \u00e9l. La mayor dijo que lo quer\u00eda tanto como el pan; la segunda, tanto como el vino, y la tercera, tanto como la sal. El rey se enfad\u00f3 con &#8230; <a title=\"Las tres hijas del rey\" class=\"read-more\" href=\"https:\/\/quechilero.com\/blog\/2014\/02\/22\/las-tres-hijas-del-rey\/\" aria-label=\"Leer m\u00e1s sobre Las tres hijas del rey\">Leer m\u00e1s<\/a><\/p>\n","protected":false},"author":1,"featured_media":0,"comment_status":"open","ping_status":"open","sticky":false,"template":"","format":"standard","meta":{"advanced_seo_description":"","jetpack_seo_html_title":"","jetpack_seo_noindex":false,"jetpack_seo_schema_type":"","episode_type":"","audio_file":"","podmotor_file_id":"","podmotor_episode_id":"","cover_image":"","cover_image_id":"","duration":"","filesize":"","filesize_raw":"","date_recorded":"","explicit":"","block":"","_jetpack_newsletter_access":"","_jetpack_dont_email_post_to_subs":false,"_jetpack_newsletter_tier_id":0,"_jetpack_memberships_contains_paywalled_content":false,"_jetpack_feature_clip_id":0,"_jetpack_memberships_contains_paid_content":false,"footnotes":"","jetpack_publicize_message":"","jetpack_publicize_feature_enabled":true,"jetpack_social_post_already_shared":false,"jetpack_social_options":{"image_generator_settings":{"template":"highway","default_image_id":0,"font":"","enabled":false},"version":2},"jetpack_post_was_ever_published":false},"categories":[2],"tags":[15,37,74,24],"series":[],"class_list":["post-17747","post","type-post","status-publish","format-standard","hentry","category-limones","tag-amor","tag-ayuda","tag-jesus","tag-vida"],"episode_featured_image":false,"episode_player_image":"https:\/\/i0.wp.com\/quechilero.com\/blog\/imagenes\/podcast.png?fit=1831%2C1831&ssl=1","download_link":"","player_link":"","audio_player":false,"episode_data":{"playerMode":"dark","subscribeUrls":{"amazon":{"key":"amazon","url":"","label":"Amazon","class":"amazon","icon":"amazon.png"},"apple_podcasts":{"key":"apple_podcasts","url":"","label":"Apple Podcasts","class":"apple_podcasts","icon":"apple-podcasts.png"},"castbox":{"key":"castbox","url":"","label":"CastBox","class":"castbox","icon":"castbox.png"},"deezer":{"key":"deezer","url":"","label":"Deezer","class":"deezer","icon":"deezer.png"},"google_podcasts":{"key":"google_podcasts","url":"","label":"Google Podcasts","class":"google_podcasts","icon":"google-podcasts.png"},"listen_notes":{"key":"listen_notes","url":"","label":"Listen Notes","class":"listen_notes","icon":"listen-notes.png"},"pandora":{"key":"pandora","url":"","label":"Pandora","class":"pandora","icon":"pandora.png"},"podbean":{"key":"podbean","url":"","label":"Podbean","class":"podbean","icon":"podbean.png"},"podcast_republic":{"key":"podcast_republic","url":"","label":"Podcast Republic","class":"podcast_republic","icon":"podcast-republic.png"},"rss":{"key":"rss","url":"","label":"RSS","class":"rss","icon":"rss.png"},"spotify":{"key":"spotify","url":"","label":"Spotify","class":"spotify","icon":"spotify.png"},"stitcher":{"key":"stitcher","url":"","label":"Stitcher","class":"stitcher","icon":"stitcher.png"},"tunein":{"key":"tunein","url":"","label":"TuneIn","class":"tunein","icon":"tunein.png"},"youtube":{"key":"youtube","url":"","label":"YouTube","class":"youtube","icon":"youtube.png"},"iheartradio":{"key":"iheartradio","url":"","label":"iHeartRadio","class":"iheartradio","icon":"iheartradio.png"},"ivoox":{"key":"ivoox","url":"","label":"iVoox","class":"ivoox","icon":"ivoox.png"}},"rssFeedUrl":"https:\/\/quechilero.com\/blog\/feed\/podcast\/si-la-vida-nos-da-limones","embedCode":"<blockquote class=\"wp-embedded-content\" data-secret=\"IGsxm5vW3r\"><a href=\"https:\/\/quechilero.com\/blog\/2014\/02\/22\/las-tres-hijas-del-rey\/\">Las tres hijas del rey<\/a><\/blockquote><iframe sandbox=\"allow-scripts\" security=\"restricted\" src=\"https:\/\/quechilero.com\/blog\/2014\/02\/22\/las-tres-hijas-del-rey\/embed\/#?secret=IGsxm5vW3r\" width=\"500\" height=\"350\" title=\"\u00abLas tres hijas del rey\u00bb \u2014 Si la Vida nos da Limones...\" data-secret=\"IGsxm5vW3r\" frameborder=\"0\" marginwidth=\"0\" marginheight=\"0\" scrolling=\"no\" class=\"wp-embedded-content\"><\/iframe><script>\n\/*! This file is auto-generated *\/\n!function(d,l){\"use strict\";l.querySelector&&d.addEventListener&&\"undefined\"!=typeof URL&&(d.wp=d.wp||{},d.wp.receiveEmbedMessage||(d.wp.receiveEmbedMessage=function(e){var t=e.data;if((t||t.secret||t.message||t.value)&&!\/[^a-zA-Z0-9]\/.test(t.secret)){for(var s,r,n,a=l.querySelectorAll('iframe[data-secret=\"'+t.secret+'\"]'),o=l.querySelectorAll('blockquote[data-secret=\"'+t.secret+'\"]'),c=new RegExp(\"^https?:$\",\"i\"),i=0;i<o.length;i++)o[i].style.display=\"none\";for(i=0;i<a.length;i++)s=a[i],e.source===s.contentWindow&&(s.removeAttribute(\"style\"),\"height\"===t.message?(1e3<(r=parseInt(t.value,10))?r=1e3:~~r<200&&(r=200),s.height=r):\"link\"===t.message&&(r=new URL(s.getAttribute(\"src\")),n=new URL(t.value),c.test(n.protocol))&&n.host===r.host&&l.activeElement===s&&(d.top.location.href=t.value))}},d.addEventListener(\"message\",d.wp.receiveEmbedMessage,!1),l.addEventListener(\"DOMContentLoaded\",function(){for(var e,t,s=l.querySelectorAll(\"iframe.wp-embedded-content\"),r=0;r<s.length;r++)(t=(e=s[r]).getAttribute(\"data-secret\"))||(t=Math.random().toString(36).substring(2,12),e.src+=\"#?secret=\"+t,e.setAttribute(\"data-secret\",t)),e.contentWindow.postMessage({message:\"ready\",secret:t},\"*\")},!1)))}(window,document);\n\/\/# sourceURL=https:\/\/quechilero.com\/blog\/wp-includes\/js\/wp-embed.min.js\n<\/script>\n"},"jetpack_publicize_connections":[],"jetpack_shortlink":"https:\/\/wp.me\/pDKli-4Cf","jetpack_sharing_enabled":true,"jetpack-related-posts":[{"id":15264,"url":"https:\/\/quechilero.com\/blog\/2012\/12\/20\/caminando-en-la-oscuridad\/","url_meta":{"origin":17747,"position":0},"title":"Caminando en la Oscuridad","author":"Pepe Barrascout Ortiz","date":"20 diciembre 2012","format":false,"excerpt":"Ayer en la noche mi hija peque\u00f1a, de 3 a\u00f1os, me dijo que necesitaba buscar su frazada en el cuarto que estaba oscuro. Yo le dije que estaba justo sobre su cama, y que pod\u00eda ir a recogerla. En un inicio, y aunque no le teme a la oscuridad, no\u2026","rel":"","context":"En \u00abLimones\u00bb","block_context":{"text":"Limones","link":"https:\/\/quechilero.com\/blog\/category\/limones\/"},"img":{"alt_text":"","src":"","width":0,"height":0},"classes":[]},{"id":14367,"url":"https:\/\/quechilero.com\/blog\/2012\/08\/16\/oracion-para-los-padres\/","url_meta":{"origin":17747,"position":1},"title":"Oraci\u00f3n para los padres","author":"Pepe Barrascout Ortiz","date":"16 agosto 2012","format":false,"excerpt":"Hoy que es el cumplea\u00f1os de mi pap\u00e1, una oraci\u00f3n para todos los pap\u00e1s del mundo. AYUDAME: A comprender a mis hijos, a escuchar pacientemente lo que tengan que decir, a contestar con cari\u00f1o todas sus preguntas. HAZME: Tan amable con ellos, como quisiera que lo fueran conmigo. No me\u2026","rel":"","context":"En \u00abLimones\u00bb","block_context":{"text":"Limones","link":"https:\/\/quechilero.com\/blog\/category\/limones\/"},"img":{"alt_text":"","src":"","width":0,"height":0},"classes":[]},{"id":580,"url":"https:\/\/quechilero.com\/blog\/2007\/06\/16\/una-carta-para-ti\/","url_meta":{"origin":17747,"position":2},"title":"Una carta para ti","author":"Pepe Barrascout Ortiz","date":"16 junio 2007","format":false,"excerpt":"Querido Hijo: Recuerdo muy bien el d\u00eda que te marchaste de mi lado, atravesando el velo para aventurarte a cumplir tu misi\u00f3n terrenal. Las l\u00e1grimas brotaron de mis ojos cuando vest\u00ed tu esp\u00edritu con una capa de Amor y te envi\u00e9 a la escuela. Seguro es, hijo m\u00edo que mis\u2026","rel":"","context":"En \u00abLimones\u00bb","block_context":{"text":"Limones","link":"https:\/\/quechilero.com\/blog\/category\/limones\/"},"img":{"alt_text":"","src":"","width":0,"height":0},"classes":[]},{"id":8136,"url":"https:\/\/quechilero.com\/blog\/2011\/04\/22\/jesus-nazareno-nuestra-senora-de-concepcion\/","url_meta":{"origin":17747,"position":3},"title":"Jes\u00fas Nazareno, Nuestra Se\u00f1ora de Concepci\u00f3n","author":"Pepe Barrascout Ortiz","date":"22 abril 2011","format":false,"excerpt":"Viernes Santo, Viernes Santo,Viernes Santo\u00a0en aquel dia iba la virgen Maria en busca de su hijo amado.\u00a0Al volver de una esquina con una mujer se ha encontrado -Se\u00f1ora, \u00bfha visto usted a mi hijo amado? -Si se\u00f1ora que lo he visto, por aqui ha pasado,\u00a0con el peso de la cruz\u2026","rel":"","context":"En \u00abLimones\u00bb","block_context":{"text":"Limones","link":"https:\/\/quechilero.com\/blog\/category\/limones\/"},"img":{"alt_text":"","src":"","width":0,"height":0},"classes":[]},{"id":457,"url":"https:\/\/quechilero.com\/blog\/2007\/02\/18\/el-santo-evangelio\/","url_meta":{"origin":17747,"position":4},"title":"El Santo Evangelio","author":"Pepe Barrascout Ortiz","date":"18 febrero 2007","format":false,"excerpt":"Domingo de la 7\u00ba semana del tiempo ordinario Ornamentos Verdes Lecturas Primera Lectura: I Samuel 26: 2, 7 - 9, 12 - 13, 22 - 23 Se levant\u00f3 Sa\u00fal y baj\u00f3 al desierto de Zif, con tres mil hombres escogidos de Israel, para buscar a David en el desierto de\u2026","rel":"","context":"En \u00abLimones\u00bb","block_context":{"text":"Limones","link":"https:\/\/quechilero.com\/blog\/category\/limones\/"},"img":{"alt_text":"","src":"","width":0,"height":0},"classes":[]},{"id":6452,"url":"https:\/\/quechilero.com\/blog\/2011\/02\/04\/el-hijo-malagradecido\/","url_meta":{"origin":17747,"position":5},"title":"El hijo malagradecido","author":"Pepe Barrascout Ortiz","date":"4 febrero 2011","format":false,"excerpt":"Se cuenta que una se\u00f1ora de edad, viviendo en gran pobreza, se quejaba de su hijo que viv\u00eda en Estados Unidos y que era rico. Dec\u00eda que \u00e9l era cruel y malagradecido. \"\u00bf\u00c9l nunca le manda dinero?\" -le preguntaron a ella. \"Ni un centavo...\" -contest\u00f3. \"Manda frecuentemente algunos retratos, pero\u2026","rel":"","context":"En \u00abLimones\u00bb","block_context":{"text":"Limones","link":"https:\/\/quechilero.com\/blog\/category\/limones\/"},"img":{"alt_text":"","src":"","width":0,"height":0},"classes":[]}],"jetpack_featured_media_url":"","_links":{"self":[{"href":"https:\/\/quechilero.com\/blog\/wp-json\/wp\/v2\/posts\/17747","targetHints":{"allow":["GET"]}}],"collection":[{"href":"https:\/\/quechilero.com\/blog\/wp-json\/wp\/v2\/posts"}],"about":[{"href":"https:\/\/quechilero.com\/blog\/wp-json\/wp\/v2\/types\/post"}],"author":[{"embeddable":true,"href":"https:\/\/quechilero.com\/blog\/wp-json\/wp\/v2\/users\/1"}],"replies":[{"embeddable":true,"href":"https:\/\/quechilero.com\/blog\/wp-json\/wp\/v2\/comments?post=17747"}],"version-history":[{"count":0,"href":"https:\/\/quechilero.com\/blog\/wp-json\/wp\/v2\/posts\/17747\/revisions"}],"wp:attachment":[{"href":"https:\/\/quechilero.com\/blog\/wp-json\/wp\/v2\/media?parent=17747"}],"wp:term":[{"taxonomy":"category","embeddable":true,"href":"https:\/\/quechilero.com\/blog\/wp-json\/wp\/v2\/categories?post=17747"},{"taxonomy":"post_tag","embeddable":true,"href":"https:\/\/quechilero.com\/blog\/wp-json\/wp\/v2\/tags?post=17747"},{"taxonomy":"series","embeddable":true,"href":"https:\/\/quechilero.com\/blog\/wp-json\/wp\/v2\/series?post=17747"}],"curies":[{"name":"wp","href":"https:\/\/api.w.org\/{rel}","templated":true}]}}