{"id":17743,"date":"2014-02-18T08:00:32","date_gmt":"2014-02-18T14:00:32","guid":{"rendered":"http:\/\/quechilero.com\/blog\/?p=17743"},"modified":"2014-01-27T11:15:51","modified_gmt":"2014-01-27T17:15:51","slug":"a-quien-seguir","status":"publish","type":"post","link":"https:\/\/quechilero.com\/blog\/2014\/02\/18\/a-quien-seguir\/","title":{"rendered":"A qui\u00e9n seguir"},"content":{"rendered":"<p><em>\u00ab\u00bfConque Dios os ha dicho: No com\u00e1is de todo \u00e1rbol del huerto?\u00bb<\/em> (G\u00e9nesis 3:1)<\/p>\n<p>\u00a1No s\u00e9 qu\u00e9 hacer; simplemente, no lo s\u00e9!<\/p>\n<p>Con el rostro entre los brazos, sentada frente a m\u00ed, Claudia era el retrato de tantas personas, inmersas en un mundo de dudas: matrimonio en bancarrota, crisis en el trabajo, deudas y luchas diarias con la depresi\u00f3n, Claudia buscaba respuestas.<\/p>\n<p>\u00abSon tantas\u00bb, dec\u00eda ella, \u00abtantos caminos, tantas filosof\u00edas, tantas propuestas, que es imposible saber lo que es o no es correcto.\u00bb<\/p>\n<p>Verdad y mentira. Verdad, que existen muchas filosof\u00edas, caminos y alternativas. Vivimos en un tiempo en el cual est\u00e1 de moda creer en algo, vivir la espiritualidad, buscar la armon\u00eda del alma. El enemigo de nuestras almas es especialista en crear confusi\u00f3n en la mente del ser humano; fue as\u00ed en principio, y contin\u00faa as\u00ed actualmente.<\/p>\n<p>La pregunta del texto de hoy es una de las m\u00e1s dif\u00edciles de traducir. En el hebreo, sugiere dos ideas diferentes, y eso causa cierta contradicci\u00f3n entre los estudiosos de la Biblia. El enemigo formul\u00f3 una pregunta con el claro objetivo de confundir a Eva; su intenci\u00f3n era llevarla a dudar de Dios. Y contin\u00faa siendo este su objetivo hoy, al presentar tantas filosof\u00edas, creencias y caminos alternativos.<\/p>\n<p>Es muy probable que, en alg\u00fan momento, te hayas sentido como Claudia, sin saber ad\u00f3nde ir, qu\u00e9 hacer o qu\u00e9 direcci\u00f3n tomar. En la carretera de la vida, todo parece oscuro y te parece imposible llegar a destino.<\/p>\n<p>El caso de Claudia muestra que buscar el rumbo llevada por las ideas y las filosof\u00edas humanas s\u00f3lo te conduce a la confusi\u00f3n: el camino es la Palabra de Dios. La Biblia es el mapa del viajero; el GPS para el perdido; la se\u00f1al de tr\u00e1nsito que indica: sigue adelante, a derecha o a izquierda. Las orientaciones divinas son claras y objetivas: a nadie le fue mal por haberlas obedecido.<\/p>\n<p>Deposita tu confianza en Dios. Aunque al principio no lo entiendas; a pesar de que tu humanidad te hace pensar que la orientaci\u00f3n est\u00e1 equivocada. Dios jam\u00e1s fall\u00f3 a los hijos sinceros, que van a \u00c9l en busca de orientaci\u00f3n y de consejo. Haz de este un d\u00eda de obediencia a sus orientaciones, y recuerda que el enemigo puede aparecer, en alg\u00fan momento, susurr\u00e1ndote: \u00ab\u00bfConque Dios os ha dicho: No com\u00e1is de todo \u00e1rbol del huerto?\u00bb<\/p>\n","protected":false},"excerpt":{"rendered":"<p>\u00ab\u00bfConque Dios os ha dicho: No com\u00e1is de todo \u00e1rbol del huerto?\u00bb (G\u00e9nesis 3:1) \u00a1No s\u00e9 qu\u00e9 hacer; simplemente, no lo s\u00e9! Con el rostro entre los brazos, sentada frente a m\u00ed, Claudia era el retrato de tantas personas, inmersas en un mundo de dudas: matrimonio en bancarrota, crisis en el trabajo, deudas y luchas &#8230; <a title=\"A qui\u00e9n seguir\" class=\"read-more\" href=\"https:\/\/quechilero.com\/blog\/2014\/02\/18\/a-quien-seguir\/\" aria-label=\"Leer m\u00e1s sobre A qui\u00e9n seguir\">Leer m\u00e1s<\/a><\/p>\n","protected":false},"author":1,"featured_media":0,"comment_status":"open","ping_status":"open","sticky":false,"template":"","format":"standard","meta":{"advanced_seo_description":"","jetpack_seo_html_title":"","jetpack_seo_noindex":false,"jetpack_seo_schema_type":"","episode_type":"","audio_file":"","podmotor_file_id":"","podmotor_episode_id":"","cover_image":"","cover_image_id":"","duration":"","filesize":"","filesize_raw":"","date_recorded":"","explicit":"","block":"","_jetpack_newsletter_access":"","_jetpack_dont_email_post_to_subs":false,"_jetpack_newsletter_tier_id":0,"_jetpack_memberships_contains_paywalled_content":false,"_jetpack_feature_clip_id":0,"_jetpack_memberships_contains_paid_content":false,"footnotes":"","jetpack_publicize_message":"","jetpack_publicize_feature_enabled":true,"jetpack_social_post_already_shared":false,"jetpack_social_options":{"image_generator_settings":{"template":"highway","default_image_id":0,"font":"","enabled":false},"version":2},"jetpack_post_was_ever_published":false},"categories":[2],"tags":[38,75,85,51,47,42,5,36,41,24],"series":[],"class_list":["post-17743","post","type-post","status-publish","format-standard","hentry","category-limones","tag-confianza","tag-confusion","tag-depresion","tag-dios","tag-mapa","tag-palabra","tag-tiempo","tag-trabajo","tag-verdad","tag-vida"],"episode_featured_image":false,"episode_player_image":"https:\/\/i0.wp.com\/quechilero.com\/blog\/imagenes\/podcast.png?fit=1831%2C1831&ssl=1","download_link":"","player_link":"","audio_player":false,"episode_data":{"playerMode":"dark","subscribeUrls":{"amazon":{"key":"amazon","url":"","label":"Amazon","class":"amazon","icon":"amazon.png"},"apple_podcasts":{"key":"apple_podcasts","url":"","label":"Apple Podcasts","class":"apple_podcasts","icon":"apple-podcasts.png"},"castbox":{"key":"castbox","url":"","label":"CastBox","class":"castbox","icon":"castbox.png"},"deezer":{"key":"deezer","url":"","label":"Deezer","class":"deezer","icon":"deezer.png"},"google_podcasts":{"key":"google_podcasts","url":"","label":"Google Podcasts","class":"google_podcasts","icon":"google-podcasts.png"},"listen_notes":{"key":"listen_notes","url":"","label":"Listen Notes","class":"listen_notes","icon":"listen-notes.png"},"pandora":{"key":"pandora","url":"","label":"Pandora","class":"pandora","icon":"pandora.png"},"podbean":{"key":"podbean","url":"","label":"Podbean","class":"podbean","icon":"podbean.png"},"podcast_republic":{"key":"podcast_republic","url":"","label":"Podcast Republic","class":"podcast_republic","icon":"podcast-republic.png"},"rss":{"key":"rss","url":"","label":"RSS","class":"rss","icon":"rss.png"},"spotify":{"key":"spotify","url":"","label":"Spotify","class":"spotify","icon":"spotify.png"},"stitcher":{"key":"stitcher","url":"","label":"Stitcher","class":"stitcher","icon":"stitcher.png"},"tunein":{"key":"tunein","url":"","label":"TuneIn","class":"tunein","icon":"tunein.png"},"youtube":{"key":"youtube","url":"","label":"YouTube","class":"youtube","icon":"youtube.png"},"iheartradio":{"key":"iheartradio","url":"","label":"iHeartRadio","class":"iheartradio","icon":"iheartradio.png"},"ivoox":{"key":"ivoox","url":"","label":"iVoox","class":"ivoox","icon":"ivoox.png"}},"rssFeedUrl":"https:\/\/quechilero.com\/blog\/feed\/podcast\/si-la-vida-nos-da-limones","embedCode":"<blockquote class=\"wp-embedded-content\" data-secret=\"lZ1dPTBja1\"><a href=\"https:\/\/quechilero.com\/blog\/2014\/02\/18\/a-quien-seguir\/\">A qui\u00e9n seguir<\/a><\/blockquote><iframe sandbox=\"allow-scripts\" security=\"restricted\" src=\"https:\/\/quechilero.com\/blog\/2014\/02\/18\/a-quien-seguir\/embed\/#?secret=lZ1dPTBja1\" width=\"500\" height=\"350\" title=\"\u00abA qui\u00e9n seguir\u00bb \u2014 Si la Vida nos da Limones...\" data-secret=\"lZ1dPTBja1\" frameborder=\"0\" marginwidth=\"0\" marginheight=\"0\" scrolling=\"no\" class=\"wp-embedded-content\"><\/iframe><script>\n\/*! This file is auto-generated *\/\n!function(d,l){\"use strict\";l.querySelector&&d.addEventListener&&\"undefined\"!=typeof URL&&(d.wp=d.wp||{},d.wp.receiveEmbedMessage||(d.wp.receiveEmbedMessage=function(e){var t=e.data;if((t||t.secret||t.message||t.value)&&!\/[^a-zA-Z0-9]\/.test(t.secret)){for(var s,r,n,a=l.querySelectorAll('iframe[data-secret=\"'+t.secret+'\"]'),o=l.querySelectorAll('blockquote[data-secret=\"'+t.secret+'\"]'),c=new RegExp(\"^https?:$\",\"i\"),i=0;i<o.length;i++)o[i].style.display=\"none\";for(i=0;i<a.length;i++)s=a[i],e.source===s.contentWindow&&(s.removeAttribute(\"style\"),\"height\"===t.message?(1e3<(r=parseInt(t.value,10))?r=1e3:~~r<200&&(r=200),s.height=r):\"link\"===t.message&&(r=new URL(s.getAttribute(\"src\")),n=new URL(t.value),c.test(n.protocol))&&n.host===r.host&&l.activeElement===s&&(d.top.location.href=t.value))}},d.addEventListener(\"message\",d.wp.receiveEmbedMessage,!1),l.addEventListener(\"DOMContentLoaded\",function(){for(var e,t,s=l.querySelectorAll(\"iframe.wp-embedded-content\"),r=0;r<s.length;r++)(t=(e=s[r]).getAttribute(\"data-secret\"))||(t=Math.random().toString(36).substring(2,12),e.src+=\"#?secret=\"+t,e.setAttribute(\"data-secret\",t)),e.contentWindow.postMessage({message:\"ready\",secret:t},\"*\")},!1)))}(window,document);\n\/\/# sourceURL=https:\/\/quechilero.com\/blog\/wp-includes\/js\/wp-embed.min.js\n<\/script>\n"},"jetpack_publicize_connections":[],"jetpack_shortlink":"https:\/\/wp.me\/pDKli-4Cb","jetpack_sharing_enabled":true,"jetpack-related-posts":[{"id":15098,"url":"https:\/\/quechilero.com\/blog\/2012\/11\/12\/de-la-flauta\/","url_meta":{"origin":17743,"position":0},"title":"De la flauta","author":"Pepe Barrascout Ortiz","date":"12 noviembre 2012","format":false,"excerpt":"Creo que gran parte de los lectores asistieron al film \"Amadeus\": masacrado por la cr\u00edtica musical de su \u00e9poca, que lo acusaba de superficial, Wolfang Amadeus Mozart se consolaba sabiendo que al p\u00fablico le gustaba y apoyaba su arte. Su \u00faltima \u00f3pera, \"La Flauta M\u00e1gica\", muestra a un Mozart de\u2026","rel":"","context":"En \u00abLimones\u00bb","block_context":{"text":"Limones","link":"https:\/\/quechilero.com\/blog\/category\/limones\/"},"img":{"alt_text":"","src":"","width":0,"height":0},"classes":[]},{"id":21492,"url":"https:\/\/quechilero.com\/blog\/2015\/08\/19\/quejas\/","url_meta":{"origin":17743,"position":1},"title":"Quejas","author":"Pepe Barrascout Ortiz","date":"19 agosto 2015","format":false,"excerpt":"Hay personas que pasan todo el tiempo quej\u00e1ndose de esta manera: El mundo hoy, va mal... El gobierno no satisface mis necesidades... La Iglesia no me da respuestas... Mis amigos se desaparecieron... La se\u00f1al de televisi\u00f3n no comenz\u00f3 a transmitir a tiempo... Mi equipo ha perdido y es posible que\u2026","rel":"","context":"En \u00abLimones\u00bb","block_context":{"text":"Limones","link":"https:\/\/quechilero.com\/blog\/category\/limones\/"},"img":{"alt_text":"","src":"","width":0,"height":0},"classes":[]},{"id":7497,"url":"https:\/\/quechilero.com\/blog\/2011\/04\/11\/le-daras-tiempo-a-dios\/","url_meta":{"origin":17743,"position":2},"title":"\u00bfLe dar\u00e1s tiempo a Dios?","author":"Pepe Barrascout Ortiz","date":"11 abril 2011","format":false,"excerpt":"Si tienes un problema muy agobiante, una necesidad muy grande en tu vida; est\u00e1s orando... esperando... pero tal vez el problema es que no est\u00e1s escuchando a Dios. Algunos creen que orar significa seguir pidiendo y pidiendo, seguir hablando y rezando y rog\u00e1ndole al Se\u00f1or con una gran palabrer\u00eda y\u2026","rel":"","context":"En \u00abLimones\u00bb","block_context":{"text":"Limones","link":"https:\/\/quechilero.com\/blog\/category\/limones\/"},"img":{"alt_text":"","src":"","width":0,"height":0},"classes":[]},{"id":2034,"url":"https:\/\/quechilero.com\/blog\/2009\/01\/31\/depender-de-dios\/","url_meta":{"origin":17743,"position":3},"title":"Depender de Dios","author":"Pepe Barrascout Ortiz","date":"31 enero 2009","format":false,"excerpt":"Muchas personas tienen el orgullo demasiado inflado como para decir que quieren depender de Dios. A veces es que se malentiende el t\u00e9rmino, pues depender de Dios no es cruzarse de brazos y esperar que se abra el cielo para darnos lo que ocupamos. No. Depender de Dios es simplemente\u2026","rel":"","context":"En \u00abLimones\u00bb","block_context":{"text":"Limones","link":"https:\/\/quechilero.com\/blog\/category\/limones\/"},"img":{"alt_text":"","src":"","width":0,"height":0},"classes":[]},{"id":3726,"url":"https:\/\/quechilero.com\/blog\/2009\/10\/18\/sigue-el-mapa\/","url_meta":{"origin":17743,"position":4},"title":"Sigue el mapa","author":"Pepe Barrascout Ortiz","date":"18 octubre 2009","format":false,"excerpt":"Si fueras a emprender un largo viaje y desconocieras el camino, llevar\u00edas contigo un mapa, \u00bfno es cierto? La verdad es que en este momento te hallas embarcado en una larga traves\u00eda, la de la vida. El Gu\u00eda que conoce el camino instruy\u00f3 a algunos de Sus hombres para que\u2026","rel":"","context":"En \u00abLimones\u00bb","block_context":{"text":"Limones","link":"https:\/\/quechilero.com\/blog\/category\/limones\/"},"img":{"alt_text":"","src":"","width":0,"height":0},"classes":[]},{"id":382,"url":"https:\/\/quechilero.com\/blog\/2006\/12\/25\/porque-te-quejas\/","url_meta":{"origin":17743,"position":5},"title":"\u00bfPorqu\u00e9 te quejas?","author":"Pepe Barrascout Ortiz","date":"25 diciembre 2006","format":false,"excerpt":"Si llevas las velas recogidas, \u00bfpor qu\u00e9 te quejas de no tener un buen viento que te impulse? Si llevas enrollada tu bandera, \u00bfpor qu\u00e9 te quejas de que los dem\u00e1s no se contagien con tu verdad? Si te sientas en la primera piedra, \u00bfpor qu\u00e9 te quejas de quedar\u2026","rel":"","context":"En \u00abLimones\u00bb","block_context":{"text":"Limones","link":"https:\/\/quechilero.com\/blog\/category\/limones\/"},"img":{"alt_text":"","src":"","width":0,"height":0},"classes":[]}],"jetpack_featured_media_url":"","_links":{"self":[{"href":"https:\/\/quechilero.com\/blog\/wp-json\/wp\/v2\/posts\/17743","targetHints":{"allow":["GET"]}}],"collection":[{"href":"https:\/\/quechilero.com\/blog\/wp-json\/wp\/v2\/posts"}],"about":[{"href":"https:\/\/quechilero.com\/blog\/wp-json\/wp\/v2\/types\/post"}],"author":[{"embeddable":true,"href":"https:\/\/quechilero.com\/blog\/wp-json\/wp\/v2\/users\/1"}],"replies":[{"embeddable":true,"href":"https:\/\/quechilero.com\/blog\/wp-json\/wp\/v2\/comments?post=17743"}],"version-history":[{"count":0,"href":"https:\/\/quechilero.com\/blog\/wp-json\/wp\/v2\/posts\/17743\/revisions"}],"wp:attachment":[{"href":"https:\/\/quechilero.com\/blog\/wp-json\/wp\/v2\/media?parent=17743"}],"wp:term":[{"taxonomy":"category","embeddable":true,"href":"https:\/\/quechilero.com\/blog\/wp-json\/wp\/v2\/categories?post=17743"},{"taxonomy":"post_tag","embeddable":true,"href":"https:\/\/quechilero.com\/blog\/wp-json\/wp\/v2\/tags?post=17743"},{"taxonomy":"series","embeddable":true,"href":"https:\/\/quechilero.com\/blog\/wp-json\/wp\/v2\/series?post=17743"}],"curies":[{"name":"wp","href":"https:\/\/api.w.org\/{rel}","templated":true}]}}