{"id":17741,"date":"2014-02-16T08:00:27","date_gmt":"2014-02-16T14:00:27","guid":{"rendered":"http:\/\/quechilero.com\/blog\/?p=17741"},"modified":"2014-01-27T11:12:38","modified_gmt":"2014-01-27T17:12:38","slug":"momentos-felices","status":"publish","type":"post","link":"https:\/\/quechilero.com\/blog\/2014\/02\/16\/momentos-felices\/","title":{"rendered":"Momentos Felices"},"content":{"rendered":"<p>Una vez una familia plane\u00f3 unas vacaciones a la costa oeste durante meses. A \u00faltimo momento, el padre no pudo ir por responsabilidades de trabajo. La madre insisti\u00f3 en que ella era capaz de manejar, as\u00ed que ella y los ni\u00f1os avanzaron con el viaje. El padre ayud\u00f3 a planear su ruta y arregl\u00f3 d\u00f3nde deb\u00edan parar cada noche.<\/p>\n<p>El caso fue que el padre logr\u00f3 terminar con su trabajo en dos semanas. Decidi\u00f3 darle una sorpresa a su familia y vol\u00f3 hacia la costa oeste sin llamarlos. Luego tom\u00f3 un taxi y le pidi\u00f3 al conductor que lo dejara en un determinado lugar de la carretera, por el cual seg\u00fan sus c\u00e1lculos su familia deber\u00eda pasar ese d\u00eda. Cuando vio el auto de su familia, levant\u00f3 su pulgar como alguien que pide auto-stops. La madre y los ni\u00f1os siguieron de largo. Teniendo una reacci\u00f3n tard\u00eda, uno de los ni\u00f1os exclam\u00f3: \u00a1Mam\u00e1, ese era pap\u00e1! El coche fren\u00f3 bruscamente y la familia disfrut\u00f3 de una agradable reuni\u00f3n.<\/p>\n<p>Luego, cuando un amigo le pregunt\u00f3 al hombre el porqu\u00e9 de esa loca idea, \u00e9l respondi\u00f3: Cuando me muera, quiero que mis hijos sean capaces de decir: \u00abPap\u00e1 s\u00ed que era divertido, \u00bfverdad?\u00bb<\/p>\n<p>La risa y los momentos felices son como una suave lluvia en la personalidad de sus hijos&#8230; No solo causan un buen florecimiento en sus hijos, sino que tambi\u00e9n permiten que penetre en ellos el fertilizante de la disciplina y la rectitud.<\/p>\n<p>Algunos padres cr\u00edan a sus hijos con truenos y rel\u00e1mpagos, pero truenos y rel\u00e1mpagos jam\u00e1s han logrado que nada creciera.<\/p>\n","protected":false},"excerpt":{"rendered":"<p>Una vez una familia plane\u00f3 unas vacaciones a la costa oeste durante meses. A \u00faltimo momento, el padre no pudo ir por responsabilidades de trabajo. La madre insisti\u00f3 en que ella era capaz de manejar, as\u00ed que ella y los ni\u00f1os avanzaron con el viaje. El padre ayud\u00f3 a planear su ruta y arregl\u00f3 d\u00f3nde &#8230; <a title=\"Momentos Felices\" class=\"read-more\" href=\"https:\/\/quechilero.com\/blog\/2014\/02\/16\/momentos-felices\/\" aria-label=\"Leer m\u00e1s sobre Momentos Felices\">Leer m\u00e1s<\/a><\/p>\n","protected":false},"author":1,"featured_media":0,"comment_status":"open","ping_status":"open","sticky":false,"template":"","format":"standard","meta":{"advanced_seo_description":"","jetpack_seo_html_title":"","jetpack_seo_noindex":false,"jetpack_seo_schema_type":"","episode_type":"","audio_file":"","podmotor_file_id":"","podmotor_episode_id":"","cover_image":"","cover_image_id":"","duration":"","filesize":"","filesize_raw":"","date_recorded":"","explicit":"","block":"","_jetpack_newsletter_access":"","_jetpack_dont_email_post_to_subs":false,"_jetpack_newsletter_tier_id":0,"_jetpack_memberships_contains_paywalled_content":false,"_jetpack_feature_clip_id":0,"_jetpack_memberships_contains_paid_content":false,"footnotes":"","jetpack_publicize_message":"","jetpack_publicize_feature_enabled":true,"jetpack_social_post_already_shared":false,"jetpack_social_options":{"image_generator_settings":{"template":"highway","default_image_id":0,"font":"","enabled":false},"version":2},"jetpack_post_was_ever_published":false},"categories":[2],"tags":[11,18,9,39,36,41],"series":[],"class_list":["post-17741","post","type-post","status-publish","format-standard","hentry","category-limones","tag-amigo","tag-hombre","tag-idea","tag-madre","tag-trabajo","tag-verdad"],"episode_featured_image":false,"episode_player_image":"https:\/\/i0.wp.com\/quechilero.com\/blog\/imagenes\/podcast.png?fit=1831%2C1831&ssl=1","download_link":"","player_link":"","audio_player":false,"episode_data":{"playerMode":"dark","subscribeUrls":{"amazon":{"key":"amazon","url":"","label":"Amazon","class":"amazon","icon":"amazon.png"},"apple_podcasts":{"key":"apple_podcasts","url":"","label":"Apple Podcasts","class":"apple_podcasts","icon":"apple-podcasts.png"},"castbox":{"key":"castbox","url":"","label":"CastBox","class":"castbox","icon":"castbox.png"},"deezer":{"key":"deezer","url":"","label":"Deezer","class":"deezer","icon":"deezer.png"},"google_podcasts":{"key":"google_podcasts","url":"","label":"Google Podcasts","class":"google_podcasts","icon":"google-podcasts.png"},"listen_notes":{"key":"listen_notes","url":"","label":"Listen Notes","class":"listen_notes","icon":"listen-notes.png"},"pandora":{"key":"pandora","url":"","label":"Pandora","class":"pandora","icon":"pandora.png"},"podbean":{"key":"podbean","url":"","label":"Podbean","class":"podbean","icon":"podbean.png"},"podcast_republic":{"key":"podcast_republic","url":"","label":"Podcast Republic","class":"podcast_republic","icon":"podcast-republic.png"},"rss":{"key":"rss","url":"","label":"RSS","class":"rss","icon":"rss.png"},"spotify":{"key":"spotify","url":"","label":"Spotify","class":"spotify","icon":"spotify.png"},"stitcher":{"key":"stitcher","url":"","label":"Stitcher","class":"stitcher","icon":"stitcher.png"},"tunein":{"key":"tunein","url":"","label":"TuneIn","class":"tunein","icon":"tunein.png"},"youtube":{"key":"youtube","url":"","label":"YouTube","class":"youtube","icon":"youtube.png"},"iheartradio":{"key":"iheartradio","url":"","label":"iHeartRadio","class":"iheartradio","icon":"iheartradio.png"},"ivoox":{"key":"ivoox","url":"","label":"iVoox","class":"ivoox","icon":"ivoox.png"}},"rssFeedUrl":"https:\/\/quechilero.com\/blog\/feed\/podcast\/si-la-vida-nos-da-limones","embedCode":"<blockquote class=\"wp-embedded-content\" data-secret=\"7XZmYKIeym\"><a href=\"https:\/\/quechilero.com\/blog\/2014\/02\/16\/momentos-felices\/\">Momentos Felices<\/a><\/blockquote><iframe sandbox=\"allow-scripts\" security=\"restricted\" src=\"https:\/\/quechilero.com\/blog\/2014\/02\/16\/momentos-felices\/embed\/#?secret=7XZmYKIeym\" width=\"500\" height=\"350\" title=\"\u00abMomentos Felices\u00bb \u2014 Si la Vida nos da Limones...\" data-secret=\"7XZmYKIeym\" frameborder=\"0\" marginwidth=\"0\" marginheight=\"0\" scrolling=\"no\" class=\"wp-embedded-content\"><\/iframe><script>\n\/*! This file is auto-generated *\/\n!function(d,l){\"use strict\";l.querySelector&&d.addEventListener&&\"undefined\"!=typeof URL&&(d.wp=d.wp||{},d.wp.receiveEmbedMessage||(d.wp.receiveEmbedMessage=function(e){var t=e.data;if((t||t.secret||t.message||t.value)&&!\/[^a-zA-Z0-9]\/.test(t.secret)){for(var s,r,n,a=l.querySelectorAll('iframe[data-secret=\"'+t.secret+'\"]'),o=l.querySelectorAll('blockquote[data-secret=\"'+t.secret+'\"]'),c=new RegExp(\"^https?:$\",\"i\"),i=0;i<o.length;i++)o[i].style.display=\"none\";for(i=0;i<a.length;i++)s=a[i],e.source===s.contentWindow&&(s.removeAttribute(\"style\"),\"height\"===t.message?(1e3<(r=parseInt(t.value,10))?r=1e3:~~r<200&&(r=200),s.height=r):\"link\"===t.message&&(r=new URL(s.getAttribute(\"src\")),n=new URL(t.value),c.test(n.protocol))&&n.host===r.host&&l.activeElement===s&&(d.top.location.href=t.value))}},d.addEventListener(\"message\",d.wp.receiveEmbedMessage,!1),l.addEventListener(\"DOMContentLoaded\",function(){for(var e,t,s=l.querySelectorAll(\"iframe.wp-embedded-content\"),r=0;r<s.length;r++)(t=(e=s[r]).getAttribute(\"data-secret\"))||(t=Math.random().toString(36).substring(2,12),e.src+=\"#?secret=\"+t,e.setAttribute(\"data-secret\",t)),e.contentWindow.postMessage({message:\"ready\",secret:t},\"*\")},!1)))}(window,document);\n\/\/# sourceURL=https:\/\/quechilero.com\/blog\/wp-includes\/js\/wp-embed.min.js\n<\/script>\n"},"jetpack_publicize_connections":[],"jetpack_shortlink":"https:\/\/wp.me\/pDKli-4C9","jetpack_sharing_enabled":true,"jetpack-related-posts":[{"id":384,"url":"https:\/\/quechilero.com\/blog\/2006\/12\/26\/el-nudo\/","url_meta":{"origin":17741,"position":0},"title":"El nudo","author":"Pepe Barrascout Ortiz","date":"26 diciembre 2006","format":false,"excerpt":"En una junta de padres de familia de cierta escuela, la directora resaltaba el apoyo que los padres deben darle a los hijos. Tambi\u00e9n ped\u00eda que se hicieran presentes el m\u00e1ximo de tiempo posible. Ella entend\u00eda que, aunque la mayor\u00eda de los padres y madres de aquella comunidad fueran trabajadores,\u2026","rel":"","context":"En \u00abLimones\u00bb","block_context":{"text":"Limones","link":"https:\/\/quechilero.com\/blog\/category\/limones\/"},"img":{"alt_text":"","src":"","width":0,"height":0},"classes":[]},{"id":20077,"url":"https:\/\/quechilero.com\/blog\/2015\/04\/29\/hay-que-mirar-a-las-personas-como-son\/","url_meta":{"origin":17741,"position":1},"title":"Hay que mirar a las personas como son","author":"Pepe Barrascout Ortiz","date":"29 abril 2015","format":false,"excerpt":"Un profesor de la facultad de medicina, hizo una vez esta pregunta a sus estudiantes: - He aqu\u00ed una historia familiar: El padre tiene s\u00edfilis. La madre tuberculosis. Ya tienen cuatro ni\u00f1os: el primero es ciego, el segundo muri\u00f3, el tercero es sordo, el cuarto tiene tuberculosis. Ahora la madre\u2026","rel":"","context":"En \u00abLimones\u00bb","block_context":{"text":"Limones","link":"https:\/\/quechilero.com\/blog\/category\/limones\/"},"img":{"alt_text":"","src":"","width":0,"height":0},"classes":[]},{"id":16036,"url":"https:\/\/quechilero.com\/blog\/2013\/02\/20\/el-circo\/","url_meta":{"origin":17741,"position":2},"title":"El Circo","author":"Pepe Barrascout Ortiz","date":"20 febrero 2013","format":false,"excerpt":"Cuando yo era adolescente, en cierta oportunidad estaba con mi padre haciendo cola para comprar entradas para el circo. Al final, s\u00f3lo quedaba una familia entre la ventanilla y nosotros. Esta familia me impresion\u00f3 mucho. Eran ocho chicos, todos probablemente menores de doce a\u00f1os. Se ve\u00eda que no ten\u00edan mucho\u2026","rel":"","context":"En \u00abLimones\u00bb","block_context":{"text":"Limones","link":"https:\/\/quechilero.com\/blog\/category\/limones\/"},"img":{"alt_text":"","src":"","width":0,"height":0},"classes":[]},{"id":6239,"url":"https:\/\/quechilero.com\/blog\/2011\/01\/10\/escuchando-con-el-corazon\/","url_meta":{"origin":17741,"position":3},"title":"Escuchando con el coraz\u00f3n","author":"Pepe Barrascout Ortiz","date":"10 enero 2011","format":false,"excerpt":"\"He desperdiciado todo mi s\u00e1bado\", se lament\u00f3 John, mientras su padre le despertaba con delicadeza. El tono de su voz, lastimero y angustiado, provoc\u00f3 una reacci\u00f3n instant\u00e1nea en su padre y un destello de ira emergi\u00f3 de \u00e9l. Hab\u00eda sido un largo d\u00eda de pintar y colocar papel de pared\u2026","rel":"","context":"En \u00abLimones\u00bb","block_context":{"text":"Limones","link":"https:\/\/quechilero.com\/blog\/category\/limones\/"},"img":{"alt_text":"","src":"","width":0,"height":0},"classes":[]},{"id":10472,"url":"https:\/\/quechilero.com\/blog\/2011\/09\/26\/aflojar-abonar-y-regar-y-cuidar\/","url_meta":{"origin":17741,"position":4},"title":"Aflojar, abonar y regar, y cuidar","author":"Pepe Barrascout Ortiz","date":"26 septiembre 2011","format":false,"excerpt":"Hay que aprender a percibir las necesidades de los dem\u00e1s. Habr\u00e1, qui\u00e9n, dentro de la familia, demande mayor atenci\u00f3n, y habr\u00e1 otro que no tenga la capacidad de expresar dicha necesidad de atenci\u00f3n, habr\u00e1 otro, quiz\u00e1, que para \u00e9l lo m\u00e1s importante sea saber que alguien se preocupa por \u00e9l.\u2026","rel":"","context":"En \u00abLimones\u00bb","block_context":{"text":"Limones","link":"https:\/\/quechilero.com\/blog\/category\/limones\/"},"img":{"alt_text":"","src":"","width":0,"height":0},"classes":[]},{"id":16812,"url":"https:\/\/quechilero.com\/blog\/2013\/07\/09\/hermano-y-hermana\/","url_meta":{"origin":17741,"position":5},"title":"Hermano y hermana","author":"Pepe Barrascout Ortiz","date":"9 julio 2013","format":false,"excerpt":"Un padre ten\u00eda un hijo y una hija, el hijo de muy buena apariencia, y ella de una fealdad extraordinaria. Mientras ellos jugaban un d\u00eda como ni\u00f1os, por casualidad se miraron juntos en un espejo que estaba colocado en la silla de su madre. El muchacho se congratul\u00f3 de su\u2026","rel":"","context":"En \u00abLimones\u00bb","block_context":{"text":"Limones","link":"https:\/\/quechilero.com\/blog\/category\/limones\/"},"img":{"alt_text":"","src":"","width":0,"height":0},"classes":[]}],"jetpack_featured_media_url":"","_links":{"self":[{"href":"https:\/\/quechilero.com\/blog\/wp-json\/wp\/v2\/posts\/17741","targetHints":{"allow":["GET"]}}],"collection":[{"href":"https:\/\/quechilero.com\/blog\/wp-json\/wp\/v2\/posts"}],"about":[{"href":"https:\/\/quechilero.com\/blog\/wp-json\/wp\/v2\/types\/post"}],"author":[{"embeddable":true,"href":"https:\/\/quechilero.com\/blog\/wp-json\/wp\/v2\/users\/1"}],"replies":[{"embeddable":true,"href":"https:\/\/quechilero.com\/blog\/wp-json\/wp\/v2\/comments?post=17741"}],"version-history":[{"count":0,"href":"https:\/\/quechilero.com\/blog\/wp-json\/wp\/v2\/posts\/17741\/revisions"}],"wp:attachment":[{"href":"https:\/\/quechilero.com\/blog\/wp-json\/wp\/v2\/media?parent=17741"}],"wp:term":[{"taxonomy":"category","embeddable":true,"href":"https:\/\/quechilero.com\/blog\/wp-json\/wp\/v2\/categories?post=17741"},{"taxonomy":"post_tag","embeddable":true,"href":"https:\/\/quechilero.com\/blog\/wp-json\/wp\/v2\/tags?post=17741"},{"taxonomy":"series","embeddable":true,"href":"https:\/\/quechilero.com\/blog\/wp-json\/wp\/v2\/series?post=17741"}],"curies":[{"name":"wp","href":"https:\/\/api.w.org\/{rel}","templated":true}]}}