{"id":17727,"date":"2014-02-09T08:00:45","date_gmt":"2014-02-09T14:00:45","guid":{"rendered":"http:\/\/quechilero.com\/blog\/?p=17727"},"modified":"2014-01-27T10:54:02","modified_gmt":"2014-01-27T16:54:02","slug":"invierno","status":"publish","type":"post","link":"https:\/\/quechilero.com\/blog\/2014\/02\/09\/invierno\/","title":{"rendered":"Invierno"},"content":{"rendered":"<p>Recuerdo que un invierno mi padre necesitaba le\u00f1a, as\u00ed que busc\u00f3 un \u00e1rbol muerto y lo cort\u00f3. Pero luego, en la primavera, vio desolado que al tronco marchito de ese \u00e1rbol le brotaron renuevos.<\/p>\n<p>Mi padre dijo: \u00abYo estaba seguro de que ese \u00e1rbol estaba muerto. Hab\u00eda perdido todas las hojas en el invierno. Hac\u00eda tanto fr\u00edo, que las ramas se quebraban y ca\u00edan como si no le quedara al viejo tronco ni una pizca de vida. Pero ahora advierto que a\u00fan alentaba la vida en aquel tronco.\u00bb<\/p>\n<p>Y volvi\u00e9ndose hacia m\u00ed, me aconsej\u00f3: \u00abNunca olvides esta importante lecci\u00f3n: jam\u00e1s cortes un \u00e1rbol en invierno. Jam\u00e1s tomes una decisi\u00f3n negativa en tiempo adverso. Nunca tomes las m\u00e1s importantes decisiones cuando est\u00e9s en tu peor estado de \u00e1nimo. Espera. S\u00e9 paciente. La tormenta pasar\u00e1. Recuerda que la primavera volver\u00e1.\u00bb<\/p>\n","protected":false},"excerpt":{"rendered":"<p>Recuerdo que un invierno mi padre necesitaba le\u00f1a, as\u00ed que busc\u00f3 un \u00e1rbol muerto y lo cort\u00f3. Pero luego, en la primavera, vio desolado que al tronco marchito de ese \u00e1rbol le brotaron renuevos. Mi padre dijo: \u00abYo estaba seguro de que ese \u00e1rbol estaba muerto. Hab\u00eda perdido todas las hojas en el invierno. Hac\u00eda &#8230; <a title=\"Invierno\" class=\"read-more\" href=\"https:\/\/quechilero.com\/blog\/2014\/02\/09\/invierno\/\" aria-label=\"Leer m\u00e1s sobre Invierno\">Leer m\u00e1s<\/a><\/p>\n","protected":false},"author":1,"featured_media":0,"comment_status":"open","ping_status":"open","sticky":false,"template":"","format":"standard","meta":{"advanced_seo_description":"","jetpack_seo_html_title":"","jetpack_seo_noindex":false,"jetpack_seo_schema_type":"","episode_type":"","audio_file":"","podmotor_file_id":"","podmotor_episode_id":"","cover_image":"","cover_image_id":"","duration":"","filesize":"","filesize_raw":"","date_recorded":"","explicit":"","block":"","_jetpack_newsletter_access":"","_jetpack_dont_email_post_to_subs":false,"_jetpack_newsletter_tier_id":0,"_jetpack_memberships_contains_paywalled_content":false,"_jetpack_feature_clip_id":0,"_jetpack_memberships_contains_paid_content":false,"footnotes":"","jetpack_publicize_message":"","jetpack_publicize_feature_enabled":true,"jetpack_social_post_already_shared":false,"jetpack_social_options":{"image_generator_settings":{"template":"highway","default_image_id":0,"font":"","enabled":false},"version":2},"jetpack_post_was_ever_published":false},"categories":[2],"tags":[5,24],"series":[],"class_list":["post-17727","post","type-post","status-publish","format-standard","hentry","category-limones","tag-tiempo","tag-vida"],"episode_featured_image":false,"episode_player_image":"https:\/\/i0.wp.com\/quechilero.com\/blog\/imagenes\/podcast.png?fit=1831%2C1831&ssl=1","download_link":"","player_link":"","audio_player":false,"episode_data":{"playerMode":"dark","subscribeUrls":{"amazon":{"key":"amazon","url":"","label":"Amazon","class":"amazon","icon":"amazon.png"},"apple_podcasts":{"key":"apple_podcasts","url":"","label":"Apple Podcasts","class":"apple_podcasts","icon":"apple-podcasts.png"},"castbox":{"key":"castbox","url":"","label":"CastBox","class":"castbox","icon":"castbox.png"},"deezer":{"key":"deezer","url":"","label":"Deezer","class":"deezer","icon":"deezer.png"},"google_podcasts":{"key":"google_podcasts","url":"","label":"Google Podcasts","class":"google_podcasts","icon":"google-podcasts.png"},"listen_notes":{"key":"listen_notes","url":"","label":"Listen Notes","class":"listen_notes","icon":"listen-notes.png"},"pandora":{"key":"pandora","url":"","label":"Pandora","class":"pandora","icon":"pandora.png"},"podbean":{"key":"podbean","url":"","label":"Podbean","class":"podbean","icon":"podbean.png"},"podcast_republic":{"key":"podcast_republic","url":"","label":"Podcast Republic","class":"podcast_republic","icon":"podcast-republic.png"},"rss":{"key":"rss","url":"","label":"RSS","class":"rss","icon":"rss.png"},"spotify":{"key":"spotify","url":"","label":"Spotify","class":"spotify","icon":"spotify.png"},"stitcher":{"key":"stitcher","url":"","label":"Stitcher","class":"stitcher","icon":"stitcher.png"},"tunein":{"key":"tunein","url":"","label":"TuneIn","class":"tunein","icon":"tunein.png"},"youtube":{"key":"youtube","url":"","label":"YouTube","class":"youtube","icon":"youtube.png"},"iheartradio":{"key":"iheartradio","url":"","label":"iHeartRadio","class":"iheartradio","icon":"iheartradio.png"},"ivoox":{"key":"ivoox","url":"","label":"iVoox","class":"ivoox","icon":"ivoox.png"}},"rssFeedUrl":"https:\/\/quechilero.com\/blog\/feed\/podcast\/si-la-vida-nos-da-limones","embedCode":"<blockquote class=\"wp-embedded-content\" data-secret=\"b23gKleYKC\"><a href=\"https:\/\/quechilero.com\/blog\/2014\/02\/09\/invierno\/\">Invierno<\/a><\/blockquote><iframe sandbox=\"allow-scripts\" security=\"restricted\" src=\"https:\/\/quechilero.com\/blog\/2014\/02\/09\/invierno\/embed\/#?secret=b23gKleYKC\" width=\"500\" height=\"350\" title=\"\u00abInvierno\u00bb \u2014 Si la Vida nos da Limones...\" data-secret=\"b23gKleYKC\" frameborder=\"0\" marginwidth=\"0\" marginheight=\"0\" scrolling=\"no\" class=\"wp-embedded-content\"><\/iframe><script>\n\/*! This file is auto-generated *\/\n!function(d,l){\"use strict\";l.querySelector&&d.addEventListener&&\"undefined\"!=typeof URL&&(d.wp=d.wp||{},d.wp.receiveEmbedMessage||(d.wp.receiveEmbedMessage=function(e){var t=e.data;if((t||t.secret||t.message||t.value)&&!\/[^a-zA-Z0-9]\/.test(t.secret)){for(var s,r,n,a=l.querySelectorAll('iframe[data-secret=\"'+t.secret+'\"]'),o=l.querySelectorAll('blockquote[data-secret=\"'+t.secret+'\"]'),c=new RegExp(\"^https?:$\",\"i\"),i=0;i<o.length;i++)o[i].style.display=\"none\";for(i=0;i<a.length;i++)s=a[i],e.source===s.contentWindow&&(s.removeAttribute(\"style\"),\"height\"===t.message?(1e3<(r=parseInt(t.value,10))?r=1e3:~~r<200&&(r=200),s.height=r):\"link\"===t.message&&(r=new URL(s.getAttribute(\"src\")),n=new URL(t.value),c.test(n.protocol))&&n.host===r.host&&l.activeElement===s&&(d.top.location.href=t.value))}},d.addEventListener(\"message\",d.wp.receiveEmbedMessage,!1),l.addEventListener(\"DOMContentLoaded\",function(){for(var e,t,s=l.querySelectorAll(\"iframe.wp-embedded-content\"),r=0;r<s.length;r++)(t=(e=s[r]).getAttribute(\"data-secret\"))||(t=Math.random().toString(36).substring(2,12),e.src+=\"#?secret=\"+t,e.setAttribute(\"data-secret\",t)),e.contentWindow.postMessage({message:\"ready\",secret:t},\"*\")},!1)))}(window,document);\n\/\/# sourceURL=https:\/\/quechilero.com\/blog\/wp-includes\/js\/wp-embed.min.js\n<\/script>\n"},"jetpack_publicize_connections":[],"jetpack_shortlink":"https:\/\/wp.me\/sDKli-invierno","jetpack_sharing_enabled":true,"jetpack-related-posts":[{"id":16735,"url":"https:\/\/quechilero.com\/blog\/2013\/05\/31\/el-%ef%bb%bfarbol-de-manzanas\/","url_meta":{"origin":17727,"position":0},"title":"El \ufeff\u00e1rbol de manzanas","author":"Pepe Barrascout Ortiz","date":"31 mayo 2013","format":false,"excerpt":"Hace mucho tiempo, exist\u00eda un enorme \u00e1rbol de manzanas. Un peque\u00f1o ni\u00f1o lo amaba mucho y todos los d\u00edas jugaba alrededor de \u00e9l. Trepaba al \u00e1rbol hasta el tope, com\u00eda sus manzanas y tomaba una siesta bajo su sombra. \u00c9l amaba al \u00e1rbol y el \u00e1rbol amaba al ni\u00f1o. Pas\u00f3\u2026","rel":"","context":"En \u00abLimones\u00bb","block_context":{"text":"Limones","link":"https:\/\/quechilero.com\/blog\/category\/limones\/"},"img":{"alt_text":"","src":"","width":0,"height":0},"classes":[]},{"id":19269,"url":"https:\/\/quechilero.com\/blog\/2014\/08\/28\/las-cuatro-estaciones\/","url_meta":{"origin":17727,"position":1},"title":"Las cuatro estaciones","author":"Pepe Barrascout Ortiz","date":"28 agosto 2014","format":false,"excerpt":"Hab\u00eda una vez un hombre que ten\u00eda cuatro hijos. El hombre buscaba que ellos aprendieran a no juzgar las cosas tan r\u00e1pidamente; entonces los envi\u00f3 a cada uno por turnos a visitar un peral que estaba a una gran distancia. El primer hijo se fue en el invierno, el segundo\u2026","rel":"","context":"En \u00abLimones\u00bb","block_context":{"text":"Limones","link":"https:\/\/quechilero.com\/blog\/category\/limones\/"},"img":{"alt_text":"","src":"","width":0,"height":0},"classes":[]},{"id":17960,"url":"https:\/\/quechilero.com\/blog\/2014\/07\/22\/poco-a-poco\/","url_meta":{"origin":17727,"position":2},"title":"Poco a poco","author":"Pepe Barrascout Ortiz","date":"22 julio 2014","format":false,"excerpt":"Un hombre de avanzada edad comenz\u00f3 a cortar \u00e1rboles para construir una casa de troncos. Un vecino que conoc\u00eda sus prop\u00f3sitos y sab\u00eda su edad, le pregunt\u00f3: \"\u00bfNo es esa una tarea demasiado grande para quien ya no es joven?\" El anciano contest\u00f3: \"Lo ser\u00eda si me viera despu\u00e9s de\u2026","rel":"","context":"En \u00abLimones\u00bb","block_context":{"text":"Limones","link":"https:\/\/quechilero.com\/blog\/category\/limones\/"},"img":{"alt_text":"","src":"","width":0,"height":0},"classes":[]},{"id":11492,"url":"https:\/\/quechilero.com\/blog\/2012\/01\/06\/a-expensas-del-tronco\/","url_meta":{"origin":17727,"position":3},"title":"A expensas del Tronco","author":"Pepe Barrascout Ortiz","date":"6 enero 2012","format":false,"excerpt":"En el sur de los Estados Unidos existe un tipo de vid que es par\u00e1sita, sube por los troncos y se adhiere a \u00e1rboles saludables y fuertes. Esta uva oscura del tama\u00f1o de una nuez se usa para hacer dulces y jaleas, y algunos sure\u00f1os usan la piel para hacer\u2026","rel":"","context":"En \u00abLimones\u00bb","block_context":{"text":"Limones","link":"https:\/\/quechilero.com\/blog\/category\/limones\/"},"img":{"alt_text":"","src":"","width":0,"height":0},"classes":[]},{"id":529,"url":"https:\/\/quechilero.com\/blog\/2007\/04\/25\/raices-profundas\/","url_meta":{"origin":17727,"position":4},"title":"Ra\u00edces profundas","author":"Pepe Barrascout Ortiz","date":"25 abril 2007","format":false,"excerpt":"Tiempo atr\u00e1s, yo era vecino de un m\u00e9dico, cuyo \"hobby\" era plantar \u00e1rboles en el enorme patio de su casa. A veces observaba, desde mi ventana, su esfuerzo por plantar \u00e1rboles y m\u00e1s \u00e1rboles, todos los d\u00edas. Lo que m\u00e1s llamaba mi atenci\u00f3n, entretanto, era el hecho de que \u00e9l\u2026","rel":"","context":"En \u00abLimones\u00bb","block_context":{"text":"Limones","link":"https:\/\/quechilero.com\/blog\/category\/limones\/"},"img":{"alt_text":"","src":"","width":0,"height":0},"classes":[]},{"id":2640,"url":"https:\/\/quechilero.com\/blog\/2009\/04\/12\/la-hoja-que-no-queria-agua\/","url_meta":{"origin":17727,"position":5},"title":"La hoja que no quer\u00eda agua","author":"Pepe Barrascout Ortiz","date":"12 abril 2009","format":false,"excerpt":"\u00c9rase una vez un \u00e1rbol muy joven, del que se esperaba que, cuando fuera mayor, diera hermosos y buenos frutos. Este \u00e1rbol ten\u00eda cuatro hojas, cuatro bonitas hojas, verdes y resplandecientes. Un d\u00eda, las cuatro hojas tuvieron una reuni\u00f3n de grupo. Una de ellas, la que estaba m\u00e1s arriba en\u2026","rel":"","context":"En \u00abLimones\u00bb","block_context":{"text":"Limones","link":"https:\/\/quechilero.com\/blog\/category\/limones\/"},"img":{"alt_text":"","src":"","width":0,"height":0},"classes":[]}],"jetpack_featured_media_url":"","_links":{"self":[{"href":"https:\/\/quechilero.com\/blog\/wp-json\/wp\/v2\/posts\/17727","targetHints":{"allow":["GET"]}}],"collection":[{"href":"https:\/\/quechilero.com\/blog\/wp-json\/wp\/v2\/posts"}],"about":[{"href":"https:\/\/quechilero.com\/blog\/wp-json\/wp\/v2\/types\/post"}],"author":[{"embeddable":true,"href":"https:\/\/quechilero.com\/blog\/wp-json\/wp\/v2\/users\/1"}],"replies":[{"embeddable":true,"href":"https:\/\/quechilero.com\/blog\/wp-json\/wp\/v2\/comments?post=17727"}],"version-history":[{"count":0,"href":"https:\/\/quechilero.com\/blog\/wp-json\/wp\/v2\/posts\/17727\/revisions"}],"wp:attachment":[{"href":"https:\/\/quechilero.com\/blog\/wp-json\/wp\/v2\/media?parent=17727"}],"wp:term":[{"taxonomy":"category","embeddable":true,"href":"https:\/\/quechilero.com\/blog\/wp-json\/wp\/v2\/categories?post=17727"},{"taxonomy":"post_tag","embeddable":true,"href":"https:\/\/quechilero.com\/blog\/wp-json\/wp\/v2\/tags?post=17727"},{"taxonomy":"series","embeddable":true,"href":"https:\/\/quechilero.com\/blog\/wp-json\/wp\/v2\/series?post=17727"}],"curies":[{"name":"wp","href":"https:\/\/api.w.org\/{rel}","templated":true}]}}