{"id":17616,"date":"2014-01-03T08:00:12","date_gmt":"2014-01-03T14:00:12","guid":{"rendered":"http:\/\/quechilero.com\/blog\/?p=17616"},"modified":"2013-12-09T07:33:33","modified_gmt":"2013-12-09T13:33:33","slug":"el-buho-y-las-aves","status":"publish","type":"post","link":"https:\/\/quechilero.com\/blog\/2014\/01\/03\/el-buho-y-las-aves\/","title":{"rendered":"El b\u00faho y las aves"},"content":{"rendered":"<p>Un b\u00faho, en su sabidur\u00eda, aconsej\u00f3 a las aves que cuando ciertas bellotas comenzaran a salir, las alejaran de la tierra y as\u00ed no pudieran crecer. Ella dijo que las bellotas producir\u00edan un fruto, del cual un veneno irremediable ser\u00eda extra\u00eddo y por el cual ellas ser\u00edan capturadas.<\/p>\n<p>El B\u00faho despu\u00e9s les aconsej\u00f3 que desenterraran las semillas del lino, que los hombres hab\u00edan sembrado, pues era una planta que no les presagiaba nada bueno. Y, finalmente, el b\u00faho, viendo acercarse a un arquero, predijo que este hombre, estando parado en un mismo sitio, lanzar\u00eda dardos armados con plumas que volar\u00edan m\u00e1s r\u00e1pido que las alas de ellas mismas.<\/p>\n<p>Las aves no dieron cr\u00e9dito a estas palabras de advertencia, y m\u00e1s bien pensaron que el b\u00faho estaba fuera de s\u00ed y dijeron que estaba loco. Pero despu\u00e9s, ante los hechos, descubrieron que sus palabras eran ciertas, y ellas se admiraron de su conocimiento y la juzgaron de ser la m\u00e1s sabia de las aves.<\/p>\n<p>De ah\u00ed es que parece que ellas lo contemplan como el que sabe todas las cosas, y aunque \u00e9l ya no les da nuevos consejos, en la soledad lamenta que no siguieran sus anteriores advertencias.<\/p>\n<p style=\"text-align: center;\">Nunca se deben de rechazar, sin haberlas analizado serenamente, las recomendaciones de los m\u00e1s sabios.<\/p>\n<p><em><strong>Esopo<\/strong><\/em><\/p>\n","protected":false},"excerpt":{"rendered":"<p>Un b\u00faho, en su sabidur\u00eda, aconsej\u00f3 a las aves que cuando ciertas bellotas comenzaran a salir, las alejaran de la tierra y as\u00ed no pudieran crecer. Ella dijo que las bellotas producir\u00edan un fruto, del cual un veneno irremediable ser\u00eda extra\u00eddo y por el cual ellas ser\u00edan capturadas. El B\u00faho despu\u00e9s les aconsej\u00f3 que desenterraran &#8230; <a title=\"El b\u00faho y las aves\" class=\"read-more\" href=\"https:\/\/quechilero.com\/blog\/2014\/01\/03\/el-buho-y-las-aves\/\" aria-label=\"Leer m\u00e1s sobre El b\u00faho y las aves\">Leer m\u00e1s<\/a><\/p>\n","protected":false},"author":1,"featured_media":0,"comment_status":"open","ping_status":"open","sticky":false,"template":"","format":"standard","meta":{"advanced_seo_description":"","jetpack_seo_html_title":"","jetpack_seo_noindex":false,"jetpack_seo_schema_type":"","episode_type":"","audio_file":"","podmotor_file_id":"","podmotor_episode_id":"","cover_image":"","cover_image_id":"","duration":"","filesize":"","filesize_raw":"","date_recorded":"","explicit":"","block":"","_jetpack_newsletter_access":"","_jetpack_dont_email_post_to_subs":false,"_jetpack_newsletter_tier_id":0,"_jetpack_memberships_contains_paywalled_content":false,"_jetpack_feature_clip_id":0,"_jetpack_memberships_contains_paid_content":false,"footnotes":"","jetpack_publicize_message":"","jetpack_publicize_feature_enabled":true,"jetpack_social_post_already_shared":false,"jetpack_social_options":{"image_generator_settings":{"template":"highway","default_image_id":0,"font":"","enabled":false},"version":2},"jetpack_post_was_ever_published":false},"categories":[2],"tags":[12,67,18],"series":[],"class_list":["post-17616","post","type-post","status-publish","format-standard","hentry","category-limones","tag-cosas","tag-crecer","tag-hombre"],"episode_featured_image":false,"episode_player_image":"https:\/\/i0.wp.com\/quechilero.com\/blog\/imagenes\/podcast.png?fit=1831%2C1831&ssl=1","download_link":"","player_link":"","audio_player":false,"episode_data":{"playerMode":"dark","subscribeUrls":{"amazon":{"key":"amazon","url":"","label":"Amazon","class":"amazon","icon":"amazon.png"},"apple_podcasts":{"key":"apple_podcasts","url":"","label":"Apple Podcasts","class":"apple_podcasts","icon":"apple-podcasts.png"},"castbox":{"key":"castbox","url":"","label":"CastBox","class":"castbox","icon":"castbox.png"},"deezer":{"key":"deezer","url":"","label":"Deezer","class":"deezer","icon":"deezer.png"},"google_podcasts":{"key":"google_podcasts","url":"","label":"Google Podcasts","class":"google_podcasts","icon":"google-podcasts.png"},"listen_notes":{"key":"listen_notes","url":"","label":"Listen Notes","class":"listen_notes","icon":"listen-notes.png"},"pandora":{"key":"pandora","url":"","label":"Pandora","class":"pandora","icon":"pandora.png"},"podbean":{"key":"podbean","url":"","label":"Podbean","class":"podbean","icon":"podbean.png"},"podcast_republic":{"key":"podcast_republic","url":"","label":"Podcast Republic","class":"podcast_republic","icon":"podcast-republic.png"},"rss":{"key":"rss","url":"","label":"RSS","class":"rss","icon":"rss.png"},"spotify":{"key":"spotify","url":"","label":"Spotify","class":"spotify","icon":"spotify.png"},"stitcher":{"key":"stitcher","url":"","label":"Stitcher","class":"stitcher","icon":"stitcher.png"},"tunein":{"key":"tunein","url":"","label":"TuneIn","class":"tunein","icon":"tunein.png"},"youtube":{"key":"youtube","url":"","label":"YouTube","class":"youtube","icon":"youtube.png"},"iheartradio":{"key":"iheartradio","url":"","label":"iHeartRadio","class":"iheartradio","icon":"iheartradio.png"},"ivoox":{"key":"ivoox","url":"","label":"iVoox","class":"ivoox","icon":"ivoox.png"}},"rssFeedUrl":"https:\/\/quechilero.com\/blog\/feed\/podcast\/si-la-vida-nos-da-limones","embedCode":"<blockquote class=\"wp-embedded-content\" data-secret=\"fVYnRnI7yE\"><a href=\"https:\/\/quechilero.com\/blog\/2014\/01\/03\/el-buho-y-las-aves\/\">El b\u00faho y las aves<\/a><\/blockquote><iframe sandbox=\"allow-scripts\" security=\"restricted\" src=\"https:\/\/quechilero.com\/blog\/2014\/01\/03\/el-buho-y-las-aves\/embed\/#?secret=fVYnRnI7yE\" width=\"500\" height=\"350\" title=\"\u00abEl b\u00faho y las aves\u00bb \u2014 Si la Vida nos da Limones...\" data-secret=\"fVYnRnI7yE\" frameborder=\"0\" marginwidth=\"0\" marginheight=\"0\" scrolling=\"no\" class=\"wp-embedded-content\"><\/iframe><script>\n\/*! This file is auto-generated *\/\n!function(d,l){\"use strict\";l.querySelector&&d.addEventListener&&\"undefined\"!=typeof URL&&(d.wp=d.wp||{},d.wp.receiveEmbedMessage||(d.wp.receiveEmbedMessage=function(e){var t=e.data;if((t||t.secret||t.message||t.value)&&!\/[^a-zA-Z0-9]\/.test(t.secret)){for(var s,r,n,a=l.querySelectorAll('iframe[data-secret=\"'+t.secret+'\"]'),o=l.querySelectorAll('blockquote[data-secret=\"'+t.secret+'\"]'),c=new RegExp(\"^https?:$\",\"i\"),i=0;i<o.length;i++)o[i].style.display=\"none\";for(i=0;i<a.length;i++)s=a[i],e.source===s.contentWindow&&(s.removeAttribute(\"style\"),\"height\"===t.message?(1e3<(r=parseInt(t.value,10))?r=1e3:~~r<200&&(r=200),s.height=r):\"link\"===t.message&&(r=new URL(s.getAttribute(\"src\")),n=new URL(t.value),c.test(n.protocol))&&n.host===r.host&&l.activeElement===s&&(d.top.location.href=t.value))}},d.addEventListener(\"message\",d.wp.receiveEmbedMessage,!1),l.addEventListener(\"DOMContentLoaded\",function(){for(var e,t,s=l.querySelectorAll(\"iframe.wp-embedded-content\"),r=0;r<s.length;r++)(t=(e=s[r]).getAttribute(\"data-secret\"))||(t=Math.random().toString(36).substring(2,12),e.src+=\"#?secret=\"+t,e.setAttribute(\"data-secret\",t)),e.contentWindow.postMessage({message:\"ready\",secret:t},\"*\")},!1)))}(window,document);\n\/\/# sourceURL=https:\/\/quechilero.com\/blog\/wp-includes\/js\/wp-embed.min.js\n<\/script>\n"},"jetpack_publicize_connections":[],"jetpack_shortlink":"https:\/\/wp.me\/pDKli-4A8","jetpack_sharing_enabled":true,"jetpack-related-posts":[{"id":7263,"url":"https:\/\/quechilero.com\/blog\/2011\/03\/28\/no-mires-a-los-otros\/","url_meta":{"origin":17616,"position":0},"title":"No mires a los otros","author":"Pepe Barrascout Ortiz","date":"28 marzo 2011","format":false,"excerpt":"Un \u00e1rbol no era feliz en el jard\u00edn. Un d\u00eda lleg\u00f3 hasta el jard\u00edn el b\u00faho, la m\u00e1s sabia de las aves, y al ver la desesperaci\u00f3n del \u00e1rbol, exclam\u00f3: \"No te preocupes, tu problema no es tan grave, es el mismo de much\u00edsimos seres sobre la tierra. No dediques\u2026","rel":"","context":"En \u00abLimones\u00bb","block_context":{"text":"Limones","link":"https:\/\/quechilero.com\/blog\/category\/limones\/"},"img":{"alt_text":"","src":"","width":0,"height":0},"classes":[]},{"id":850,"url":"https:\/\/quechilero.com\/blog\/2008\/02\/09\/buho\/","url_meta":{"origin":17616,"position":1},"title":"B\u00faho","author":"Pepe Barrascout Ortiz","date":"9 febrero 2008","format":false,"excerpt":"Con la caracter\u00edstica \u00fanica que tienen los b\u00fahos, te has identificado y te hace ser grande, inteligente, sab\u00eda y naturalmente bella. Feliz Cumplea\u00f1os Ileanita, tu b\u00faho siempre me acompa\u00f1a. Te quiero mucho.","rel":"","context":"En \u00abLimones\u00bb","block_context":{"text":"Limones","link":"https:\/\/quechilero.com\/blog\/category\/limones\/"},"img":{"alt_text":"Ileana Cano B\u00faho","src":"https:\/\/i0.wp.com\/img141.imageshack.us\/img141\/8009\/photocontestowldx0.jpg?resize=350%2C200","width":350,"height":200,"srcset":"https:\/\/i0.wp.com\/img141.imageshack.us\/img141\/8009\/photocontestowldx0.jpg?resize=350%2C200 1x, https:\/\/i0.wp.com\/img141.imageshack.us\/img141\/8009\/photocontestowldx0.jpg?resize=525%2C300 1.5x"},"classes":[]},{"id":14524,"url":"https:\/\/quechilero.com\/blog\/2012\/09\/17\/el-sembrador-de-bellotas\/","url_meta":{"origin":17616,"position":2},"title":"El sembrador de bellotas","author":"Pepe Barrascout Ortiz","date":"17 septiembre 2012","format":false,"excerpt":"En 1930 un joven viajero exploraba los Alpes Franceses. Lleg\u00f3 a una vasta extensi\u00f3n de tierra est\u00e9ril. Estaba desolada. Era amenazante. Era horrible. Era el tipo de lugar del que uno sale huyendo de prisa. Entonces, de repente, el joven viajero se detuvo sobre sus talones. En medio de este\u2026","rel":"","context":"En \u00abLimones\u00bb","block_context":{"text":"Limones","link":"https:\/\/quechilero.com\/blog\/category\/limones\/"},"img":{"alt_text":"","src":"","width":0,"height":0},"classes":[]},{"id":2397,"url":"https:\/\/quechilero.com\/blog\/2009\/02\/09\/buho-2\/","url_meta":{"origin":17616,"position":3},"title":"B\u00faho","author":"Pepe Barrascout Ortiz","date":"9 febrero 2009","format":false,"excerpt":"Sabidur\u00eda, inteligencia, liderazgo, desinibida, aventurera, son solo algunas de las tantas cualidades y caracter\u00edsticas que te definen y te describen, saber que he sido beneficiario de todas esas cualidades, me hace sentir muy dichoso e importante. Gracias por haber nacido, gracias por compartir todo lo que te define conmigo. Ileanita,\u2026","rel":"","context":"En \u00abLimones\u00bb","block_context":{"text":"Limones","link":"https:\/\/quechilero.com\/blog\/category\/limones\/"},"img":{"alt_text":"","src":"https:\/\/i0.wp.com\/img11.imageshack.us\/img11\/359\/1396401159561ea960dfi7.jpg?resize=350%2C200","width":350,"height":200},"classes":[]},{"id":5019,"url":"https:\/\/quechilero.com\/blog\/2010\/07\/07\/visitante-nocturno\/","url_meta":{"origin":17616,"position":4},"title":"Visitante nocturno","author":"Pepe Barrascout Ortiz","date":"7 julio 2010","format":false,"excerpt":"Muchas veces lo hab\u00eda escuchado y una vez, entre las sombras vi el aleteo, cuando pas\u00f3 volando entre las ramas de uno de los \u00e1rboles. Pero fue hasta ahora, que nuestro visitante nocturno, baj\u00f3 hasta el arbusto de loroco y tom\u00f3 posesi\u00f3n del lugar, observando todo a su alrededor, en\u2026","rel":"","context":"En \u00abLimones\u00bb","block_context":{"text":"Limones","link":"https:\/\/quechilero.com\/blog\/category\/limones\/"},"img":{"alt_text":"","src":"","width":0,"height":0},"classes":[]},{"id":2354,"url":"https:\/\/quechilero.com\/blog\/2009\/02\/11\/pepsi-blanca\/","url_meta":{"origin":17616,"position":5},"title":"Pepsi Blanca","author":"Pepe Barrascout Ortiz","date":"11 febrero 2009","format":false,"excerpt":"Una vez mas, en Jap\u00f3n, se lucen con los inventos e innovaciones, y es que en un pa\u00eds, donde culturalmente son propensos a marcar el paso en las tendencias mundiales, no es de extra\u00f1ar ver una Pepsi Cola blanca y que tiene un toque de yogurt. Ha de ser una\u2026","rel":"","context":"En \u00abLimones\u00bb","block_context":{"text":"Limones","link":"https:\/\/quechilero.com\/blog\/category\/limones\/"},"img":{"alt_text":"","src":"https:\/\/i0.wp.com\/img105.imageshack.us\/img105\/3414\/pepsiwhitesf7.jpg?resize=350%2C200","width":350,"height":200},"classes":[]}],"jetpack_featured_media_url":"","_links":{"self":[{"href":"https:\/\/quechilero.com\/blog\/wp-json\/wp\/v2\/posts\/17616","targetHints":{"allow":["GET"]}}],"collection":[{"href":"https:\/\/quechilero.com\/blog\/wp-json\/wp\/v2\/posts"}],"about":[{"href":"https:\/\/quechilero.com\/blog\/wp-json\/wp\/v2\/types\/post"}],"author":[{"embeddable":true,"href":"https:\/\/quechilero.com\/blog\/wp-json\/wp\/v2\/users\/1"}],"replies":[{"embeddable":true,"href":"https:\/\/quechilero.com\/blog\/wp-json\/wp\/v2\/comments?post=17616"}],"version-history":[{"count":0,"href":"https:\/\/quechilero.com\/blog\/wp-json\/wp\/v2\/posts\/17616\/revisions"}],"wp:attachment":[{"href":"https:\/\/quechilero.com\/blog\/wp-json\/wp\/v2\/media?parent=17616"}],"wp:term":[{"taxonomy":"category","embeddable":true,"href":"https:\/\/quechilero.com\/blog\/wp-json\/wp\/v2\/categories?post=17616"},{"taxonomy":"post_tag","embeddable":true,"href":"https:\/\/quechilero.com\/blog\/wp-json\/wp\/v2\/tags?post=17616"},{"taxonomy":"series","embeddable":true,"href":"https:\/\/quechilero.com\/blog\/wp-json\/wp\/v2\/series?post=17616"}],"curies":[{"name":"wp","href":"https:\/\/api.w.org\/{rel}","templated":true}]}}