{"id":17595,"date":"2013-12-23T08:00:23","date_gmt":"2013-12-23T14:00:23","guid":{"rendered":"http:\/\/quechilero.com\/blog\/?p=17595"},"modified":"2013-12-09T07:15:07","modified_gmt":"2013-12-09T13:15:07","slug":"las-palabras-de-juan-bautista-son-siempre-actuales","status":"publish","type":"post","link":"https:\/\/quechilero.com\/blog\/2013\/12\/23\/las-palabras-de-juan-bautista-son-siempre-actuales\/","title":{"rendered":"Las palabras de Juan Bautista son siempre actuales"},"content":{"rendered":"<p>\u00a1Queridos hermanos!<\/p>\n<p>El Evangelio de este domingo de Adviento (Lc 3,10-18) presenta nuevamente la figura de Juan Bautista y lo describe mientras habla a la gente que llega hasta el al r\u00edo Jord\u00e1n para bautizarse.<\/p>\n<p>Dado que Juan, con palabras mordaces, exhorta a todos a prepararse a la venida del Mes\u00edas, algunos le preguntan: \u00ab\u00bfQu\u00e9 debemos hacer?\u00bb (v. 10, 12, 14).<\/p>\n<p>Esto di\u00e1logos son muy interesantes y se revelan de gran actualidad:<\/p>\n<p>1. La primera respuesta se dirige a la multitud en general. El Bautista dice: \u00abQuien tenga dos t\u00fanicas, de una a quien no tiene ninguna, y quien tiene qu\u00e9 comer haga otro tanto\u00bb (v. 11). Aqu\u00ed podemos ver un criterio de justicia, animado por la caridad:<\/p>\n<p>La justicia pide superar el desequilibrio entre quien tiene lo superfluo y quien carece de lo necesario; la caridad empuja a estar atento al otro y a salir al encuentro de su necesidad, en vez de encontrar justificaciones para defender los propios intereses.<\/p>\n<p>Justicia y caridad no se oponen, pero ambas son necesarias y se completan mutuamente. \u00abEl amor ser\u00e1 siempre necesario, incluso en la sociedad m\u00e1s justa\u00bb porque \u00absiempre habr\u00e1 situaciones de necesidad material en las cuales es indispensable una ayuda en la l\u00ednea de un concreto amor por el pr\u00f3jimo\u00bb (Enc. Deus caritas est, 28).<\/p>\n<p>2. La segunda respuesta, que se dirige a algunos \u00abpublicanos\u00bb, es decir recaudadores de impuestos para los romanos. Ya por esto los publicanos eran despreciados, y tambi\u00e9n porque a menudo se aprovechaban de su posici\u00f3n para robar. A ellos el Bautista no les dice que cambien de oficio, sino que no exijan nada m\u00e1s de lo fijado (cfr v. 13). El profeta, en nombre de Dios, no pide gestos excepcionales, sino sobre todo el cumplimiento honesto del propio deber. El primer paso hacia la vida eterna es siempre la observancia de los mandamientos; en este caso el s\u00e9ptimo: \u00abNo robar\u00bb (cfr Ex 20,15).<\/p>\n<p>3. La tercera respuesta mira a los soldados, otra categor\u00eda dotada de un cierto poder, y por tanto tentada de abusar. A los soldados, Juan les dice: \u00abNo maltrat\u00e9is y no extorsion\u00e9is a nadie; contentaros con vuestras pagas\u00bb (v. 14). Tambi\u00e9n aqu\u00ed la conversi\u00f3n empieza por la honestidad y el respeto de los dem\u00e1s: una indicaci\u00f3n que vale para todos, especialmente para quien tiene mayor responsabilidad.<\/p>\n<p>Considerando en su conjunto estos di\u00e1logos, impresiona la gran concreci\u00f3n de las palabras de Juan: dado que Dios nos juzgar\u00e1 seg\u00fan nuestras obras, es all\u00ed, en los comportamientos, donde hay que demostrar que se sigue Su voluntad. Justo por esto las indicaciones del Bautista son siempre actuales: tambi\u00e9n en nuestro mundo tan complejo, las cosas ir\u00edan mucho mejor si cada uno observara estas reglas de conducta. Oremos entonces al Se\u00f1or, por intercesi\u00f3n de Mar\u00eda Sant\u00edsima, para que nos ayude a prepararnos a la Navidad llevando buenos frutos de conversi\u00f3n (cfr Lc 3,8).<\/p>\n<p><em><strong>Palabras de Benedicto XVI en el \u00c1ngelus del domingo III de Adviento, 16 de diciembre de 2012<\/strong><\/em><\/p>\n","protected":false},"excerpt":{"rendered":"<p>\u00a1Queridos hermanos! El Evangelio de este domingo de Adviento (Lc 3,10-18) presenta nuevamente la figura de Juan Bautista y lo describe mientras habla a la gente que llega hasta el al r\u00edo Jord\u00e1n para bautizarse. Dado que Juan, con palabras mordaces, exhorta a todos a prepararse a la venida del Mes\u00edas, algunos le preguntan: \u00ab\u00bfQu\u00e9 &#8230; <a title=\"Las palabras de Juan Bautista son siempre actuales\" class=\"read-more\" href=\"https:\/\/quechilero.com\/blog\/2013\/12\/23\/las-palabras-de-juan-bautista-son-siempre-actuales\/\" aria-label=\"Leer m\u00e1s sobre Las palabras de Juan Bautista son siempre actuales\">Leer m\u00e1s<\/a><\/p>\n","protected":false},"author":1,"featured_media":0,"comment_status":"open","ping_status":"open","sticky":false,"template":"","format":"standard","meta":{"advanced_seo_description":"","jetpack_seo_html_title":"","jetpack_seo_noindex":false,"jetpack_seo_schema_type":"","episode_type":"","audio_file":"","podmotor_file_id":"","podmotor_episode_id":"","cover_image":"","cover_image_id":"","duration":"","filesize":"","filesize_raw":"","date_recorded":"","explicit":"","block":"","_jetpack_newsletter_access":"","_jetpack_dont_email_post_to_subs":false,"_jetpack_newsletter_tier_id":0,"_jetpack_memberships_contains_paywalled_content":false,"_jetpack_feature_clip_id":0,"_jetpack_memberships_contains_paid_content":false,"footnotes":"","jetpack_publicize_message":"","jetpack_publicize_feature_enabled":true,"jetpack_social_post_already_shared":false,"jetpack_social_options":{"image_generator_settings":{"template":"highway","default_image_id":0,"font":"","enabled":false},"version":2},"jetpack_post_was_ever_published":false},"categories":[2],"tags":[15,37,12,97,51,90,22,24],"series":[],"class_list":["post-17595","post","type-post","status-publish","format-standard","hentry","category-limones","tag-amor","tag-ayuda","tag-cosas","tag-deus","tag-dios","tag-evangelio","tag-respuesta","tag-vida"],"episode_featured_image":false,"episode_player_image":"https:\/\/i0.wp.com\/quechilero.com\/blog\/imagenes\/podcast.png?fit=1831%2C1831&ssl=1","download_link":"","player_link":"","audio_player":false,"episode_data":{"playerMode":"dark","subscribeUrls":{"amazon":{"key":"amazon","url":"","label":"Amazon","class":"amazon","icon":"amazon.png"},"apple_podcasts":{"key":"apple_podcasts","url":"","label":"Apple Podcasts","class":"apple_podcasts","icon":"apple-podcasts.png"},"castbox":{"key":"castbox","url":"","label":"CastBox","class":"castbox","icon":"castbox.png"},"deezer":{"key":"deezer","url":"","label":"Deezer","class":"deezer","icon":"deezer.png"},"google_podcasts":{"key":"google_podcasts","url":"","label":"Google Podcasts","class":"google_podcasts","icon":"google-podcasts.png"},"listen_notes":{"key":"listen_notes","url":"","label":"Listen Notes","class":"listen_notes","icon":"listen-notes.png"},"pandora":{"key":"pandora","url":"","label":"Pandora","class":"pandora","icon":"pandora.png"},"podbean":{"key":"podbean","url":"","label":"Podbean","class":"podbean","icon":"podbean.png"},"podcast_republic":{"key":"podcast_republic","url":"","label":"Podcast Republic","class":"podcast_republic","icon":"podcast-republic.png"},"rss":{"key":"rss","url":"","label":"RSS","class":"rss","icon":"rss.png"},"spotify":{"key":"spotify","url":"","label":"Spotify","class":"spotify","icon":"spotify.png"},"stitcher":{"key":"stitcher","url":"","label":"Stitcher","class":"stitcher","icon":"stitcher.png"},"tunein":{"key":"tunein","url":"","label":"TuneIn","class":"tunein","icon":"tunein.png"},"youtube":{"key":"youtube","url":"","label":"YouTube","class":"youtube","icon":"youtube.png"},"iheartradio":{"key":"iheartradio","url":"","label":"iHeartRadio","class":"iheartradio","icon":"iheartradio.png"},"ivoox":{"key":"ivoox","url":"","label":"iVoox","class":"ivoox","icon":"ivoox.png"}},"rssFeedUrl":"https:\/\/quechilero.com\/blog\/feed\/podcast\/si-la-vida-nos-da-limones","embedCode":"<blockquote class=\"wp-embedded-content\" data-secret=\"A4opyecvSV\"><a href=\"https:\/\/quechilero.com\/blog\/2013\/12\/23\/las-palabras-de-juan-bautista-son-siempre-actuales\/\">Las palabras de Juan Bautista son siempre actuales<\/a><\/blockquote><iframe sandbox=\"allow-scripts\" security=\"restricted\" src=\"https:\/\/quechilero.com\/blog\/2013\/12\/23\/las-palabras-de-juan-bautista-son-siempre-actuales\/embed\/#?secret=A4opyecvSV\" width=\"500\" height=\"350\" title=\"\u00abLas palabras de Juan Bautista son siempre actuales\u00bb \u2014 Si la Vida nos da Limones...\" data-secret=\"A4opyecvSV\" frameborder=\"0\" marginwidth=\"0\" marginheight=\"0\" scrolling=\"no\" class=\"wp-embedded-content\"><\/iframe><script>\n\/*! This file is auto-generated *\/\n!function(d,l){\"use strict\";l.querySelector&&d.addEventListener&&\"undefined\"!=typeof URL&&(d.wp=d.wp||{},d.wp.receiveEmbedMessage||(d.wp.receiveEmbedMessage=function(e){var t=e.data;if((t||t.secret||t.message||t.value)&&!\/[^a-zA-Z0-9]\/.test(t.secret)){for(var s,r,n,a=l.querySelectorAll('iframe[data-secret=\"'+t.secret+'\"]'),o=l.querySelectorAll('blockquote[data-secret=\"'+t.secret+'\"]'),c=new RegExp(\"^https?:$\",\"i\"),i=0;i<o.length;i++)o[i].style.display=\"none\";for(i=0;i<a.length;i++)s=a[i],e.source===s.contentWindow&&(s.removeAttribute(\"style\"),\"height\"===t.message?(1e3<(r=parseInt(t.value,10))?r=1e3:~~r<200&&(r=200),s.height=r):\"link\"===t.message&&(r=new URL(s.getAttribute(\"src\")),n=new URL(t.value),c.test(n.protocol))&&n.host===r.host&&l.activeElement===s&&(d.top.location.href=t.value))}},d.addEventListener(\"message\",d.wp.receiveEmbedMessage,!1),l.addEventListener(\"DOMContentLoaded\",function(){for(var e,t,s=l.querySelectorAll(\"iframe.wp-embedded-content\"),r=0;r<s.length;r++)(t=(e=s[r]).getAttribute(\"data-secret\"))||(t=Math.random().toString(36).substring(2,12),e.src+=\"#?secret=\"+t,e.setAttribute(\"data-secret\",t)),e.contentWindow.postMessage({message:\"ready\",secret:t},\"*\")},!1)))}(window,document);\n\/\/# sourceURL=https:\/\/quechilero.com\/blog\/wp-includes\/js\/wp-embed.min.js\n<\/script>\n"},"jetpack_publicize_connections":[],"jetpack_shortlink":"https:\/\/wp.me\/pDKli-4zN","jetpack_sharing_enabled":true,"jetpack-related-posts":[{"id":877,"url":"https:\/\/quechilero.com\/blog\/2008\/02\/22\/cuaresma-evangelio-22-feb-08\/","url_meta":{"origin":17595,"position":0},"title":"Cuaresma &#8211; Evangelio 22 feb 08","author":"Pepe Barrascout Ortiz","date":"22 febrero 2008","format":false,"excerpt":"Evangelio seg\u00fan San Mateo 16,13-19. Al llegar a la regi\u00f3n de Cesarea de Filipo, Jes\u00fas pregunt\u00f3 a sus disc\u00edpulos: \"\u00bfQu\u00e9 dice la gente sobre el Hijo del hombre? \u00bfQui\u00e9n dicen que es?\". Ellos le respondieron: \"Unos dicen que es Juan el Bautista; otros, El\u00edas; y otros, Jerem\u00edas o alguno de\u2026","rel":"","context":"En \u00abLimones\u00bb","block_context":{"text":"Limones","link":"https:\/\/quechilero.com\/blog\/category\/limones\/"},"img":{"alt_text":"","src":"","width":0,"height":0},"classes":[]},{"id":15360,"url":"https:\/\/quechilero.com\/blog\/2012\/12\/16\/tercer-domingo-de-adviento\/","url_meta":{"origin":17595,"position":1},"title":"Tercer Domingo de Adviento","author":"Pepe Barrascout Ortiz","date":"16 diciembre 2012","format":false,"excerpt":"Tercer Domingo de Adviento (ciclo B) Reunida la familia o grupo de personas, se encienden las candelas del primero domingo, la del segundo y la del tercer domingo. Hermanos: A medida que avanza el Adviento y crece nuestra expectativa por un encuentro m\u00e1s intenso con Jes\u00fas, la Palabra de Dios,\u2026","rel":"","context":"En \u00abLimones\u00bb","block_context":{"text":"Limones","link":"https:\/\/quechilero.com\/blog\/category\/limones\/"},"img":{"alt_text":"","src":"https:\/\/i0.wp.com\/i392.photobucket.com\/albums\/pp7\/pepejaguar\/blog\/3-domingo-adviento.png?resize=350%2C200","width":350,"height":200,"srcset":"https:\/\/i0.wp.com\/i392.photobucket.com\/albums\/pp7\/pepejaguar\/blog\/3-domingo-adviento.png?resize=350%2C200 1x, https:\/\/i0.wp.com\/i392.photobucket.com\/albums\/pp7\/pepejaguar\/blog\/3-domingo-adviento.png?resize=525%2C300 1.5x"},"classes":[]},{"id":899,"url":"https:\/\/quechilero.com\/blog\/2008\/03\/14\/cuaresma-evangelio-14-mar-08\/","url_meta":{"origin":17595,"position":2},"title":"Cuaresma &#8211; Evangelio 14 mar 08","author":"Pepe Barrascout Ortiz","date":"14 marzo 2008","format":false,"excerpt":"Evangelio seg\u00fan San Juan 10,31-42. Los jud\u00edos tomaron piedras para apedrearlo. Entonces Jes\u00fas dijo: \"Les hice ver muchas obras buenas que vienen del Padre; \u00bfPor cu\u00e1l de ellas me quieren apedrear?\". Los jud\u00edos le respondieron: \"No queremos apedrearte por ninguna obra buena, sino porque blasfemas, ya que, siendo hombre, te\u2026","rel":"","context":"En \u00abLimones\u00bb","block_context":{"text":"Limones","link":"https:\/\/quechilero.com\/blog\/category\/limones\/"},"img":{"alt_text":"","src":"","width":0,"height":0},"classes":[]},{"id":890,"url":"https:\/\/quechilero.com\/blog\/2008\/03\/06\/cuaresma-evangelio-06-mar-08\/","url_meta":{"origin":17595,"position":3},"title":"Cuaresma &#8211; Evangelio 06 mar 08","author":"Pepe Barrascout Ortiz","date":"6 marzo 2008","format":false,"excerpt":"Evangelio seg\u00fan San Juan 5,31-47. Si yo diera testimonio de m\u00ed mismo, mi testimonio no valdr\u00eda. Pero hay otro que da testimonio de m\u00ed, y yo s\u00e9 que ese testimonio es verdadero. Ustedes mismos mandaron preguntar a Juan, y \u00c9l ha dado testimonio de la verdad. No es que yo\u2026","rel":"","context":"En \u00abLimones\u00bb","block_context":{"text":"Limones","link":"https:\/\/quechilero.com\/blog\/category\/limones\/"},"img":{"alt_text":"","src":"","width":0,"height":0},"classes":[]},{"id":19856,"url":"https:\/\/quechilero.com\/blog\/2015\/02\/27\/humor-adolescente\/","url_meta":{"origin":17595,"position":4},"title":"Humor adolescente","author":"Pepe Barrascout Ortiz","date":"27 febrero 2015","format":false,"excerpt":"Un adolescente, reci\u00e9n aprobado su examen de conducir, le pregunta a su padre cu\u00e1ndo podr\u00eda \u00e9l utilizar el coche. El padre le dijo que hicieran un trato: - T\u00fa mejoras las notas de un 7 a un 8, estudias la Biblia un poco y te cortas el pelo; entonces hablaremos\u2026","rel":"","context":"En \u00abLimones\u00bb","block_context":{"text":"Limones","link":"https:\/\/quechilero.com\/blog\/category\/limones\/"},"img":{"alt_text":"","src":"","width":0,"height":0},"classes":[]},{"id":898,"url":"https:\/\/quechilero.com\/blog\/2008\/03\/13\/cuaresma-evangelio-13-mar-08\/","url_meta":{"origin":17595,"position":5},"title":"Cuaresma &#8211; Evangelio 13 mar 08","author":"Pepe Barrascout Ortiz","date":"13 marzo 2008","format":false,"excerpt":"Evangelio seg\u00fan San Juan 8,51-59. Les aseguro que el que es fiel a mi palabra, no morir\u00e1 jam\u00e1s\". Los jud\u00edos le dijeron: \"Ahora s\u00ed estamos seguros de que est\u00e1s endemoniado. Abraham muri\u00f3, los profetas tambi\u00e9n, y t\u00fa dices: 'El que es fiel a mi palabra, no morir\u00e1 jam\u00e1s'. \u00bfAcaso eres\u2026","rel":"","context":"En \u00abLimones\u00bb","block_context":{"text":"Limones","link":"https:\/\/quechilero.com\/blog\/category\/limones\/"},"img":{"alt_text":"","src":"","width":0,"height":0},"classes":[]}],"jetpack_featured_media_url":"","_links":{"self":[{"href":"https:\/\/quechilero.com\/blog\/wp-json\/wp\/v2\/posts\/17595","targetHints":{"allow":["GET"]}}],"collection":[{"href":"https:\/\/quechilero.com\/blog\/wp-json\/wp\/v2\/posts"}],"about":[{"href":"https:\/\/quechilero.com\/blog\/wp-json\/wp\/v2\/types\/post"}],"author":[{"embeddable":true,"href":"https:\/\/quechilero.com\/blog\/wp-json\/wp\/v2\/users\/1"}],"replies":[{"embeddable":true,"href":"https:\/\/quechilero.com\/blog\/wp-json\/wp\/v2\/comments?post=17595"}],"version-history":[{"count":0,"href":"https:\/\/quechilero.com\/blog\/wp-json\/wp\/v2\/posts\/17595\/revisions"}],"wp:attachment":[{"href":"https:\/\/quechilero.com\/blog\/wp-json\/wp\/v2\/media?parent=17595"}],"wp:term":[{"taxonomy":"category","embeddable":true,"href":"https:\/\/quechilero.com\/blog\/wp-json\/wp\/v2\/categories?post=17595"},{"taxonomy":"post_tag","embeddable":true,"href":"https:\/\/quechilero.com\/blog\/wp-json\/wp\/v2\/tags?post=17595"},{"taxonomy":"series","embeddable":true,"href":"https:\/\/quechilero.com\/blog\/wp-json\/wp\/v2\/series?post=17595"}],"curies":[{"name":"wp","href":"https:\/\/api.w.org\/{rel}","templated":true}]}}