{"id":17594,"date":"2013-12-22T08:00:20","date_gmt":"2013-12-22T14:00:20","guid":{"rendered":"http:\/\/quechilero.com\/blog\/?p=17594"},"modified":"2013-12-09T07:13:54","modified_gmt":"2013-12-09T13:13:54","slug":"navidad-alguien-que-me-espera-con-carino","status":"publish","type":"post","link":"https:\/\/quechilero.com\/blog\/2013\/12\/22\/navidad-alguien-que-me-espera-con-carino\/","title":{"rendered":"Navidad: alguien que me espera con cari\u00f1o"},"content":{"rendered":"<p>Produce una gozosa paz en el alma saber que alguien nos espera, nos ama, nos busca. Significa que nuestra vida tiene sentido, que somos importantes para otro, que no vivimos simplemente por inercia, que hay una meta hermosa por la que vale la pena nuestro esfuerzo.<\/p>\n<p>Al dirigir sus palabras de felicitaci\u00f3n en la Navidad del a\u00f1o 1965, el entonces Papa Pablo VI imaginaba c\u00f3mo desde la cuna de Bel\u00e9n se produc\u00eda una llamada universal: \u00ab\u00a1Venid, venid todos!\u00bb. Hablaba con el calor de un padre que se dirige a sus hijos: \u00ab\u00a1Venid, que sois esperados! \u00a1Venid, que sois conocidos! \u00a1Venid, que hay algo maravillosamente bueno preparado para vosotros! \u00a1Venid!\u00bb.<\/p>\n<p>S\u00ed, todos estamos invitados a acudir ante un Ni\u00f1o en la cuna que nos espera, que nos conoce, que nos necesita. Descubrimos entonces que la vida tiene un sentido hermoso, magn\u00edfico: Dios ha puesto su tienda entre nosotros para buscar a cada uno de sus hijos.<\/p>\n<p>\u00bfTambi\u00e9n me espera a m\u00ed si he sucumbido ante el pecado, si he dejado crecer el ego\u00edsmo, si me he cegado por la codicia, si he pactado con los des\u00f3rdenes de la carne? S\u00ed, tambi\u00e9n a m\u00ed, y quiz\u00e1 precisamente con m\u00e1s anhelos. Jes\u00fas Ni\u00f1o es ya, entre sus movimientos infantiles, un gran m\u00e9dico ansioso por curar heridas y devolver esperanzas.<\/p>\n<p>En cada Navidad la llamada se repite. Han pasado a\u00f1os y siglos desde el anuncio de los \u00e1ngeles a los pastores: \u00abOs ha nacido hoy, en la ciudad de David, un salvador, que es el Cristo Se\u00f1or\u00bb (Lc 2,11). Pero no ha pasado la actualidad de esa invitaci\u00f3n. Cada generaci\u00f3n humana, tambi\u00e9n la nuestra, necesita acudir a quien, de verdad, puede salvarnos del mayor de los males: el pecado.<\/p>\n<p>El mundo moderno est\u00e1 sumergido en prisas y en angustias. Muchos no alcanzan a escuchar la llamada. A pesar de todo, la Voz sencilla de un Ni\u00f1o sigue resonando entre nosotros. Los o\u00eddos atentos, los corazones despiertos, alcanzan a escuchar un murmullo humilde, una invitaci\u00f3n constante y respetuosa.<\/p>\n<p>Es entonces cuando puedo descubrir que Alguien me espera con cari\u00f1o. Llega el momento de ponerme en camino hacia la gruta. En ella encontrar\u00e9 a un Ni\u00f1o enamorado, a su Madre buena, y a tantos hombres y mujeres que han acogido la gran noticia: Dios nos ama. S\u00ed: \u00a1venid, venid todos!<\/p>\n<p><em><strong>P. Fernando Pascual LC<\/strong><\/em><\/p>\n","protected":false},"excerpt":{"rendered":"<p>Produce una gozosa paz en el alma saber que alguien nos espera, nos ama, nos busca. Significa que nuestra vida tiene sentido, que somos importantes para otro, que no vivimos simplemente por inercia, que hay una meta hermosa por la que vale la pena nuestro esfuerzo. Al dirigir sus palabras de felicitaci\u00f3n en la Navidad &#8230; <a title=\"Navidad: alguien que me espera con cari\u00f1o\" class=\"read-more\" href=\"https:\/\/quechilero.com\/blog\/2013\/12\/22\/navidad-alguien-que-me-espera-con-carino\/\" aria-label=\"Leer m\u00e1s sobre Navidad: alguien que me espera con cari\u00f1o\">Leer m\u00e1s<\/a><\/p>\n","protected":false},"author":1,"featured_media":0,"comment_status":"open","ping_status":"open","sticky":false,"template":"","format":"standard","meta":{"advanced_seo_description":"","jetpack_seo_html_title":"","jetpack_seo_noindex":false,"jetpack_seo_schema_type":"","episode_type":"","audio_file":"","podmotor_file_id":"","podmotor_episode_id":"","cover_image":"","cover_image_id":"","duration":"","filesize":"","filesize_raw":"","date_recorded":"","explicit":"","block":"","_jetpack_newsletter_access":"","_jetpack_dont_email_post_to_subs":false,"_jetpack_newsletter_tier_id":0,"_jetpack_memberships_contains_paywalled_content":false,"_jetpack_feature_clip_id":0,"_jetpack_memberships_contains_paid_content":false,"footnotes":"","jetpack_publicize_message":"","jetpack_publicize_feature_enabled":true,"jetpack_social_post_already_shared":false,"jetpack_social_options":{"image_generator_settings":{"template":"highway","default_image_id":0,"font":"","enabled":false},"version":2},"jetpack_post_was_ever_published":false},"categories":[2],"tags":[67,51,49,74,39,40,41,24],"series":[],"class_list":["post-17594","post","type-post","status-publish","format-standard","hentry","category-limones","tag-crecer","tag-dios","tag-esfuerzo","tag-jesus","tag-madre","tag-paz","tag-verdad","tag-vida"],"episode_featured_image":false,"episode_player_image":"https:\/\/i0.wp.com\/quechilero.com\/blog\/imagenes\/podcast.png?fit=1831%2C1831&ssl=1","download_link":"","player_link":"","audio_player":false,"episode_data":{"playerMode":"dark","subscribeUrls":{"amazon":{"key":"amazon","url":"","label":"Amazon","class":"amazon","icon":"amazon.png"},"apple_podcasts":{"key":"apple_podcasts","url":"","label":"Apple Podcasts","class":"apple_podcasts","icon":"apple-podcasts.png"},"castbox":{"key":"castbox","url":"","label":"CastBox","class":"castbox","icon":"castbox.png"},"deezer":{"key":"deezer","url":"","label":"Deezer","class":"deezer","icon":"deezer.png"},"google_podcasts":{"key":"google_podcasts","url":"","label":"Google Podcasts","class":"google_podcasts","icon":"google-podcasts.png"},"listen_notes":{"key":"listen_notes","url":"","label":"Listen Notes","class":"listen_notes","icon":"listen-notes.png"},"pandora":{"key":"pandora","url":"","label":"Pandora","class":"pandora","icon":"pandora.png"},"podbean":{"key":"podbean","url":"","label":"Podbean","class":"podbean","icon":"podbean.png"},"podcast_republic":{"key":"podcast_republic","url":"","label":"Podcast Republic","class":"podcast_republic","icon":"podcast-republic.png"},"rss":{"key":"rss","url":"","label":"RSS","class":"rss","icon":"rss.png"},"spotify":{"key":"spotify","url":"","label":"Spotify","class":"spotify","icon":"spotify.png"},"stitcher":{"key":"stitcher","url":"","label":"Stitcher","class":"stitcher","icon":"stitcher.png"},"tunein":{"key":"tunein","url":"","label":"TuneIn","class":"tunein","icon":"tunein.png"},"youtube":{"key":"youtube","url":"","label":"YouTube","class":"youtube","icon":"youtube.png"},"iheartradio":{"key":"iheartradio","url":"","label":"iHeartRadio","class":"iheartradio","icon":"iheartradio.png"},"ivoox":{"key":"ivoox","url":"","label":"iVoox","class":"ivoox","icon":"ivoox.png"}},"rssFeedUrl":"https:\/\/quechilero.com\/blog\/feed\/podcast\/si-la-vida-nos-da-limones","embedCode":"<blockquote class=\"wp-embedded-content\" data-secret=\"ZGx7QFBF7q\"><a href=\"https:\/\/quechilero.com\/blog\/2013\/12\/22\/navidad-alguien-que-me-espera-con-carino\/\">Navidad: alguien que me espera con cari\u00f1o<\/a><\/blockquote><iframe sandbox=\"allow-scripts\" security=\"restricted\" src=\"https:\/\/quechilero.com\/blog\/2013\/12\/22\/navidad-alguien-que-me-espera-con-carino\/embed\/#?secret=ZGx7QFBF7q\" width=\"500\" height=\"350\" title=\"\u00abNavidad: alguien que me espera con cari\u00f1o\u00bb \u2014 Si la Vida nos da Limones...\" data-secret=\"ZGx7QFBF7q\" frameborder=\"0\" marginwidth=\"0\" marginheight=\"0\" scrolling=\"no\" class=\"wp-embedded-content\"><\/iframe><script>\n\/*! This file is auto-generated *\/\n!function(d,l){\"use strict\";l.querySelector&&d.addEventListener&&\"undefined\"!=typeof URL&&(d.wp=d.wp||{},d.wp.receiveEmbedMessage||(d.wp.receiveEmbedMessage=function(e){var t=e.data;if((t||t.secret||t.message||t.value)&&!\/[^a-zA-Z0-9]\/.test(t.secret)){for(var s,r,n,a=l.querySelectorAll('iframe[data-secret=\"'+t.secret+'\"]'),o=l.querySelectorAll('blockquote[data-secret=\"'+t.secret+'\"]'),c=new RegExp(\"^https?:$\",\"i\"),i=0;i<o.length;i++)o[i].style.display=\"none\";for(i=0;i<a.length;i++)s=a[i],e.source===s.contentWindow&&(s.removeAttribute(\"style\"),\"height\"===t.message?(1e3<(r=parseInt(t.value,10))?r=1e3:~~r<200&&(r=200),s.height=r):\"link\"===t.message&&(r=new URL(s.getAttribute(\"src\")),n=new URL(t.value),c.test(n.protocol))&&n.host===r.host&&l.activeElement===s&&(d.top.location.href=t.value))}},d.addEventListener(\"message\",d.wp.receiveEmbedMessage,!1),l.addEventListener(\"DOMContentLoaded\",function(){for(var e,t,s=l.querySelectorAll(\"iframe.wp-embedded-content\"),r=0;r<s.length;r++)(t=(e=s[r]).getAttribute(\"data-secret\"))||(t=Math.random().toString(36).substring(2,12),e.src+=\"#?secret=\"+t,e.setAttribute(\"data-secret\",t)),e.contentWindow.postMessage({message:\"ready\",secret:t},\"*\")},!1)))}(window,document);\n\/\/# sourceURL=https:\/\/quechilero.com\/blog\/wp-includes\/js\/wp-embed.min.js\n<\/script>\n"},"jetpack_publicize_connections":[],"jetpack_shortlink":"https:\/\/wp.me\/pDKli-4zM","jetpack_sharing_enabled":true,"jetpack-related-posts":[{"id":17573,"url":"https:\/\/quechilero.com\/blog\/2013\/12\/10\/el-senor-vino-viene-y-vendra\/","url_meta":{"origin":17594,"position":0},"title":"El Se\u00f1or vino, viene y vendr\u00e1","author":"Pepe Barrascout Ortiz","date":"10 diciembre 2013","format":false,"excerpt":"En el Adviento celebramos el misterio de la venida del Se\u00f1or en una actitud gozosa, de vigilancia, de espera y de acogida. Nuestra vida se presenta, con asombro siempre nuevo, ante el misterio entra\u00f1able de un Dios que se ha hecho hombre. Con el Adviento se nos convoca a preparar\u2026","rel":"","context":"En \u00abLimones\u00bb","block_context":{"text":"Limones","link":"https:\/\/quechilero.com\/blog\/category\/limones\/"},"img":{"alt_text":"","src":"","width":0,"height":0},"classes":[]},{"id":15359,"url":"https:\/\/quechilero.com\/blog\/2012\/12\/09\/segundo-domingo-de-adviento\/","url_meta":{"origin":17594,"position":1},"title":"Segundo Domingo de Adviento","author":"Pepe Barrascout Ortiz","date":"9 diciembre 2012","format":false,"excerpt":"Segundo Domingo de Adviento (ciclo B) Reunida la familia o el grupo de personas, se encienden: la vela del primer domingo y la que corresponde al segundo domingo. Hermanos: Al introducirnos m\u00e1s de lleno en el tiempo de Adviento, la Palabra de Dios nos urge a una reflexi\u00f3n m\u00e1s profunda.\u2026","rel":"","context":"En \u00abLimones\u00bb","block_context":{"text":"Limones","link":"https:\/\/quechilero.com\/blog\/category\/limones\/"},"img":{"alt_text":"","src":"https:\/\/i0.wp.com\/i392.photobucket.com\/albums\/pp7\/pepejaguar\/blog\/2-domingo-adviento.png?resize=350%2C200","width":350,"height":200,"srcset":"https:\/\/i0.wp.com\/i392.photobucket.com\/albums\/pp7\/pepejaguar\/blog\/2-domingo-adviento.png?resize=350%2C200 1x, https:\/\/i0.wp.com\/i392.photobucket.com\/albums\/pp7\/pepejaguar\/blog\/2-domingo-adviento.png?resize=525%2C300 1.5x"},"classes":[]},{"id":15361,"url":"https:\/\/quechilero.com\/blog\/2012\/12\/23\/cuarto-domingo-de-adviento\/","url_meta":{"origin":17594,"position":2},"title":"Cuarto Domingo de Adviento","author":"Pepe Barrascout Ortiz","date":"23 diciembre 2012","format":false,"excerpt":"Cuarto Domingo de Adviento (ciclo B) Reunidos todos, se encienden las cuatro velas de la corona en el orden acostumbrado (este d\u00eda lo puede hacer uno de los ni\u00f1os mas peque\u00f1os). Hermanos: A pocos d\u00edas de la Navidad, la Liturgia se une al simbolismo popular de esta fiesta, y nos\u2026","rel":"","context":"En \u00abLimones\u00bb","block_context":{"text":"Limones","link":"https:\/\/quechilero.com\/blog\/category\/limones\/"},"img":{"alt_text":"","src":"https:\/\/i0.wp.com\/i392.photobucket.com\/albums\/pp7\/pepejaguar\/blog\/4-domingo-adviento.png?resize=350%2C200","width":350,"height":200,"srcset":"https:\/\/i0.wp.com\/i392.photobucket.com\/albums\/pp7\/pepejaguar\/blog\/4-domingo-adviento.png?resize=350%2C200 1x, https:\/\/i0.wp.com\/i392.photobucket.com\/albums\/pp7\/pepejaguar\/blog\/4-domingo-adviento.png?resize=525%2C300 1.5x"},"classes":[]},{"id":5995,"url":"https:\/\/quechilero.com\/blog\/2010\/12\/25\/es-navidad\/","url_meta":{"origin":17594,"position":3},"title":"Es Navidad&#8230;","author":"Pepe Barrascout Ortiz","date":"25 diciembre 2010","format":false,"excerpt":"Si en tu coraz\u00f3n hay un poco m\u00e1s de Amor, es Navidad; Si has decidido Perdonar a alguien, es Navidad; Si buscas a Dios de verdad, es Navidad; Si aumenta el gozo de tu Fe Cristiana, es Navidad; Si en tu alma florece la Esperanza, es Navidad; Si trabajas por\u2026","rel":"","context":"En \u00abLimones\u00bb","block_context":{"text":"Limones","link":"https:\/\/quechilero.com\/blog\/category\/limones\/"},"img":{"alt_text":"","src":"","width":0,"height":0},"classes":[]},{"id":17597,"url":"https:\/\/quechilero.com\/blog\/2013\/12\/25\/es-navidad-2\/","url_meta":{"origin":17594,"position":4},"title":"Es Navidad&#8230;","author":"Pepe Barrascout Ortiz","date":"25 diciembre 2013","format":false,"excerpt":"Si en tu coraz\u00f3n hay un poco m\u00e1s de Amor, es Navidad... Si has decidido Perdonar a alguien, es Navidad... Si buscas a Dios de verdad, es Navidad... Si aumenta el gozo de tu Fe Cristiana, es Navidad... Si en tu alma florece la Esperanza, es Navidad... Si trabajas por\u2026","rel":"","context":"En \u00abLimones\u00bb","block_context":{"text":"Limones","link":"https:\/\/quechilero.com\/blog\/category\/limones\/"},"img":{"alt_text":"","src":"","width":0,"height":0},"classes":[]},{"id":2788,"url":"https:\/\/quechilero.com\/blog\/2009\/06\/10\/la-palabra-shalom\/","url_meta":{"origin":17594,"position":5},"title":"La palabra SHALOM","author":"Pepe Barrascout Ortiz","date":"10 junio 2009","format":false,"excerpt":"SHALOM es una palabra hebrea que acostumbra a traducirse al portugu\u00e9s\/espa\u00f1ol como \"paz\". Es verdad... Pero su profundidad y significado tiene un alcance mucho mayor. En su ra\u00edz semita (sh-l-m) significa \"estar lleno, sentirse completo, abarcado, en plenitud\". SHALOM no es una simple ausencia de conflicto, entre naciones o entre\u2026","rel":"","context":"En \u00abLimones\u00bb","block_context":{"text":"Limones","link":"https:\/\/quechilero.com\/blog\/category\/limones\/"},"img":{"alt_text":"","src":"","width":0,"height":0},"classes":[]}],"jetpack_featured_media_url":"","_links":{"self":[{"href":"https:\/\/quechilero.com\/blog\/wp-json\/wp\/v2\/posts\/17594","targetHints":{"allow":["GET"]}}],"collection":[{"href":"https:\/\/quechilero.com\/blog\/wp-json\/wp\/v2\/posts"}],"about":[{"href":"https:\/\/quechilero.com\/blog\/wp-json\/wp\/v2\/types\/post"}],"author":[{"embeddable":true,"href":"https:\/\/quechilero.com\/blog\/wp-json\/wp\/v2\/users\/1"}],"replies":[{"embeddable":true,"href":"https:\/\/quechilero.com\/blog\/wp-json\/wp\/v2\/comments?post=17594"}],"version-history":[{"count":0,"href":"https:\/\/quechilero.com\/blog\/wp-json\/wp\/v2\/posts\/17594\/revisions"}],"wp:attachment":[{"href":"https:\/\/quechilero.com\/blog\/wp-json\/wp\/v2\/media?parent=17594"}],"wp:term":[{"taxonomy":"category","embeddable":true,"href":"https:\/\/quechilero.com\/blog\/wp-json\/wp\/v2\/categories?post=17594"},{"taxonomy":"post_tag","embeddable":true,"href":"https:\/\/quechilero.com\/blog\/wp-json\/wp\/v2\/tags?post=17594"},{"taxonomy":"series","embeddable":true,"href":"https:\/\/quechilero.com\/blog\/wp-json\/wp\/v2\/series?post=17594"}],"curies":[{"name":"wp","href":"https:\/\/api.w.org\/{rel}","templated":true}]}}