{"id":17574,"date":"2013-12-11T08:00:30","date_gmt":"2013-12-11T14:00:30","guid":{"rendered":"http:\/\/quechilero.com\/blog\/?p=17574"},"modified":"2013-12-09T06:56:11","modified_gmt":"2013-12-09T12:56:11","slug":"es-tiempo","status":"publish","type":"post","link":"https:\/\/quechilero.com\/blog\/2013\/12\/11\/es-tiempo\/","title":{"rendered":"Es tiempo"},"content":{"rendered":"<p>Faltan pocos d\u00edas para que comiencen las tradicionales posadas, por lo tanto hoy hay que ir preparando el camino para la llegada del Ni\u00f1o Dios; m\u00e1s que preocuparnos por la decoraci\u00f3n del hogar o la compra de una serie de regalos.<\/p>\n<p>En nuestro cotidiano caminar, con frecuencia dejamos que se establezcan distancias entre nosotros y nuestros seres queridos. Hoy elevemos nuestro orgullo y levantemos murallas para no sentir el desprecio de los dem\u00e1s.<\/p>\n<p>Preparar el camino a la armon\u00eda significa rellenar de afecto nuestro alrededor y de todo aquel que se cruce por nuestra vida. Que aparezca nuevamente ese gesto de amor y cortes\u00eda, esa atenci\u00f3n olvidada.<\/p>\n<p>Dese tiempo para convivir \u00abcon el viejo\u00bb, quiz\u00e1 pueda salir a caminar por el parque con \u00e9l. O tambi\u00e9n podr\u00eda cooperar un poco dentro de casa para ayudar a las labores que mam\u00e1 solicita.<\/p>\n<p>Rebaje el orgullo que le hace ver a los dem\u00e1s de arriba hacia abajo y dese el permiso de conocer a las personas.<\/p>\n<p>Tambi\u00e9n es tiempo de rebajar esa colina de vanidad y empezar a practicar la humildad.<\/p>\n<p>Es tiempo de olvidar viejos rencores y estrechar manos de antiguos conocidos, familiares y amigos.<\/p>\n<p>Que esa voz interior no clame en el desierto, sino que se deje escuchar por todo aquel que ande en b\u00fasqueda de paz.<\/p>\n<p>Es tiempo de prepararnos para la llegada del Salvador.<\/p>\n","protected":false},"excerpt":{"rendered":"<p>Faltan pocos d\u00edas para que comiencen las tradicionales posadas, por lo tanto hoy hay que ir preparando el camino para la llegada del Ni\u00f1o Dios; m\u00e1s que preocuparnos por la decoraci\u00f3n del hogar o la compra de una serie de regalos. En nuestro cotidiano caminar, con frecuencia dejamos que se establezcan distancias entre nosotros y &#8230; <a title=\"Es tiempo\" class=\"read-more\" href=\"https:\/\/quechilero.com\/blog\/2013\/12\/11\/es-tiempo\/\" aria-label=\"Leer m\u00e1s sobre Es tiempo\">Leer m\u00e1s<\/a><\/p>\n","protected":false},"author":1,"featured_media":0,"comment_status":"open","ping_status":"open","sticky":false,"template":"","format":"standard","meta":{"advanced_seo_description":"","jetpack_seo_html_title":"","jetpack_seo_noindex":false,"jetpack_seo_schema_type":"","episode_type":"","audio_file":"","podmotor_file_id":"","podmotor_episode_id":"","cover_image":"","cover_image_id":"","duration":"","filesize":"","filesize_raw":"","date_recorded":"","explicit":"","block":"","_jetpack_newsletter_access":"","_jetpack_dont_email_post_to_subs":false,"_jetpack_newsletter_tier_id":0,"_jetpack_memberships_contains_paywalled_content":false,"_jetpack_feature_clip_id":0,"_jetpack_memberships_contains_paid_content":false,"footnotes":"","jetpack_publicize_message":"","jetpack_publicize_feature_enabled":true,"jetpack_social_post_already_shared":false,"jetpack_social_options":{"image_generator_settings":{"template":"highway","default_image_id":0,"font":"","enabled":false},"version":2},"jetpack_post_was_ever_published":false},"categories":[2],"tags":[15,51,40,5,24],"series":[],"class_list":["post-17574","post","type-post","status-publish","format-standard","hentry","category-limones","tag-amor","tag-dios","tag-paz","tag-tiempo","tag-vida"],"episode_featured_image":false,"episode_player_image":"https:\/\/i0.wp.com\/quechilero.com\/blog\/imagenes\/podcast.png?fit=1831%2C1831&ssl=1","download_link":"","player_link":"","audio_player":false,"episode_data":{"playerMode":"dark","subscribeUrls":{"amazon":{"key":"amazon","url":"","label":"Amazon","class":"amazon","icon":"amazon.png"},"apple_podcasts":{"key":"apple_podcasts","url":"","label":"Apple Podcasts","class":"apple_podcasts","icon":"apple-podcasts.png"},"castbox":{"key":"castbox","url":"","label":"CastBox","class":"castbox","icon":"castbox.png"},"deezer":{"key":"deezer","url":"","label":"Deezer","class":"deezer","icon":"deezer.png"},"google_podcasts":{"key":"google_podcasts","url":"","label":"Google Podcasts","class":"google_podcasts","icon":"google-podcasts.png"},"listen_notes":{"key":"listen_notes","url":"","label":"Listen Notes","class":"listen_notes","icon":"listen-notes.png"},"pandora":{"key":"pandora","url":"","label":"Pandora","class":"pandora","icon":"pandora.png"},"podbean":{"key":"podbean","url":"","label":"Podbean","class":"podbean","icon":"podbean.png"},"podcast_republic":{"key":"podcast_republic","url":"","label":"Podcast Republic","class":"podcast_republic","icon":"podcast-republic.png"},"rss":{"key":"rss","url":"","label":"RSS","class":"rss","icon":"rss.png"},"spotify":{"key":"spotify","url":"","label":"Spotify","class":"spotify","icon":"spotify.png"},"stitcher":{"key":"stitcher","url":"","label":"Stitcher","class":"stitcher","icon":"stitcher.png"},"tunein":{"key":"tunein","url":"","label":"TuneIn","class":"tunein","icon":"tunein.png"},"youtube":{"key":"youtube","url":"","label":"YouTube","class":"youtube","icon":"youtube.png"},"iheartradio":{"key":"iheartradio","url":"","label":"iHeartRadio","class":"iheartradio","icon":"iheartradio.png"},"ivoox":{"key":"ivoox","url":"","label":"iVoox","class":"ivoox","icon":"ivoox.png"}},"rssFeedUrl":"https:\/\/quechilero.com\/blog\/feed\/podcast\/si-la-vida-nos-da-limones","embedCode":"<blockquote class=\"wp-embedded-content\" data-secret=\"lTo7k1AA6g\"><a href=\"https:\/\/quechilero.com\/blog\/2013\/12\/11\/es-tiempo\/\">Es tiempo<\/a><\/blockquote><iframe sandbox=\"allow-scripts\" security=\"restricted\" src=\"https:\/\/quechilero.com\/blog\/2013\/12\/11\/es-tiempo\/embed\/#?secret=lTo7k1AA6g\" width=\"500\" height=\"350\" title=\"\u00abEs tiempo\u00bb \u2014 Si la Vida nos da Limones...\" data-secret=\"lTo7k1AA6g\" frameborder=\"0\" marginwidth=\"0\" marginheight=\"0\" scrolling=\"no\" class=\"wp-embedded-content\"><\/iframe><script>\n\/*! This file is auto-generated *\/\n!function(d,l){\"use strict\";l.querySelector&&d.addEventListener&&\"undefined\"!=typeof URL&&(d.wp=d.wp||{},d.wp.receiveEmbedMessage||(d.wp.receiveEmbedMessage=function(e){var t=e.data;if((t||t.secret||t.message||t.value)&&!\/[^a-zA-Z0-9]\/.test(t.secret)){for(var s,r,n,a=l.querySelectorAll('iframe[data-secret=\"'+t.secret+'\"]'),o=l.querySelectorAll('blockquote[data-secret=\"'+t.secret+'\"]'),c=new RegExp(\"^https?:$\",\"i\"),i=0;i<o.length;i++)o[i].style.display=\"none\";for(i=0;i<a.length;i++)s=a[i],e.source===s.contentWindow&&(s.removeAttribute(\"style\"),\"height\"===t.message?(1e3<(r=parseInt(t.value,10))?r=1e3:~~r<200&&(r=200),s.height=r):\"link\"===t.message&&(r=new URL(s.getAttribute(\"src\")),n=new URL(t.value),c.test(n.protocol))&&n.host===r.host&&l.activeElement===s&&(d.top.location.href=t.value))}},d.addEventListener(\"message\",d.wp.receiveEmbedMessage,!1),l.addEventListener(\"DOMContentLoaded\",function(){for(var e,t,s=l.querySelectorAll(\"iframe.wp-embedded-content\"),r=0;r<s.length;r++)(t=(e=s[r]).getAttribute(\"data-secret\"))||(t=Math.random().toString(36).substring(2,12),e.src+=\"#?secret=\"+t,e.setAttribute(\"data-secret\",t)),e.contentWindow.postMessage({message:\"ready\",secret:t},\"*\")},!1)))}(window,document);\n\/\/# sourceURL=https:\/\/quechilero.com\/blog\/wp-includes\/js\/wp-embed.min.js\n<\/script>\n"},"jetpack_publicize_connections":[],"jetpack_shortlink":"https:\/\/wp.me\/pDKli-4zs","jetpack_sharing_enabled":true,"jetpack-related-posts":[{"id":15264,"url":"https:\/\/quechilero.com\/blog\/2012\/12\/20\/caminando-en-la-oscuridad\/","url_meta":{"origin":17574,"position":0},"title":"Caminando en la Oscuridad","author":"Pepe Barrascout Ortiz","date":"20 diciembre 2012","format":false,"excerpt":"Ayer en la noche mi hija peque\u00f1a, de 3 a\u00f1os, me dijo que necesitaba buscar su frazada en el cuarto que estaba oscuro. Yo le dije que estaba justo sobre su cama, y que pod\u00eda ir a recogerla. En un inicio, y aunque no le teme a la oscuridad, no\u2026","rel":"","context":"En \u00abLimones\u00bb","block_context":{"text":"Limones","link":"https:\/\/quechilero.com\/blog\/category\/limones\/"},"img":{"alt_text":"","src":"","width":0,"height":0},"classes":[]},{"id":17120,"url":"https:\/\/quechilero.com\/blog\/2013\/09\/12\/caminos-y-senderos\/","url_meta":{"origin":17574,"position":1},"title":"Caminos y Senderos","author":"Pepe Barrascout Ortiz","date":"12 septiembre 2013","format":false,"excerpt":"Podr\u00e1 haber algunas colinas empinadas, o caminos que se ven tan peligrosos que no sabes por d\u00f3nde tomar. A veces pareciera que est\u00e1s a punto de caer, o podr\u00e1s dar muchas vueltas. Pero mientras transites por las subidas y bajadas de la vida ojal\u00e1 tengas siempre presente la presencia de\u2026","rel":"","context":"En \u00abLimones\u00bb","block_context":{"text":"Limones","link":"https:\/\/quechilero.com\/blog\/category\/limones\/"},"img":{"alt_text":"","src":"","width":0,"height":0},"classes":[]},{"id":17589,"url":"https:\/\/quechilero.com\/blog\/2013\/12\/17\/se-feliz-a-tiempo\/","url_meta":{"origin":17574,"position":2},"title":"S\u00e9 Feliz a tiempo","author":"Pepe Barrascout Ortiz","date":"17 diciembre 2013","format":false,"excerpt":"Cuenta la leyenda que un hombre oy\u00f3 decir que la Felicidad era un tesoro. A partir de aquel instante comenz\u00f3 a buscarla. Primero, se aventur\u00f3 por el placer y por todo lo sensual; luego, por el poder y la riqueza; despu\u00e9s, por la fama y la gloria... Y as\u00ed fue\u2026","rel":"","context":"En \u00abLimones\u00bb","block_context":{"text":"Limones","link":"https:\/\/quechilero.com\/blog\/category\/limones\/"},"img":{"alt_text":"","src":"","width":0,"height":0},"classes":[]},{"id":15358,"url":"https:\/\/quechilero.com\/blog\/2012\/12\/02\/primer-domingo-de-adviento\/","url_meta":{"origin":17574,"position":3},"title":"Primer Domingo de Adviento","author":"Pepe Barrascout Ortiz","date":"2 diciembre 2012","format":false,"excerpt":"Primer Domingo de Adviento (ciclo B) Cabeza de Familia: Hermanos: Al iniciar hoy el Adviento, comenzamos el A\u00f1o Lit\u00fargico, s\u00edmbolo de nuestra larga traves\u00eda por la vida. Vamos caminando por el desierto, atravesando unas veces, bellos oasis; otras sofocantes desiertos. Lo hacemos con alegr\u00eda y con miedo, con fe y\u2026","rel":"","context":"En \u00abLimones\u00bb","block_context":{"text":"Limones","link":"https:\/\/quechilero.com\/blog\/category\/limones\/"},"img":{"alt_text":"","src":"https:\/\/i0.wp.com\/i392.photobucket.com\/albums\/pp7\/pepejaguar\/blog\/1-domingo-adviento.png?resize=350%2C200","width":350,"height":200,"srcset":"https:\/\/i0.wp.com\/i392.photobucket.com\/albums\/pp7\/pepejaguar\/blog\/1-domingo-adviento.png?resize=350%2C200 1x, https:\/\/i0.wp.com\/i392.photobucket.com\/albums\/pp7\/pepejaguar\/blog\/1-domingo-adviento.png?resize=525%2C300 1.5x"},"classes":[]},{"id":21386,"url":"https:\/\/quechilero.com\/blog\/2015\/07\/20\/buscar-lo-mejor\/","url_meta":{"origin":17574,"position":4},"title":"Buscar lo mejor","author":"Pepe Barrascout Ortiz","date":"20 julio 2015","format":false,"excerpt":"Somos lo que elegimos, lo que optamos. Dios no impone nada, solamente ofrece, dejando al hombre la libertad de decidir. Muchos prefieren las joyas, los coches, los caminos f\u00e1ciles. Hay sendas para los m\u00e1s variados deseos, pero hay cosas que la herrumbre no corroe. Son los ideales nobles, el bien,\u2026","rel":"","context":"En \u00abLimones\u00bb","block_context":{"text":"Limones","link":"https:\/\/quechilero.com\/blog\/category\/limones\/"},"img":{"alt_text":"","src":"","width":0,"height":0},"classes":[]},{"id":2034,"url":"https:\/\/quechilero.com\/blog\/2009\/01\/31\/depender-de-dios\/","url_meta":{"origin":17574,"position":5},"title":"Depender de Dios","author":"Pepe Barrascout Ortiz","date":"31 enero 2009","format":false,"excerpt":"Muchas personas tienen el orgullo demasiado inflado como para decir que quieren depender de Dios. A veces es que se malentiende el t\u00e9rmino, pues depender de Dios no es cruzarse de brazos y esperar que se abra el cielo para darnos lo que ocupamos. No. Depender de Dios es simplemente\u2026","rel":"","context":"En \u00abLimones\u00bb","block_context":{"text":"Limones","link":"https:\/\/quechilero.com\/blog\/category\/limones\/"},"img":{"alt_text":"","src":"","width":0,"height":0},"classes":[]}],"jetpack_featured_media_url":"","_links":{"self":[{"href":"https:\/\/quechilero.com\/blog\/wp-json\/wp\/v2\/posts\/17574","targetHints":{"allow":["GET"]}}],"collection":[{"href":"https:\/\/quechilero.com\/blog\/wp-json\/wp\/v2\/posts"}],"about":[{"href":"https:\/\/quechilero.com\/blog\/wp-json\/wp\/v2\/types\/post"}],"author":[{"embeddable":true,"href":"https:\/\/quechilero.com\/blog\/wp-json\/wp\/v2\/users\/1"}],"replies":[{"embeddable":true,"href":"https:\/\/quechilero.com\/blog\/wp-json\/wp\/v2\/comments?post=17574"}],"version-history":[{"count":0,"href":"https:\/\/quechilero.com\/blog\/wp-json\/wp\/v2\/posts\/17574\/revisions"}],"wp:attachment":[{"href":"https:\/\/quechilero.com\/blog\/wp-json\/wp\/v2\/media?parent=17574"}],"wp:term":[{"taxonomy":"category","embeddable":true,"href":"https:\/\/quechilero.com\/blog\/wp-json\/wp\/v2\/categories?post=17574"},{"taxonomy":"post_tag","embeddable":true,"href":"https:\/\/quechilero.com\/blog\/wp-json\/wp\/v2\/tags?post=17574"},{"taxonomy":"series","embeddable":true,"href":"https:\/\/quechilero.com\/blog\/wp-json\/wp\/v2\/series?post=17574"}],"curies":[{"name":"wp","href":"https:\/\/api.w.org\/{rel}","templated":true}]}}