{"id":17571,"date":"2013-12-08T08:00:24","date_gmt":"2013-12-08T14:00:24","guid":{"rendered":"http:\/\/quechilero.com\/blog\/?p=17571"},"modified":"2013-12-09T06:52:23","modified_gmt":"2013-12-09T12:52:23","slug":"inmaculada-concepcion","status":"publish","type":"post","link":"https:\/\/quechilero.com\/blog\/2013\/12\/08\/inmaculada-concepcion\/","title":{"rendered":"Inmaculada Concepci\u00f3n"},"content":{"rendered":"<p>En la Constituci\u00f3n \u00abIneffabilis Deus\u00bb del 8 de Diciembre de 1854, P\u00edo IX pronunci\u00f3 y defini\u00f3 que la Sant\u00edsima Virgen Mar\u00eda \u00aben el primer instante de su concepci\u00f3n, por singular privilegio y gracia concedidos por Dios, en vista de los m\u00e9ritos de Jesucristo, el Salvador del linaje humano, fue preservada de toda mancha de pecado original\u00bb.<\/p>\n<p>La concepci\u00f3n es el momento en el cual Dios crea el alma y la infunde en la materia org\u00e1nica procedente de los padres. La concepci\u00f3n es el momento en que comienza la vida humana.<\/p>\n<p>Cuando hablamos del dogma de la Inmaculada Concepci\u00f3n no nos referimos a la concepci\u00f3n de Jes\u00fas qui\u00e9n, claro est\u00e1, tambi\u00e9n fue concebido sin pecado. El dogma declara que Mar\u00eda qued\u00f3 preservada de toda carencia de gracia santificante desde que fue concebida en el vientre de su madre Santa Ana. Es decir Mar\u00eda es la \u00abllena de gracia\u00bb desde su concepci\u00f3n.<\/p>\n<p>La Enc\u00edclica \u00abFulgens corona\u00bb, publicada por el Papa P\u00edo XII en 1953 para conmemorar el centenario de la definici\u00f3n del dogma de la Inmaculada Concepci\u00f3n, argumenta as\u00ed: \u00abSi en un momento determinado la Sant\u00edsima Virgen Mar\u00eda hubiera quedado privada de la gracia divina, por haber sido contaminada en su concepci\u00f3n por la mancha hereditaria del pecado, entre ella y la serpiente no habr\u00eda ya -al menos durante ese periodo de tiempo, por m\u00e1s breve que fuera- la enemistad eterna de la que se habla desde la tradici\u00f3n primitiva hasta la solemne definici\u00f3n de la Inmaculada Concepci\u00f3n, sino m\u00e1s bien cierta servidumbre\u00bb.<\/p>\n<p><em>Oraci\u00f3n<\/em><\/p>\n<p><em>Oh Dios, que por la Concepci\u00f3n Inmaculada de la Virgen Mar\u00eda preparaste a tu Hijo una digna morada, y en previsi\u00f3n de la muerte de tu Hijo la preservaste de todo pecado, conc\u00e9denos, por su intercesi\u00f3n, llegar a ti limpios de todas nuestras culpas. Por nuestro Se\u00f1or Jesucristo. Am\u00e9n.<\/em><\/p>\n","protected":false},"excerpt":{"rendered":"<p>En la Constituci\u00f3n \u00abIneffabilis Deus\u00bb del 8 de Diciembre de 1854, P\u00edo IX pronunci\u00f3 y defini\u00f3 que la Sant\u00edsima Virgen Mar\u00eda \u00aben el primer instante de su concepci\u00f3n, por singular privilegio y gracia concedidos por Dios, en vista de los m\u00e9ritos de Jesucristo, el Salvador del linaje humano, fue preservada de toda mancha de pecado &#8230; <a title=\"Inmaculada Concepci\u00f3n\" class=\"read-more\" href=\"https:\/\/quechilero.com\/blog\/2013\/12\/08\/inmaculada-concepcion\/\" aria-label=\"Leer m\u00e1s sobre Inmaculada Concepci\u00f3n\">Leer m\u00e1s<\/a><\/p>\n","protected":false},"author":1,"featured_media":0,"comment_status":"open","ping_status":"open","sticky":false,"template":"","format":"standard","meta":{"advanced_seo_description":"","jetpack_seo_html_title":"","jetpack_seo_noindex":false,"jetpack_seo_schema_type":"","episode_type":"","audio_file":"","podmotor_file_id":"","podmotor_episode_id":"","cover_image":"","cover_image_id":"","duration":"","filesize":"","filesize_raw":"","date_recorded":"","explicit":"","block":"","_jetpack_newsletter_access":"","_jetpack_dont_email_post_to_subs":false,"_jetpack_newsletter_tier_id":0,"_jetpack_memberships_contains_paywalled_content":false,"_jetpack_feature_clip_id":0,"_jetpack_memberships_contains_paid_content":false,"footnotes":"","jetpack_publicize_message":"","jetpack_publicize_feature_enabled":true,"jetpack_social_post_already_shared":false,"jetpack_social_options":{"image_generator_settings":{"template":"highway","default_image_id":0,"font":"","enabled":false},"version":2},"jetpack_post_was_ever_published":false},"categories":[2],"tags":[97,51,74,39,50,86,5,24,80],"series":[],"class_list":["post-17571","post","type-post","status-publish","format-standard","hentry","category-limones","tag-deus","tag-dios","tag-jesus","tag-madre","tag-muerte","tag-oracion","tag-tiempo","tag-vida","tag-virgen-maria"],"episode_featured_image":false,"episode_player_image":"https:\/\/i0.wp.com\/quechilero.com\/blog\/imagenes\/podcast.png?fit=1831%2C1831&ssl=1","download_link":"","player_link":"","audio_player":false,"episode_data":{"playerMode":"dark","subscribeUrls":{"amazon":{"key":"amazon","url":"","label":"Amazon","class":"amazon","icon":"amazon.png"},"apple_podcasts":{"key":"apple_podcasts","url":"","label":"Apple Podcasts","class":"apple_podcasts","icon":"apple-podcasts.png"},"castbox":{"key":"castbox","url":"","label":"CastBox","class":"castbox","icon":"castbox.png"},"deezer":{"key":"deezer","url":"","label":"Deezer","class":"deezer","icon":"deezer.png"},"google_podcasts":{"key":"google_podcasts","url":"","label":"Google Podcasts","class":"google_podcasts","icon":"google-podcasts.png"},"listen_notes":{"key":"listen_notes","url":"","label":"Listen Notes","class":"listen_notes","icon":"listen-notes.png"},"pandora":{"key":"pandora","url":"","label":"Pandora","class":"pandora","icon":"pandora.png"},"podbean":{"key":"podbean","url":"","label":"Podbean","class":"podbean","icon":"podbean.png"},"podcast_republic":{"key":"podcast_republic","url":"","label":"Podcast Republic","class":"podcast_republic","icon":"podcast-republic.png"},"rss":{"key":"rss","url":"","label":"RSS","class":"rss","icon":"rss.png"},"spotify":{"key":"spotify","url":"","label":"Spotify","class":"spotify","icon":"spotify.png"},"stitcher":{"key":"stitcher","url":"","label":"Stitcher","class":"stitcher","icon":"stitcher.png"},"tunein":{"key":"tunein","url":"","label":"TuneIn","class":"tunein","icon":"tunein.png"},"youtube":{"key":"youtube","url":"","label":"YouTube","class":"youtube","icon":"youtube.png"},"iheartradio":{"key":"iheartradio","url":"","label":"iHeartRadio","class":"iheartradio","icon":"iheartradio.png"},"ivoox":{"key":"ivoox","url":"","label":"iVoox","class":"ivoox","icon":"ivoox.png"}},"rssFeedUrl":"https:\/\/quechilero.com\/blog\/feed\/podcast\/si-la-vida-nos-da-limones","embedCode":"<blockquote class=\"wp-embedded-content\" data-secret=\"JHGEGTd77o\"><a href=\"https:\/\/quechilero.com\/blog\/2013\/12\/08\/inmaculada-concepcion\/\">Inmaculada Concepci\u00f3n<\/a><\/blockquote><iframe sandbox=\"allow-scripts\" security=\"restricted\" src=\"https:\/\/quechilero.com\/blog\/2013\/12\/08\/inmaculada-concepcion\/embed\/#?secret=JHGEGTd77o\" width=\"500\" height=\"350\" title=\"\u00abInmaculada Concepci\u00f3n\u00bb \u2014 Si la Vida nos da Limones...\" data-secret=\"JHGEGTd77o\" frameborder=\"0\" marginwidth=\"0\" marginheight=\"0\" scrolling=\"no\" class=\"wp-embedded-content\"><\/iframe><script>\n\/*! This file is auto-generated *\/\n!function(d,l){\"use strict\";l.querySelector&&d.addEventListener&&\"undefined\"!=typeof URL&&(d.wp=d.wp||{},d.wp.receiveEmbedMessage||(d.wp.receiveEmbedMessage=function(e){var t=e.data;if((t||t.secret||t.message||t.value)&&!\/[^a-zA-Z0-9]\/.test(t.secret)){for(var s,r,n,a=l.querySelectorAll('iframe[data-secret=\"'+t.secret+'\"]'),o=l.querySelectorAll('blockquote[data-secret=\"'+t.secret+'\"]'),c=new RegExp(\"^https?:$\",\"i\"),i=0;i<o.length;i++)o[i].style.display=\"none\";for(i=0;i<a.length;i++)s=a[i],e.source===s.contentWindow&&(s.removeAttribute(\"style\"),\"height\"===t.message?(1e3<(r=parseInt(t.value,10))?r=1e3:~~r<200&&(r=200),s.height=r):\"link\"===t.message&&(r=new URL(s.getAttribute(\"src\")),n=new URL(t.value),c.test(n.protocol))&&n.host===r.host&&l.activeElement===s&&(d.top.location.href=t.value))}},d.addEventListener(\"message\",d.wp.receiveEmbedMessage,!1),l.addEventListener(\"DOMContentLoaded\",function(){for(var e,t,s=l.querySelectorAll(\"iframe.wp-embedded-content\"),r=0;r<s.length;r++)(t=(e=s[r]).getAttribute(\"data-secret\"))||(t=Math.random().toString(36).substring(2,12),e.src+=\"#?secret=\"+t,e.setAttribute(\"data-secret\",t)),e.contentWindow.postMessage({message:\"ready\",secret:t},\"*\")},!1)))}(window,document);\n\/\/# sourceURL=https:\/\/quechilero.com\/blog\/wp-includes\/js\/wp-embed.min.js\n<\/script>\n"},"jetpack_publicize_connections":[],"jetpack_shortlink":"https:\/\/wp.me\/pDKli-4zp","jetpack_sharing_enabled":true,"jetpack-related-posts":[{"id":6578,"url":"https:\/\/quechilero.com\/blog\/2010\/12\/08\/virgen-de-la-inmaculada-concepcion\/","url_meta":{"origin":17571,"position":0},"title":"Virgen de la Inmaculada Concepci\u00f3n","author":"Pepe Barrascout Ortiz","date":"8 diciembre 2010","format":false,"excerpt":"La Inmaculada Concepci\u00f3n de Mar\u00eda es el dogma de fe que declara que por una gracia especial de Dios, ella fue preservada de todo pecado desde su concepci\u00f3n. La Concepci\u00f3n: Es el momento en el cual Dios crea el alma y la infunde en la materia org\u00e1nica procedente de los\u2026","rel":"","context":"En \u00abLimones\u00bb","block_context":{"text":"Limones","link":"https:\/\/quechilero.com\/blog\/category\/limones\/"},"img":{"alt_text":"","src":"https:\/\/i0.wp.com\/i392.photobucket.com\/albums\/pp7\/pepejaguar\/blog\/inmaculada-concepcion-de-la-virgen.jpg?resize=350%2C200","width":350,"height":200},"classes":[]},{"id":2066,"url":"https:\/\/quechilero.com\/blog\/2008\/12\/08\/inmaculada-concepcion-de-maria\/","url_meta":{"origin":17571,"position":1},"title":"Inmaculada Concepci\u00f3n de Mar\u00eda","author":"Pepe Barrascout Ortiz","date":"8 diciembre 2008","format":false,"excerpt":"Hoy 8 de diciembre, celebramos la fiesta de la Inmaculada Concepci\u00f3n de la Virgen Mar\u00eda, madre de Dios y madre nuestra. Junto a la celebraci\u00f3n del Adviento, que empez\u00f3 hace dos domingos, esta otra festividad nos prepara para la conmemoraci\u00f3n de la Natividad de Jes\u00fas. M\u00e9ritos: Mar\u00eda es libre de\u2026","rel":"","context":"En \u00abLimones\u00bb","block_context":{"text":"Limones","link":"https:\/\/quechilero.com\/blog\/category\/limones\/"},"img":{"alt_text":"","src":"https:\/\/i0.wp.com\/img505.imageshack.us\/img505\/5422\/zinmaculadamurillonv9.jpg?resize=350%2C200","width":350,"height":200},"classes":[]},{"id":807,"url":"https:\/\/quechilero.com\/blog\/2007\/12\/08\/virgen-de-concepcion\/","url_meta":{"origin":17571,"position":2},"title":"Virgen de Concepci\u00f3n","author":"Pepe Barrascout Ortiz","date":"8 diciembre 2007","format":false,"excerpt":"Desde 1854, cada 8 de diciembre se conmemora el D\u00eda de la Inmaculada Concepci\u00f3n de Mar\u00eda. La importancia de esta fecha para los cat\u00f3licos es muy grande. Formalmente, el D\u00eda de la Inmaculada Concepci\u00f3n fue declarado el 8 de diciembre de 1854, por el Papa en ejercicio en este entonces,\u2026","rel":"","context":"En \u00abLimones\u00bb","block_context":{"text":"Limones","link":"https:\/\/quechilero.com\/blog\/category\/limones\/"},"img":{"alt_text":"Virgen de Concepci\u00f3n","src":"https:\/\/i0.wp.com\/img141.imageshack.us\/img141\/3083\/3167152484a8214dec0ag4.jpg?resize=350%2C200","width":350,"height":200},"classes":[]},{"id":1502,"url":"https:\/\/quechilero.com\/blog\/2008\/08\/15\/la-asuncion-de-la-virgen-santisima\/","url_meta":{"origin":17571,"position":3},"title":"La Asunci\u00f3n de la Virgen Sant\u00edsima","author":"Pepe Barrascout Ortiz","date":"15 agosto 2008","format":false,"excerpt":"El Papa P\u00edo XII bajo la inspiraci\u00f3n del Esp\u00edritu Santo, y despu\u00e9s de consultar con todos los obispos de la Iglesia Cat\u00f3lica, y de escuchar el sentir de los fieles, el primero de Nov. de 1950, defini\u00f3 solemnemente con su suprema autoridad apost\u00f3lica, el dogma de la Asunci\u00f3n de Mar\u00eda.\u2026","rel":"","context":"En \u00abLimones\u00bb","block_context":{"text":"Limones","link":"https:\/\/quechilero.com\/blog\/category\/limones\/"},"img":{"alt_text":"Asunci\u00f3n de la Virgen, Tiziano, Santa Maria gloriosa dei Frari ","src":"https:\/\/i0.wp.com\/img175.imageshack.us\/img175\/1396\/302pxtizian041eg6.jpg?resize=350%2C200","width":350,"height":200},"classes":[]},{"id":21186,"url":"https:\/\/quechilero.com\/blog\/2015\/06\/03\/nuestra-senora-de-lourdes\/","url_meta":{"origin":17571,"position":4},"title":"Nuestra Se\u00f1ora de Lourdes","author":"Pepe Barrascout Ortiz","date":"3 junio 2015","format":false,"excerpt":"Cuatro a\u00f1os despu\u00e9s de la proclamaci\u00f3n de su Inmaculada Concepci\u00f3n, la Sant\u00edsima Virgen se apareci\u00f3 en repetidas ocasiones a la humilde joven santa Mar\u00eda Bernarda Soubirous en los montes Pirineos, junto al r\u00edo Gave, en la gruta de Massabielle, de la poblaci\u00f3n de Lourdes, y desde entonces aquel lugar es\u2026","rel":"","context":"En \u00abLimones\u00bb","block_context":{"text":"Limones","link":"https:\/\/quechilero.com\/blog\/category\/limones\/"},"img":{"alt_text":"","src":"","width":0,"height":0},"classes":[]},{"id":10232,"url":"https:\/\/quechilero.com\/blog\/2011\/08\/15\/solemnidad-de-la-asuncion-de-la-virgen-maria\/","url_meta":{"origin":17571,"position":5},"title":"Solemnidad de la Asunci\u00f3n de la Virgen Mar\u00eda","author":"Pepe Barrascout Ortiz","date":"15 agosto 2011","format":false,"excerpt":"Hermanos, la Iglesia quiere comunicarnos una Buena Noticia: la Asunci\u00f3n de Mar\u00eda en cuerpo y alma a los cielos. 1.- Proclamaci\u00f3n del misterio de la Asunci\u00f3n de Mar\u00eda El d\u00eda 1 de Noviembre de 1950,P\u00edo XII defini\u00f3 solemnemente el dogma de la Asunci\u00f3n de Mar\u00eda a los cielos con estas\u2026","rel":"","context":"En \u00abLimones\u00bb","block_context":{"text":"Limones","link":"https:\/\/quechilero.com\/blog\/category\/limones\/"},"img":{"alt_text":"","src":"https:\/\/i0.wp.com\/lh3.googleusercontent.com\/-hoNf0XlCGas\/TknhhNXlY_I\/AAAAAAAAA4E\/TkOHPATlRSk\/s640\/VIRGEN%252520MAR%2525C3%25258DA%252520-%252520ASUNCI%2525C3%252593N%252520-%252520ITALIA%252520-%252520assunzione.jpg?resize=350%2C200&ssl=1","width":350,"height":200},"classes":[]}],"jetpack_featured_media_url":"","_links":{"self":[{"href":"https:\/\/quechilero.com\/blog\/wp-json\/wp\/v2\/posts\/17571","targetHints":{"allow":["GET"]}}],"collection":[{"href":"https:\/\/quechilero.com\/blog\/wp-json\/wp\/v2\/posts"}],"about":[{"href":"https:\/\/quechilero.com\/blog\/wp-json\/wp\/v2\/types\/post"}],"author":[{"embeddable":true,"href":"https:\/\/quechilero.com\/blog\/wp-json\/wp\/v2\/users\/1"}],"replies":[{"embeddable":true,"href":"https:\/\/quechilero.com\/blog\/wp-json\/wp\/v2\/comments?post=17571"}],"version-history":[{"count":0,"href":"https:\/\/quechilero.com\/blog\/wp-json\/wp\/v2\/posts\/17571\/revisions"}],"wp:attachment":[{"href":"https:\/\/quechilero.com\/blog\/wp-json\/wp\/v2\/media?parent=17571"}],"wp:term":[{"taxonomy":"category","embeddable":true,"href":"https:\/\/quechilero.com\/blog\/wp-json\/wp\/v2\/categories?post=17571"},{"taxonomy":"post_tag","embeddable":true,"href":"https:\/\/quechilero.com\/blog\/wp-json\/wp\/v2\/tags?post=17571"},{"taxonomy":"series","embeddable":true,"href":"https:\/\/quechilero.com\/blog\/wp-json\/wp\/v2\/series?post=17571"}],"curies":[{"name":"wp","href":"https:\/\/api.w.org\/{rel}","templated":true}]}}