{"id":17476,"date":"2013-12-01T08:00:38","date_gmt":"2013-12-01T14:00:38","guid":{"rendered":"http:\/\/quechilero.com\/blog\/?p=17476"},"modified":"2013-11-11T13:29:14","modified_gmt":"2013-11-11T19:29:14","slug":"la-nostalgia","status":"publish","type":"post","link":"https:\/\/quechilero.com\/blog\/2013\/12\/01\/la-nostalgia\/","title":{"rendered":"La nostalgia"},"content":{"rendered":"<p>Cuando uno cierra ciclos en la vida siempre hay un vaho de nostalgia en el aire acompa\u00f1ado de una lluvia de im\u00e1genes que bombardean el cerebro.<\/p>\n<p>Por lo general, los que se consideran fuertes tratan de esconderla, aparentan que no la sienten, pero llega un momento en el que \u00e9sta desborda y sale cual manantial, derribando a su paso todo dique.<\/p>\n<p>Por el contrario, hay quienes no presentan dificultad para sentirla, y hasta la disfrutan, aunque esto les cause pesar. Generalmente el llanto abunda en ellos, pero no son totalmente concientes de su situaci\u00f3n.<\/p>\n<p>Yo creo hallarme entre los primeros, porque mis l\u00e1grimas luchan por salir y les cuesta trabajo rodar por mis mejillas, no es que no quiera dejarlas salir, simplemente he perdido la costumbre ocupado en otras banalidades.<\/p>\n<p>Escribo esto mientras mis ojos comienzan nuevamente a humedecerse, mi habitaci\u00f3n se llena de nostalgia y un nuevo ciclo se cierra.<\/p>\n","protected":false},"excerpt":{"rendered":"<p>Cuando uno cierra ciclos en la vida siempre hay un vaho de nostalgia en el aire acompa\u00f1ado de una lluvia de im\u00e1genes que bombardean el cerebro. Por lo general, los que se consideran fuertes tratan de esconderla, aparentan que no la sienten, pero llega un momento en el que \u00e9sta desborda y sale cual manantial, &#8230; <a title=\"La nostalgia\" class=\"read-more\" href=\"https:\/\/quechilero.com\/blog\/2013\/12\/01\/la-nostalgia\/\" aria-label=\"Leer m\u00e1s sobre La nostalgia\">Leer m\u00e1s<\/a><\/p>\n","protected":false},"author":1,"featured_media":0,"comment_status":"open","ping_status":"open","sticky":false,"template":"","format":"standard","meta":{"advanced_seo_description":"","jetpack_seo_html_title":"","jetpack_seo_noindex":false,"jetpack_seo_schema_type":"","episode_type":"","audio_file":"","podmotor_file_id":"","podmotor_episode_id":"","cover_image":"","cover_image_id":"","duration":"","filesize":"","filesize_raw":"","date_recorded":"","explicit":"","block":"","_jetpack_newsletter_access":"","_jetpack_dont_email_post_to_subs":false,"_jetpack_newsletter_tier_id":0,"_jetpack_memberships_contains_paywalled_content":false,"_jetpack_feature_clip_id":0,"_jetpack_memberships_contains_paid_content":false,"footnotes":"","jetpack_publicize_message":"","jetpack_publicize_feature_enabled":true,"jetpack_social_post_already_shared":false,"jetpack_social_options":{"image_generator_settings":{"template":"highway","default_image_id":0,"font":"","enabled":false},"version":2},"jetpack_post_was_ever_published":false},"categories":[2],"tags":[36,24],"series":[],"class_list":["post-17476","post","type-post","status-publish","format-standard","hentry","category-limones","tag-trabajo","tag-vida"],"episode_featured_image":false,"episode_player_image":"https:\/\/i0.wp.com\/quechilero.com\/blog\/imagenes\/podcast.png?fit=1831%2C1831&ssl=1","download_link":"","player_link":"","audio_player":false,"episode_data":{"playerMode":"dark","subscribeUrls":{"amazon":{"key":"amazon","url":"","label":"Amazon","class":"amazon","icon":"amazon.png"},"apple_podcasts":{"key":"apple_podcasts","url":"","label":"Apple Podcasts","class":"apple_podcasts","icon":"apple-podcasts.png"},"castbox":{"key":"castbox","url":"","label":"CastBox","class":"castbox","icon":"castbox.png"},"deezer":{"key":"deezer","url":"","label":"Deezer","class":"deezer","icon":"deezer.png"},"google_podcasts":{"key":"google_podcasts","url":"","label":"Google Podcasts","class":"google_podcasts","icon":"google-podcasts.png"},"listen_notes":{"key":"listen_notes","url":"","label":"Listen Notes","class":"listen_notes","icon":"listen-notes.png"},"pandora":{"key":"pandora","url":"","label":"Pandora","class":"pandora","icon":"pandora.png"},"podbean":{"key":"podbean","url":"","label":"Podbean","class":"podbean","icon":"podbean.png"},"podcast_republic":{"key":"podcast_republic","url":"","label":"Podcast Republic","class":"podcast_republic","icon":"podcast-republic.png"},"rss":{"key":"rss","url":"","label":"RSS","class":"rss","icon":"rss.png"},"spotify":{"key":"spotify","url":"","label":"Spotify","class":"spotify","icon":"spotify.png"},"stitcher":{"key":"stitcher","url":"","label":"Stitcher","class":"stitcher","icon":"stitcher.png"},"tunein":{"key":"tunein","url":"","label":"TuneIn","class":"tunein","icon":"tunein.png"},"youtube":{"key":"youtube","url":"","label":"YouTube","class":"youtube","icon":"youtube.png"},"iheartradio":{"key":"iheartradio","url":"","label":"iHeartRadio","class":"iheartradio","icon":"iheartradio.png"},"ivoox":{"key":"ivoox","url":"","label":"iVoox","class":"ivoox","icon":"ivoox.png"}},"rssFeedUrl":"https:\/\/quechilero.com\/blog\/feed\/podcast\/si-la-vida-nos-da-limones","embedCode":"<blockquote class=\"wp-embedded-content\" data-secret=\"iQwkBbc9Eu\"><a href=\"https:\/\/quechilero.com\/blog\/2013\/12\/01\/la-nostalgia\/\">La nostalgia<\/a><\/blockquote><iframe sandbox=\"allow-scripts\" security=\"restricted\" src=\"https:\/\/quechilero.com\/blog\/2013\/12\/01\/la-nostalgia\/embed\/#?secret=iQwkBbc9Eu\" width=\"500\" height=\"350\" title=\"\u00abLa nostalgia\u00bb \u2014 Si la Vida nos da Limones...\" data-secret=\"iQwkBbc9Eu\" frameborder=\"0\" marginwidth=\"0\" marginheight=\"0\" scrolling=\"no\" class=\"wp-embedded-content\"><\/iframe><script>\n\/*! This file is auto-generated *\/\n!function(d,l){\"use strict\";l.querySelector&&d.addEventListener&&\"undefined\"!=typeof URL&&(d.wp=d.wp||{},d.wp.receiveEmbedMessage||(d.wp.receiveEmbedMessage=function(e){var t=e.data;if((t||t.secret||t.message||t.value)&&!\/[^a-zA-Z0-9]\/.test(t.secret)){for(var s,r,n,a=l.querySelectorAll('iframe[data-secret=\"'+t.secret+'\"]'),o=l.querySelectorAll('blockquote[data-secret=\"'+t.secret+'\"]'),c=new RegExp(\"^https?:$\",\"i\"),i=0;i<o.length;i++)o[i].style.display=\"none\";for(i=0;i<a.length;i++)s=a[i],e.source===s.contentWindow&&(s.removeAttribute(\"style\"),\"height\"===t.message?(1e3<(r=parseInt(t.value,10))?r=1e3:~~r<200&&(r=200),s.height=r):\"link\"===t.message&&(r=new URL(s.getAttribute(\"src\")),n=new URL(t.value),c.test(n.protocol))&&n.host===r.host&&l.activeElement===s&&(d.top.location.href=t.value))}},d.addEventListener(\"message\",d.wp.receiveEmbedMessage,!1),l.addEventListener(\"DOMContentLoaded\",function(){for(var e,t,s=l.querySelectorAll(\"iframe.wp-embedded-content\"),r=0;r<s.length;r++)(t=(e=s[r]).getAttribute(\"data-secret\"))||(t=Math.random().toString(36).substring(2,12),e.src+=\"#?secret=\"+t,e.setAttribute(\"data-secret\",t)),e.contentWindow.postMessage({message:\"ready\",secret:t},\"*\")},!1)))}(window,document);\n\/\/# sourceURL=https:\/\/quechilero.com\/blog\/wp-includes\/js\/wp-embed.min.js\n<\/script>\n"},"jetpack_publicize_connections":[],"jetpack_shortlink":"https:\/\/wp.me\/pDKli-4xS","jetpack_sharing_enabled":true,"jetpack-related-posts":[{"id":12789,"url":"https:\/\/quechilero.com\/blog\/2012\/03\/12\/amigos-son-caminos\/","url_meta":{"origin":17476,"position":0},"title":"Amigos son Caminos","author":"Pepe Barrascout Ortiz","date":"12 marzo 2012","format":false,"excerpt":"Ciertos amigos son indispensables. .. simples como aquel caminito de tierra de los pueblos peque\u00f1os, en donde desde lo alto de la colina podemos verla entera... sabemos adonde podemos ir y hasta donde podemos llegar... son transparentes y confiables. Otros, acaban de llegar, como caminos que s\u00f3lo conocemos por el\u2026","rel":"","context":"En \u00abLimones\u00bb","block_context":{"text":"Limones","link":"https:\/\/quechilero.com\/blog\/category\/limones\/"},"img":{"alt_text":"","src":"","width":0,"height":0},"classes":[]},{"id":17151,"url":"https:\/\/quechilero.com\/blog\/2013\/09\/29\/%ef%bb%bferes-mayor-o-viejo\/","url_meta":{"origin":17476,"position":1},"title":"\ufeff\u00bfEres Mayor o Viejo?","author":"Pepe Barrascout Ortiz","date":"29 septiembre 2013","format":false,"excerpt":"Mayor es quien tiene mucha edad; viejo es quien perdi\u00f3 la jovialidad. La edad causa la degeneraci\u00f3n de las c\u00e9lulas; la vejez produce el deterioro del esp\u00edritu. Eres mayor cuando te preguntas: \"\u00bfVali\u00f3 la pena?\"; eres viejo cuando \"sin pensar\" respondes que no. Eres mayor cuando \"sue\u00f1as\"; eres viejo cuando\u2026","rel":"","context":"En \u00abLimones\u00bb","block_context":{"text":"Limones","link":"https:\/\/quechilero.com\/blog\/category\/limones\/"},"img":{"alt_text":"","src":"","width":0,"height":0},"classes":[]},{"id":539,"url":"https:\/\/quechilero.com\/blog\/2007\/05\/05\/si-la-vida-da-limones\/","url_meta":{"origin":17476,"position":2},"title":"Si la vida da limones","author":"Pepe Barrascout Ortiz","date":"5 mayo 2007","format":false,"excerpt":"Este texto lo vi en el blog de Micha Micha, me gust\u00f3 y despu\u00e9s de solicitar el permiso correspondiente, lo publico para el deleite de mis apreciados lectores. si la vida te da limones has limonada, hoy la vida me dio silencios e hice canciones, me dio soledad y la\u2026","rel":"","context":"En \u00abLimones\u00bb","block_context":{"text":"Limones","link":"https:\/\/quechilero.com\/blog\/category\/limones\/"},"img":{"alt_text":"","src":"","width":0,"height":0},"classes":[]},{"id":27275,"url":"https:\/\/quechilero.com\/blog\/2014\/03\/06\/podcast-en-la-vida-de-san-agustin-episodio-50\/","url_meta":{"origin":17476,"position":3},"title":"Podcast: En la Vida de San Agust\u00edn, episodio 50","author":"Pepe Barrascout Ortiz","date":"6 marzo 2014","format":false,"excerpt":"Balance en las p\u00e9rdidas de Agust\u00edn Agust\u00edn y sus hermanos se preparan para el cierre de curso. Hay bromas y nostalgias. Al preparar la fiesta de despedida, Posidio promete escribir la vida de Agust\u00edn, contando lo que \u00e9l se calle en las Confesiones. *** La radionovela \"En la Vida de\u2026","rel":"","context":"En \u00abPodcast\u00bb","block_context":{"text":"Podcast","link":"https:\/\/quechilero.com\/blog\/category\/podcast\/"},"img":{"alt_text":"Las 6 de la ma\u00f1ana. Podcast","src":"https:\/\/i0.wp.com\/lh3.googleusercontent.com\/-MuDpgG_t8tg\/Uics8DjfI0I\/AAAAAAAACFg\/DQ_9XUG-gUE\/s800\/san-agustin.png?resize=350%2C200&ssl=1","width":350,"height":200,"srcset":"https:\/\/i0.wp.com\/lh3.googleusercontent.com\/-MuDpgG_t8tg\/Uics8DjfI0I\/AAAAAAAACFg\/DQ_9XUG-gUE\/s800\/san-agustin.png?resize=350%2C200&ssl=1 1x, https:\/\/i0.wp.com\/lh3.googleusercontent.com\/-MuDpgG_t8tg\/Uics8DjfI0I\/AAAAAAAACFg\/DQ_9XUG-gUE\/s800\/san-agustin.png?resize=525%2C300&ssl=1 1.5x"},"classes":[]},{"id":16048,"url":"https:\/\/quechilero.com\/blog\/2013\/02\/25\/el-tren-de-la-vida\/","url_meta":{"origin":17476,"position":4},"title":"El Tren de la Vida","author":"Pepe Barrascout Ortiz","date":"25 febrero 2013","format":false,"excerpt":"Un amigo me habl\u00f3 de un libro que comparaba la vida con un viaje en tren. Un viaje muy interesante al ser bien interpretado. Exactamente as\u00ed, la vida no pasa de ser eso, un viaje en tren lleno de embarques y desembarques, algunos accidentes, sorpresas agradables en algunos momentos y,\u2026","rel":"","context":"En \u00abLimones\u00bb","block_context":{"text":"Limones","link":"https:\/\/quechilero.com\/blog\/category\/limones\/"},"img":{"alt_text":"","src":"","width":0,"height":0},"classes":[]},{"id":472,"url":"https:\/\/quechilero.com\/blog\/2007\/02\/26\/aventrua-linux-dia-2\/","url_meta":{"origin":17476,"position":5},"title":"Aventrua Linux. D\u00eda 2","author":"Pepe Barrascout Ortiz","date":"26 febrero 2007","format":false,"excerpt":"Al finalizar el primer d\u00eda de uso de Linux y de estar dando \"vueltas\" en las opciones que tiene de configuraci\u00f3n, me decido a empezar a trabajar ya de lleno y de forma normal. Firefox, no encuentro el navegador FireFox por ning\u00fan lado, definitivamente no est\u00e1 instalado y en el\u2026","rel":"","context":"En \u00abLimones\u00bb","block_context":{"text":"Limones","link":"https:\/\/quechilero.com\/blog\/category\/limones\/"},"img":{"alt_text":"","src":"","width":0,"height":0},"classes":[]}],"jetpack_featured_media_url":"","_links":{"self":[{"href":"https:\/\/quechilero.com\/blog\/wp-json\/wp\/v2\/posts\/17476","targetHints":{"allow":["GET"]}}],"collection":[{"href":"https:\/\/quechilero.com\/blog\/wp-json\/wp\/v2\/posts"}],"about":[{"href":"https:\/\/quechilero.com\/blog\/wp-json\/wp\/v2\/types\/post"}],"author":[{"embeddable":true,"href":"https:\/\/quechilero.com\/blog\/wp-json\/wp\/v2\/users\/1"}],"replies":[{"embeddable":true,"href":"https:\/\/quechilero.com\/blog\/wp-json\/wp\/v2\/comments?post=17476"}],"version-history":[{"count":0,"href":"https:\/\/quechilero.com\/blog\/wp-json\/wp\/v2\/posts\/17476\/revisions"}],"wp:attachment":[{"href":"https:\/\/quechilero.com\/blog\/wp-json\/wp\/v2\/media?parent=17476"}],"wp:term":[{"taxonomy":"category","embeddable":true,"href":"https:\/\/quechilero.com\/blog\/wp-json\/wp\/v2\/categories?post=17476"},{"taxonomy":"post_tag","embeddable":true,"href":"https:\/\/quechilero.com\/blog\/wp-json\/wp\/v2\/tags?post=17476"},{"taxonomy":"series","embeddable":true,"href":"https:\/\/quechilero.com\/blog\/wp-json\/wp\/v2\/series?post=17476"}],"curies":[{"name":"wp","href":"https:\/\/api.w.org\/{rel}","templated":true}]}}