{"id":17464,"date":"2013-11-25T08:00:43","date_gmt":"2013-11-25T14:00:43","guid":{"rendered":"http:\/\/quechilero.com\/blog\/?p=17464"},"modified":"2013-11-11T13:24:05","modified_gmt":"2013-11-11T19:24:05","slug":"anclado-en-la-esperanza","status":"publish","type":"post","link":"https:\/\/quechilero.com\/blog\/2013\/11\/25\/anclado-en-la-esperanza\/","title":{"rendered":"Anclado en la esperanza"},"content":{"rendered":"<p>Ocurri\u00f3. Comet\u00ed ese pecado que tanto da\u00f1o me hizo. Falt\u00e9 a una promesa dada. No ayud\u00e9 a un familiar que me necesitaba. Traicion\u00e9 la confianza de un amigo. O, simplemente, fui v\u00edctima de los actos que otros cometieron con una malicia que me llena de rabia.<\/p>\n<p>Ocurri\u00f3. A veces quedamos anclados en el pasado, inmovilizados por la pena ante lo sucedido. Una y otra vez nos lamemos la herida. La pena domina nuestras almas.<\/p>\n<p>Vivir as\u00ed, con la mirada puesta en los errores pasados, puede llevarnos hacia la apat\u00eda y la desgana, hacia tristezas enfermizas, hacia reproches continuos hacia otros o hacia uno mismo.<\/p>\n<p>Tenemos, sin embargo, un presente en nuestras manos y un futuro abierto a mil posibilidades. Miradas de amigos y familiares me invitan a dar un paso hacia adelante, sin dejarme apresar por las arenas movedizas de un pasado que no puedo cambiar.<\/p>\n<p>Incluso Dios mismo me mira con un afecto particular, intenso. Me busca para lavar mis faltas. Me invita a perdonar a quien me haya traicionado. Me lanza a edificar mi vida no desde l\u00e1grimas amargas sino desde una esperanza que viene de lo alto.<\/p>\n<p>Necesito dejar de lado actitudes malsanas que me arrastran a la pereza. S\u00f3lo entonces empezar\u00e9 a vivir anclado en la esperanza.<\/p>\n<p>Amanece un nuevo d\u00eda. Dios me renueva su amor de Padre y me regala su gracia. Tomado de su mano puedo emprender esta jornada con el deseo de dar mi tiempo, mis cualidades y mi coraz\u00f3n al servicio de quien necesita a su lado una mano amiga y llena de esperanza.<\/p>\n<p><em><strong>P. Fernando Pascual LC<\/strong><\/em><\/p>\n","protected":false},"excerpt":{"rendered":"<p>Ocurri\u00f3. Comet\u00ed ese pecado que tanto da\u00f1o me hizo. Falt\u00e9 a una promesa dada. No ayud\u00e9 a un familiar que me necesitaba. Traicion\u00e9 la confianza de un amigo. O, simplemente, fui v\u00edctima de los actos que otros cometieron con una malicia que me llena de rabia. Ocurri\u00f3. A veces quedamos anclados en el pasado, inmovilizados &#8230; <a title=\"Anclado en la esperanza\" class=\"read-more\" href=\"https:\/\/quechilero.com\/blog\/2013\/11\/25\/anclado-en-la-esperanza\/\" aria-label=\"Leer m\u00e1s sobre Anclado en la esperanza\">Leer m\u00e1s<\/a><\/p>\n","protected":false},"author":1,"featured_media":0,"comment_status":"open","ping_status":"open","sticky":false,"template":"","format":"standard","meta":{"advanced_seo_description":"","jetpack_seo_html_title":"","jetpack_seo_noindex":false,"jetpack_seo_schema_type":"","episode_type":"","audio_file":"","podmotor_file_id":"","podmotor_episode_id":"","cover_image":"","cover_image_id":"","duration":"","filesize":"","filesize_raw":"","date_recorded":"","explicit":"","block":"","_jetpack_newsletter_access":"","_jetpack_dont_email_post_to_subs":false,"_jetpack_newsletter_tier_id":0,"_jetpack_memberships_contains_paywalled_content":false,"_jetpack_feature_clip_id":0,"_jetpack_memberships_contains_paid_content":false,"footnotes":"","jetpack_publicize_message":"","jetpack_publicize_feature_enabled":true,"jetpack_social_post_already_shared":false,"jetpack_social_options":{"image_generator_settings":{"template":"highway","default_image_id":0,"font":"","enabled":false},"version":2},"jetpack_post_was_ever_published":false},"categories":[2],"tags":[11,15,38,45,51,30,31,5,24],"series":[],"class_list":["post-17464","post","type-post","status-publish","format-standard","hentry","category-limones","tag-amigo","tag-amor","tag-confianza","tag-deseo","tag-dios","tag-error","tag-errores","tag-tiempo","tag-vida"],"episode_featured_image":false,"episode_player_image":"https:\/\/i0.wp.com\/quechilero.com\/blog\/imagenes\/podcast.png?fit=1831%2C1831&ssl=1","download_link":"","player_link":"","audio_player":false,"episode_data":{"playerMode":"dark","subscribeUrls":{"amazon":{"key":"amazon","url":"","label":"Amazon","class":"amazon","icon":"amazon.png"},"apple_podcasts":{"key":"apple_podcasts","url":"","label":"Apple Podcasts","class":"apple_podcasts","icon":"apple-podcasts.png"},"castbox":{"key":"castbox","url":"","label":"CastBox","class":"castbox","icon":"castbox.png"},"deezer":{"key":"deezer","url":"","label":"Deezer","class":"deezer","icon":"deezer.png"},"google_podcasts":{"key":"google_podcasts","url":"","label":"Google Podcasts","class":"google_podcasts","icon":"google-podcasts.png"},"listen_notes":{"key":"listen_notes","url":"","label":"Listen Notes","class":"listen_notes","icon":"listen-notes.png"},"pandora":{"key":"pandora","url":"","label":"Pandora","class":"pandora","icon":"pandora.png"},"podbean":{"key":"podbean","url":"","label":"Podbean","class":"podbean","icon":"podbean.png"},"podcast_republic":{"key":"podcast_republic","url":"","label":"Podcast Republic","class":"podcast_republic","icon":"podcast-republic.png"},"rss":{"key":"rss","url":"","label":"RSS","class":"rss","icon":"rss.png"},"spotify":{"key":"spotify","url":"","label":"Spotify","class":"spotify","icon":"spotify.png"},"stitcher":{"key":"stitcher","url":"","label":"Stitcher","class":"stitcher","icon":"stitcher.png"},"tunein":{"key":"tunein","url":"","label":"TuneIn","class":"tunein","icon":"tunein.png"},"youtube":{"key":"youtube","url":"","label":"YouTube","class":"youtube","icon":"youtube.png"},"iheartradio":{"key":"iheartradio","url":"","label":"iHeartRadio","class":"iheartradio","icon":"iheartradio.png"},"ivoox":{"key":"ivoox","url":"","label":"iVoox","class":"ivoox","icon":"ivoox.png"}},"rssFeedUrl":"https:\/\/quechilero.com\/blog\/feed\/podcast\/si-la-vida-nos-da-limones","embedCode":"<blockquote class=\"wp-embedded-content\" data-secret=\"GONZ9bUxKn\"><a href=\"https:\/\/quechilero.com\/blog\/2013\/11\/25\/anclado-en-la-esperanza\/\">Anclado en la esperanza<\/a><\/blockquote><iframe sandbox=\"allow-scripts\" security=\"restricted\" src=\"https:\/\/quechilero.com\/blog\/2013\/11\/25\/anclado-en-la-esperanza\/embed\/#?secret=GONZ9bUxKn\" width=\"500\" height=\"350\" title=\"\u00abAnclado en la esperanza\u00bb \u2014 Si la Vida nos da Limones...\" data-secret=\"GONZ9bUxKn\" frameborder=\"0\" marginwidth=\"0\" marginheight=\"0\" scrolling=\"no\" class=\"wp-embedded-content\"><\/iframe><script>\n\/*! This file is auto-generated *\/\n!function(d,l){\"use strict\";l.querySelector&&d.addEventListener&&\"undefined\"!=typeof URL&&(d.wp=d.wp||{},d.wp.receiveEmbedMessage||(d.wp.receiveEmbedMessage=function(e){var t=e.data;if((t||t.secret||t.message||t.value)&&!\/[^a-zA-Z0-9]\/.test(t.secret)){for(var s,r,n,a=l.querySelectorAll('iframe[data-secret=\"'+t.secret+'\"]'),o=l.querySelectorAll('blockquote[data-secret=\"'+t.secret+'\"]'),c=new RegExp(\"^https?:$\",\"i\"),i=0;i<o.length;i++)o[i].style.display=\"none\";for(i=0;i<a.length;i++)s=a[i],e.source===s.contentWindow&&(s.removeAttribute(\"style\"),\"height\"===t.message?(1e3<(r=parseInt(t.value,10))?r=1e3:~~r<200&&(r=200),s.height=r):\"link\"===t.message&&(r=new URL(s.getAttribute(\"src\")),n=new URL(t.value),c.test(n.protocol))&&n.host===r.host&&l.activeElement===s&&(d.top.location.href=t.value))}},d.addEventListener(\"message\",d.wp.receiveEmbedMessage,!1),l.addEventListener(\"DOMContentLoaded\",function(){for(var e,t,s=l.querySelectorAll(\"iframe.wp-embedded-content\"),r=0;r<s.length;r++)(t=(e=s[r]).getAttribute(\"data-secret\"))||(t=Math.random().toString(36).substring(2,12),e.src+=\"#?secret=\"+t,e.setAttribute(\"data-secret\",t)),e.contentWindow.postMessage({message:\"ready\",secret:t},\"*\")},!1)))}(window,document);\n\/\/# sourceURL=https:\/\/quechilero.com\/blog\/wp-includes\/js\/wp-embed.min.js\n<\/script>\n"},"jetpack_publicize_connections":[],"jetpack_shortlink":"https:\/\/wp.me\/pDKli-4xG","jetpack_sharing_enabled":true,"jetpack-related-posts":[{"id":17122,"url":"https:\/\/quechilero.com\/blog\/2013\/09\/14\/mirando-hacia-la-meta\/","url_meta":{"origin":17464,"position":0},"title":"Mirando hacia la meta","author":"Pepe Barrascout Ortiz","date":"14 septiembre 2013","format":false,"excerpt":"En el libro del G\u00e9nesis se narra la historia de c\u00f3mo la esposa de Lot mir\u00f3 hacia atr\u00e1s cuando salieron de la ciudad de Sodoma y qued\u00f3 convertida en estatua de sal, pues Dios les hab\u00eda dicho que por ning\u00fan motivo miraran hacia atr\u00e1s cuando \u00c9l destruyera esta ciudad. La\u2026","rel":"","context":"En \u00abLimones\u00bb","block_context":{"text":"Limones","link":"https:\/\/quechilero.com\/blog\/category\/limones\/"},"img":{"alt_text":"","src":"","width":0,"height":0},"classes":[]},{"id":20067,"url":"https:\/\/quechilero.com\/blog\/2015\/04\/24\/la-botella\/","url_meta":{"origin":17464,"position":1},"title":"La botella","author":"Pepe Barrascout Ortiz","date":"24 abril 2015","format":false,"excerpt":"Un hombre estaba perdido en el desierto, destinado a morir de sed. Por suerte, lleg\u00f3 a una caba\u00f1a vieja, desmoronada, sin ventanas, sin techo. El hombre anduvo por ah\u00ed y se encontr\u00f3 con una peque\u00f1a sombra donde acomodarse para protegerse del calor y el sol del desierto. Mirando a su\u2026","rel":"","context":"En \u00abLimones\u00bb","block_context":{"text":"Limones","link":"https:\/\/quechilero.com\/blog\/category\/limones\/"},"img":{"alt_text":"","src":"","width":0,"height":0},"classes":[]},{"id":20092,"url":"https:\/\/quechilero.com\/blog\/2015\/05\/05\/mire-mas-alla\/","url_meta":{"origin":17464,"position":2},"title":"Mire m\u00e1s all\u00e1","author":"Pepe Barrascout Ortiz","date":"5 mayo 2015","format":false,"excerpt":"Un hombre se acerc\u00f3 cierta vez a una construcci\u00f3n y observ\u00f3 a tres individuos que sacaban paladas de tierra de una larga zanja. Le pregunt\u00f3 al primer hombre qu\u00e9 estaba haciendo. Este se enderez\u00f3 y respondi\u00f3 lo que para \u00e9l era evidente: Estoy cavando una zanja. Se acerc\u00f3 al segundo\u2026","rel":"","context":"En \u00abLimones\u00bb","block_context":{"text":"Limones","link":"https:\/\/quechilero.com\/blog\/category\/limones\/"},"img":{"alt_text":"","src":"","width":0,"height":0},"classes":[]},{"id":13018,"url":"https:\/\/quechilero.com\/blog\/2012\/04\/11\/el-burro\/","url_meta":{"origin":17464,"position":3},"title":"El Burro","author":"Pepe Barrascout Ortiz","date":"11 abril 2012","format":false,"excerpt":"Un d\u00eda, el burro de una campesina se cay\u00f3 en un pozo. El animal llor\u00f3 durante horas, mientras la campesina trataba de averiguar qu\u00e9 hacer. Finalmente la campesina decidi\u00f3 que el animal ya estaba viejo, el pozo estaba seco, y necesitaba ser tapado de todas formas y que realmente no\u2026","rel":"","context":"En \u00abLimones\u00bb","block_context":{"text":"Limones","link":"https:\/\/quechilero.com\/blog\/category\/limones\/"},"img":{"alt_text":"","src":"","width":0,"height":0},"classes":[]},{"id":496,"url":"https:\/\/quechilero.com\/blog\/2007\/03\/18\/vivir\/","url_meta":{"origin":17464,"position":4},"title":"Vivir","author":"Pepe Barrascout Ortiz","date":"18 marzo 2007","format":false,"excerpt":"Hay quienes viven encadenados a un fracaso o a una herida que nunca deja de supurar. Son personas que se amargan hoy porque hace veinte a\u00f1os su madre no los quiso, porque no pudieron estudiar lo que quer\u00edan, porque su pareja los traicion\u00f3, porque perdieron injustamente su trabajo, o lo\u2026","rel":"","context":"En \u00abLimones\u00bb","block_context":{"text":"Limones","link":"https:\/\/quechilero.com\/blog\/category\/limones\/"},"img":{"alt_text":"","src":"","width":0,"height":0},"classes":[]},{"id":511,"url":"https:\/\/quechilero.com\/blog\/2007\/04\/05\/el-escarabajo-y-el-gusano\/","url_meta":{"origin":17464,"position":5},"title":"El escarabajo y el gusano","author":"Pepe Barrascout Ortiz","date":"5 abril 2007","format":false,"excerpt":"Un gusano y un escarabajo eran amigos y se pasaban charlando largas horas. El escarabajo estaba consciente de que su amigo el gusano era muy limitado en movilidad, ten\u00eda visi\u00f3n muy restringida y era muy tranquilo y pasivo comparado con los escarabajos. El gusano, por su parte, estaba muy consciente\u2026","rel":"","context":"En \u00abLimones\u00bb","block_context":{"text":"Limones","link":"https:\/\/quechilero.com\/blog\/category\/limones\/"},"img":{"alt_text":"","src":"","width":0,"height":0},"classes":[]}],"jetpack_featured_media_url":"","_links":{"self":[{"href":"https:\/\/quechilero.com\/blog\/wp-json\/wp\/v2\/posts\/17464","targetHints":{"allow":["GET"]}}],"collection":[{"href":"https:\/\/quechilero.com\/blog\/wp-json\/wp\/v2\/posts"}],"about":[{"href":"https:\/\/quechilero.com\/blog\/wp-json\/wp\/v2\/types\/post"}],"author":[{"embeddable":true,"href":"https:\/\/quechilero.com\/blog\/wp-json\/wp\/v2\/users\/1"}],"replies":[{"embeddable":true,"href":"https:\/\/quechilero.com\/blog\/wp-json\/wp\/v2\/comments?post=17464"}],"version-history":[{"count":0,"href":"https:\/\/quechilero.com\/blog\/wp-json\/wp\/v2\/posts\/17464\/revisions"}],"wp:attachment":[{"href":"https:\/\/quechilero.com\/blog\/wp-json\/wp\/v2\/media?parent=17464"}],"wp:term":[{"taxonomy":"category","embeddable":true,"href":"https:\/\/quechilero.com\/blog\/wp-json\/wp\/v2\/categories?post=17464"},{"taxonomy":"post_tag","embeddable":true,"href":"https:\/\/quechilero.com\/blog\/wp-json\/wp\/v2\/tags?post=17464"},{"taxonomy":"series","embeddable":true,"href":"https:\/\/quechilero.com\/blog\/wp-json\/wp\/v2\/series?post=17464"}],"curies":[{"name":"wp","href":"https:\/\/api.w.org\/{rel}","templated":true}]}}