{"id":17377,"date":"2013-11-09T08:00:11","date_gmt":"2013-11-09T14:00:11","guid":{"rendered":"http:\/\/quechilero.com\/blog\/?p=17377"},"modified":"2013-10-29T16:56:32","modified_gmt":"2013-10-29T22:56:32","slug":"y-ahora-donde-estas","status":"publish","type":"post","link":"https:\/\/quechilero.com\/blog\/2013\/11\/09\/y-ahora-donde-estas\/","title":{"rendered":"Y ahora, \u00bfd\u00f3nde est\u00e1s?"},"content":{"rendered":"<p>Una buena pregunta para ponerse a buscar. Porque esa es la primera noticia que los disc\u00edpulos tienen clara: \u00abNo est\u00e1 aqu\u00ed. Ha resucitado\u00bb. Y si no est\u00e1 aqu\u00ed, \u00bfd\u00f3nde?<\/p>\n<p>La eterna pregunta que nos seguimos haciendo. Te necesitamos, Se\u00f1or. Y t\u00fa nos env\u00edas a buscarte a las Galileas de nuestro siglo XXI. \u00abAll\u00ed me ver\u00e9is\u00bb. Toda la vida, si hace falta, te buscaremos. Para reconocerte, a veces, en los lugares m\u00e1s inesperados de nuestra vida, en los momentos m\u00e1s sorprendentes de nuestra historia.<\/p>\n<p>Nos dejaste dicho que estar\u00edas en los pobres. Que lo que hici\u00e9ramos con uno de los m\u00e1s peque\u00f1os contigo lo est\u00e1bamos haciendo. Que dar de comer al hambriento era alimentarte a ti, que visitar al preso era ir a verte. Que vestir al desnudo era cubrir tu desnudez. Te reconozco que no es f\u00e1cil verlo as\u00ed. A menudo los pobres resultan distantes, extra\u00f1os, su desposesi\u00f3n amenaza un poco mis seguridades. \u00bfY dices que est\u00e1s en ellos? Ens\u00e9\u00f1ame a verte.<\/p>\n<p>Supongo que eso de reunirse \u00aben tu nombre\u00bb significa muchas cosas. Significa la celebraci\u00f3n de la fe, que de tantas maneras nos congrega. Significa la oraci\u00f3n compartida. Significa la caridad que se pone manos a la obra para transformar el mundo porque esa es tu l\u00f3gica.<\/p>\n<p>Significa que a veces hablamos de ti, alrededor de una mesa, al comentar la homil\u00eda del d\u00eda anterior en familia, al compartir nuestras dudas o nuestras certidumbres. En todos esos momentos, T\u00fa est\u00e1s ah\u00ed. Que nunca faltes de nuestro lado.<\/p>\n","protected":false},"excerpt":{"rendered":"<p>Una buena pregunta para ponerse a buscar. Porque esa es la primera noticia que los disc\u00edpulos tienen clara: \u00abNo est\u00e1 aqu\u00ed. Ha resucitado\u00bb. Y si no est\u00e1 aqu\u00ed, \u00bfd\u00f3nde? La eterna pregunta que nos seguimos haciendo. Te necesitamos, Se\u00f1or. Y t\u00fa nos env\u00edas a buscarte a las Galileas de nuestro siglo XXI. \u00abAll\u00ed me ver\u00e9is\u00bb. &#8230; <a title=\"Y ahora, \u00bfd\u00f3nde est\u00e1s?\" class=\"read-more\" href=\"https:\/\/quechilero.com\/blog\/2013\/11\/09\/y-ahora-donde-estas\/\" aria-label=\"Leer m\u00e1s sobre Y ahora, \u00bfd\u00f3nde est\u00e1s?\">Leer m\u00e1s<\/a><\/p>\n","protected":false},"author":1,"featured_media":0,"comment_status":"open","ping_status":"open","sticky":false,"template":"","format":"standard","meta":{"advanced_seo_description":"","jetpack_seo_html_title":"","jetpack_seo_noindex":false,"jetpack_seo_schema_type":"","episode_type":"","audio_file":"","podmotor_file_id":"","podmotor_episode_id":"","cover_image":"","cover_image_id":"","duration":"","filesize":"","filesize_raw":"","date_recorded":"","explicit":"","block":"","_jetpack_newsletter_access":"","_jetpack_dont_email_post_to_subs":false,"_jetpack_newsletter_tier_id":0,"_jetpack_memberships_contains_paywalled_content":false,"_jetpack_feature_clip_id":0,"_jetpack_memberships_contains_paid_content":false,"footnotes":"","jetpack_publicize_message":"","jetpack_publicize_feature_enabled":true,"jetpack_social_post_already_shared":false,"jetpack_social_options":{"image_generator_settings":{"template":"highway","default_image_id":0,"font":"","enabled":false},"version":2},"jetpack_post_was_ever_published":false},"categories":[2],"tags":[12,17,86,24],"series":[],"class_list":["post-17377","post","type-post","status-publish","format-standard","hentry","category-limones","tag-cosas","tag-historia","tag-oracion","tag-vida"],"episode_featured_image":false,"episode_player_image":"https:\/\/i0.wp.com\/quechilero.com\/blog\/imagenes\/podcast.png?fit=1831%2C1831&ssl=1","download_link":"","player_link":"","audio_player":false,"episode_data":{"playerMode":"dark","subscribeUrls":{"amazon":{"key":"amazon","url":"","label":"Amazon","class":"amazon","icon":"amazon.png"},"apple_podcasts":{"key":"apple_podcasts","url":"","label":"Apple Podcasts","class":"apple_podcasts","icon":"apple-podcasts.png"},"castbox":{"key":"castbox","url":"","label":"CastBox","class":"castbox","icon":"castbox.png"},"deezer":{"key":"deezer","url":"","label":"Deezer","class":"deezer","icon":"deezer.png"},"google_podcasts":{"key":"google_podcasts","url":"","label":"Google Podcasts","class":"google_podcasts","icon":"google-podcasts.png"},"listen_notes":{"key":"listen_notes","url":"","label":"Listen Notes","class":"listen_notes","icon":"listen-notes.png"},"pandora":{"key":"pandora","url":"","label":"Pandora","class":"pandora","icon":"pandora.png"},"podbean":{"key":"podbean","url":"","label":"Podbean","class":"podbean","icon":"podbean.png"},"podcast_republic":{"key":"podcast_republic","url":"","label":"Podcast Republic","class":"podcast_republic","icon":"podcast-republic.png"},"rss":{"key":"rss","url":"","label":"RSS","class":"rss","icon":"rss.png"},"spotify":{"key":"spotify","url":"","label":"Spotify","class":"spotify","icon":"spotify.png"},"stitcher":{"key":"stitcher","url":"","label":"Stitcher","class":"stitcher","icon":"stitcher.png"},"tunein":{"key":"tunein","url":"","label":"TuneIn","class":"tunein","icon":"tunein.png"},"youtube":{"key":"youtube","url":"","label":"YouTube","class":"youtube","icon":"youtube.png"},"iheartradio":{"key":"iheartradio","url":"","label":"iHeartRadio","class":"iheartradio","icon":"iheartradio.png"},"ivoox":{"key":"ivoox","url":"","label":"iVoox","class":"ivoox","icon":"ivoox.png"}},"rssFeedUrl":"https:\/\/quechilero.com\/blog\/feed\/podcast\/si-la-vida-nos-da-limones","embedCode":"<blockquote class=\"wp-embedded-content\" data-secret=\"OYGj5aPPNH\"><a href=\"https:\/\/quechilero.com\/blog\/2013\/11\/09\/y-ahora-donde-estas\/\">Y ahora, \u00bfd\u00f3nde est\u00e1s?<\/a><\/blockquote><iframe sandbox=\"allow-scripts\" security=\"restricted\" src=\"https:\/\/quechilero.com\/blog\/2013\/11\/09\/y-ahora-donde-estas\/embed\/#?secret=OYGj5aPPNH\" width=\"500\" height=\"350\" title=\"\u00abY ahora, \u00bfd\u00f3nde est\u00e1s?\u00bb \u2014 Si la Vida nos da Limones...\" data-secret=\"OYGj5aPPNH\" frameborder=\"0\" marginwidth=\"0\" marginheight=\"0\" scrolling=\"no\" class=\"wp-embedded-content\"><\/iframe><script>\n\/*! This file is auto-generated *\/\n!function(d,l){\"use strict\";l.querySelector&&d.addEventListener&&\"undefined\"!=typeof URL&&(d.wp=d.wp||{},d.wp.receiveEmbedMessage||(d.wp.receiveEmbedMessage=function(e){var t=e.data;if((t||t.secret||t.message||t.value)&&!\/[^a-zA-Z0-9]\/.test(t.secret)){for(var s,r,n,a=l.querySelectorAll('iframe[data-secret=\"'+t.secret+'\"]'),o=l.querySelectorAll('blockquote[data-secret=\"'+t.secret+'\"]'),c=new RegExp(\"^https?:$\",\"i\"),i=0;i<o.length;i++)o[i].style.display=\"none\";for(i=0;i<a.length;i++)s=a[i],e.source===s.contentWindow&&(s.removeAttribute(\"style\"),\"height\"===t.message?(1e3<(r=parseInt(t.value,10))?r=1e3:~~r<200&&(r=200),s.height=r):\"link\"===t.message&&(r=new URL(s.getAttribute(\"src\")),n=new URL(t.value),c.test(n.protocol))&&n.host===r.host&&l.activeElement===s&&(d.top.location.href=t.value))}},d.addEventListener(\"message\",d.wp.receiveEmbedMessage,!1),l.addEventListener(\"DOMContentLoaded\",function(){for(var e,t,s=l.querySelectorAll(\"iframe.wp-embedded-content\"),r=0;r<s.length;r++)(t=(e=s[r]).getAttribute(\"data-secret\"))||(t=Math.random().toString(36).substring(2,12),e.src+=\"#?secret=\"+t,e.setAttribute(\"data-secret\",t)),e.contentWindow.postMessage({message:\"ready\",secret:t},\"*\")},!1)))}(window,document);\n\/\/# sourceURL=https:\/\/quechilero.com\/blog\/wp-includes\/js\/wp-embed.min.js\n<\/script>\n"},"jetpack_publicize_connections":[],"jetpack_shortlink":"https:\/\/wp.me\/pDKli-4wh","jetpack_sharing_enabled":true,"jetpack-related-posts":[{"id":5998,"url":"https:\/\/quechilero.com\/blog\/2010\/11\/15\/como-superar-un-mal-momento\/","url_meta":{"origin":17377,"position":0},"title":"Como superar un mal momento","author":"Pepe Barrascout Ortiz","date":"15 noviembre 2010","format":false,"excerpt":"Cuando pasas por un mal momento, seguramente te sentiste mal emocionalmente hablando, te pones triste, deprimido y no sabes qu\u00e9 hacer. No te preocupes, presta atenci\u00f3n aqu\u00ed te doy tres tips de c\u00f3mo cambiar ese estado de \u00e1nimo y salir de ese pozo tan oscuro en el cual no encuentras\u2026","rel":"","context":"En \u00abLimones\u00bb","block_context":{"text":"Limones","link":"https:\/\/quechilero.com\/blog\/category\/limones\/"},"img":{"alt_text":"","src":"","width":0,"height":0},"classes":[]},{"id":904,"url":"https:\/\/quechilero.com\/blog\/2008\/03\/18\/cuaresma-evangelio-18-mar-08\/","url_meta":{"origin":17377,"position":1},"title":"Cuaresma &#8211; Evangelio 18 mar 08","author":"Pepe Barrascout Ortiz","date":"18 marzo 2008","format":false,"excerpt":"Evangelio seg\u00fan San Juan 13,21-33.36-38. Despu\u00e9s de decir esto, Jes\u00fas se estremeci\u00f3 y manifest\u00f3 claramente: \"Les aseguro que uno de ustedes me entregar\u00e1\". Los disc\u00edpulos se miraban unos a otros, no sabiendo a qui\u00e9n se refer\u00eda. Uno de ellos -el disc\u00edpulo al que Jes\u00fas amaba- estaba reclinado muy cerca de\u2026","rel":"","context":"En \u00abLimones\u00bb","block_context":{"text":"Limones","link":"https:\/\/quechilero.com\/blog\/category\/limones\/"},"img":{"alt_text":"","src":"","width":0,"height":0},"classes":[]},{"id":16824,"url":"https:\/\/quechilero.com\/blog\/2013\/07\/15\/hay-en-el-mundo-alguno-mas-pobre-que-yo\/","url_meta":{"origin":17377,"position":2},"title":"\u00bfHay en el mundo alguno m\u00e1s pobre que yo?","author":"Pepe Barrascout Ortiz","date":"15 julio 2013","format":false,"excerpt":"Un hombre, caminando, hablaba consigo mismo, como hacen de costumbre aqu\u00e9llos que en la vida no tienen amigos con quienes confiarse. - He ah\u00ed -dec\u00eda-, nadie es m\u00e1s pobre que yo; ten\u00eda un sombrero y me lo sopl\u00f3 el viento; ten\u00eda un manto y me lo han robado; ten\u00eda un\u2026","rel":"","context":"En \u00abLimones\u00bb","block_context":{"text":"Limones","link":"https:\/\/quechilero.com\/blog\/category\/limones\/"},"img":{"alt_text":"","src":"","width":0,"height":0},"classes":[]},{"id":17923,"url":"https:\/\/quechilero.com\/blog\/2014\/06\/23\/el-vive-aqui\/","url_meta":{"origin":17377,"position":3},"title":"\u00a1\u00c9l vive aqu\u00ed!","author":"Pepe Barrascout Ortiz","date":"23 junio 2014","format":false,"excerpt":"Hace muchos a\u00f1os, cerca de la real residencia brit\u00e1nica en la isla de Wight, hab\u00eda varias casas para los pobres y ancianos. Un misionero, que un d\u00eda visitaba a algunos ancianos, pregunt\u00f3 a una mujer: \"\u00bfOs visita alguna vez la reina Victoria?\" \"Oh, s\u00ed -contest\u00f3- su Majestad viene a menudo\u2026","rel":"","context":"En \u00abLimones\u00bb","block_context":{"text":"Limones","link":"https:\/\/quechilero.com\/blog\/category\/limones\/"},"img":{"alt_text":"","src":"","width":0,"height":0},"classes":[]},{"id":14381,"url":"https:\/\/quechilero.com\/blog\/2012\/08\/27\/espigas\/","url_meta":{"origin":17377,"position":4},"title":"Espigas","author":"Pepe Barrascout Ortiz","date":"27 agosto 2012","format":false,"excerpt":"Enviado al campo para ver si estaba ya a punto para ser segado, el muchacho volvi\u00f3 a su padre y le dijo: - Me parece que la cosecha ser\u00e1 muy pobre, padre m\u00edo. - \u00bfPor qu\u00e9? -le pregunt\u00f3 \u00e9ste. - Porque he notado que la mayor parte de las espigas\u2026","rel":"","context":"En \u00abLimones\u00bb","block_context":{"text":"Limones","link":"https:\/\/quechilero.com\/blog\/category\/limones\/"},"img":{"alt_text":"","src":"","width":0,"height":0},"classes":[]},{"id":17856,"url":"https:\/\/quechilero.com\/blog\/2014\/05\/28\/la-bendicion-de-las-cargas\/","url_meta":{"origin":17377,"position":5},"title":"La bendici\u00f3n de las cargas","author":"Pepe Barrascout Ortiz","date":"28 mayo 2014","format":false,"excerpt":"Seg\u00fan una antigua f\u00e1bula, el reloj del abuelo permaneci\u00f3 durante tres generaciones en el mismo lugar, marcando fielmente los minutos, las horas y los d\u00edas. Ten\u00eda una enorme pesa que deb\u00eda colocarse arriba cada cierto tiempo para que el reloj funcionara. \"\u00a1Pobre!\", pens\u00f3 un nuevo propietario, \"\u00a1tan viejo y con\u2026","rel":"","context":"En \u00abLimones\u00bb","block_context":{"text":"Limones","link":"https:\/\/quechilero.com\/blog\/category\/limones\/"},"img":{"alt_text":"","src":"","width":0,"height":0},"classes":[]}],"jetpack_featured_media_url":"","_links":{"self":[{"href":"https:\/\/quechilero.com\/blog\/wp-json\/wp\/v2\/posts\/17377","targetHints":{"allow":["GET"]}}],"collection":[{"href":"https:\/\/quechilero.com\/blog\/wp-json\/wp\/v2\/posts"}],"about":[{"href":"https:\/\/quechilero.com\/blog\/wp-json\/wp\/v2\/types\/post"}],"author":[{"embeddable":true,"href":"https:\/\/quechilero.com\/blog\/wp-json\/wp\/v2\/users\/1"}],"replies":[{"embeddable":true,"href":"https:\/\/quechilero.com\/blog\/wp-json\/wp\/v2\/comments?post=17377"}],"version-history":[{"count":0,"href":"https:\/\/quechilero.com\/blog\/wp-json\/wp\/v2\/posts\/17377\/revisions"}],"wp:attachment":[{"href":"https:\/\/quechilero.com\/blog\/wp-json\/wp\/v2\/media?parent=17377"}],"wp:term":[{"taxonomy":"category","embeddable":true,"href":"https:\/\/quechilero.com\/blog\/wp-json\/wp\/v2\/categories?post=17377"},{"taxonomy":"post_tag","embeddable":true,"href":"https:\/\/quechilero.com\/blog\/wp-json\/wp\/v2\/tags?post=17377"},{"taxonomy":"series","embeddable":true,"href":"https:\/\/quechilero.com\/blog\/wp-json\/wp\/v2\/series?post=17377"}],"curies":[{"name":"wp","href":"https:\/\/api.w.org\/{rel}","templated":true}]}}