{"id":17376,"date":"2013-11-08T08:00:41","date_gmt":"2013-11-08T14:00:41","guid":{"rendered":"http:\/\/quechilero.com\/blog\/?p=17376"},"modified":"2013-10-29T16:55:57","modified_gmt":"2013-10-29T22:55:57","slug":"acuerdate-de-lo-bueno","status":"publish","type":"post","link":"https:\/\/quechilero.com\/blog\/2013\/11\/08\/acuerdate-de-lo-bueno\/","title":{"rendered":"Acu\u00e9rdate de lo bueno"},"content":{"rendered":"<p style=\"text-align: center;\">Cuando el cielo est\u00e9 gris, acu\u00e9rdate cuando lo viste profundamente azul.<br \/>\nCuando sientas fr\u00edo, piensa en un sol radiante que ya te ha calentado.<br \/>\nCuando sufras una temporal derrota, acu\u00e9rdate de tus triunfos y de tus logros.<br \/>\nCuando necesites amor, revive tus experiencias de afecto y ternura.<\/p>\n<p style=\"text-align: center;\">Acu\u00e9rdate de lo que has vivido y de lo que has dado con alegr\u00eda.<br \/>\nRecuerda los regalos que te han hecho, los abrazos y besos que te han dado,<br \/>\nlos paisajes que has disfrutado y las risas que de ti han brotado.<\/p>\n<p style=\"text-align: center;\">Si esto has tenido, lo puedes volver a tener y lo que has logrado, lo puedes volver a ganar.<\/p>\n<p style=\"text-align: center;\">Al\u00e9grate por lo bueno que tienes y por lo bueno de los dem\u00e1s, ac\u00e9ptalos tal cual son;<br \/>\ndesecha los recuerdos tristes y dolorosos,<br \/>\ny sobre todo no tengas ning\u00fan rencor, no te lastimes m\u00e1s.<\/p>\n<p style=\"text-align: center;\">Piensa en lo bueno, en lo amable, en lo bello y en la verdad.<\/p>\n<p style=\"text-align: center;\">Recorre tu vida y detente en donde haya bellos recuerdos y emociones sanas<br \/>\ny v\u00edvelas otra vez.<br \/>\nVisualiza aquel atardecer que te emocion\u00f3.<br \/>\nRevive esa caricia espont\u00e1nea que se te dio.<br \/>\nDisfruta nuevamente de la paz que ya has conocido, piensa y vive el bien.<\/p>\n<p style=\"text-align: center;\">All\u00ed en tu mente est\u00e1n guardadas todas las im\u00e1genes;<br \/>\n\u00a1Y s\u00f3lo t\u00fa decides cu\u00e1les has de volver a mirar!<\/p>\n","protected":false},"excerpt":{"rendered":"<p>Cuando el cielo est\u00e9 gris, acu\u00e9rdate cuando lo viste profundamente azul. Cuando sientas fr\u00edo, piensa en un sol radiante que ya te ha calentado. Cuando sufras una temporal derrota, acu\u00e9rdate de tus triunfos y de tus logros. Cuando necesites amor, revive tus experiencias de afecto y ternura. Acu\u00e9rdate de lo que has vivido y de &#8230; <a title=\"Acu\u00e9rdate de lo bueno\" class=\"read-more\" href=\"https:\/\/quechilero.com\/blog\/2013\/11\/08\/acuerdate-de-lo-bueno\/\" aria-label=\"Leer m\u00e1s sobre Acu\u00e9rdate de lo bueno\">Leer m\u00e1s<\/a><\/p>\n","protected":false},"author":1,"featured_media":0,"comment_status":"open","ping_status":"open","sticky":false,"template":"","format":"standard","meta":{"advanced_seo_description":"","jetpack_seo_html_title":"","jetpack_seo_noindex":false,"jetpack_seo_schema_type":"","episode_type":"","audio_file":"","podmotor_file_id":"","podmotor_episode_id":"","cover_image":"","cover_image_id":"","duration":"","filesize":"","filesize_raw":"","date_recorded":"","explicit":"","block":"","_jetpack_newsletter_access":"","_jetpack_dont_email_post_to_subs":false,"_jetpack_newsletter_tier_id":0,"_jetpack_memberships_contains_paywalled_content":false,"_jetpack_feature_clip_id":0,"_jetpack_memberships_contains_paid_content":false,"footnotes":"","jetpack_publicize_message":"","jetpack_publicize_feature_enabled":true,"jetpack_social_post_already_shared":false,"jetpack_social_options":{"image_generator_settings":{"template":"highway","default_image_id":0,"font":"","enabled":false},"version":2},"jetpack_post_was_ever_published":false},"categories":[2],"tags":[87,15,40,41,24],"series":[],"class_list":["post-17376","post","type-post","status-publish","format-standard","hentry","category-limones","tag-alegria","tag-amor","tag-paz","tag-verdad","tag-vida"],"episode_featured_image":false,"episode_player_image":"https:\/\/i0.wp.com\/quechilero.com\/blog\/imagenes\/podcast.png?fit=1831%2C1831&ssl=1","download_link":"","player_link":"","audio_player":false,"episode_data":{"playerMode":"dark","subscribeUrls":{"amazon":{"key":"amazon","url":"","label":"Amazon","class":"amazon","icon":"amazon.png"},"apple_podcasts":{"key":"apple_podcasts","url":"","label":"Apple Podcasts","class":"apple_podcasts","icon":"apple-podcasts.png"},"castbox":{"key":"castbox","url":"","label":"CastBox","class":"castbox","icon":"castbox.png"},"deezer":{"key":"deezer","url":"","label":"Deezer","class":"deezer","icon":"deezer.png"},"google_podcasts":{"key":"google_podcasts","url":"","label":"Google Podcasts","class":"google_podcasts","icon":"google-podcasts.png"},"listen_notes":{"key":"listen_notes","url":"","label":"Listen Notes","class":"listen_notes","icon":"listen-notes.png"},"pandora":{"key":"pandora","url":"","label":"Pandora","class":"pandora","icon":"pandora.png"},"podbean":{"key":"podbean","url":"","label":"Podbean","class":"podbean","icon":"podbean.png"},"podcast_republic":{"key":"podcast_republic","url":"","label":"Podcast Republic","class":"podcast_republic","icon":"podcast-republic.png"},"rss":{"key":"rss","url":"","label":"RSS","class":"rss","icon":"rss.png"},"spotify":{"key":"spotify","url":"","label":"Spotify","class":"spotify","icon":"spotify.png"},"stitcher":{"key":"stitcher","url":"","label":"Stitcher","class":"stitcher","icon":"stitcher.png"},"tunein":{"key":"tunein","url":"","label":"TuneIn","class":"tunein","icon":"tunein.png"},"youtube":{"key":"youtube","url":"","label":"YouTube","class":"youtube","icon":"youtube.png"},"iheartradio":{"key":"iheartradio","url":"","label":"iHeartRadio","class":"iheartradio","icon":"iheartradio.png"},"ivoox":{"key":"ivoox","url":"","label":"iVoox","class":"ivoox","icon":"ivoox.png"}},"rssFeedUrl":"https:\/\/quechilero.com\/blog\/feed\/podcast\/si-la-vida-nos-da-limones","embedCode":"<blockquote class=\"wp-embedded-content\" data-secret=\"wZZ3nmZrsj\"><a href=\"https:\/\/quechilero.com\/blog\/2013\/11\/08\/acuerdate-de-lo-bueno\/\">Acu\u00e9rdate de lo bueno<\/a><\/blockquote><iframe sandbox=\"allow-scripts\" security=\"restricted\" src=\"https:\/\/quechilero.com\/blog\/2013\/11\/08\/acuerdate-de-lo-bueno\/embed\/#?secret=wZZ3nmZrsj\" width=\"500\" height=\"350\" title=\"\u00abAcu\u00e9rdate de lo bueno\u00bb \u2014 Si la Vida nos da Limones...\" data-secret=\"wZZ3nmZrsj\" frameborder=\"0\" marginwidth=\"0\" marginheight=\"0\" scrolling=\"no\" class=\"wp-embedded-content\"><\/iframe><script>\n\/*! This file is auto-generated *\/\n!function(d,l){\"use strict\";l.querySelector&&d.addEventListener&&\"undefined\"!=typeof URL&&(d.wp=d.wp||{},d.wp.receiveEmbedMessage||(d.wp.receiveEmbedMessage=function(e){var t=e.data;if((t||t.secret||t.message||t.value)&&!\/[^a-zA-Z0-9]\/.test(t.secret)){for(var s,r,n,a=l.querySelectorAll('iframe[data-secret=\"'+t.secret+'\"]'),o=l.querySelectorAll('blockquote[data-secret=\"'+t.secret+'\"]'),c=new RegExp(\"^https?:$\",\"i\"),i=0;i<o.length;i++)o[i].style.display=\"none\";for(i=0;i<a.length;i++)s=a[i],e.source===s.contentWindow&&(s.removeAttribute(\"style\"),\"height\"===t.message?(1e3<(r=parseInt(t.value,10))?r=1e3:~~r<200&&(r=200),s.height=r):\"link\"===t.message&&(r=new URL(s.getAttribute(\"src\")),n=new URL(t.value),c.test(n.protocol))&&n.host===r.host&&l.activeElement===s&&(d.top.location.href=t.value))}},d.addEventListener(\"message\",d.wp.receiveEmbedMessage,!1),l.addEventListener(\"DOMContentLoaded\",function(){for(var e,t,s=l.querySelectorAll(\"iframe.wp-embedded-content\"),r=0;r<s.length;r++)(t=(e=s[r]).getAttribute(\"data-secret\"))||(t=Math.random().toString(36).substring(2,12),e.src+=\"#?secret=\"+t,e.setAttribute(\"data-secret\",t)),e.contentWindow.postMessage({message:\"ready\",secret:t},\"*\")},!1)))}(window,document);\n\/\/# sourceURL=https:\/\/quechilero.com\/blog\/wp-includes\/js\/wp-embed.min.js\n<\/script>\n"},"jetpack_publicize_connections":[],"jetpack_shortlink":"https:\/\/wp.me\/pDKli-4wg","jetpack_sharing_enabled":true,"jetpack-related-posts":[{"id":21577,"url":"https:\/\/quechilero.com\/blog\/2015\/09\/10\/acuerdate-de-soltar-el-vaso\/","url_meta":{"origin":17376,"position":0},"title":"\u00a1Acu\u00e9rdate de soltar el vaso!","author":"Pepe Barrascout Ortiz","date":"10 septiembre 2015","format":false,"excerpt":"Un psic\u00f3logo en una sesi\u00f3n grupal levant\u00f3 un vaso con agua. Todo el mundo esperaba la t\u00edpica pregunta: \"\u00bfEst\u00e1 medio lleno o medio vac\u00edo?\" Sin embargo, pregunt\u00f3: \"\u00bfCu\u00e1nto creen ustedes que pesa este vaso?\" Las respuestas variaron entre 200 y 250 gramos. El psic\u00f3logo coment\u00f3: \"Realmente el peso absoluto no\u2026","rel":"","context":"En \u00abLimones\u00bb","block_context":{"text":"Limones","link":"https:\/\/quechilero.com\/blog\/category\/limones\/"},"img":{"alt_text":"","src":"","width":0,"height":0},"classes":[]},{"id":17402,"url":"https:\/\/quechilero.com\/blog\/2013\/11\/14\/no-olvides-los-dias-hermosos\/","url_meta":{"origin":17376,"position":1},"title":"No olvides los d\u00edas hermosos","author":"Pepe Barrascout Ortiz","date":"14 noviembre 2013","format":false,"excerpt":"No olvides los d\u00edas hermosos. Cuando est\u00e9s cansado, cuando est\u00e9s en desacuerdo con lo que te rodea, cuando est\u00e9s desesperado y te sientas profundamente (palabra censurada), acu\u00e9rdate tan solo un momento, de los d\u00edas hermosos. Cuando te re\u00edas y bailabas, cuando estabas alegre con todo, como un ni\u00f1o sin problemas.\u2026","rel":"","context":"En \u00abLimones\u00bb","block_context":{"text":"Limones","link":"https:\/\/quechilero.com\/blog\/category\/limones\/"},"img":{"alt_text":"","src":"","width":0,"height":0},"classes":[]},{"id":16790,"url":"https:\/\/quechilero.com\/blog\/2013\/06\/27\/un-%ef%bb%bfmillon-de-sapos\/","url_meta":{"origin":17376,"position":2},"title":"Un \ufeffmill\u00f3n de sapos","author":"Pepe Barrascout Ortiz","date":"27 junio 2013","format":false,"excerpt":"Un hacendado fue a la ciudad y le pregunt\u00f3 al due\u00f1o de un restaurante si pod\u00eda utilizar un mill\u00f3n de piernas de sapos. El due\u00f1o del restaurante qued\u00f3 asustado y quiso saber d\u00f3nde pretend\u00eda el hacendado conseguir tantas piernas de sapos. El hacendado le respondi\u00f3: \"Cerca de mi casa hay\u2026","rel":"","context":"En \u00abLimones\u00bb","block_context":{"text":"Limones","link":"https:\/\/quechilero.com\/blog\/category\/limones\/"},"img":{"alt_text":"","src":"","width":0,"height":0},"classes":[]},{"id":17740,"url":"https:\/\/quechilero.com\/blog\/2014\/02\/15\/cada-dia\/","url_meta":{"origin":17376,"position":3},"title":"Cada d\u00eda","author":"Pepe Barrascout Ortiz","date":"15 febrero 2014","format":false,"excerpt":"Hay m\u00e1s felicidad en dar que en recibir, y esto es absolutamente cierto. La felicidad no est\u00e1 como un ente fuera de nosotros y se hace patente, sensible, cuando damos, cuando compartimos, cuando amamos. Por eso, si quieres ser feliz, aprende primero a dar y a amar y aprende de\u2026","rel":"","context":"En \u00abLimones\u00bb","block_context":{"text":"Limones","link":"https:\/\/quechilero.com\/blog\/category\/limones\/"},"img":{"alt_text":"","src":"","width":0,"height":0},"classes":[]},{"id":17117,"url":"https:\/\/quechilero.com\/blog\/2013\/09\/09\/para-ti-una-carta\/","url_meta":{"origin":17376,"position":4},"title":"Para ti una carta","author":"Pepe Barrascout Ortiz","date":"9 septiembre 2013","format":false,"excerpt":"T\u00fa, que eres un ser humano, eres mi milagro. Y eres fuerte, capaz, inteligente y lleno de dones y talentos. Cu\u00e9ntalos y entusi\u00e1smate con ellos. Recon\u00f3cete. Encu\u00e9ntrate. Ac\u00e9ptate. An\u00edmate. Y piensa que, desde este momento, puedes cambiar tu vida para bien, si te lo propones y te llenas de entusiasmo.\u2026","rel":"","context":"En \u00abLimones\u00bb","block_context":{"text":"Limones","link":"https:\/\/quechilero.com\/blog\/category\/limones\/"},"img":{"alt_text":"","src":"","width":0,"height":0},"classes":[]},{"id":14883,"url":"https:\/\/quechilero.com\/blog\/2012\/10\/18\/depender-de-dios-2\/","url_meta":{"origin":17376,"position":5},"title":"Depender de Dios","author":"Pepe Barrascout Ortiz","date":"18 octubre 2012","format":false,"excerpt":"Un hombre agricultor de pocos recursos econ\u00f3micos marchaba de su isla natal en la costa occidental de Escocia, donde no hab\u00eda medios de comunicaci\u00f3n, por lo que hab\u00eda visto pocas cosas. En el barco le contaban acerca de las maravillas que ver\u00eda en la isla de Mull. La isla de\u2026","rel":"","context":"En \u00abLimones\u00bb","block_context":{"text":"Limones","link":"https:\/\/quechilero.com\/blog\/category\/limones\/"},"img":{"alt_text":"","src":"","width":0,"height":0},"classes":[]}],"jetpack_featured_media_url":"","_links":{"self":[{"href":"https:\/\/quechilero.com\/blog\/wp-json\/wp\/v2\/posts\/17376","targetHints":{"allow":["GET"]}}],"collection":[{"href":"https:\/\/quechilero.com\/blog\/wp-json\/wp\/v2\/posts"}],"about":[{"href":"https:\/\/quechilero.com\/blog\/wp-json\/wp\/v2\/types\/post"}],"author":[{"embeddable":true,"href":"https:\/\/quechilero.com\/blog\/wp-json\/wp\/v2\/users\/1"}],"replies":[{"embeddable":true,"href":"https:\/\/quechilero.com\/blog\/wp-json\/wp\/v2\/comments?post=17376"}],"version-history":[{"count":0,"href":"https:\/\/quechilero.com\/blog\/wp-json\/wp\/v2\/posts\/17376\/revisions"}],"wp:attachment":[{"href":"https:\/\/quechilero.com\/blog\/wp-json\/wp\/v2\/media?parent=17376"}],"wp:term":[{"taxonomy":"category","embeddable":true,"href":"https:\/\/quechilero.com\/blog\/wp-json\/wp\/v2\/categories?post=17376"},{"taxonomy":"post_tag","embeddable":true,"href":"https:\/\/quechilero.com\/blog\/wp-json\/wp\/v2\/tags?post=17376"},{"taxonomy":"series","embeddable":true,"href":"https:\/\/quechilero.com\/blog\/wp-json\/wp\/v2\/series?post=17376"}],"curies":[{"name":"wp","href":"https:\/\/api.w.org\/{rel}","templated":true}]}}