{"id":17322,"date":"2013-10-06T08:00:59","date_gmt":"2013-10-06T14:00:59","guid":{"rendered":"http:\/\/quechilero.com\/blog\/?p=17322"},"modified":"2013-10-01T19:28:23","modified_gmt":"2013-10-02T01:28:23","slug":"un-%ef%bb%bfcaracter-demasiado-debil","status":"publish","type":"post","link":"https:\/\/quechilero.com\/blog\/2013\/10\/06\/un-%ef%bb%bfcaracter-demasiado-debil\/","title":{"rendered":"Un \ufeffcar\u00e1cter demasiado d\u00e9bil"},"content":{"rendered":"<p>Hab\u00eda una vez un viejo campesino que viv\u00eda del producto de algunos mu de tierra que \u00e9l mismo cultivaba. Era un hombre d\u00e9bil de car\u00e1cter, pero tomaba su debilidad con esp\u00edritu apacible.<\/p>\n<p>Un d\u00eda fueron a decirle:<\/p>\n<p>&#8211; Su vecino ha metido su vaca en el campo de usted y el animal ha pisoteado toda su plantaci\u00f3n de arroz.<\/p>\n<p>&#8211; No lo habr\u00e1 hecho a prop\u00f3sito -contest\u00f3 el viejo campesino-. No tengo nada que reprocharle.<\/p>\n<p>Al d\u00eda siguiente, vinieron a decirle:<\/p>\n<p>&#8211; Su vecino est\u00e1 cosechando el arroz del campo de usted.<\/p>\n<p>&#8211; Mi vecino no tiene gran cosa que comer -explic\u00f3 el viejo campesino-; mi arroz madura antes que el suyo, y que coseche un poco para alimentar a su familia, no tiene ninguna importancia.<\/p>\n<p>Esta humildad que siempre empujaba al viejo a hacer concesiones, volvi\u00f3 al vecino cada d\u00eda m\u00e1s audaz; se apropi\u00f3 de una parte del campo del viejo, y para hacer un mango a su azad\u00f3n, cort\u00f3 una rama del \u00e1rbol que sombreaba la tumba de los antepasados del anciano.<\/p>\n<p>Perdiendo la paciencia, el viejo campesino fue a pedirle explicaciones:<\/p>\n<p>&#8211; \u00bfPor qu\u00e9 se ha apoderado usted de una parte de mi campo?<\/p>\n<p>&#8211; Nuestros campos est\u00e1n juntos -contest\u00f3 el brib\u00f3n-, los dos pertenecen al mismo terreno sin cultivar que desbrozamos; la l\u00ednea de demarcaci\u00f3n nunca ha sido bien definida. \u00bfUsted me reprocha que usurpo su tierra? \u00a1Pero si es m\u00e1s bien usted quien se apodera de la m\u00eda!<\/p>\n<p>&#8211; De todas maneras, \u00bfpor qu\u00e9 ha cortado usted las ramas del \u00e1rbol que sombreaba la tumba de mis antepasados?<\/p>\n<p>&#8211; \u00bfY por qu\u00e9 no enterr\u00f3 m\u00e1s lejos a sus antepasados? -contest\u00f3 el otro-; ese \u00e1rbol tiene ra\u00edces que se extienden por debajo de mis tierras y ramas que pasan por encima de mi campo. Si yo quiero cortarlas, \u00a1eso es cuenta m\u00eda!<\/p>\n<p>Ante tanta mala fe, el campesino empez\u00f3 a temblar de c\u00f3lera, pero su debilidad de car\u00e1cter se impuso y, despidi\u00e9ndose de su vecino, le dijo:<\/p>\n<p>&#8211; \u00a1Esto que sucede es culpa m\u00eda, enteramente culpa m\u00eda! \u00a1No deb\u00ed escogerlo a usted como vecino!<\/p>\n","protected":false},"excerpt":{"rendered":"<p>Hab\u00eda una vez un viejo campesino que viv\u00eda del producto de algunos mu de tierra que \u00e9l mismo cultivaba. Era un hombre d\u00e9bil de car\u00e1cter, pero tomaba su debilidad con esp\u00edritu apacible. Un d\u00eda fueron a decirle: &#8211; Su vecino ha metido su vaca en el campo de usted y el animal ha pisoteado toda &#8230; <a title=\"Un \ufeffcar\u00e1cter demasiado d\u00e9bil\" class=\"read-more\" href=\"https:\/\/quechilero.com\/blog\/2013\/10\/06\/un-%ef%bb%bfcaracter-demasiado-debil\/\" aria-label=\"Leer m\u00e1s sobre Un \ufeffcar\u00e1cter demasiado d\u00e9bil\">Leer m\u00e1s<\/a><\/p>\n","protected":false},"author":1,"featured_media":0,"comment_status":"open","ping_status":"open","sticky":false,"template":"","format":"standard","meta":{"advanced_seo_description":"","jetpack_seo_html_title":"","jetpack_seo_noindex":false,"jetpack_seo_schema_type":"","episode_type":"","audio_file":"","podmotor_file_id":"","podmotor_episode_id":"","cover_image":"","cover_image_id":"","duration":"","filesize":"","filesize_raw":"","date_recorded":"","explicit":"","block":"","_jetpack_newsletter_access":"","_jetpack_dont_email_post_to_subs":false,"_jetpack_newsletter_tier_id":0,"_jetpack_memberships_contains_paywalled_content":false,"_jetpack_feature_clip_id":0,"_jetpack_memberships_contains_paid_content":false,"footnotes":"","jetpack_publicize_message":"","jetpack_publicize_feature_enabled":true,"jetpack_social_post_already_shared":false,"jetpack_social_options":{"image_generator_settings":{"template":"highway","default_image_id":0,"font":"","enabled":false},"version":2},"jetpack_post_was_ever_published":false},"categories":[2],"tags":[18,60],"series":[],"class_list":["post-17322","post","type-post","status-publish","format-standard","hentry","category-limones","tag-hombre","tag-paciencia"],"episode_featured_image":false,"episode_player_image":"https:\/\/i0.wp.com\/quechilero.com\/blog\/imagenes\/podcast.png?fit=1831%2C1831&ssl=1","download_link":"","player_link":"","audio_player":false,"episode_data":{"playerMode":"dark","subscribeUrls":{"amazon":{"key":"amazon","url":"","label":"Amazon","class":"amazon","icon":"amazon.png"},"apple_podcasts":{"key":"apple_podcasts","url":"","label":"Apple Podcasts","class":"apple_podcasts","icon":"apple-podcasts.png"},"castbox":{"key":"castbox","url":"","label":"CastBox","class":"castbox","icon":"castbox.png"},"deezer":{"key":"deezer","url":"","label":"Deezer","class":"deezer","icon":"deezer.png"},"google_podcasts":{"key":"google_podcasts","url":"","label":"Google Podcasts","class":"google_podcasts","icon":"google-podcasts.png"},"listen_notes":{"key":"listen_notes","url":"","label":"Listen Notes","class":"listen_notes","icon":"listen-notes.png"},"pandora":{"key":"pandora","url":"","label":"Pandora","class":"pandora","icon":"pandora.png"},"podbean":{"key":"podbean","url":"","label":"Podbean","class":"podbean","icon":"podbean.png"},"podcast_republic":{"key":"podcast_republic","url":"","label":"Podcast Republic","class":"podcast_republic","icon":"podcast-republic.png"},"rss":{"key":"rss","url":"","label":"RSS","class":"rss","icon":"rss.png"},"spotify":{"key":"spotify","url":"","label":"Spotify","class":"spotify","icon":"spotify.png"},"stitcher":{"key":"stitcher","url":"","label":"Stitcher","class":"stitcher","icon":"stitcher.png"},"tunein":{"key":"tunein","url":"","label":"TuneIn","class":"tunein","icon":"tunein.png"},"youtube":{"key":"youtube","url":"","label":"YouTube","class":"youtube","icon":"youtube.png"},"iheartradio":{"key":"iheartradio","url":"","label":"iHeartRadio","class":"iheartradio","icon":"iheartradio.png"},"ivoox":{"key":"ivoox","url":"","label":"iVoox","class":"ivoox","icon":"ivoox.png"}},"rssFeedUrl":"https:\/\/quechilero.com\/blog\/feed\/podcast\/si-la-vida-nos-da-limones","embedCode":"<blockquote class=\"wp-embedded-content\" data-secret=\"ak9FpOcO2J\"><a href=\"https:\/\/quechilero.com\/blog\/2013\/10\/06\/un-%ef%bb%bfcaracter-demasiado-debil\/\">Un \ufeffcar\u00e1cter demasiado d\u00e9bil<\/a><\/blockquote><iframe sandbox=\"allow-scripts\" security=\"restricted\" src=\"https:\/\/quechilero.com\/blog\/2013\/10\/06\/un-%ef%bb%bfcaracter-demasiado-debil\/embed\/#?secret=ak9FpOcO2J\" width=\"500\" height=\"350\" title=\"\u00abUn \ufeffcar\u00e1cter demasiado d\u00e9bil\u00bb \u2014 Si la Vida nos da Limones...\" data-secret=\"ak9FpOcO2J\" frameborder=\"0\" marginwidth=\"0\" marginheight=\"0\" scrolling=\"no\" class=\"wp-embedded-content\"><\/iframe><script>\n\/*! This file is auto-generated *\/\n!function(d,l){\"use strict\";l.querySelector&&d.addEventListener&&\"undefined\"!=typeof URL&&(d.wp=d.wp||{},d.wp.receiveEmbedMessage||(d.wp.receiveEmbedMessage=function(e){var t=e.data;if((t||t.secret||t.message||t.value)&&!\/[^a-zA-Z0-9]\/.test(t.secret)){for(var s,r,n,a=l.querySelectorAll('iframe[data-secret=\"'+t.secret+'\"]'),o=l.querySelectorAll('blockquote[data-secret=\"'+t.secret+'\"]'),c=new RegExp(\"^https?:$\",\"i\"),i=0;i<o.length;i++)o[i].style.display=\"none\";for(i=0;i<a.length;i++)s=a[i],e.source===s.contentWindow&&(s.removeAttribute(\"style\"),\"height\"===t.message?(1e3<(r=parseInt(t.value,10))?r=1e3:~~r<200&&(r=200),s.height=r):\"link\"===t.message&&(r=new URL(s.getAttribute(\"src\")),n=new URL(t.value),c.test(n.protocol))&&n.host===r.host&&l.activeElement===s&&(d.top.location.href=t.value))}},d.addEventListener(\"message\",d.wp.receiveEmbedMessage,!1),l.addEventListener(\"DOMContentLoaded\",function(){for(var e,t,s=l.querySelectorAll(\"iframe.wp-embedded-content\"),r=0;r<s.length;r++)(t=(e=s[r]).getAttribute(\"data-secret\"))||(t=Math.random().toString(36).substring(2,12),e.src+=\"#?secret=\"+t,e.setAttribute(\"data-secret\",t)),e.contentWindow.postMessage({message:\"ready\",secret:t},\"*\")},!1)))}(window,document);\n\/\/# sourceURL=https:\/\/quechilero.com\/blog\/wp-includes\/js\/wp-embed.min.js\n<\/script>\n"},"jetpack_publicize_connections":[],"jetpack_shortlink":"https:\/\/wp.me\/pDKli-4vo","jetpack_sharing_enabled":true,"jetpack-related-posts":[{"id":13018,"url":"https:\/\/quechilero.com\/blog\/2012\/04\/11\/el-burro\/","url_meta":{"origin":17322,"position":0},"title":"El Burro","author":"Pepe Barrascout Ortiz","date":"11 abril 2012","format":false,"excerpt":"Un d\u00eda, el burro de una campesina se cay\u00f3 en un pozo. El animal llor\u00f3 durante horas, mientras la campesina trataba de averiguar qu\u00e9 hacer. Finalmente la campesina decidi\u00f3 que el animal ya estaba viejo, el pozo estaba seco, y necesitaba ser tapado de todas formas y que realmente no\u2026","rel":"","context":"En \u00abLimones\u00bb","block_context":{"text":"Limones","link":"https:\/\/quechilero.com\/blog\/category\/limones\/"},"img":{"alt_text":"","src":"","width":0,"height":0},"classes":[]},{"id":7121,"url":"https:\/\/quechilero.com\/blog\/2011\/02\/28\/de-donde-viene-el-arroz\/","url_meta":{"origin":17322,"position":1},"title":"\u00bfDe d\u00f3nde viene el arroz?","author":"Pepe Barrascout Ortiz","date":"28 febrero 2011","format":false,"excerpt":"Los nietos de Cai Jing, el c\u00e9lebre ministro de Song, fueron educados como ni\u00f1os ricos y no ten\u00edan idea alguna sobre los trabajos del campo. Un d\u00eda Cai Jing les pregunt\u00f3 bromeando: - \u00bfPueden decirme ustedes de d\u00f3nde viene el arroz que comen todos los d\u00edas? El primero reflexion\u00f3 y\u2026","rel":"","context":"En \u00abLimones\u00bb","block_context":{"text":"Limones","link":"https:\/\/quechilero.com\/blog\/category\/limones\/"},"img":{"alt_text":"","src":"","width":0,"height":0},"classes":[]},{"id":16806,"url":"https:\/\/quechilero.com\/blog\/2013\/07\/05\/si-se-siembra-se-cosecha\/","url_meta":{"origin":17322,"position":2},"title":"Si se siembra, se cosecha","author":"Pepe Barrascout Ortiz","date":"5 julio 2013","format":false,"excerpt":"Un agr\u00f3nomo lleg\u00f3 a una comunidad y pregunt\u00f3 a don Laureano, el m\u00e1s viejo del lugar: - \u00bfUsted cree que este campo me dar\u00e1 buen algod\u00f3n? - \u00bfAlgod\u00f3n, dijo? No. Este campo no puede dar algod\u00f3n. Nunca he visto que d\u00e9 algod\u00f3n. - Entonces, \u00bfpodr\u00e1 dar ma\u00edz, papas...? - No,\u2026","rel":"","context":"En \u00abLimones\u00bb","block_context":{"text":"Limones","link":"https:\/\/quechilero.com\/blog\/category\/limones\/"},"img":{"alt_text":"","src":"","width":0,"height":0},"classes":[]},{"id":4114,"url":"https:\/\/quechilero.com\/blog\/2010\/01\/02\/el-respeto\/","url_meta":{"origin":17322,"position":3},"title":"El respeto","author":"Pepe Barrascout Ortiz","date":"2 enero 2010","format":false,"excerpt":"Un hombre estaba poniendo flores en la tumba de su esposa, cuando ve a un chino poniendo un plato de arroz en la tumba vecina. El hombre se dirigi\u00f3 al chino y le pregunt\u00f3, en tono levemente burl\u00f3n: - \"Disculpe se\u00f1or, pero... \u00bfde verdad cree usted que el difunto vendr\u00e1\u2026","rel":"","context":"En \u00abLimones\u00bb","block_context":{"text":"Limones","link":"https:\/\/quechilero.com\/blog\/category\/limones\/"},"img":{"alt_text":"","src":"","width":0,"height":0},"classes":[]},{"id":12791,"url":"https:\/\/quechilero.com\/blog\/2012\/03\/14\/el-muro-desmoronado\/","url_meta":{"origin":17322,"position":4},"title":"El muro desmoronado","author":"Pepe Barrascout Ortiz","date":"14 marzo 2012","format":false,"excerpt":"Hab\u00eda una vez un hombre rico en el Reino de Song. Despu\u00e9s de un aguacero, el muro de su casa comenz\u00f3 a desmoronarse. - Si no repara ese muro -le dijo su hijo-, por ah\u00ed va a entrar un ladr\u00f3n. Un viejo vecino le hizo la misma advertencia. Por cierto,\u2026","rel":"","context":"En \u00abLimones\u00bb","block_context":{"text":"Limones","link":"https:\/\/quechilero.com\/blog\/category\/limones\/"},"img":{"alt_text":"","src":"","width":0,"height":0},"classes":[]},{"id":5603,"url":"https:\/\/quechilero.com\/blog\/2010\/09\/12\/el-platano-talado\/","url_meta":{"origin":17322,"position":5},"title":"El pl\u00e1tano talado","author":"Pepe Barrascout Ortiz","date":"12 septiembre 2010","format":false,"excerpt":"Un hombre ten\u00eda un pl\u00e1tano seco. - El conservar un pl\u00e1tano seco trae mala suerte -dijo su vecino. Pero cuando el due\u00f1o del \u00e1rbol lo hubo talado, el vecino le pidi\u00f3 un poco de le\u00f1a para el fuego. - El viejo s\u00f3lo quer\u00eda le\u00f1a -pens\u00f3 el hombre enfadado-. Por eso\u2026","rel":"","context":"En \u00abLimones\u00bb","block_context":{"text":"Limones","link":"https:\/\/quechilero.com\/blog\/category\/limones\/"},"img":{"alt_text":"","src":"","width":0,"height":0},"classes":[]}],"jetpack_featured_media_url":"","_links":{"self":[{"href":"https:\/\/quechilero.com\/blog\/wp-json\/wp\/v2\/posts\/17322","targetHints":{"allow":["GET"]}}],"collection":[{"href":"https:\/\/quechilero.com\/blog\/wp-json\/wp\/v2\/posts"}],"about":[{"href":"https:\/\/quechilero.com\/blog\/wp-json\/wp\/v2\/types\/post"}],"author":[{"embeddable":true,"href":"https:\/\/quechilero.com\/blog\/wp-json\/wp\/v2\/users\/1"}],"replies":[{"embeddable":true,"href":"https:\/\/quechilero.com\/blog\/wp-json\/wp\/v2\/comments?post=17322"}],"version-history":[{"count":0,"href":"https:\/\/quechilero.com\/blog\/wp-json\/wp\/v2\/posts\/17322\/revisions"}],"wp:attachment":[{"href":"https:\/\/quechilero.com\/blog\/wp-json\/wp\/v2\/media?parent=17322"}],"wp:term":[{"taxonomy":"category","embeddable":true,"href":"https:\/\/quechilero.com\/blog\/wp-json\/wp\/v2\/categories?post=17322"},{"taxonomy":"post_tag","embeddable":true,"href":"https:\/\/quechilero.com\/blog\/wp-json\/wp\/v2\/tags?post=17322"},{"taxonomy":"series","embeddable":true,"href":"https:\/\/quechilero.com\/blog\/wp-json\/wp\/v2\/series?post=17322"}],"curies":[{"name":"wp","href":"https:\/\/api.w.org\/{rel}","templated":true}]}}