{"id":17319,"date":"2013-10-17T08:00:47","date_gmt":"2013-10-17T14:00:47","guid":{"rendered":"http:\/\/quechilero.com\/blog\/?p=17319"},"modified":"2013-10-01T19:22:42","modified_gmt":"2013-10-02T01:22:42","slug":"pasare-como-peregrino-la-etapa-final-de-mi-peregrinacion-en-la-tierra","status":"publish","type":"post","link":"https:\/\/quechilero.com\/blog\/2013\/10\/17\/pasare-como-peregrino-la-etapa-final-de-mi-peregrinacion-en-la-tierra\/","title":{"rendered":"Pasar\u00e9 como peregrino la etapa final de mi peregrinaci\u00f3n en la tierra"},"content":{"rendered":"<p>\u00abGracias por vuestra amistad y vuestro afecto\u00bb dijo Benedicto XVI, poco despu\u00e9s de las cinco y media de la tarde, desde el balc\u00f3n de Castel Gandolfo. Tras los calurosos aplausos prosigui\u00f3: \u00abComo ustedes saben este d\u00eda m\u00edo es diverso, desde las 20 horas no soy m\u00e1s pont\u00edfice de la Iglesia cat\u00f3lica y paso a ser simplemente un peregrino que inicia la \u00faltima etapa de su peregrinaci\u00f3n en esta tierra\u00bb.<\/p>\n<p>Fueron palabras dichas hacia la multitud, sin ning\u00fan tipo de anotaci\u00f3n, que claramente proven\u00edan del fondo de su coraz\u00f3n y suscitaron fuertes aplausos.<\/p>\n<p>\u00abQuerr\u00eda todav\u00eda, con mi coraz\u00f3n, con mi amor, con mi oraci\u00f3n, y mi reflexi\u00f3n, con toda mi fuerza interior, trabajar por el bien com\u00fan, de la Iglesia y de la humanidad\u00bb dijo. Y a\u00f1adi\u00f3: \u00abMe siento muy apoyado por vuestra simpat\u00eda\u00bb.<\/p>\n<p>Y el a\u00fan papa concluy\u00f3: \u00abVamos adelante juntos con el Se\u00f1or por el bien de la Iglesia y del mundo. Les imparto con todo mi coraz\u00f3n mi bendici\u00f3n&#8230;\u00bb.<\/p>\n<p>Las luces de Castel Gandolfo ya iniciaban a encenderse en una tarde que fue soleada pero fr\u00eda, y curiosamente despu\u00e9s que el papa se fue, la gente demor\u00f3 bastante en desocupar la misma, como si le costara la idea de que no van a verlo m\u00e1s.<\/p>\n","protected":false},"excerpt":{"rendered":"<p>\u00abGracias por vuestra amistad y vuestro afecto\u00bb dijo Benedicto XVI, poco despu\u00e9s de las cinco y media de la tarde, desde el balc\u00f3n de Castel Gandolfo. Tras los calurosos aplausos prosigui\u00f3: \u00abComo ustedes saben este d\u00eda m\u00edo es diverso, desde las 20 horas no soy m\u00e1s pont\u00edfice de la Iglesia cat\u00f3lica y paso a ser &#8230; <a title=\"Pasar\u00e9 como peregrino la etapa final de mi peregrinaci\u00f3n en la tierra\" class=\"read-more\" href=\"https:\/\/quechilero.com\/blog\/2013\/10\/17\/pasare-como-peregrino-la-etapa-final-de-mi-peregrinacion-en-la-tierra\/\" aria-label=\"Leer m\u00e1s sobre Pasar\u00e9 como peregrino la etapa final de mi peregrinaci\u00f3n en la tierra\">Leer m\u00e1s<\/a><\/p>\n","protected":false},"author":1,"featured_media":0,"comment_status":"open","ping_status":"open","sticky":false,"template":"","format":"standard","meta":{"advanced_seo_description":"","jetpack_seo_html_title":"","jetpack_seo_noindex":false,"jetpack_seo_schema_type":"","episode_type":"","audio_file":"","podmotor_file_id":"","podmotor_episode_id":"","cover_image":"","cover_image_id":"","duration":"","filesize":"","filesize_raw":"","date_recorded":"","explicit":"","block":"","_jetpack_newsletter_access":"","_jetpack_dont_email_post_to_subs":false,"_jetpack_newsletter_tier_id":0,"_jetpack_memberships_contains_paywalled_content":false,"_jetpack_feature_clip_id":0,"_jetpack_memberships_contains_paid_content":false,"footnotes":"","jetpack_publicize_message":"","jetpack_publicize_feature_enabled":true,"jetpack_social_post_already_shared":false,"jetpack_social_options":{"image_generator_settings":{"template":"highway","default_image_id":0,"font":"","enabled":false},"version":2},"jetpack_post_was_ever_published":false},"categories":[2],"tags":[84,15,9,86,42],"series":[],"class_list":["post-17319","post","type-post","status-publish","format-standard","hentry","category-limones","tag-amistad","tag-amor","tag-idea","tag-oracion","tag-palabra"],"episode_featured_image":false,"episode_player_image":"https:\/\/i0.wp.com\/quechilero.com\/blog\/imagenes\/podcast.png?fit=1831%2C1831&ssl=1","download_link":"","player_link":"","audio_player":false,"episode_data":{"playerMode":"dark","subscribeUrls":{"amazon":{"key":"amazon","url":"","label":"Amazon","class":"amazon","icon":"amazon.png"},"apple_podcasts":{"key":"apple_podcasts","url":"","label":"Apple Podcasts","class":"apple_podcasts","icon":"apple-podcasts.png"},"castbox":{"key":"castbox","url":"","label":"CastBox","class":"castbox","icon":"castbox.png"},"deezer":{"key":"deezer","url":"","label":"Deezer","class":"deezer","icon":"deezer.png"},"google_podcasts":{"key":"google_podcasts","url":"","label":"Google Podcasts","class":"google_podcasts","icon":"google-podcasts.png"},"listen_notes":{"key":"listen_notes","url":"","label":"Listen Notes","class":"listen_notes","icon":"listen-notes.png"},"pandora":{"key":"pandora","url":"","label":"Pandora","class":"pandora","icon":"pandora.png"},"podbean":{"key":"podbean","url":"","label":"Podbean","class":"podbean","icon":"podbean.png"},"podcast_republic":{"key":"podcast_republic","url":"","label":"Podcast Republic","class":"podcast_republic","icon":"podcast-republic.png"},"rss":{"key":"rss","url":"","label":"RSS","class":"rss","icon":"rss.png"},"spotify":{"key":"spotify","url":"","label":"Spotify","class":"spotify","icon":"spotify.png"},"stitcher":{"key":"stitcher","url":"","label":"Stitcher","class":"stitcher","icon":"stitcher.png"},"tunein":{"key":"tunein","url":"","label":"TuneIn","class":"tunein","icon":"tunein.png"},"youtube":{"key":"youtube","url":"","label":"YouTube","class":"youtube","icon":"youtube.png"},"iheartradio":{"key":"iheartradio","url":"","label":"iHeartRadio","class":"iheartradio","icon":"iheartradio.png"},"ivoox":{"key":"ivoox","url":"","label":"iVoox","class":"ivoox","icon":"ivoox.png"}},"rssFeedUrl":"https:\/\/quechilero.com\/blog\/feed\/podcast\/si-la-vida-nos-da-limones","embedCode":"<blockquote class=\"wp-embedded-content\" data-secret=\"iB2w0hv99A\"><a href=\"https:\/\/quechilero.com\/blog\/2013\/10\/17\/pasare-como-peregrino-la-etapa-final-de-mi-peregrinacion-en-la-tierra\/\">Pasar\u00e9 como peregrino la etapa final de mi peregrinaci\u00f3n en la tierra<\/a><\/blockquote><iframe sandbox=\"allow-scripts\" security=\"restricted\" src=\"https:\/\/quechilero.com\/blog\/2013\/10\/17\/pasare-como-peregrino-la-etapa-final-de-mi-peregrinacion-en-la-tierra\/embed\/#?secret=iB2w0hv99A\" width=\"500\" height=\"350\" title=\"\u00abPasar\u00e9 como peregrino la etapa final de mi peregrinaci\u00f3n en la tierra\u00bb \u2014 Si la Vida nos da Limones...\" data-secret=\"iB2w0hv99A\" frameborder=\"0\" marginwidth=\"0\" marginheight=\"0\" scrolling=\"no\" class=\"wp-embedded-content\"><\/iframe><script>\n\/*! This file is auto-generated *\/\n!function(d,l){\"use strict\";l.querySelector&&d.addEventListener&&\"undefined\"!=typeof URL&&(d.wp=d.wp||{},d.wp.receiveEmbedMessage||(d.wp.receiveEmbedMessage=function(e){var t=e.data;if((t||t.secret||t.message||t.value)&&!\/[^a-zA-Z0-9]\/.test(t.secret)){for(var s,r,n,a=l.querySelectorAll('iframe[data-secret=\"'+t.secret+'\"]'),o=l.querySelectorAll('blockquote[data-secret=\"'+t.secret+'\"]'),c=new RegExp(\"^https?:$\",\"i\"),i=0;i<o.length;i++)o[i].style.display=\"none\";for(i=0;i<a.length;i++)s=a[i],e.source===s.contentWindow&&(s.removeAttribute(\"style\"),\"height\"===t.message?(1e3<(r=parseInt(t.value,10))?r=1e3:~~r<200&&(r=200),s.height=r):\"link\"===t.message&&(r=new URL(s.getAttribute(\"src\")),n=new URL(t.value),c.test(n.protocol))&&n.host===r.host&&l.activeElement===s&&(d.top.location.href=t.value))}},d.addEventListener(\"message\",d.wp.receiveEmbedMessage,!1),l.addEventListener(\"DOMContentLoaded\",function(){for(var e,t,s=l.querySelectorAll(\"iframe.wp-embedded-content\"),r=0;r<s.length;r++)(t=(e=s[r]).getAttribute(\"data-secret\"))||(t=Math.random().toString(36).substring(2,12),e.src+=\"#?secret=\"+t,e.setAttribute(\"data-secret\",t)),e.contentWindow.postMessage({message:\"ready\",secret:t},\"*\")},!1)))}(window,document);\n\/\/# sourceURL=https:\/\/quechilero.com\/blog\/wp-includes\/js\/wp-embed.min.js\n<\/script>\n"},"jetpack_publicize_connections":[],"jetpack_shortlink":"https:\/\/wp.me\/pDKli-4vl","jetpack_sharing_enabled":true,"jetpack-related-posts":[{"id":279,"url":"https:\/\/quechilero.com\/blog\/2006\/10\/17\/oracion-descalzo\/","url_meta":{"origin":17319,"position":0},"title":"Oraci\u00f3n descalzo","author":"Pepe Barrascout Ortiz","date":"17 octubre 2006","format":false,"excerpt":"Tuve una experiencia que ilustra el poder que da seguir la Palabra de Dios mientras estaba en mi segundo pastorado en Lancaster, Ohio. La nuestra era una iglesia creciente y pude ver que pronto se nos acabar\u00eda el espacio. Cuando eso sucede, la iglesia tiene tres opciones: relocalizarse, expandir el\u2026","rel":"","context":"En \u00abLimones\u00bb","block_context":{"text":"Limones","link":"https:\/\/quechilero.com\/blog\/category\/limones\/"},"img":{"alt_text":"","src":"","width":0,"height":0},"classes":[]},{"id":17169,"url":"https:\/\/quechilero.com\/blog\/2013\/09\/04\/podcast-en-la-vida-de-san-agustin\/","url_meta":{"origin":17319,"position":1},"title":"Podcast: En la Vida de San Agust\u00edn","author":"Pepe Barrascout Ortiz","date":"4 septiembre 2013","format":false,"excerpt":"Podcast: \"En la Vida de San Agust\u00edn\" La radionovela \"En la Vida de San Agust\u00edn\", escrita por Tere Garc\u00eda Ruiz, Seglar Agustina Recoleta, revisada y autorizada por fray Enrique Eguiarte, traslada las Confesiones a una serie de di\u00e1logos y situaciones que van del presente al pasado en Tagaste, Cartago, Mil\u00e1n\u2026","rel":"","context":"En \u00abPodcast\u00bb","block_context":{"text":"Podcast","link":"https:\/\/quechilero.com\/blog\/category\/podcast\/"},"img":{"alt_text":"Las 6 de la ma\u00f1ana. Podcast","src":"https:\/\/i0.wp.com\/lh3.googleusercontent.com\/-MuDpgG_t8tg\/Uics8DjfI0I\/AAAAAAAACFg\/DQ_9XUG-gUE\/s800\/san-agustin.png?resize=350%2C200&ssl=1","width":350,"height":200,"srcset":"https:\/\/i0.wp.com\/lh3.googleusercontent.com\/-MuDpgG_t8tg\/Uics8DjfI0I\/AAAAAAAACFg\/DQ_9XUG-gUE\/s800\/san-agustin.png?resize=350%2C200&ssl=1 1x, https:\/\/i0.wp.com\/lh3.googleusercontent.com\/-MuDpgG_t8tg\/Uics8DjfI0I\/AAAAAAAACFg\/DQ_9XUG-gUE\/s800\/san-agustin.png?resize=525%2C300&ssl=1 1.5x"},"classes":[]},{"id":7599,"url":"https:\/\/quechilero.com\/blog\/2011\/03\/31\/reflexiones-de-cuaresma-dia-23\/","url_meta":{"origin":17319,"position":2},"title":"Reflexiones de Cuaresma d\u00eda 23","author":"Pepe Barrascout Ortiz","date":"31 marzo 2011","format":false,"excerpt":"Oraci\u00f3n inicial Se\u00f1or m\u00edo, Jesucristo, creo firmemente que est\u00e1s aqu\u00ed; en estos pocos minutos de oraci\u00f3n que empiezo ahora quiero pedirte y agradecerte. Pedirte\u00a0la gracia de darme m\u00e1s cuenta de que T\u00fa vives, me escuchas y me amas; tanto, que has querido morir libremente por m\u00ed en la cruz y\u2026","rel":"","context":"En \u00abLimones por mano\u00bb","block_context":{"text":"Limones por mano","link":"https:\/\/quechilero.com\/blog\/category\/limones-por-mano\/"},"img":{"alt_text":"","src":"","width":0,"height":0},"classes":[]},{"id":11472,"url":"https:\/\/quechilero.com\/blog\/2011\/12\/30\/oracion-de-fin-y-principio-de-ano\/","url_meta":{"origin":17319,"position":3},"title":"Oraci\u00f3n de fin y principio de a\u00f1o","author":"Pepe Barrascout Ortiz","date":"30 diciembre 2011","format":false,"excerpt":"Se\u00f1or, Dios, due\u00f1o del tiempo y de la eternidad, tuyo es el hoy y el ma\u00f1ana, el pasado y el futuro. Al terminar este a\u00f1o quiero darte gracias por todo aquello que recib\u00ed de TI. Gracias por la vida y el amor, por las flores, el aire y el sol,\u2026","rel":"","context":"En \u00abLimones\u00bb","block_context":{"text":"Limones","link":"https:\/\/quechilero.com\/blog\/category\/limones\/"},"img":{"alt_text":"","src":"","width":0,"height":0},"classes":[]},{"id":5748,"url":"https:\/\/quechilero.com\/blog\/2010\/10\/08\/el-valor-de-la-amistad\/","url_meta":{"origin":17319,"position":4},"title":"El valor de la Amistad","author":"Pepe Barrascout Ortiz","date":"8 octubre 2010","format":false,"excerpt":"Las hermanas de L\u00e1zaro no encuentran mejor t\u00edtulo que el de la amistad para solicitar la presencia del Se\u00f1or: Tu amigo est\u00e1 enfermo (Juan 11, 3) le mandan decir. Es el mejor argumento que tienen a mano. Jes\u00fas busc\u00f3 y facilit\u00f3 la amistad a todos aquellos que encontr\u00f3 por los\u2026","rel":"","context":"En \u00abLimones\u00bb","block_context":{"text":"Limones","link":"https:\/\/quechilero.com\/blog\/category\/limones\/"},"img":{"alt_text":"","src":"","width":0,"height":0},"classes":[]},{"id":559,"url":"https:\/\/quechilero.com\/blog\/2007\/05\/26\/amigos-en-oferta\/","url_meta":{"origin":17319,"position":5},"title":"Amigos \u00aben oferta\u00bb","author":"Pepe Barrascout Ortiz","date":"26 mayo 2007","format":false,"excerpt":"Recuerdo una simp\u00e1tica oraci\u00f3n que me enviaron en que comparan la amistad a una mercanc\u00eda que podemos ofrecer. La oraci\u00f3n dice as\u00ed: \"Se\u00f1or, ay\u00fadame a ser un amigo 'en oferta'\". Con esto quiero decir, deja que aquellos que busquen amistad en m\u00ed, obtengan m\u00e1s de lo que hab\u00edan esperado. Que\u2026","rel":"","context":"En \u00abLimones\u00bb","block_context":{"text":"Limones","link":"https:\/\/quechilero.com\/blog\/category\/limones\/"},"img":{"alt_text":"","src":"","width":0,"height":0},"classes":[]}],"jetpack_featured_media_url":"","_links":{"self":[{"href":"https:\/\/quechilero.com\/blog\/wp-json\/wp\/v2\/posts\/17319","targetHints":{"allow":["GET"]}}],"collection":[{"href":"https:\/\/quechilero.com\/blog\/wp-json\/wp\/v2\/posts"}],"about":[{"href":"https:\/\/quechilero.com\/blog\/wp-json\/wp\/v2\/types\/post"}],"author":[{"embeddable":true,"href":"https:\/\/quechilero.com\/blog\/wp-json\/wp\/v2\/users\/1"}],"replies":[{"embeddable":true,"href":"https:\/\/quechilero.com\/blog\/wp-json\/wp\/v2\/comments?post=17319"}],"version-history":[{"count":0,"href":"https:\/\/quechilero.com\/blog\/wp-json\/wp\/v2\/posts\/17319\/revisions"}],"wp:attachment":[{"href":"https:\/\/quechilero.com\/blog\/wp-json\/wp\/v2\/media?parent=17319"}],"wp:term":[{"taxonomy":"category","embeddable":true,"href":"https:\/\/quechilero.com\/blog\/wp-json\/wp\/v2\/categories?post=17319"},{"taxonomy":"post_tag","embeddable":true,"href":"https:\/\/quechilero.com\/blog\/wp-json\/wp\/v2\/tags?post=17319"},{"taxonomy":"series","embeddable":true,"href":"https:\/\/quechilero.com\/blog\/wp-json\/wp\/v2\/series?post=17319"}],"curies":[{"name":"wp","href":"https:\/\/api.w.org\/{rel}","templated":true}]}}