{"id":17318,"date":"2013-10-16T08:00:44","date_gmt":"2013-10-16T14:00:44","guid":{"rendered":"http:\/\/quechilero.com\/blog\/?p=17318"},"modified":"2013-10-01T19:22:07","modified_gmt":"2013-10-02T01:22:07","slug":"de-la-%ef%bb%bfdesfiguracion","status":"publish","type":"post","link":"https:\/\/quechilero.com\/blog\/2013\/10\/16\/de-la-%ef%bb%bfdesfiguracion\/","title":{"rendered":"De la \ufeffdesfiguraci\u00f3n"},"content":{"rendered":"<p>Cuidado, porque los s\u00edmbolos se pueden transformar en trampas.<\/p>\n<p>En el libro \u00abC\u00e1ntico para Leibowitz\u00bb todo pasa en un futuro distante, mil a\u00f1os despu\u00e9s de que la actual civilizaci\u00f3n ha sido destruida. Sus habitantes usan antiguos cables de computadora enrollados en el cuello, porque, dice la tradici\u00f3n, esos cables conten\u00edan sabidur\u00eda.<\/p>\n<p>Jorge Luis Borges tambi\u00e9n habla de la transformaci\u00f3n de los s\u00edmbolos: la cruz, un instrumento de tortura, se volvi\u00f3 a un instrumento de fe. Una flecha asesina ahora apenas indica una direcci\u00f3n.<\/p>\n<p>Una leyenda Zen cuenta la historia de un maestro que siempre mandaba a atar a su gato, que perturbaba la meditaci\u00f3n de los disc\u00edpulos. El tiempo pas\u00f3, y el maestro muri\u00f3. El gato tambi\u00e9n muri\u00f3, y trajeron otro. Cien a\u00f1os despu\u00e9s, alguien escribi\u00f3 un tratado respetad\u00edsimo, sobre la importancia de tener un gato atado durante una meditaci\u00f3n.<\/p>\n","protected":false},"excerpt":{"rendered":"<p>Cuidado, porque los s\u00edmbolos se pueden transformar en trampas. En el libro \u00abC\u00e1ntico para Leibowitz\u00bb todo pasa en un futuro distante, mil a\u00f1os despu\u00e9s de que la actual civilizaci\u00f3n ha sido destruida. Sus habitantes usan antiguos cables de computadora enrollados en el cuello, porque, dice la tradici\u00f3n, esos cables conten\u00edan sabidur\u00eda. Jorge Luis Borges tambi\u00e9n &#8230; <a title=\"De la \ufeffdesfiguraci\u00f3n\" class=\"read-more\" href=\"https:\/\/quechilero.com\/blog\/2013\/10\/16\/de-la-%ef%bb%bfdesfiguracion\/\" aria-label=\"Leer m\u00e1s sobre De la \ufeffdesfiguraci\u00f3n\">Leer m\u00e1s<\/a><\/p>\n","protected":false},"author":1,"featured_media":0,"comment_status":"open","ping_status":"open","sticky":false,"template":"","format":"standard","meta":{"advanced_seo_description":"","jetpack_seo_html_title":"","jetpack_seo_noindex":false,"jetpack_seo_schema_type":"","episode_type":"","audio_file":"","podmotor_file_id":"","podmotor_episode_id":"","cover_image":"","cover_image_id":"","duration":"","filesize":"","filesize_raw":"","date_recorded":"","explicit":"","block":"","_jetpack_newsletter_access":"","_jetpack_dont_email_post_to_subs":false,"_jetpack_newsletter_tier_id":0,"_jetpack_memberships_contains_paywalled_content":false,"_jetpack_feature_clip_id":0,"_jetpack_memberships_contains_paid_content":false,"footnotes":"","jetpack_publicize_message":"","jetpack_publicize_feature_enabled":true,"jetpack_social_post_already_shared":false,"jetpack_social_options":{"image_generator_settings":{"template":"highway","default_image_id":0,"font":"","enabled":false},"version":2},"jetpack_post_was_ever_published":false},"categories":[2],"tags":[17,72,5],"series":[],"class_list":["post-17318","post","type-post","status-publish","format-standard","hentry","category-limones","tag-historia","tag-libro","tag-tiempo"],"episode_featured_image":false,"episode_player_image":"https:\/\/i0.wp.com\/quechilero.com\/blog\/imagenes\/podcast.png?fit=1831%2C1831&ssl=1","download_link":"","player_link":"","audio_player":false,"episode_data":{"playerMode":"dark","subscribeUrls":{"amazon":{"key":"amazon","url":"","label":"Amazon","class":"amazon","icon":"amazon.png"},"apple_podcasts":{"key":"apple_podcasts","url":"","label":"Apple Podcasts","class":"apple_podcasts","icon":"apple-podcasts.png"},"castbox":{"key":"castbox","url":"","label":"CastBox","class":"castbox","icon":"castbox.png"},"deezer":{"key":"deezer","url":"","label":"Deezer","class":"deezer","icon":"deezer.png"},"google_podcasts":{"key":"google_podcasts","url":"","label":"Google Podcasts","class":"google_podcasts","icon":"google-podcasts.png"},"listen_notes":{"key":"listen_notes","url":"","label":"Listen Notes","class":"listen_notes","icon":"listen-notes.png"},"pandora":{"key":"pandora","url":"","label":"Pandora","class":"pandora","icon":"pandora.png"},"podbean":{"key":"podbean","url":"","label":"Podbean","class":"podbean","icon":"podbean.png"},"podcast_republic":{"key":"podcast_republic","url":"","label":"Podcast Republic","class":"podcast_republic","icon":"podcast-republic.png"},"rss":{"key":"rss","url":"","label":"RSS","class":"rss","icon":"rss.png"},"spotify":{"key":"spotify","url":"","label":"Spotify","class":"spotify","icon":"spotify.png"},"stitcher":{"key":"stitcher","url":"","label":"Stitcher","class":"stitcher","icon":"stitcher.png"},"tunein":{"key":"tunein","url":"","label":"TuneIn","class":"tunein","icon":"tunein.png"},"youtube":{"key":"youtube","url":"","label":"YouTube","class":"youtube","icon":"youtube.png"},"iheartradio":{"key":"iheartradio","url":"","label":"iHeartRadio","class":"iheartradio","icon":"iheartradio.png"},"ivoox":{"key":"ivoox","url":"","label":"iVoox","class":"ivoox","icon":"ivoox.png"}},"rssFeedUrl":"https:\/\/quechilero.com\/blog\/feed\/podcast\/si-la-vida-nos-da-limones","embedCode":"<blockquote class=\"wp-embedded-content\" data-secret=\"KkwzkJPOZa\"><a href=\"https:\/\/quechilero.com\/blog\/2013\/10\/16\/de-la-%ef%bb%bfdesfiguracion\/\">De la \ufeffdesfiguraci\u00f3n<\/a><\/blockquote><iframe sandbox=\"allow-scripts\" security=\"restricted\" src=\"https:\/\/quechilero.com\/blog\/2013\/10\/16\/de-la-%ef%bb%bfdesfiguracion\/embed\/#?secret=KkwzkJPOZa\" width=\"500\" height=\"350\" title=\"\u00abDe la \ufeffdesfiguraci\u00f3n\u00bb \u2014 Si la Vida nos da Limones...\" data-secret=\"KkwzkJPOZa\" frameborder=\"0\" marginwidth=\"0\" marginheight=\"0\" scrolling=\"no\" class=\"wp-embedded-content\"><\/iframe><script>\n\/*! This file is auto-generated *\/\n!function(d,l){\"use strict\";l.querySelector&&d.addEventListener&&\"undefined\"!=typeof URL&&(d.wp=d.wp||{},d.wp.receiveEmbedMessage||(d.wp.receiveEmbedMessage=function(e){var t=e.data;if((t||t.secret||t.message||t.value)&&!\/[^a-zA-Z0-9]\/.test(t.secret)){for(var s,r,n,a=l.querySelectorAll('iframe[data-secret=\"'+t.secret+'\"]'),o=l.querySelectorAll('blockquote[data-secret=\"'+t.secret+'\"]'),c=new RegExp(\"^https?:$\",\"i\"),i=0;i<o.length;i++)o[i].style.display=\"none\";for(i=0;i<a.length;i++)s=a[i],e.source===s.contentWindow&&(s.removeAttribute(\"style\"),\"height\"===t.message?(1e3<(r=parseInt(t.value,10))?r=1e3:~~r<200&&(r=200),s.height=r):\"link\"===t.message&&(r=new URL(s.getAttribute(\"src\")),n=new URL(t.value),c.test(n.protocol))&&n.host===r.host&&l.activeElement===s&&(d.top.location.href=t.value))}},d.addEventListener(\"message\",d.wp.receiveEmbedMessage,!1),l.addEventListener(\"DOMContentLoaded\",function(){for(var e,t,s=l.querySelectorAll(\"iframe.wp-embedded-content\"),r=0;r<s.length;r++)(t=(e=s[r]).getAttribute(\"data-secret\"))||(t=Math.random().toString(36).substring(2,12),e.src+=\"#?secret=\"+t,e.setAttribute(\"data-secret\",t)),e.contentWindow.postMessage({message:\"ready\",secret:t},\"*\")},!1)))}(window,document);\n\/\/# sourceURL=https:\/\/quechilero.com\/blog\/wp-includes\/js\/wp-embed.min.js\n<\/script>\n"},"jetpack_publicize_connections":[],"jetpack_shortlink":"https:\/\/wp.me\/pDKli-4vk","jetpack_sharing_enabled":true,"jetpack-related-posts":[{"id":3657,"url":"https:\/\/quechilero.com\/blog\/2009\/10\/04\/top-5-ceos-que-no-salieron-de-la-universidad\/","url_meta":{"origin":17318,"position":0},"title":"Top 5 CEOs que no salieron de la universidad","author":"Pepe Barrascout Ortiz","date":"4 octubre 2009","format":false,"excerpt":"La universidad o en virtud la graduaci\u00f3n de la misma, es considerada como el umbral de la carrera del hombre. Es la interfaz que maneja el intelecto de los individuos por s\u00ed mismo la exploraci\u00f3n, la experimentaci\u00f3n y la investigaci\u00f3n. \u00a1Pero, \u00bfes realmente indispensable?!. \u00c9stos son los top cinco multi-millonarios\u2026","rel":"","context":"En \u00abLimones\u00bb","block_context":{"text":"Limones","link":"https:\/\/quechilero.com\/blog\/category\/limones\/"},"img":{"alt_text":"","src":"","width":0,"height":0},"classes":[]},{"id":4298,"url":"https:\/\/quechilero.com\/blog\/2010\/02\/06\/mau-egipcio\/","url_meta":{"origin":17318,"position":1},"title":"Mau egipcio","author":"Pepe Barrascout Ortiz","date":"6 febrero 2010","format":false,"excerpt":"Mau egipcio: Descendiente directo de los gatos sagrados de los templos. Si vemos al mau egipcio de hoy, nos daremos cuenta que es exactamente igual al de los gatos que se ven reflejados en el arte egipcio de 1400 a.C. Esta raza de gatos se encuentra emparentada con el abisinio\u2026","rel":"","context":"En \u00abLimones\u00bb","block_context":{"text":"Limones","link":"https:\/\/quechilero.com\/blog\/category\/limones\/"},"img":{"alt_text":"","src":"https:\/\/i0.wp.com\/img.youtube.com\/vi\/8dX4MqR2J_4\/0.jpg?resize=350%2C200","width":350,"height":200},"classes":[]},{"id":9546,"url":"https:\/\/quechilero.com\/blog\/2011\/06\/25\/dia-del-maestro\/","url_meta":{"origin":17318,"position":2},"title":"D\u00eda del Maestro","author":"Pepe Barrascout Ortiz","date":"25 junio 2011","format":false,"excerpt":"Como un homenaje a mis colegas maestros, comparto estos art\u00edculos, que a lo largo de cinco a\u00f1os, he publicado en Si la vida nos da limones..., pero solo a aquellos que con \u00e1nimo y energ\u00eda, vocaci\u00f3n y entrega, d\u00eda a d\u00eda, asisten puntuales a la cita que tienen con la\u2026","rel":"","context":"En \u00abLimones\u00bb","block_context":{"text":"Limones","link":"https:\/\/quechilero.com\/blog\/category\/limones\/"},"img":{"alt_text":"","src":"","width":0,"height":0},"classes":[]},{"id":548,"url":"https:\/\/quechilero.com\/blog\/2007\/06\/01\/el-libro-de-la-vida\/","url_meta":{"origin":17318,"position":3},"title":"El Libro de la Vida","author":"Pepe Barrascout Ortiz","date":"1 junio 2007","format":false,"excerpt":"Hoy cierras un volumen m\u00e1s en la historia de tu vida. Cuando empezaste este a\u00f1o era todo tuyo, te lo puso Dios en tus manos; pod\u00edas hacer de \u00e9l lo que quisieras: un poema o una pesadilla, una blasfemia o una oraci\u00f3n. Pod\u00edas. Hoy ya no puedes, no es tuyo,\u2026","rel":"","context":"En \u00abLimones\u00bb","block_context":{"text":"Limones","link":"https:\/\/quechilero.com\/blog\/category\/limones\/"},"img":{"alt_text":"","src":"","width":0,"height":0},"classes":[]},{"id":827,"url":"https:\/\/quechilero.com\/blog\/2008\/01\/02\/el-libro-de-la-vida-2\/","url_meta":{"origin":17318,"position":4},"title":"El Libro de la Vida","author":"Pepe Barrascout Ortiz","date":"2 enero 2008","format":false,"excerpt":"Hoy cierras un volumen m\u00e1s en la historia de tu vida. Cuando empezaste este a\u00f1o era todo tuyo, te lo puso Dios en tus manos; pod\u00edas hacer de \u00e9l lo que quisieras: un poema o una pesadilla, una blasfemia o una oraci\u00f3n. Pod\u00edas. Hoy ya no puedes, no es tuyo,\u2026","rel":"","context":"En \u00abLimones\u00bb","block_context":{"text":"Limones","link":"https:\/\/quechilero.com\/blog\/category\/limones\/"},"img":{"alt_text":"","src":"","width":0,"height":0},"classes":[]},{"id":19840,"url":"https:\/\/quechilero.com\/blog\/2015\/02\/19\/la-mas-dulce-de-las-necesidades\/","url_meta":{"origin":17318,"position":5},"title":"La m\u00e1s dulce de las necesidades","author":"Pepe Barrascout Ortiz","date":"19 febrero 2015","format":false,"excerpt":"Por lo menos una vez al d\u00eda nuestro viejo gato negro se acerca a alguno de nosotros de una manera que todos hemos llegado a reconocer como especial. No significa que quiera que le den de comer ni que lo dejen salir, ni nada por el estilo. Lo que necesita\u2026","rel":"","context":"En \u00abLimones\u00bb","block_context":{"text":"Limones","link":"https:\/\/quechilero.com\/blog\/category\/limones\/"},"img":{"alt_text":"","src":"","width":0,"height":0},"classes":[]}],"jetpack_featured_media_url":"","_links":{"self":[{"href":"https:\/\/quechilero.com\/blog\/wp-json\/wp\/v2\/posts\/17318","targetHints":{"allow":["GET"]}}],"collection":[{"href":"https:\/\/quechilero.com\/blog\/wp-json\/wp\/v2\/posts"}],"about":[{"href":"https:\/\/quechilero.com\/blog\/wp-json\/wp\/v2\/types\/post"}],"author":[{"embeddable":true,"href":"https:\/\/quechilero.com\/blog\/wp-json\/wp\/v2\/users\/1"}],"replies":[{"embeddable":true,"href":"https:\/\/quechilero.com\/blog\/wp-json\/wp\/v2\/comments?post=17318"}],"version-history":[{"count":0,"href":"https:\/\/quechilero.com\/blog\/wp-json\/wp\/v2\/posts\/17318\/revisions"}],"wp:attachment":[{"href":"https:\/\/quechilero.com\/blog\/wp-json\/wp\/v2\/media?parent=17318"}],"wp:term":[{"taxonomy":"category","embeddable":true,"href":"https:\/\/quechilero.com\/blog\/wp-json\/wp\/v2\/categories?post=17318"},{"taxonomy":"post_tag","embeddable":true,"href":"https:\/\/quechilero.com\/blog\/wp-json\/wp\/v2\/tags?post=17318"},{"taxonomy":"series","embeddable":true,"href":"https:\/\/quechilero.com\/blog\/wp-json\/wp\/v2\/series?post=17318"}],"curies":[{"name":"wp","href":"https:\/\/api.w.org\/{rel}","templated":true}]}}