{"id":17317,"date":"2013-10-15T08:00:42","date_gmt":"2013-10-15T14:00:42","guid":{"rendered":"http:\/\/quechilero.com\/blog\/?p=17317"},"modified":"2013-10-01T19:21:41","modified_gmt":"2013-10-02T01:21:41","slug":"vengan-a-ver","status":"publish","type":"post","link":"https:\/\/quechilero.com\/blog\/2013\/10\/15\/vengan-a-ver\/","title":{"rendered":"Vengan a ver"},"content":{"rendered":"<p>Si hoy nosotros le preguntamos a Cristo: \u00ab\u00bfD\u00f3nde vives, Rab\u00ed?\u00bb \u00c9l nos responder\u00eda lo mismo que a los disc\u00edpulos de Juan: \u00abVengan a ver\u00bb.<\/p>\n<p>Pero ciertamente nos llevar\u00eda a donde llev\u00f3 a los disc\u00edpulos de Juan&#8230;<\/p>\n<p>Ahora nos llevar\u00eda a las miserables chozas de cart\u00f3n y de l\u00e1mina que pueblan los cinturones de miseria que rodean las grandes ciudades.<\/p>\n<p>Nos mostrar\u00eda esos cuartos de vecindad y residenciales donde se amontonan ocho o diez seres humanos, en las condiciones m\u00e1s antihigi\u00e9nicas para su salud f\u00edsica y moral.<\/p>\n<p>Nos conducir\u00eda a los quicios de las puertas, donde sin m\u00e1s abrigo que un perro echado a sus pies, pasan la noche -cuando llegan a pasarla- los infelices enfermos.<\/p>\n<p>Nos ense\u00f1ar\u00eda las puertas de los cines (en muchas ciudades) o los puestos callejeros de los mercados donde, envueltos en peri\u00f3dicos, duermen los ni\u00f1os de la calle y los ambulantes.<\/p>\n<p>Y no s\u00f3lo ver\u00edamos d\u00f3nde vive ahora Cristo, sino d\u00f3nde tiene hambre y sed, fr\u00edo y enfermedad y falta de trabajo y ganas -quiz\u00e1- de ponerse a beber, a olvidar y a morir.<\/p>\n<p>Porque desde que Jes\u00fas nos dijo que lo que hici\u00e9ramos por los pobres y necesitados lo har\u00edamos por \u00e9l, Cristo vive donde viven los m\u00e1s despose\u00eddos de nuestra sociedad.<\/p>\n","protected":false},"excerpt":{"rendered":"<p>Si hoy nosotros le preguntamos a Cristo: \u00ab\u00bfD\u00f3nde vives, Rab\u00ed?\u00bb \u00c9l nos responder\u00eda lo mismo que a los disc\u00edpulos de Juan: \u00abVengan a ver\u00bb. Pero ciertamente nos llevar\u00eda a donde llev\u00f3 a los disc\u00edpulos de Juan&#8230; Ahora nos llevar\u00eda a las miserables chozas de cart\u00f3n y de l\u00e1mina que pueblan los cinturones de miseria que &#8230; <a title=\"Vengan a ver\" class=\"read-more\" href=\"https:\/\/quechilero.com\/blog\/2013\/10\/15\/vengan-a-ver\/\" aria-label=\"Leer m\u00e1s sobre Vengan a ver\">Leer m\u00e1s<\/a><\/p>\n","protected":false},"author":1,"featured_media":0,"comment_status":"open","ping_status":"open","sticky":false,"template":"","format":"standard","meta":{"advanced_seo_description":"","jetpack_seo_html_title":"","jetpack_seo_noindex":false,"jetpack_seo_schema_type":"","episode_type":"","audio_file":"","podmotor_file_id":"","podmotor_episode_id":"","cover_image":"","cover_image_id":"","duration":"","filesize":"","filesize_raw":"","date_recorded":"","explicit":"","block":"","_jetpack_newsletter_access":"","_jetpack_dont_email_post_to_subs":false,"_jetpack_newsletter_tier_id":0,"_jetpack_memberships_contains_paywalled_content":false,"_jetpack_feature_clip_id":0,"_jetpack_memberships_contains_paid_content":false,"footnotes":"","jetpack_publicize_message":"","jetpack_publicize_feature_enabled":true,"jetpack_social_post_already_shared":false,"jetpack_social_options":{"image_generator_settings":{"template":"highway","default_image_id":0,"font":"","enabled":false},"version":2},"jetpack_post_was_ever_published":false},"categories":[2],"tags":[33,74,36,24],"series":[],"class_list":["post-17317","post","type-post","status-publish","format-standard","hentry","category-limones","tag-humanos","tag-jesus","tag-trabajo","tag-vida"],"episode_featured_image":false,"episode_player_image":"https:\/\/i0.wp.com\/quechilero.com\/blog\/imagenes\/podcast.png?fit=1831%2C1831&ssl=1","download_link":"","player_link":"","audio_player":false,"episode_data":{"playerMode":"dark","subscribeUrls":{"amazon":{"key":"amazon","url":"","label":"Amazon","class":"amazon","icon":"amazon.png"},"apple_podcasts":{"key":"apple_podcasts","url":"","label":"Apple Podcasts","class":"apple_podcasts","icon":"apple-podcasts.png"},"castbox":{"key":"castbox","url":"","label":"CastBox","class":"castbox","icon":"castbox.png"},"deezer":{"key":"deezer","url":"","label":"Deezer","class":"deezer","icon":"deezer.png"},"google_podcasts":{"key":"google_podcasts","url":"","label":"Google Podcasts","class":"google_podcasts","icon":"google-podcasts.png"},"listen_notes":{"key":"listen_notes","url":"","label":"Listen Notes","class":"listen_notes","icon":"listen-notes.png"},"pandora":{"key":"pandora","url":"","label":"Pandora","class":"pandora","icon":"pandora.png"},"podbean":{"key":"podbean","url":"","label":"Podbean","class":"podbean","icon":"podbean.png"},"podcast_republic":{"key":"podcast_republic","url":"","label":"Podcast Republic","class":"podcast_republic","icon":"podcast-republic.png"},"rss":{"key":"rss","url":"","label":"RSS","class":"rss","icon":"rss.png"},"spotify":{"key":"spotify","url":"","label":"Spotify","class":"spotify","icon":"spotify.png"},"stitcher":{"key":"stitcher","url":"","label":"Stitcher","class":"stitcher","icon":"stitcher.png"},"tunein":{"key":"tunein","url":"","label":"TuneIn","class":"tunein","icon":"tunein.png"},"youtube":{"key":"youtube","url":"","label":"YouTube","class":"youtube","icon":"youtube.png"},"iheartradio":{"key":"iheartradio","url":"","label":"iHeartRadio","class":"iheartradio","icon":"iheartradio.png"},"ivoox":{"key":"ivoox","url":"","label":"iVoox","class":"ivoox","icon":"ivoox.png"}},"rssFeedUrl":"https:\/\/quechilero.com\/blog\/feed\/podcast\/si-la-vida-nos-da-limones","embedCode":"<blockquote class=\"wp-embedded-content\" data-secret=\"7BZFsYLqH0\"><a href=\"https:\/\/quechilero.com\/blog\/2013\/10\/15\/vengan-a-ver\/\">Vengan a ver<\/a><\/blockquote><iframe sandbox=\"allow-scripts\" security=\"restricted\" src=\"https:\/\/quechilero.com\/blog\/2013\/10\/15\/vengan-a-ver\/embed\/#?secret=7BZFsYLqH0\" width=\"500\" height=\"350\" title=\"\u00abVengan a ver\u00bb \u2014 Si la Vida nos da Limones...\" data-secret=\"7BZFsYLqH0\" frameborder=\"0\" marginwidth=\"0\" marginheight=\"0\" scrolling=\"no\" class=\"wp-embedded-content\"><\/iframe><script>\n\/*! This file is auto-generated *\/\n!function(d,l){\"use strict\";l.querySelector&&d.addEventListener&&\"undefined\"!=typeof URL&&(d.wp=d.wp||{},d.wp.receiveEmbedMessage||(d.wp.receiveEmbedMessage=function(e){var t=e.data;if((t||t.secret||t.message||t.value)&&!\/[^a-zA-Z0-9]\/.test(t.secret)){for(var s,r,n,a=l.querySelectorAll('iframe[data-secret=\"'+t.secret+'\"]'),o=l.querySelectorAll('blockquote[data-secret=\"'+t.secret+'\"]'),c=new RegExp(\"^https?:$\",\"i\"),i=0;i<o.length;i++)o[i].style.display=\"none\";for(i=0;i<a.length;i++)s=a[i],e.source===s.contentWindow&&(s.removeAttribute(\"style\"),\"height\"===t.message?(1e3<(r=parseInt(t.value,10))?r=1e3:~~r<200&&(r=200),s.height=r):\"link\"===t.message&&(r=new URL(s.getAttribute(\"src\")),n=new URL(t.value),c.test(n.protocol))&&n.host===r.host&&l.activeElement===s&&(d.top.location.href=t.value))}},d.addEventListener(\"message\",d.wp.receiveEmbedMessage,!1),l.addEventListener(\"DOMContentLoaded\",function(){for(var e,t,s=l.querySelectorAll(\"iframe.wp-embedded-content\"),r=0;r<s.length;r++)(t=(e=s[r]).getAttribute(\"data-secret\"))||(t=Math.random().toString(36).substring(2,12),e.src+=\"#?secret=\"+t,e.setAttribute(\"data-secret\",t)),e.contentWindow.postMessage({message:\"ready\",secret:t},\"*\")},!1)))}(window,document);\n\/\/# sourceURL=https:\/\/quechilero.com\/blog\/wp-includes\/js\/wp-embed.min.js\n<\/script>\n"},"jetpack_publicize_connections":[],"jetpack_shortlink":"https:\/\/wp.me\/pDKli-4vj","jetpack_sharing_enabled":true,"jetpack-related-posts":[{"id":16355,"url":"https:\/\/quechilero.com\/blog\/2013\/03\/26\/resucito-cristo-mi-esperanza\/","url_meta":{"origin":17317,"position":0},"title":"Resucit\u00f3 Cristo, mi esperanza","author":"Pepe Barrascout Ortiz","date":"26 marzo 2013","format":false,"excerpt":"Llegue a todos vosotros la voz exultante de la Iglesia, con las palabras que el antiguo himno pone en labios de Mar\u00eda Magdalena, la primera en encontrar en la ma\u00f1a de Pascua a Jes\u00fas resucitado. \"Ella corri\u00f3 hacia los otros disc\u00edpulos y, con el coraz\u00f3n sobrecogido, les anunci\u00f3: He visto\u2026","rel":"","context":"En \u00abLimones\u00bb","block_context":{"text":"Limones","link":"https:\/\/quechilero.com\/blog\/category\/limones\/"},"img":{"alt_text":"","src":"","width":0,"height":0},"classes":[]},{"id":879,"url":"https:\/\/quechilero.com\/blog\/2008\/02\/24\/cuaresma-evangelio-24-feb-08\/","url_meta":{"origin":17317,"position":1},"title":"Cuaresma &#8211; Evangelio 24 feb 08","author":"Pepe Barrascout Ortiz","date":"24 febrero 2008","format":false,"excerpt":"Evangelio seg\u00fan San Juan 4,5-42. Lleg\u00f3 a una ciudad de Samar\u00eda llamada Sicar, cerca de las tierras que Jacob hab\u00eda dado a su hijo Jos\u00e9. All\u00e1 se encuentra el pozo de Jacob. Jes\u00fas, fatigado del camino, se hab\u00eda sentado junto al pozo. Era la hora del mediod\u00eda. Una mujer de\u2026","rel":"","context":"En \u00abLimones\u00bb","block_context":{"text":"Limones","link":"https:\/\/quechilero.com\/blog\/category\/limones\/"},"img":{"alt_text":"","src":"","width":0,"height":0},"classes":[]},{"id":908,"url":"https:\/\/quechilero.com\/blog\/2008\/03\/22\/cuaresma-evangelio-22-mar-08\/","url_meta":{"origin":17317,"position":2},"title":"Cuaresma &#8211; Evangelio 22 mar 08","author":"Pepe Barrascout Ortiz","date":"22 marzo 2008","format":false,"excerpt":"Evangelio seg\u00fan San Mateo 28,1-10. Pasado el s\u00e1bado, al amanecer del primer d\u00eda de la semana, Mar\u00eda Magdalena y la otra Mar\u00eda fueron a visitar el sepulcro. De pronto, se produjo un gran temblor de tierra: el Angel del Se\u00f1or baj\u00f3 del cielo, hizo rodar la piedra del sepulcro y\u2026","rel":"","context":"En \u00abLimones\u00bb","block_context":{"text":"Limones","link":"https:\/\/quechilero.com\/blog\/category\/limones\/"},"img":{"alt_text":"","src":"","width":0,"height":0},"classes":[]},{"id":4614,"url":"https:\/\/quechilero.com\/blog\/2010\/04\/02\/viernes-santo\/","url_meta":{"origin":17317,"position":3},"title":"Viernes Santo","author":"Pepe Barrascout Ortiz","date":"2 abril 2010","format":false,"excerpt":"La tarde del Viernes Santo presenta el drama inmenso de la muerte de Cristo en el Calvario. La cruz erguida sobre el mundo sigue en pie como signo de salvaci\u00f3n y de esperanza. Con la Pasi\u00f3n de Jes\u00fas seg\u00fan el\u00a0Evangelio de Juan contemplamos el misterio del Crucificado, con el coraz\u00f3n\u2026","rel":"","context":"En \u00abLimones\u00bb","block_context":{"text":"Limones","link":"https:\/\/quechilero.com\/blog\/category\/limones\/"},"img":{"alt_text":"","src":"","width":0,"height":0},"classes":[]},{"id":16822,"url":"https:\/\/quechilero.com\/blog\/2013\/07\/14\/%ef%bb%bfamense\/","url_meta":{"origin":17317,"position":4},"title":"\ufeff\u00a1\u00c1mense!","author":"Pepe Barrascout Ortiz","date":"14 julio 2013","format":false,"excerpt":"La an\u00e9cdota la recoge San Jer\u00f3nimo en sus Comentarios sobre la Ep\u00edstola a los G\u00e1latas. El bienaventurado san Juan Evangelista, al final de sus d\u00edas, cuando moraba en \u00c9feso, apenas pod\u00eda ir a la Iglesia sino en brazos de sus disc\u00edpulos, y no pod\u00eda decir muchas palabras seguidas en voz\u2026","rel":"","context":"En \u00abLimones\u00bb","block_context":{"text":"Limones","link":"https:\/\/quechilero.com\/blog\/category\/limones\/"},"img":{"alt_text":"","src":"","width":0,"height":0},"classes":[]},{"id":27326,"url":"https:\/\/quechilero.com\/blog\/2010\/10\/04\/santo-rosario-misterios-luminosos\/","url_meta":{"origin":17317,"position":5},"title":"Santo Rosario: Misterios Luminosos","author":"Pepe Barrascout Ortiz","date":"4 octubre 2010","format":false,"excerpt":"Los Misterios Luminosos los rezamos los Jueves En el nombre del Padre, y del Hijo, y del Esp\u00edritu Santo. Am\u00e9n. Dios m\u00edo, ven en mi auxilio. Se\u00f1or, date prisa en socorrerme. Gloria al Padre, Gloria al Hijo y Gloria al Esp\u00edritu Santo, Am\u00e9n. Primer Misterio Luminoso. El Bautismo de Jes\u00fas.\u2026","rel":"","context":"En \u00abEl Santo Rosario\u00bb","block_context":{"text":"El Santo Rosario","link":"https:\/\/quechilero.com\/blog\/category\/podcast\/el-santo-rosario\/"},"img":{"alt_text":"Misterios Luminosos","src":"https:\/\/i0.wp.com\/i392.photobucket.com\/albums\/pp7\/pepejaguar\/blog\/Misterios-Luminosos_zpsb09a52c6.jpg?resize=350%2C200","width":350,"height":200,"srcset":"https:\/\/i0.wp.com\/i392.photobucket.com\/albums\/pp7\/pepejaguar\/blog\/Misterios-Luminosos_zpsb09a52c6.jpg?resize=350%2C200 1x, https:\/\/i0.wp.com\/i392.photobucket.com\/albums\/pp7\/pepejaguar\/blog\/Misterios-Luminosos_zpsb09a52c6.jpg?resize=525%2C300 1.5x"},"classes":[]}],"jetpack_featured_media_url":"","_links":{"self":[{"href":"https:\/\/quechilero.com\/blog\/wp-json\/wp\/v2\/posts\/17317","targetHints":{"allow":["GET"]}}],"collection":[{"href":"https:\/\/quechilero.com\/blog\/wp-json\/wp\/v2\/posts"}],"about":[{"href":"https:\/\/quechilero.com\/blog\/wp-json\/wp\/v2\/types\/post"}],"author":[{"embeddable":true,"href":"https:\/\/quechilero.com\/blog\/wp-json\/wp\/v2\/users\/1"}],"replies":[{"embeddable":true,"href":"https:\/\/quechilero.com\/blog\/wp-json\/wp\/v2\/comments?post=17317"}],"version-history":[{"count":0,"href":"https:\/\/quechilero.com\/blog\/wp-json\/wp\/v2\/posts\/17317\/revisions"}],"wp:attachment":[{"href":"https:\/\/quechilero.com\/blog\/wp-json\/wp\/v2\/media?parent=17317"}],"wp:term":[{"taxonomy":"category","embeddable":true,"href":"https:\/\/quechilero.com\/blog\/wp-json\/wp\/v2\/categories?post=17317"},{"taxonomy":"post_tag","embeddable":true,"href":"https:\/\/quechilero.com\/blog\/wp-json\/wp\/v2\/tags?post=17317"},{"taxonomy":"series","embeddable":true,"href":"https:\/\/quechilero.com\/blog\/wp-json\/wp\/v2\/series?post=17317"}],"curies":[{"name":"wp","href":"https:\/\/api.w.org\/{rel}","templated":true}]}}