{"id":17316,"date":"2013-10-14T08:00:39","date_gmt":"2013-10-14T14:00:39","guid":{"rendered":"http:\/\/quechilero.com\/blog\/?p=17316"},"modified":"2013-10-01T19:20:44","modified_gmt":"2013-10-02T01:20:44","slug":"hermoso-%ef%bb%bfdia-verdad","status":"publish","type":"post","link":"https:\/\/quechilero.com\/blog\/2013\/10\/14\/hermoso-%ef%bb%bfdia-verdad\/","title":{"rendered":"Hermoso \ufeffd\u00eda, \u00bfverdad?"},"content":{"rendered":"<p>El d\u00eda empez\u00f3 muy mal. Me qued\u00e9 dormida y llegu\u00e9 tarde al trabajo.<\/p>\n<p>Todo lo que sucedi\u00f3 en la oficina contribuy\u00f3 a mi ataque de nervios. Para cuando llegu\u00e9 a la parada del autob\u00fas en mi viaje de regreso a casa, ten\u00eda un gran nudo en el est\u00f3mago.<\/p>\n<p>Como de costumbre, el autob\u00fas lleg\u00f3 tarde&#8230; y atestado. Tuve que ir de pie en el pasillo. Mientras el bamboleante veh\u00edculo me lanzaba en todas direcciones, mi depresi\u00f3n se hac\u00eda m\u00e1s profunda.<\/p>\n<p>Entonces escuch\u00e9 una voz grave que sal\u00eda del frente: \u00abHermoso d\u00eda, \u00bfverdad?\u00bb<\/p>\n<p>Debido a la aglomeraci\u00f3n de p\u00fablico, no pod\u00eda ver al hombre, pero pod\u00eda escucharlo mientras segu\u00eda comentando el panorama primaveral, llamando la atenci\u00f3n hacia cada punto importante que se avistaba: esta iglesia, ese parque, aquel cementerio, la estaci\u00f3n de bomberos.<\/p>\n<p>Pronto todos los pasajeros estaban mirando por las ventanillas. El entusiasmo del hombre era tan contagioso que me sorprend\u00ed sonriendo por primera vez ese d\u00eda.<\/p>\n<p>Llegamos a mi parada. Maniobrando hacia la puerta, ech\u00e9 un vistazo a nuestro \u00abgu\u00eda\u00bb: una figura regordeta con una barba oscura, que usaba espejuelos oscuros y llevaba un delgado bast\u00f3n blanco.<\/p>\n","protected":false},"excerpt":{"rendered":"<p>El d\u00eda empez\u00f3 muy mal. Me qued\u00e9 dormida y llegu\u00e9 tarde al trabajo. Todo lo que sucedi\u00f3 en la oficina contribuy\u00f3 a mi ataque de nervios. Para cuando llegu\u00e9 a la parada del autob\u00fas en mi viaje de regreso a casa, ten\u00eda un gran nudo en el est\u00f3mago. Como de costumbre, el autob\u00fas lleg\u00f3 tarde&#8230; &#8230; <a title=\"Hermoso \ufeffd\u00eda, \u00bfverdad?\" class=\"read-more\" href=\"https:\/\/quechilero.com\/blog\/2013\/10\/14\/hermoso-%ef%bb%bfdia-verdad\/\" aria-label=\"Leer m\u00e1s sobre Hermoso \ufeffd\u00eda, \u00bfverdad?\">Leer m\u00e1s<\/a><\/p>\n","protected":false},"author":1,"featured_media":0,"comment_status":"open","ping_status":"open","sticky":false,"template":"","format":"standard","meta":{"advanced_seo_description":"","jetpack_seo_html_title":"","jetpack_seo_noindex":false,"jetpack_seo_schema_type":"","episode_type":"","audio_file":"","podmotor_file_id":"","podmotor_episode_id":"","cover_image":"","cover_image_id":"","duration":"","filesize":"","filesize_raw":"","date_recorded":"","explicit":"","block":"","_jetpack_newsletter_access":"","_jetpack_dont_email_post_to_subs":false,"_jetpack_newsletter_tier_id":0,"_jetpack_memberships_contains_paywalled_content":false,"_jetpack_feature_clip_id":0,"_jetpack_memberships_contains_paid_content":false,"footnotes":"","jetpack_publicize_message":"","jetpack_publicize_feature_enabled":true,"jetpack_social_post_already_shared":false,"jetpack_social_options":{"image_generator_settings":{"template":"highway","default_image_id":0,"font":"","enabled":false},"version":2},"jetpack_post_was_ever_published":false},"categories":[2],"tags":[85,18,36,41],"series":[],"class_list":["post-17316","post","type-post","status-publish","format-standard","hentry","category-limones","tag-depresion","tag-hombre","tag-trabajo","tag-verdad"],"episode_featured_image":false,"episode_player_image":"https:\/\/i0.wp.com\/quechilero.com\/blog\/imagenes\/podcast.png?fit=1831%2C1831&ssl=1","download_link":"","player_link":"","audio_player":false,"episode_data":{"playerMode":"dark","subscribeUrls":{"amazon":{"key":"amazon","url":"","label":"Amazon","class":"amazon","icon":"amazon.png"},"apple_podcasts":{"key":"apple_podcasts","url":"","label":"Apple Podcasts","class":"apple_podcasts","icon":"apple-podcasts.png"},"castbox":{"key":"castbox","url":"","label":"CastBox","class":"castbox","icon":"castbox.png"},"deezer":{"key":"deezer","url":"","label":"Deezer","class":"deezer","icon":"deezer.png"},"google_podcasts":{"key":"google_podcasts","url":"","label":"Google Podcasts","class":"google_podcasts","icon":"google-podcasts.png"},"listen_notes":{"key":"listen_notes","url":"","label":"Listen Notes","class":"listen_notes","icon":"listen-notes.png"},"pandora":{"key":"pandora","url":"","label":"Pandora","class":"pandora","icon":"pandora.png"},"podbean":{"key":"podbean","url":"","label":"Podbean","class":"podbean","icon":"podbean.png"},"podcast_republic":{"key":"podcast_republic","url":"","label":"Podcast Republic","class":"podcast_republic","icon":"podcast-republic.png"},"rss":{"key":"rss","url":"","label":"RSS","class":"rss","icon":"rss.png"},"spotify":{"key":"spotify","url":"","label":"Spotify","class":"spotify","icon":"spotify.png"},"stitcher":{"key":"stitcher","url":"","label":"Stitcher","class":"stitcher","icon":"stitcher.png"},"tunein":{"key":"tunein","url":"","label":"TuneIn","class":"tunein","icon":"tunein.png"},"youtube":{"key":"youtube","url":"","label":"YouTube","class":"youtube","icon":"youtube.png"},"iheartradio":{"key":"iheartradio","url":"","label":"iHeartRadio","class":"iheartradio","icon":"iheartradio.png"},"ivoox":{"key":"ivoox","url":"","label":"iVoox","class":"ivoox","icon":"ivoox.png"}},"rssFeedUrl":"https:\/\/quechilero.com\/blog\/feed\/podcast\/si-la-vida-nos-da-limones","embedCode":"<blockquote class=\"wp-embedded-content\" data-secret=\"i31SiXJEl1\"><a href=\"https:\/\/quechilero.com\/blog\/2013\/10\/14\/hermoso-%ef%bb%bfdia-verdad\/\">Hermoso \ufeffd\u00eda, \u00bfverdad?<\/a><\/blockquote><iframe sandbox=\"allow-scripts\" security=\"restricted\" src=\"https:\/\/quechilero.com\/blog\/2013\/10\/14\/hermoso-%ef%bb%bfdia-verdad\/embed\/#?secret=i31SiXJEl1\" width=\"500\" height=\"350\" title=\"\u00abHermoso \ufeffd\u00eda, \u00bfverdad?\u00bb \u2014 Si la Vida nos da Limones...\" data-secret=\"i31SiXJEl1\" frameborder=\"0\" marginwidth=\"0\" marginheight=\"0\" scrolling=\"no\" class=\"wp-embedded-content\"><\/iframe><script>\n\/*! This file is auto-generated *\/\n!function(d,l){\"use strict\";l.querySelector&&d.addEventListener&&\"undefined\"!=typeof URL&&(d.wp=d.wp||{},d.wp.receiveEmbedMessage||(d.wp.receiveEmbedMessage=function(e){var t=e.data;if((t||t.secret||t.message||t.value)&&!\/[^a-zA-Z0-9]\/.test(t.secret)){for(var s,r,n,a=l.querySelectorAll('iframe[data-secret=\"'+t.secret+'\"]'),o=l.querySelectorAll('blockquote[data-secret=\"'+t.secret+'\"]'),c=new RegExp(\"^https?:$\",\"i\"),i=0;i<o.length;i++)o[i].style.display=\"none\";for(i=0;i<a.length;i++)s=a[i],e.source===s.contentWindow&&(s.removeAttribute(\"style\"),\"height\"===t.message?(1e3<(r=parseInt(t.value,10))?r=1e3:~~r<200&&(r=200),s.height=r):\"link\"===t.message&&(r=new URL(s.getAttribute(\"src\")),n=new URL(t.value),c.test(n.protocol))&&n.host===r.host&&l.activeElement===s&&(d.top.location.href=t.value))}},d.addEventListener(\"message\",d.wp.receiveEmbedMessage,!1),l.addEventListener(\"DOMContentLoaded\",function(){for(var e,t,s=l.querySelectorAll(\"iframe.wp-embedded-content\"),r=0;r<s.length;r++)(t=(e=s[r]).getAttribute(\"data-secret\"))||(t=Math.random().toString(36).substring(2,12),e.src+=\"#?secret=\"+t,e.setAttribute(\"data-secret\",t)),e.contentWindow.postMessage({message:\"ready\",secret:t},\"*\")},!1)))}(window,document);\n\/\/# sourceURL=https:\/\/quechilero.com\/blog\/wp-includes\/js\/wp-embed.min.js\n<\/script>\n"},"jetpack_publicize_connections":[],"jetpack_shortlink":"https:\/\/wp.me\/pDKli-4vi","jetpack_sharing_enabled":true,"jetpack-related-posts":[{"id":5115,"url":"https:\/\/quechilero.com\/blog\/2010\/07\/24\/cuento-gracioso\/","url_meta":{"origin":17316,"position":0},"title":"Cuento gracioso","author":"Pepe Barrascout Ortiz","date":"24 julio 2010","format":false,"excerpt":"Hace alg\u00fan tiempo escuch\u00e9 este gracioso cuento: Estaba Jes\u00fas con sus disc\u00edpulos camino a orar al monte y el les dice: \"Tomen una piedra y s\u00edganme.\" Entonces todos toman una piedra de un tama\u00f1o regular, ni muy grande ni muy peque\u00f1a, pero hubo uno, Judas, que tom\u00f3 una piedra muy\u2026","rel":"","context":"En \u00abLimones\u00bb","block_context":{"text":"Limones","link":"https:\/\/quechilero.com\/blog\/category\/limones\/"},"img":{"alt_text":"","src":"","width":0,"height":0},"classes":[]},{"id":16024,"url":"https:\/\/quechilero.com\/blog\/2013\/02\/15\/la-actitud\/","url_meta":{"origin":17316,"position":1},"title":"La Actitud","author":"Pepe Barrascout Ortiz","date":"15 febrero 2013","format":false,"excerpt":"Hace unos veinte a\u00f1os yo estaba viviendo en Seattle y pasaba por tiempos dif\u00edciles. No hab\u00eda podido encontrar un trabajo satisfactorio, a\u00fan a pesar de contar con mucha experiencia y una maestr\u00eda. Para mi verg\u00fcenza, conduc\u00eda el autob\u00fas de una escuela tratando de llegar a fin de mes mientras viv\u00eda\u2026","rel":"","context":"En \u00abLimones\u00bb","block_context":{"text":"Limones","link":"https:\/\/quechilero.com\/blog\/category\/limones\/"},"img":{"alt_text":"","src":"","width":0,"height":0},"classes":[]},{"id":5595,"url":"https:\/\/quechilero.com\/blog\/2010\/09\/06\/el-desencanto\/","url_meta":{"origin":17316,"position":2},"title":"El desencanto","author":"Pepe Barrascout Ortiz","date":"6 septiembre 2010","format":false,"excerpt":"Se trataba de un hombre que nunca hab\u00eda tenido ocasi\u00f3n de ver el mar. Viv\u00eda en un pueblo del interior de la India. Una idea se hab\u00eda instalado con fijeza en su mente: \"No pod\u00eda morir sin ver el mar\". Para ahorrar alg\u00fan dinero y poder viajar hasta la costa,\u2026","rel":"","context":"En \u00abLimones\u00bb","block_context":{"text":"Limones","link":"https:\/\/quechilero.com\/blog\/category\/limones\/"},"img":{"alt_text":"","src":"","width":0,"height":0},"classes":[]},{"id":16862,"url":"https:\/\/quechilero.com\/blog\/2013\/08\/02\/%ef%bb%bfayer-ya-se-fue-y-nada-puedes-hacer-con-relacion-a-lo-sucedido\/","url_meta":{"origin":17316,"position":3},"title":"\ufeff\u00a1Ayer ya se fue, y nada puedes hacer con relaci\u00f3n a lo sucedido!","author":"Pepe Barrascout Ortiz","date":"2 agosto 2013","format":false,"excerpt":"\"\u00a1Sigue adelante!\"... \"\u00a1No te lamentes sobre la leche derramada!\"... Todas esas frases y dichos ven\u00edan a su mente, mientras se marchaba de la sala del tribunal. El matrimonio de Jim hab\u00eda terminado. Era la primera persona que se divorciaba en su familia, y esta realidad lo aplastaba. \"\u00bfQu\u00e9 debe pensar\u2026","rel":"","context":"En \u00abLimones\u00bb","block_context":{"text":"Limones","link":"https:\/\/quechilero.com\/blog\/category\/limones\/"},"img":{"alt_text":"","src":"","width":0,"height":0},"classes":[]},{"id":2615,"url":"https:\/\/quechilero.com\/blog\/2009\/04\/04\/fue-secuestrado\/","url_meta":{"origin":17316,"position":4},"title":"Fue secuestrado","author":"Pepe Barrascout Ortiz","date":"4 abril 2009","format":false,"excerpt":"El Dr. Tom Sutherland, fue nombrado como director en una universidad de Beirut, cuando en esta naci\u00f3n pasaba por momentos de gran violencia. \u00c9l, como era un hombre de paz, no quiso aceptar el guardaespaldas. En 1985 fue secuestrado por los chi\u00edtas; su cautiverio fue horrible y pas\u00f3 por una\u2026","rel":"","context":"En \u00abLimones\u00bb","block_context":{"text":"Limones","link":"https:\/\/quechilero.com\/blog\/category\/limones\/"},"img":{"alt_text":"","src":"","width":0,"height":0},"classes":[]},{"id":7527,"url":"https:\/\/quechilero.com\/blog\/2011\/08\/04\/la-risa-del-payaso\/","url_meta":{"origin":17316,"position":5},"title":"La risa del payaso","author":"Pepe Barrascout Ortiz","date":"4 agosto 2011","format":false,"excerpt":"Hubo una vez un hombre muy sabio que con su sabidur\u00eda quiso guiar a todos hacia la verdad. Pero la gente no le hac\u00eda caso. \"Es un sabio alejado de nuestra realidad\", dec\u00edan. \u00c9l ten\u00eda en sus manos la llave del conocimiento, pero nadie quer\u00eda tomarla; por eso estaba muy\u2026","rel":"","context":"En \u00abLimones\u00bb","block_context":{"text":"Limones","link":"https:\/\/quechilero.com\/blog\/category\/limones\/"},"img":{"alt_text":"","src":"","width":0,"height":0},"classes":[]}],"jetpack_featured_media_url":"","_links":{"self":[{"href":"https:\/\/quechilero.com\/blog\/wp-json\/wp\/v2\/posts\/17316","targetHints":{"allow":["GET"]}}],"collection":[{"href":"https:\/\/quechilero.com\/blog\/wp-json\/wp\/v2\/posts"}],"about":[{"href":"https:\/\/quechilero.com\/blog\/wp-json\/wp\/v2\/types\/post"}],"author":[{"embeddable":true,"href":"https:\/\/quechilero.com\/blog\/wp-json\/wp\/v2\/users\/1"}],"replies":[{"embeddable":true,"href":"https:\/\/quechilero.com\/blog\/wp-json\/wp\/v2\/comments?post=17316"}],"version-history":[{"count":0,"href":"https:\/\/quechilero.com\/blog\/wp-json\/wp\/v2\/posts\/17316\/revisions"}],"wp:attachment":[{"href":"https:\/\/quechilero.com\/blog\/wp-json\/wp\/v2\/media?parent=17316"}],"wp:term":[{"taxonomy":"category","embeddable":true,"href":"https:\/\/quechilero.com\/blog\/wp-json\/wp\/v2\/categories?post=17316"},{"taxonomy":"post_tag","embeddable":true,"href":"https:\/\/quechilero.com\/blog\/wp-json\/wp\/v2\/tags?post=17316"},{"taxonomy":"series","embeddable":true,"href":"https:\/\/quechilero.com\/blog\/wp-json\/wp\/v2\/series?post=17316"}],"curies":[{"name":"wp","href":"https:\/\/api.w.org\/{rel}","templated":true}]}}