{"id":17315,"date":"2013-10-13T08:00:36","date_gmt":"2013-10-13T14:00:36","guid":{"rendered":"http:\/\/quechilero.com\/blog\/?p=17315"},"modified":"2013-10-01T19:14:43","modified_gmt":"2013-10-02T01:14:43","slug":"una-fe-sin-obras-es-una-fe-muerta","status":"publish","type":"post","link":"https:\/\/quechilero.com\/blog\/2013\/10\/13\/una-fe-sin-obras-es-una-fe-muerta\/","title":{"rendered":"Una Fe sin obras es una Fe muerta"},"content":{"rendered":"<p>Cuentan que un capell\u00e1n se aproxim\u00f3 a un herido en medio del fragor de la batalla y le pregunt\u00f3:<\/p>\n<p>&#8211; \u00bfQuieres que te lea la Biblia?<\/p>\n<p>&#8211; Primero dame agua, que tengo sed -dijo el herido.<\/p>\n<p>El capell\u00e1n le convid\u00f3 el \u00faltimo trago de su cantimplora, aunque sab\u00eda que no hab\u00eda m\u00e1s agua en kil\u00f3metros a la redonda.<\/p>\n<p>&#8211; \u00bfAhora? -pregunt\u00f3 de nuevo.<\/p>\n<p>&#8211; Primero dame de comer -suplic\u00f3 el herido.<\/p>\n<p>El capell\u00e1n le dio el \u00faltimo mendrugo de pan que atesoraba en su mochila.<\/p>\n<p>&#8211; Tengo fr\u00edo -fue el siguiente clamor.<\/p>\n<p>Y el hombre de Dios se despoj\u00f3 de su abrigo pese al fr\u00edo que calaba y cubri\u00f3 al lesionado.<\/p>\n<p>&#8211; Ahora s\u00ed -le dijo al capell\u00e1n. Habla de ese Dios que te hizo darme tu \u00faltima agua, tu \u00faltimo mendrugo, y tu \u00fanico abrigo. Quiero conocerlo en su bondad.<\/p>\n<p>Para dar a conocer a Dios no se necesita solamente conocer la Biblia, sino vivir de la forma que Jes\u00fas nos ense\u00f1\u00f3. Si deseas que otros conozcan de Quien te lo ha dado todo, debes darles todo para que ellos crean en las bondades de Dios.<\/p>\n","protected":false},"excerpt":{"rendered":"<p>Cuentan que un capell\u00e1n se aproxim\u00f3 a un herido en medio del fragor de la batalla y le pregunt\u00f3: &#8211; \u00bfQuieres que te lea la Biblia? &#8211; Primero dame agua, que tengo sed -dijo el herido. El capell\u00e1n le convid\u00f3 el \u00faltimo trago de su cantimplora, aunque sab\u00eda que no hab\u00eda m\u00e1s agua en kil\u00f3metros &#8230; <a title=\"Una Fe sin obras es una Fe muerta\" class=\"read-more\" href=\"https:\/\/quechilero.com\/blog\/2013\/10\/13\/una-fe-sin-obras-es-una-fe-muerta\/\" aria-label=\"Leer m\u00e1s sobre Una Fe sin obras es una Fe muerta\">Leer m\u00e1s<\/a><\/p>\n","protected":false},"author":1,"featured_media":0,"comment_status":"open","ping_status":"open","sticky":false,"template":"","format":"standard","meta":{"advanced_seo_description":"","jetpack_seo_html_title":"","jetpack_seo_noindex":false,"jetpack_seo_schema_type":"","episode_type":"","audio_file":"","podmotor_file_id":"","podmotor_episode_id":"","cover_image":"","cover_image_id":"","duration":"","filesize":"","filesize_raw":"","date_recorded":"","explicit":"","block":"","_jetpack_newsletter_access":"","_jetpack_dont_email_post_to_subs":false,"_jetpack_newsletter_tier_id":0,"_jetpack_memberships_contains_paywalled_content":false,"_jetpack_feature_clip_id":0,"_jetpack_memberships_contains_paid_content":false,"footnotes":"","jetpack_publicize_message":"","jetpack_publicize_feature_enabled":true,"jetpack_social_post_already_shared":false,"jetpack_social_options":{"image_generator_settings":{"template":"highway","default_image_id":0,"font":"","enabled":false},"version":2},"jetpack_post_was_ever_published":false},"categories":[2],"tags":[15,51,18,74],"series":[],"class_list":["post-17315","post","type-post","status-publish","format-standard","hentry","category-limones","tag-amor","tag-dios","tag-hombre","tag-jesus"],"episode_featured_image":false,"episode_player_image":"https:\/\/i0.wp.com\/quechilero.com\/blog\/imagenes\/podcast.png?fit=1831%2C1831&ssl=1","download_link":"","player_link":"","audio_player":false,"episode_data":{"playerMode":"dark","subscribeUrls":{"amazon":{"key":"amazon","url":"","label":"Amazon","class":"amazon","icon":"amazon.png"},"apple_podcasts":{"key":"apple_podcasts","url":"","label":"Apple Podcasts","class":"apple_podcasts","icon":"apple-podcasts.png"},"castbox":{"key":"castbox","url":"","label":"CastBox","class":"castbox","icon":"castbox.png"},"deezer":{"key":"deezer","url":"","label":"Deezer","class":"deezer","icon":"deezer.png"},"google_podcasts":{"key":"google_podcasts","url":"","label":"Google Podcasts","class":"google_podcasts","icon":"google-podcasts.png"},"listen_notes":{"key":"listen_notes","url":"","label":"Listen Notes","class":"listen_notes","icon":"listen-notes.png"},"pandora":{"key":"pandora","url":"","label":"Pandora","class":"pandora","icon":"pandora.png"},"podbean":{"key":"podbean","url":"","label":"Podbean","class":"podbean","icon":"podbean.png"},"podcast_republic":{"key":"podcast_republic","url":"","label":"Podcast Republic","class":"podcast_republic","icon":"podcast-republic.png"},"rss":{"key":"rss","url":"","label":"RSS","class":"rss","icon":"rss.png"},"spotify":{"key":"spotify","url":"","label":"Spotify","class":"spotify","icon":"spotify.png"},"stitcher":{"key":"stitcher","url":"","label":"Stitcher","class":"stitcher","icon":"stitcher.png"},"tunein":{"key":"tunein","url":"","label":"TuneIn","class":"tunein","icon":"tunein.png"},"youtube":{"key":"youtube","url":"","label":"YouTube","class":"youtube","icon":"youtube.png"},"iheartradio":{"key":"iheartradio","url":"","label":"iHeartRadio","class":"iheartradio","icon":"iheartradio.png"},"ivoox":{"key":"ivoox","url":"","label":"iVoox","class":"ivoox","icon":"ivoox.png"}},"rssFeedUrl":"https:\/\/quechilero.com\/blog\/feed\/podcast\/si-la-vida-nos-da-limones","embedCode":"<blockquote class=\"wp-embedded-content\" data-secret=\"wT6xDFZ7vh\"><a href=\"https:\/\/quechilero.com\/blog\/2013\/10\/13\/una-fe-sin-obras-es-una-fe-muerta\/\">Una Fe sin obras es una Fe muerta<\/a><\/blockquote><iframe sandbox=\"allow-scripts\" security=\"restricted\" src=\"https:\/\/quechilero.com\/blog\/2013\/10\/13\/una-fe-sin-obras-es-una-fe-muerta\/embed\/#?secret=wT6xDFZ7vh\" width=\"500\" height=\"350\" title=\"\u00abUna Fe sin obras es una Fe muerta\u00bb \u2014 Si la Vida nos da Limones...\" data-secret=\"wT6xDFZ7vh\" frameborder=\"0\" marginwidth=\"0\" marginheight=\"0\" scrolling=\"no\" class=\"wp-embedded-content\"><\/iframe><script>\n\/*! This file is auto-generated *\/\n!function(d,l){\"use strict\";l.querySelector&&d.addEventListener&&\"undefined\"!=typeof URL&&(d.wp=d.wp||{},d.wp.receiveEmbedMessage||(d.wp.receiveEmbedMessage=function(e){var t=e.data;if((t||t.secret||t.message||t.value)&&!\/[^a-zA-Z0-9]\/.test(t.secret)){for(var s,r,n,a=l.querySelectorAll('iframe[data-secret=\"'+t.secret+'\"]'),o=l.querySelectorAll('blockquote[data-secret=\"'+t.secret+'\"]'),c=new RegExp(\"^https?:$\",\"i\"),i=0;i<o.length;i++)o[i].style.display=\"none\";for(i=0;i<a.length;i++)s=a[i],e.source===s.contentWindow&&(s.removeAttribute(\"style\"),\"height\"===t.message?(1e3<(r=parseInt(t.value,10))?r=1e3:~~r<200&&(r=200),s.height=r):\"link\"===t.message&&(r=new URL(s.getAttribute(\"src\")),n=new URL(t.value),c.test(n.protocol))&&n.host===r.host&&l.activeElement===s&&(d.top.location.href=t.value))}},d.addEventListener(\"message\",d.wp.receiveEmbedMessage,!1),l.addEventListener(\"DOMContentLoaded\",function(){for(var e,t,s=l.querySelectorAll(\"iframe.wp-embedded-content\"),r=0;r<s.length;r++)(t=(e=s[r]).getAttribute(\"data-secret\"))||(t=Math.random().toString(36).substring(2,12),e.src+=\"#?secret=\"+t,e.setAttribute(\"data-secret\",t)),e.contentWindow.postMessage({message:\"ready\",secret:t},\"*\")},!1)))}(window,document);\n\/\/# sourceURL=https:\/\/quechilero.com\/blog\/wp-includes\/js\/wp-embed.min.js\n<\/script>\n"},"jetpack_publicize_connections":[],"jetpack_shortlink":"https:\/\/wp.me\/pDKli-4vh","jetpack_sharing_enabled":true,"jetpack-related-posts":[{"id":879,"url":"https:\/\/quechilero.com\/blog\/2008\/02\/24\/cuaresma-evangelio-24-feb-08\/","url_meta":{"origin":17315,"position":0},"title":"Cuaresma &#8211; Evangelio 24 feb 08","author":"Pepe Barrascout Ortiz","date":"24 febrero 2008","format":false,"excerpt":"Evangelio seg\u00fan San Juan 4,5-42. Lleg\u00f3 a una ciudad de Samar\u00eda llamada Sicar, cerca de las tierras que Jacob hab\u00eda dado a su hijo Jos\u00e9. All\u00e1 se encuentra el pozo de Jacob. Jes\u00fas, fatigado del camino, se hab\u00eda sentado junto al pozo. Era la hora del mediod\u00eda. Una mujer de\u2026","rel":"","context":"En \u00abLimones\u00bb","block_context":{"text":"Limones","link":"https:\/\/quechilero.com\/blog\/category\/limones\/"},"img":{"alt_text":"","src":"","width":0,"height":0},"classes":[]},{"id":20071,"url":"https:\/\/quechilero.com\/blog\/2015\/04\/26\/el-canasto-de-carbon\/","url_meta":{"origin":17315,"position":1},"title":"El canasto de carb\u00f3n","author":"Pepe Barrascout Ortiz","date":"26 abril 2015","format":false,"excerpt":"Se cuenta la historia de un anciano que viv\u00eda con su nieto en una hermosa granja en las monta\u00f1as de Kentucky. Cada ma\u00f1ana, el abuelo se levantaba muy temprano y sent\u00e1ndose en la mesa de la cocina, comenzaba a leer su vieja y estropeada Biblia. El nieto quer\u00eda ser igual\u2026","rel":"","context":"En \u00abLimones\u00bb","block_context":{"text":"Limones","link":"https:\/\/quechilero.com\/blog\/category\/limones\/"},"img":{"alt_text":"","src":"","width":0,"height":0},"classes":[]},{"id":17927,"url":"https:\/\/quechilero.com\/blog\/2014\/06\/25\/la-fe-de-jorge-muller\/","url_meta":{"origin":17315,"position":2},"title":"La fe de Jorge M\u00fcller","author":"Pepe Barrascout Ortiz","date":"25 junio 2014","format":false,"excerpt":"El capit\u00e1n de un barco cont\u00f3 la siguiente historia: La \u00faltima vez que navegu\u00e9 por aqu\u00ed, hace cinco semanas, me aconteci\u00f3 algo extraordinario que revolucion\u00f3 mi vida por completo. Ten\u00edamos a bordo a Jorge M\u00fcller, de Bristol. Durante veinticuatro horas yo no hab\u00eda abandonado el puente de mando, cuando se\u2026","rel":"","context":"En \u00abLimones\u00bb","block_context":{"text":"Limones","link":"https:\/\/quechilero.com\/blog\/category\/limones\/"},"img":{"alt_text":"","src":"","width":0,"height":0},"classes":[]},{"id":24599,"url":"https:\/\/quechilero.com\/blog\/2011\/01\/17\/podcast-las-6-de-la-manana-episodio-96\/","url_meta":{"origin":17315,"position":3},"title":"Podcast: Las 6 de la ma\u00f1ana, episodio 96","author":"Pepe Barrascout Ortiz","date":"17 enero 2011","format":false,"excerpt":"Bienvenidos al nonag\u00e9simo\u00a0sexto episodio de\u00a0\u201cLas \u00a06 de la ma\u00f1ana\u201d, un podcast que trae 6 canciones, para que iniciemos el d\u00eda, de forma positiva y con \u00e1nimo. El listado para hoy es: Artista \/ Tema 01 - Hiroumi - photograph 02 - JT Bruce - Capella 03 - Dubamix - Tango\u2026","rel":"","context":"En \u00abLas 6 de la ma\u00f1ana\u00bb","block_context":{"text":"Las 6 de la ma\u00f1ana","link":"https:\/\/quechilero.com\/blog\/category\/podcast\/las-6-de-la-manana\/"},"img":{"alt_text":"","src":"https:\/\/i0.wp.com\/quechilero.com\/blog\/imagenes\/las6am.jpg?fit=620%2C350&ssl=1&resize=350%2C200","width":350,"height":200,"srcset":"https:\/\/i0.wp.com\/quechilero.com\/blog\/imagenes\/las6am.jpg?fit=620%2C350&ssl=1&resize=350%2C200 1x, https:\/\/i0.wp.com\/quechilero.com\/blog\/imagenes\/las6am.jpg?fit=620%2C350&ssl=1&resize=525%2C300 1.5x"},"classes":[]},{"id":17305,"url":"https:\/\/quechilero.com\/blog\/2013\/10\/03\/creyo-en-la-palabra-del-principe\/","url_meta":{"origin":17315,"position":4},"title":"Crey\u00f3 en la palabra del pr\u00edncipe","author":"Pepe Barrascout Ortiz","date":"3 octubre 2013","format":false,"excerpt":"Cuenta la historia que un hombre fue condenado a muerte. Cuando ya iba a ser decapitado, el pr\u00edncipe que era el encargado de la ejecuci\u00f3n le pregunt\u00f3 si ten\u00eda algo que pedir. Todo lo que el reo pidi\u00f3 fue un vaso de agua. Cuando se lo trajeron, temblaba tanto que\u2026","rel":"","context":"En \u00abLimones\u00bb","block_context":{"text":"Limones","link":"https:\/\/quechilero.com\/blog\/category\/limones\/"},"img":{"alt_text":"","src":"","width":0,"height":0},"classes":[]},{"id":21462,"url":"https:\/\/quechilero.com\/blog\/2015\/08\/18\/cuando-uno-se-siente-solo-y-desesperado\/","url_meta":{"origin":17315,"position":5},"title":"Cuando uno se siente solo y desesperado","author":"Pepe Barrascout Ortiz","date":"18 agosto 2015","format":false,"excerpt":"Oraci\u00f3n para rezar cuando uno se siente solo y desesperado, y con necesidad de ser sanado por Dios. Cuando no nos hacen caso, cuando pensamos que no somos importantes, cuando no nos tienen en cuenta, nuestra alma queda herida. Con heridas profundas al sentirnos invisibles, indiferentes para otros. Las heridas\u2026","rel":"","context":"En \u00abLimones\u00bb","block_context":{"text":"Limones","link":"https:\/\/quechilero.com\/blog\/category\/limones\/"},"img":{"alt_text":"","src":"","width":0,"height":0},"classes":[]}],"jetpack_featured_media_url":"","_links":{"self":[{"href":"https:\/\/quechilero.com\/blog\/wp-json\/wp\/v2\/posts\/17315","targetHints":{"allow":["GET"]}}],"collection":[{"href":"https:\/\/quechilero.com\/blog\/wp-json\/wp\/v2\/posts"}],"about":[{"href":"https:\/\/quechilero.com\/blog\/wp-json\/wp\/v2\/types\/post"}],"author":[{"embeddable":true,"href":"https:\/\/quechilero.com\/blog\/wp-json\/wp\/v2\/users\/1"}],"replies":[{"embeddable":true,"href":"https:\/\/quechilero.com\/blog\/wp-json\/wp\/v2\/comments?post=17315"}],"version-history":[{"count":0,"href":"https:\/\/quechilero.com\/blog\/wp-json\/wp\/v2\/posts\/17315\/revisions"}],"wp:attachment":[{"href":"https:\/\/quechilero.com\/blog\/wp-json\/wp\/v2\/media?parent=17315"}],"wp:term":[{"taxonomy":"category","embeddable":true,"href":"https:\/\/quechilero.com\/blog\/wp-json\/wp\/v2\/categories?post=17315"},{"taxonomy":"post_tag","embeddable":true,"href":"https:\/\/quechilero.com\/blog\/wp-json\/wp\/v2\/tags?post=17315"},{"taxonomy":"series","embeddable":true,"href":"https:\/\/quechilero.com\/blog\/wp-json\/wp\/v2\/series?post=17315"}],"curies":[{"name":"wp","href":"https:\/\/api.w.org\/{rel}","templated":true}]}}