{"id":17307,"date":"2013-10-05T08:00:15","date_gmt":"2013-10-05T14:00:15","guid":{"rendered":"http:\/\/quechilero.com\/blog\/?p=17307"},"modified":"2013-10-01T19:09:23","modified_gmt":"2013-10-02T01:09:23","slug":"las-plumas","status":"publish","type":"post","link":"https:\/\/quechilero.com\/blog\/2013\/10\/05\/las-plumas\/","title":{"rendered":"Las plumas"},"content":{"rendered":"<p>Hab\u00eda una vez un hombre que calumni\u00f3 grandemente a un amigo suyo, y todo por la envidia que le tuvo al ver el \u00e9xito que hab\u00eda alcanzado.<\/p>\n<p>Tiempo despu\u00e9s se arrepinti\u00f3 de la ruina que trajo con sus calumnias a ese amigo, y visit\u00f3 a un hombre muy sabio a quien le dijo: \u00abQuiero arreglar todo lo que hice, \u00bfc\u00f3mo puedo hacerlo?\u00bb, a lo que el hombre sabio respondi\u00f3: \u00abToma un saco lleno de plumas ligeras y peque\u00f1as y suelta una donde quiera que vallas.\u00bb.<\/p>\n<p>El hombre, muy contento por aquello tan f\u00e1cil, tom\u00f3 el saco lleno de plumas y, al cabo de un d\u00eda, las hab\u00eda soltado todas.<\/p>\n<p>Volvi\u00f3 donde el sabio y le dijo: \u00abYa he terminado.\u00bb, a lo que el hombre sabio contest\u00f3: \u00abEsa era la parte f\u00e1cil&#8230; Ahora debes volver a llenar el saco con esas mismas plumas que soltaste. Sal a la calle y b\u00fascalas.\u00bb.<\/p>\n<p>El hombre se sinti\u00f3 muy triste pues sab\u00eda lo que eso significaba, y no pudo juntar casi ninguna.<\/p>\n<p>Al volver, el hombre sabio le dijo: \u00abAs\u00ed como no pudiste juntar de nuevo las plumas que volaron con el viento, as\u00ed mismo el mal que hiciste vol\u00f3 de boca en boca y el da\u00f1o ya est\u00e1 hecho. Lo \u00fanico que puedes hacer es pedirle perd\u00f3n a tu amigo, pues no hay forma de reversar lo que hiciste.\u00bb<\/p>\n","protected":false},"excerpt":{"rendered":"<p>Hab\u00eda una vez un hombre que calumni\u00f3 grandemente a un amigo suyo, y todo por la envidia que le tuvo al ver el \u00e9xito que hab\u00eda alcanzado. Tiempo despu\u00e9s se arrepinti\u00f3 de la ruina que trajo con sus calumnias a ese amigo, y visit\u00f3 a un hombre muy sabio a quien le dijo: \u00abQuiero arreglar &#8230; <a title=\"Las plumas\" class=\"read-more\" href=\"https:\/\/quechilero.com\/blog\/2013\/10\/05\/las-plumas\/\" aria-label=\"Leer m\u00e1s sobre Las plumas\">Leer m\u00e1s<\/a><\/p>\n","protected":false},"author":1,"featured_media":0,"comment_status":"open","ping_status":"open","sticky":false,"template":"","format":"standard","meta":{"advanced_seo_description":"","jetpack_seo_html_title":"","jetpack_seo_noindex":false,"jetpack_seo_schema_type":"","episode_type":"","audio_file":"","podmotor_file_id":"","podmotor_episode_id":"","cover_image":"","cover_image_id":"","duration":"","filesize":"","filesize_raw":"","date_recorded":"","explicit":"","block":"","_jetpack_newsletter_access":"","_jetpack_dont_email_post_to_subs":false,"_jetpack_newsletter_tier_id":0,"_jetpack_memberships_contains_paywalled_content":false,"_jetpack_feature_clip_id":0,"_jetpack_memberships_contains_paid_content":false,"footnotes":"","jetpack_publicize_message":"","jetpack_publicize_feature_enabled":true,"jetpack_social_post_already_shared":false,"jetpack_social_options":{"image_generator_settings":{"template":"highway","default_image_id":0,"font":"","enabled":false},"version":2},"jetpack_post_was_ever_published":false},"categories":[2],"tags":[11,18,58,5],"series":[],"class_list":["post-17307","post","type-post","status-publish","format-standard","hentry","category-limones","tag-amigo","tag-hombre","tag-regla","tag-tiempo"],"episode_featured_image":false,"episode_player_image":"https:\/\/i0.wp.com\/quechilero.com\/blog\/imagenes\/podcast.png?fit=1831%2C1831&ssl=1","download_link":"","player_link":"","audio_player":false,"episode_data":{"playerMode":"dark","subscribeUrls":{"amazon":{"key":"amazon","url":"","label":"Amazon","class":"amazon","icon":"amazon.png"},"apple_podcasts":{"key":"apple_podcasts","url":"","label":"Apple Podcasts","class":"apple_podcasts","icon":"apple-podcasts.png"},"castbox":{"key":"castbox","url":"","label":"CastBox","class":"castbox","icon":"castbox.png"},"deezer":{"key":"deezer","url":"","label":"Deezer","class":"deezer","icon":"deezer.png"},"google_podcasts":{"key":"google_podcasts","url":"","label":"Google Podcasts","class":"google_podcasts","icon":"google-podcasts.png"},"listen_notes":{"key":"listen_notes","url":"","label":"Listen Notes","class":"listen_notes","icon":"listen-notes.png"},"pandora":{"key":"pandora","url":"","label":"Pandora","class":"pandora","icon":"pandora.png"},"podbean":{"key":"podbean","url":"","label":"Podbean","class":"podbean","icon":"podbean.png"},"podcast_republic":{"key":"podcast_republic","url":"","label":"Podcast Republic","class":"podcast_republic","icon":"podcast-republic.png"},"rss":{"key":"rss","url":"","label":"RSS","class":"rss","icon":"rss.png"},"spotify":{"key":"spotify","url":"","label":"Spotify","class":"spotify","icon":"spotify.png"},"stitcher":{"key":"stitcher","url":"","label":"Stitcher","class":"stitcher","icon":"stitcher.png"},"tunein":{"key":"tunein","url":"","label":"TuneIn","class":"tunein","icon":"tunein.png"},"youtube":{"key":"youtube","url":"","label":"YouTube","class":"youtube","icon":"youtube.png"},"iheartradio":{"key":"iheartradio","url":"","label":"iHeartRadio","class":"iheartradio","icon":"iheartradio.png"},"ivoox":{"key":"ivoox","url":"","label":"iVoox","class":"ivoox","icon":"ivoox.png"}},"rssFeedUrl":"https:\/\/quechilero.com\/blog\/feed\/podcast\/si-la-vida-nos-da-limones","embedCode":"<blockquote class=\"wp-embedded-content\" data-secret=\"dB95Dqg7lE\"><a href=\"https:\/\/quechilero.com\/blog\/2013\/10\/05\/las-plumas\/\">Las plumas<\/a><\/blockquote><iframe sandbox=\"allow-scripts\" security=\"restricted\" src=\"https:\/\/quechilero.com\/blog\/2013\/10\/05\/las-plumas\/embed\/#?secret=dB95Dqg7lE\" width=\"500\" height=\"350\" title=\"\u00abLas plumas\u00bb \u2014 Si la Vida nos da Limones...\" data-secret=\"dB95Dqg7lE\" frameborder=\"0\" marginwidth=\"0\" marginheight=\"0\" scrolling=\"no\" class=\"wp-embedded-content\"><\/iframe><script>\n\/*! This file is auto-generated *\/\n!function(d,l){\"use strict\";l.querySelector&&d.addEventListener&&\"undefined\"!=typeof URL&&(d.wp=d.wp||{},d.wp.receiveEmbedMessage||(d.wp.receiveEmbedMessage=function(e){var t=e.data;if((t||t.secret||t.message||t.value)&&!\/[^a-zA-Z0-9]\/.test(t.secret)){for(var s,r,n,a=l.querySelectorAll('iframe[data-secret=\"'+t.secret+'\"]'),o=l.querySelectorAll('blockquote[data-secret=\"'+t.secret+'\"]'),c=new RegExp(\"^https?:$\",\"i\"),i=0;i<o.length;i++)o[i].style.display=\"none\";for(i=0;i<a.length;i++)s=a[i],e.source===s.contentWindow&&(s.removeAttribute(\"style\"),\"height\"===t.message?(1e3<(r=parseInt(t.value,10))?r=1e3:~~r<200&&(r=200),s.height=r):\"link\"===t.message&&(r=new URL(s.getAttribute(\"src\")),n=new URL(t.value),c.test(n.protocol))&&n.host===r.host&&l.activeElement===s&&(d.top.location.href=t.value))}},d.addEventListener(\"message\",d.wp.receiveEmbedMessage,!1),l.addEventListener(\"DOMContentLoaded\",function(){for(var e,t,s=l.querySelectorAll(\"iframe.wp-embedded-content\"),r=0;r<s.length;r++)(t=(e=s[r]).getAttribute(\"data-secret\"))||(t=Math.random().toString(36).substring(2,12),e.src+=\"#?secret=\"+t,e.setAttribute(\"data-secret\",t)),e.contentWindow.postMessage({message:\"ready\",secret:t},\"*\")},!1)))}(window,document);\n\/\/# sourceURL=https:\/\/quechilero.com\/blog\/wp-includes\/js\/wp-embed.min.js\n<\/script>\n"},"jetpack_publicize_connections":[],"jetpack_shortlink":"https:\/\/wp.me\/pDKli-4v9","jetpack_sharing_enabled":true,"jetpack-related-posts":[{"id":552,"url":"https:\/\/quechilero.com\/blog\/2007\/05\/19\/el-elefante-y-la-alondra\/","url_meta":{"origin":17307,"position":0},"title":"El elefante y la alondra","author":"Pepe Barrascout Ortiz","date":"19 mayo 2007","format":false,"excerpt":"El elefante y la alondra eran amigos. La alondra le se\u00f1alaba al elefante los rincones m\u00e1s sombreados de la selva, y el elefante proteg\u00eda con su presencia nocturna el nido de la alondra de serpientes voraces y ardillas rapaces. Un d\u00eda, el elefante le dijo a la alondra que le\u2026","rel":"","context":"En \u00abLimones\u00bb","block_context":{"text":"Limones","link":"https:\/\/quechilero.com\/blog\/category\/limones\/"},"img":{"alt_text":"","src":"","width":0,"height":0},"classes":[]},{"id":833,"url":"https:\/\/quechilero.com\/blog\/2008\/01\/10\/el-elefante-y-la-alondra-2\/","url_meta":{"origin":17307,"position":1},"title":"El elefante y la alondra","author":"Pepe Barrascout Ortiz","date":"10 enero 2008","format":false,"excerpt":"El elefante y la alondra eran amigos. La alondra le se\u00f1alaba al elefante los rincones m\u00e1s sombreados de la selva, y el elefante proteg\u00eda con su presencia nocturna el nido de la alondra de serpientes voraces y ardillas rapaces. Un d\u00eda, el elefante le dijo a la alondra que le\u2026","rel":"","context":"En \u00abLimones\u00bb","block_context":{"text":"Limones","link":"https:\/\/quechilero.com\/blog\/category\/limones\/"},"img":{"alt_text":"","src":"","width":0,"height":0},"classes":[]},{"id":17616,"url":"https:\/\/quechilero.com\/blog\/2014\/01\/03\/el-buho-y-las-aves\/","url_meta":{"origin":17307,"position":2},"title":"El b\u00faho y las aves","author":"Pepe Barrascout Ortiz","date":"3 enero 2014","format":false,"excerpt":"Un b\u00faho, en su sabidur\u00eda, aconsej\u00f3 a las aves que cuando ciertas bellotas comenzaran a salir, las alejaran de la tierra y as\u00ed no pudieran crecer. Ella dijo que las bellotas producir\u00edan un fruto, del cual un veneno irremediable ser\u00eda extra\u00eddo y por el cual ellas ser\u00edan capturadas. El B\u00faho\u2026","rel":"","context":"En \u00abLimones\u00bb","block_context":{"text":"Limones","link":"https:\/\/quechilero.com\/blog\/category\/limones\/"},"img":{"alt_text":"","src":"","width":0,"height":0},"classes":[]},{"id":2802,"url":"https:\/\/quechilero.com\/blog\/2009\/06\/15\/el-problema-del-sultan\/","url_meta":{"origin":17307,"position":3},"title":"El problema del sult\u00e1n","author":"Pepe Barrascout Ortiz","date":"15 junio 2009","format":false,"excerpt":"El sult\u00e1n estaba desesperado por no encontrar un nuevo recaudador. - \u00bfNo hay ning\u00fan hombre honesto en este pa\u00eds que pueda recaudar los impuestos sin robar dinero? -se lament\u00f3 el sult\u00e1n. Acto seguido llam\u00f3 a su consejero m\u00e1s sabio y le explic\u00f3 el problema. - Anunciad que busc\u00e1is un nuevo\u2026","rel":"","context":"En \u00abLimones\u00bb","block_context":{"text":"Limones","link":"https:\/\/quechilero.com\/blog\/category\/limones\/"},"img":{"alt_text":"","src":"","width":0,"height":0},"classes":[]},{"id":19826,"url":"https:\/\/quechilero.com\/blog\/2015\/02\/13\/la-lagartija-en-el-pozo\/","url_meta":{"origin":17307,"position":4},"title":"La lagartija en el pozo","author":"Pepe Barrascout Ortiz","date":"13 febrero 2015","format":false,"excerpt":"En cierta ocasi\u00f3n, dos hombres se encontraban d\u00e1ndole mantenimiento a un pozo en las afueras del pueblo. Uno de ellos ten\u00eda que meterse para sacar las cubetas de lodo y basura, con la finalidad de que del pozo vertiera agua limpia. De pronto, aquel hombre que trabajaba con esmero dentro\u2026","rel":"","context":"En \u00abLimones\u00bb","block_context":{"text":"Limones","link":"https:\/\/quechilero.com\/blog\/category\/limones\/"},"img":{"alt_text":"","src":"","width":0,"height":0},"classes":[]},{"id":6238,"url":"https:\/\/quechilero.com\/blog\/2011\/01\/09\/confianza-en-las-personas\/","url_meta":{"origin":17307,"position":5},"title":"Confianza en las personas","author":"Pepe Barrascout Ortiz","date":"9 enero 2011","format":false,"excerpt":"Algunos de los mayores \u00e9xitos de la historia se produjeron despu\u00e9s de una palabra de est\u00edmulo o de un acto de confianza por parte de una persona querida o un amigo fiel. Si no hubiera sido por una esposa confiada, Sophia, tal vez no habr\u00edamos tenido entre los grandes nombres\u2026","rel":"","context":"En \u00abLimones\u00bb","block_context":{"text":"Limones","link":"https:\/\/quechilero.com\/blog\/category\/limones\/"},"img":{"alt_text":"","src":"","width":0,"height":0},"classes":[]}],"jetpack_featured_media_url":"","_links":{"self":[{"href":"https:\/\/quechilero.com\/blog\/wp-json\/wp\/v2\/posts\/17307","targetHints":{"allow":["GET"]}}],"collection":[{"href":"https:\/\/quechilero.com\/blog\/wp-json\/wp\/v2\/posts"}],"about":[{"href":"https:\/\/quechilero.com\/blog\/wp-json\/wp\/v2\/types\/post"}],"author":[{"embeddable":true,"href":"https:\/\/quechilero.com\/blog\/wp-json\/wp\/v2\/users\/1"}],"replies":[{"embeddable":true,"href":"https:\/\/quechilero.com\/blog\/wp-json\/wp\/v2\/comments?post=17307"}],"version-history":[{"count":0,"href":"https:\/\/quechilero.com\/blog\/wp-json\/wp\/v2\/posts\/17307\/revisions"}],"wp:attachment":[{"href":"https:\/\/quechilero.com\/blog\/wp-json\/wp\/v2\/media?parent=17307"}],"wp:term":[{"taxonomy":"category","embeddable":true,"href":"https:\/\/quechilero.com\/blog\/wp-json\/wp\/v2\/categories?post=17307"},{"taxonomy":"post_tag","embeddable":true,"href":"https:\/\/quechilero.com\/blog\/wp-json\/wp\/v2\/tags?post=17307"},{"taxonomy":"series","embeddable":true,"href":"https:\/\/quechilero.com\/blog\/wp-json\/wp\/v2\/series?post=17307"}],"curies":[{"name":"wp","href":"https:\/\/api.w.org\/{rel}","templated":true}]}}