{"id":17166,"date":"2013-09-30T08:00:06","date_gmt":"2013-09-30T14:00:06","guid":{"rendered":"http:\/\/quechilero.com\/blog\/?p=17166"},"modified":"2013-09-02T06:57:46","modified_gmt":"2013-09-02T12:57:46","slug":"la-%ef%bb%bfparabola-africana","status":"publish","type":"post","link":"https:\/\/quechilero.com\/blog\/2013\/09\/30\/la-%ef%bb%bfparabola-africana\/","title":{"rendered":"La \ufeffpar\u00e1bola Africana"},"content":{"rendered":"<p>Cada ma\u00f1ana en \u00c1frica, una gacela se despierta. Sabe que tiene que correr m\u00e1s r\u00e1pido que el le\u00f3n, porque si no, morir\u00e1.<\/p>\n<p>Cada ma\u00f1ana un le\u00f3n se despierta. Sabe que tiene que superar en velocidad a la gacela porque si no, se morir\u00e1 de hambre.<\/p>\n<p>No es cuesti\u00f3n de si usted es le\u00f3n o gacela. Cuando el sol alumbre, es mejor que eche a correr.<\/p>\n<p>Si para usted siempre ha sido dif\u00edcil transformar sus fracasos en victorias, entonces tiene que empezar a moverse.<\/p>\n<p>No tiene importancia lo que lo haya detenido o por cu\u00e1nto tiempo se mantuvo inactivo. La \u00fanica manera de romper el ciclo es enfrentar su miedo y entrar en acci\u00f3n, aun cuando esto parezca peque\u00f1o o insignificante.<\/p>\n<p>Dios siempre nos desaf\u00eda, y cuando \u00c9l desaf\u00eda, lo mejor es caminar o correr hac\u00eda ese desaf\u00edo.<\/p>\n","protected":false},"excerpt":{"rendered":"<p>Cada ma\u00f1ana en \u00c1frica, una gacela se despierta. Sabe que tiene que correr m\u00e1s r\u00e1pido que el le\u00f3n, porque si no, morir\u00e1. Cada ma\u00f1ana un le\u00f3n se despierta. Sabe que tiene que superar en velocidad a la gacela porque si no, se morir\u00e1 de hambre. No es cuesti\u00f3n de si usted es le\u00f3n o gacela. &#8230; <a title=\"La \ufeffpar\u00e1bola Africana\" class=\"read-more\" href=\"https:\/\/quechilero.com\/blog\/2013\/09\/30\/la-%ef%bb%bfparabola-africana\/\" aria-label=\"Leer m\u00e1s sobre La \ufeffpar\u00e1bola Africana\">Leer m\u00e1s<\/a><\/p>\n","protected":false},"author":1,"featured_media":0,"comment_status":"open","ping_status":"open","sticky":false,"template":"","format":"standard","meta":{"advanced_seo_description":"","jetpack_seo_html_title":"","jetpack_seo_noindex":false,"jetpack_seo_schema_type":"","episode_type":"","audio_file":"","podmotor_file_id":"","podmotor_episode_id":"","cover_image":"","cover_image_id":"","duration":"","filesize":"","filesize_raw":"","date_recorded":"","explicit":"","block":"","_jetpack_newsletter_access":"","_jetpack_dont_email_post_to_subs":false,"_jetpack_newsletter_tier_id":0,"_jetpack_memberships_contains_paywalled_content":false,"_jetpack_feature_clip_id":0,"_jetpack_memberships_contains_paid_content":false,"footnotes":"","jetpack_publicize_message":"","jetpack_publicize_feature_enabled":true,"jetpack_social_post_already_shared":false,"jetpack_social_options":{"image_generator_settings":{"template":"highway","default_image_id":0,"font":"","enabled":false},"version":2},"jetpack_post_was_ever_published":false},"categories":[2],"tags":[14,51,91,5],"series":[],"class_list":["post-17166","post","type-post","status-publish","format-standard","hentry","category-limones","tag-accion","tag-dios","tag-parabola","tag-tiempo"],"episode_featured_image":false,"episode_player_image":"https:\/\/i0.wp.com\/quechilero.com\/blog\/imagenes\/podcast.png?fit=1831%2C1831&ssl=1","download_link":"","player_link":"","audio_player":false,"episode_data":{"playerMode":"dark","subscribeUrls":{"amazon":{"key":"amazon","url":"","label":"Amazon","class":"amazon","icon":"amazon.png"},"apple_podcasts":{"key":"apple_podcasts","url":"","label":"Apple Podcasts","class":"apple_podcasts","icon":"apple-podcasts.png"},"castbox":{"key":"castbox","url":"","label":"CastBox","class":"castbox","icon":"castbox.png"},"deezer":{"key":"deezer","url":"","label":"Deezer","class":"deezer","icon":"deezer.png"},"google_podcasts":{"key":"google_podcasts","url":"","label":"Google Podcasts","class":"google_podcasts","icon":"google-podcasts.png"},"listen_notes":{"key":"listen_notes","url":"","label":"Listen Notes","class":"listen_notes","icon":"listen-notes.png"},"pandora":{"key":"pandora","url":"","label":"Pandora","class":"pandora","icon":"pandora.png"},"podbean":{"key":"podbean","url":"","label":"Podbean","class":"podbean","icon":"podbean.png"},"podcast_republic":{"key":"podcast_republic","url":"","label":"Podcast Republic","class":"podcast_republic","icon":"podcast-republic.png"},"rss":{"key":"rss","url":"","label":"RSS","class":"rss","icon":"rss.png"},"spotify":{"key":"spotify","url":"","label":"Spotify","class":"spotify","icon":"spotify.png"},"stitcher":{"key":"stitcher","url":"","label":"Stitcher","class":"stitcher","icon":"stitcher.png"},"tunein":{"key":"tunein","url":"","label":"TuneIn","class":"tunein","icon":"tunein.png"},"youtube":{"key":"youtube","url":"","label":"YouTube","class":"youtube","icon":"youtube.png"},"iheartradio":{"key":"iheartradio","url":"","label":"iHeartRadio","class":"iheartradio","icon":"iheartradio.png"},"ivoox":{"key":"ivoox","url":"","label":"iVoox","class":"ivoox","icon":"ivoox.png"}},"rssFeedUrl":"https:\/\/quechilero.com\/blog\/feed\/podcast\/si-la-vida-nos-da-limones","embedCode":"<blockquote class=\"wp-embedded-content\" data-secret=\"9GDwPFiJTU\"><a href=\"https:\/\/quechilero.com\/blog\/2013\/09\/30\/la-%ef%bb%bfparabola-africana\/\">La \ufeffpar\u00e1bola Africana<\/a><\/blockquote><iframe sandbox=\"allow-scripts\" security=\"restricted\" src=\"https:\/\/quechilero.com\/blog\/2013\/09\/30\/la-%ef%bb%bfparabola-africana\/embed\/#?secret=9GDwPFiJTU\" width=\"500\" height=\"350\" title=\"\u00abLa \ufeffpar\u00e1bola Africana\u00bb \u2014 Si la Vida nos da Limones...\" data-secret=\"9GDwPFiJTU\" frameborder=\"0\" marginwidth=\"0\" marginheight=\"0\" scrolling=\"no\" class=\"wp-embedded-content\"><\/iframe><script>\n\/*! This file is auto-generated *\/\n!function(d,l){\"use strict\";l.querySelector&&d.addEventListener&&\"undefined\"!=typeof URL&&(d.wp=d.wp||{},d.wp.receiveEmbedMessage||(d.wp.receiveEmbedMessage=function(e){var t=e.data;if((t||t.secret||t.message||t.value)&&!\/[^a-zA-Z0-9]\/.test(t.secret)){for(var s,r,n,a=l.querySelectorAll('iframe[data-secret=\"'+t.secret+'\"]'),o=l.querySelectorAll('blockquote[data-secret=\"'+t.secret+'\"]'),c=new RegExp(\"^https?:$\",\"i\"),i=0;i<o.length;i++)o[i].style.display=\"none\";for(i=0;i<a.length;i++)s=a[i],e.source===s.contentWindow&&(s.removeAttribute(\"style\"),\"height\"===t.message?(1e3<(r=parseInt(t.value,10))?r=1e3:~~r<200&&(r=200),s.height=r):\"link\"===t.message&&(r=new URL(s.getAttribute(\"src\")),n=new URL(t.value),c.test(n.protocol))&&n.host===r.host&&l.activeElement===s&&(d.top.location.href=t.value))}},d.addEventListener(\"message\",d.wp.receiveEmbedMessage,!1),l.addEventListener(\"DOMContentLoaded\",function(){for(var e,t,s=l.querySelectorAll(\"iframe.wp-embedded-content\"),r=0;r<s.length;r++)(t=(e=s[r]).getAttribute(\"data-secret\"))||(t=Math.random().toString(36).substring(2,12),e.src+=\"#?secret=\"+t,e.setAttribute(\"data-secret\",t)),e.contentWindow.postMessage({message:\"ready\",secret:t},\"*\")},!1)))}(window,document);\n\/\/# sourceURL=https:\/\/quechilero.com\/blog\/wp-includes\/js\/wp-embed.min.js\n<\/script>\n"},"jetpack_publicize_connections":[],"jetpack_shortlink":"https:\/\/wp.me\/pDKli-4sS","jetpack_sharing_enabled":true,"jetpack-related-posts":[{"id":31344,"url":"https:\/\/quechilero.com\/blog\/2023\/05\/20\/quemando-las-calorias-de-un-big-mac\/","url_meta":{"origin":17166,"position":0},"title":"Quemando las calor\u00edas de un Big Mac","author":"Pepe Barrascout Ortiz","date":"20 mayo 2023","format":false,"excerpt":"Hola hola amigos, bienvenidos a un mega episodio \u00e9pico de\u00a0Daily Gym, con poco m\u00e1s de una hora, acomp\u00e1\u00f1enme a quemar conmigo, las 425 calor\u00edas de un Big Mac mientras corro a lo largo de varios HITs, todo eso mientras cazamos tres mamuts y subimos a una monta\u00f1a a observar la\u2026","rel":"","context":"En \u00abDaily Gym\u00bb","block_context":{"text":"Daily Gym","link":"https:\/\/quechilero.com\/blog\/category\/podcast\/daily-gym\/"},"img":{"alt_text":"Daily Gym Podcast","src":"https:\/\/i0.wp.com\/quechilero.com\/blog\/imagenes\/DailyGym.jpg?fit=1200%2C675&ssl=1&resize=350%2C200","width":350,"height":200,"srcset":"https:\/\/i0.wp.com\/quechilero.com\/blog\/imagenes\/DailyGym.jpg?fit=1200%2C675&ssl=1&resize=350%2C200 1x, https:\/\/i0.wp.com\/quechilero.com\/blog\/imagenes\/DailyGym.jpg?fit=1200%2C675&ssl=1&resize=525%2C300 1.5x, https:\/\/i0.wp.com\/quechilero.com\/blog\/imagenes\/DailyGym.jpg?fit=1200%2C675&ssl=1&resize=700%2C400 2x, https:\/\/i0.wp.com\/quechilero.com\/blog\/imagenes\/DailyGym.jpg?fit=1200%2C675&ssl=1&resize=1050%2C600 3x"},"classes":[]},{"id":1157,"url":"https:\/\/quechilero.com\/blog\/2008\/09\/28\/la-parabola-del-te\/","url_meta":{"origin":17166,"position":1},"title":"La par\u00e1bola del t\u00e9","author":"Pepe Barrascout Ortiz","date":"28 septiembre 2008","format":false,"excerpt":"Al preparar una taza de t\u00e9 comprend\u00ed la interacci\u00f3n que se produce entre la vida devota y la santidad. El agua es un cuerpo l\u00edquido, incoloro, inodoro e ins\u00edpido. Como compuesto qu\u00edmico, posee la capacidad de disolver gran cantidad de sustancias, y su poder de disoluci\u00f3n aumenta a mayor temperatura.\u2026","rel":"","context":"En \u00abLimones\u00bb","block_context":{"text":"Limones","link":"https:\/\/quechilero.com\/blog\/category\/limones\/"},"img":{"alt_text":"","src":"","width":0,"height":0},"classes":[]},{"id":4512,"url":"https:\/\/quechilero.com\/blog\/2010\/04\/04\/la-parabola-del-colibri\/","url_meta":{"origin":17166,"position":2},"title":"La par\u00e1bola del colibr\u00ed","author":"Pepe Barrascout Ortiz","date":"4 abril 2010","format":false,"excerpt":"El bosque est\u00e1 en llamas, y, mientras todos los animales huyen para salvar su pellejo, un picaflor recoge una y otra vez agua del r\u00edo para verterla sobre el fuego. - \"\u00bfEs qu\u00e9 acaso crees que con ese pico peque\u00f1o vas a apagar el incendio?\", le pregunta el Le\u00f3n. -\u2026","rel":"","context":"En \u00abLimones\u00bb","block_context":{"text":"Limones","link":"https:\/\/quechilero.com\/blog\/category\/limones\/"},"img":{"alt_text":"","src":"","width":0,"height":0},"classes":[]},{"id":3669,"url":"https:\/\/quechilero.com\/blog\/2009\/09\/19\/el-leon-y-el-mosquito-volador\/","url_meta":{"origin":17166,"position":3},"title":"El le\u00f3n y el mosquito volador","author":"Pepe Barrascout Ortiz","date":"19 septiembre 2009","format":false,"excerpt":"Un mosquito se acerc\u00f3 a un le\u00f3n y le dijo: - No te temo, y adem\u00e1s, no eres m\u00e1s fuerte que yo. Si crees lo contrario, demu\u00e9stramelo. \u00bfQue ara\u00f1as con tus garras y muerdes con tus dientes? \u00a1Eso tambi\u00e9n lo hace una mujer defendi\u00e9ndose de un ladr\u00f3n! Yo soy m\u00e1s\u2026","rel":"","context":"En \u00abLimones\u00bb","block_context":{"text":"Limones","link":"https:\/\/quechilero.com\/blog\/category\/limones\/"},"img":{"alt_text":"","src":"","width":0,"height":0},"classes":[]},{"id":338,"url":"https:\/\/quechilero.com\/blog\/2006\/11\/29\/el-caballo-y-el-cerdo\/","url_meta":{"origin":17166,"position":4},"title":"El caballo y el cerdo","author":"Pepe Barrascout Ortiz","date":"29 noviembre 2006","format":false,"excerpt":"Un hacendado coleccionaba caballos y s\u00f3lo le faltaba una determinada raza. Un d\u00eda se dio cuenta que su vecino ten\u00eda precisamente un caballo de esa raza. As\u00ed que trat\u00f3, d\u00eda tras d\u00eda, de convencer a su vecino de que se lo vendiera, hasta que lo logr\u00f3. Un mes despu\u00e9s, el\u2026","rel":"","context":"En \u00abLimones\u00bb","block_context":{"text":"Limones","link":"https:\/\/quechilero.com\/blog\/category\/limones\/"},"img":{"alt_text":"","src":"","width":0,"height":0},"classes":[]},{"id":16356,"url":"https:\/\/quechilero.com\/blog\/2013\/03\/27\/la-misericordia\/","url_meta":{"origin":17166,"position":5},"title":"La misericordia","author":"Pepe Barrascout Ortiz","date":"27 marzo 2013","format":false,"excerpt":"Hay un programa de televisi\u00f3n en China que tiene una elevada repercusi\u00f3n medi\u00e1tica. En este momento televisivo, se entrevista a reos condenados a la pena de muerte, antes de cumplir con la m\u00e1xima sentencia. Personas con nombre y apellido son puestas en pantalla p\u00fablica y sometidas a preguntas muchas veces\u2026","rel":"","context":"En \u00abLimones\u00bb","block_context":{"text":"Limones","link":"https:\/\/quechilero.com\/blog\/category\/limones\/"},"img":{"alt_text":"","src":"","width":0,"height":0},"classes":[]}],"jetpack_featured_media_url":"","_links":{"self":[{"href":"https:\/\/quechilero.com\/blog\/wp-json\/wp\/v2\/posts\/17166","targetHints":{"allow":["GET"]}}],"collection":[{"href":"https:\/\/quechilero.com\/blog\/wp-json\/wp\/v2\/posts"}],"about":[{"href":"https:\/\/quechilero.com\/blog\/wp-json\/wp\/v2\/types\/post"}],"author":[{"embeddable":true,"href":"https:\/\/quechilero.com\/blog\/wp-json\/wp\/v2\/users\/1"}],"replies":[{"embeddable":true,"href":"https:\/\/quechilero.com\/blog\/wp-json\/wp\/v2\/comments?post=17166"}],"version-history":[{"count":0,"href":"https:\/\/quechilero.com\/blog\/wp-json\/wp\/v2\/posts\/17166\/revisions"}],"wp:attachment":[{"href":"https:\/\/quechilero.com\/blog\/wp-json\/wp\/v2\/media?parent=17166"}],"wp:term":[{"taxonomy":"category","embeddable":true,"href":"https:\/\/quechilero.com\/blog\/wp-json\/wp\/v2\/categories?post=17166"},{"taxonomy":"post_tag","embeddable":true,"href":"https:\/\/quechilero.com\/blog\/wp-json\/wp\/v2\/tags?post=17166"},{"taxonomy":"series","embeddable":true,"href":"https:\/\/quechilero.com\/blog\/wp-json\/wp\/v2\/series?post=17166"}],"curies":[{"name":"wp","href":"https:\/\/api.w.org\/{rel}","templated":true}]}}