{"id":17122,"date":"2013-09-14T08:00:36","date_gmt":"2013-09-14T14:00:36","guid":{"rendered":"http:\/\/quechilero.com\/blog\/?p=17122"},"modified":"2013-09-02T06:38:58","modified_gmt":"2013-09-02T12:38:58","slug":"mirando-hacia-la-meta","status":"publish","type":"post","link":"https:\/\/quechilero.com\/blog\/2013\/09\/14\/mirando-hacia-la-meta\/","title":{"rendered":"Mirando hacia la meta"},"content":{"rendered":"<p>En el libro del G\u00e9nesis se narra la historia de c\u00f3mo la esposa de Lot mir\u00f3 hacia atr\u00e1s cuando salieron de la ciudad de Sodoma y qued\u00f3 convertida en estatua de sal, pues Dios les hab\u00eda dicho que por ning\u00fan motivo miraran hacia atr\u00e1s cuando \u00c9l destruyera esta ciudad.<\/p>\n<p>La raz\u00f3n de por qu\u00e9 se convirti\u00f3 en estatua de sal no se sabe y no creo que sea importante saberlo, sino m\u00e1s bien su significado.<\/p>\n<p>Estamos iniciando un nuevo a\u00f1o, una p\u00e1gina en blanco est\u00e1 frente a nosotros, tenemos la pluma del tiempo y de los actos para escribir una nueva historia&#8230; Es por esa raz\u00f3n que es importante no ver al pasado para lamentarnos por lo que no hicimos, no hablamos o no pensamos, esta actitud nos puede paralizar y dejarnos en la misma posici\u00f3n en la que estamos actualmente.<\/p>\n<p>Al futuro se le ve de frente, no con la espalda; si has de ver al pasado que sea s\u00f3lo para aprender de \u00e9l y para recordar de d\u00f3nde vienes y hacia d\u00f3nde te diriges.<\/p>\n<p>Si te sirve de algo puedo, darte algunas ideas sobre c\u00f3mo proponerte metas alcanzables que te lleven a objetivos m\u00e1s grandes:<\/p>\n<ol>\n<li>Has metas que puedas medir, cuantificar.<\/li>\n<li>Proponte metas a corto plazo, que puedas corroborar en el d\u00eda a d\u00eda.<\/li>\n<li>Si hay prop\u00f3sitos que consideras dif\u00edciles, como por ejemplo modificar algo en tu conducta que te da\u00f1a a ti mismo o a los dem\u00e1s, comp\u00e1rtelos con alguien de confianza que te pueda retroalimentar.<\/li>\n<li>Si consideras que has fallado en tus metas, vuelve a intentarlo una y otra y otra y otra y otra y otra vez hasta que lo logres.<\/li>\n<\/ol>\n","protected":false},"excerpt":{"rendered":"<p>En el libro del G\u00e9nesis se narra la historia de c\u00f3mo la esposa de Lot mir\u00f3 hacia atr\u00e1s cuando salieron de la ciudad de Sodoma y qued\u00f3 convertida en estatua de sal, pues Dios les hab\u00eda dicho que por ning\u00fan motivo miraran hacia atr\u00e1s cuando \u00c9l destruyera esta ciudad. La raz\u00f3n de por qu\u00e9 se &#8230; <a title=\"Mirando hacia la meta\" class=\"read-more\" href=\"https:\/\/quechilero.com\/blog\/2013\/09\/14\/mirando-hacia-la-meta\/\" aria-label=\"Leer m\u00e1s sobre Mirando hacia la meta\">Leer m\u00e1s<\/a><\/p>\n","protected":false},"author":1,"featured_media":0,"comment_status":"open","ping_status":"open","sticky":false,"template":"","format":"standard","meta":{"advanced_seo_description":"","jetpack_seo_html_title":"","jetpack_seo_noindex":false,"jetpack_seo_schema_type":"","episode_type":"","audio_file":"","podmotor_file_id":"","podmotor_episode_id":"","cover_image":"","cover_image_id":"","duration":"","filesize":"","filesize_raw":"","date_recorded":"","explicit":"","block":"","_jetpack_newsletter_access":"","_jetpack_dont_email_post_to_subs":false,"_jetpack_newsletter_tier_id":0,"_jetpack_memberships_contains_paywalled_content":false,"_jetpack_feature_clip_id":0,"_jetpack_memberships_contains_paid_content":false,"footnotes":"","jetpack_publicize_message":"","jetpack_publicize_feature_enabled":true,"jetpack_social_post_already_shared":false,"jetpack_social_options":{"image_generator_settings":{"template":"highway","default_image_id":0,"font":"","enabled":false},"version":2},"jetpack_post_was_ever_published":false},"categories":[2],"tags":[29,38,51,17,9,72,5],"series":[],"class_list":["post-17122","post","type-post","status-publish","format-standard","hentry","category-limones","tag-aprender","tag-confianza","tag-dios","tag-historia","tag-idea","tag-libro","tag-tiempo"],"episode_featured_image":false,"episode_player_image":"https:\/\/i0.wp.com\/quechilero.com\/blog\/imagenes\/podcast.png?fit=1831%2C1831&ssl=1","download_link":"","player_link":"","audio_player":false,"episode_data":{"playerMode":"dark","subscribeUrls":{"amazon":{"key":"amazon","url":"","label":"Amazon","class":"amazon","icon":"amazon.png"},"apple_podcasts":{"key":"apple_podcasts","url":"","label":"Apple Podcasts","class":"apple_podcasts","icon":"apple-podcasts.png"},"castbox":{"key":"castbox","url":"","label":"CastBox","class":"castbox","icon":"castbox.png"},"deezer":{"key":"deezer","url":"","label":"Deezer","class":"deezer","icon":"deezer.png"},"google_podcasts":{"key":"google_podcasts","url":"","label":"Google Podcasts","class":"google_podcasts","icon":"google-podcasts.png"},"listen_notes":{"key":"listen_notes","url":"","label":"Listen Notes","class":"listen_notes","icon":"listen-notes.png"},"pandora":{"key":"pandora","url":"","label":"Pandora","class":"pandora","icon":"pandora.png"},"podbean":{"key":"podbean","url":"","label":"Podbean","class":"podbean","icon":"podbean.png"},"podcast_republic":{"key":"podcast_republic","url":"","label":"Podcast Republic","class":"podcast_republic","icon":"podcast-republic.png"},"rss":{"key":"rss","url":"","label":"RSS","class":"rss","icon":"rss.png"},"spotify":{"key":"spotify","url":"","label":"Spotify","class":"spotify","icon":"spotify.png"},"stitcher":{"key":"stitcher","url":"","label":"Stitcher","class":"stitcher","icon":"stitcher.png"},"tunein":{"key":"tunein","url":"","label":"TuneIn","class":"tunein","icon":"tunein.png"},"youtube":{"key":"youtube","url":"","label":"YouTube","class":"youtube","icon":"youtube.png"},"iheartradio":{"key":"iheartradio","url":"","label":"iHeartRadio","class":"iheartradio","icon":"iheartradio.png"},"ivoox":{"key":"ivoox","url":"","label":"iVoox","class":"ivoox","icon":"ivoox.png"}},"rssFeedUrl":"https:\/\/quechilero.com\/blog\/feed\/podcast\/si-la-vida-nos-da-limones","embedCode":"<blockquote class=\"wp-embedded-content\" data-secret=\"9mIAmEjIX2\"><a href=\"https:\/\/quechilero.com\/blog\/2013\/09\/14\/mirando-hacia-la-meta\/\">Mirando hacia la meta<\/a><\/blockquote><iframe sandbox=\"allow-scripts\" security=\"restricted\" src=\"https:\/\/quechilero.com\/blog\/2013\/09\/14\/mirando-hacia-la-meta\/embed\/#?secret=9mIAmEjIX2\" width=\"500\" height=\"350\" title=\"\u00abMirando hacia la meta\u00bb \u2014 Si la Vida nos da Limones...\" data-secret=\"9mIAmEjIX2\" frameborder=\"0\" marginwidth=\"0\" marginheight=\"0\" scrolling=\"no\" class=\"wp-embedded-content\"><\/iframe><script>\n\/*! This file is auto-generated *\/\n!function(d,l){\"use strict\";l.querySelector&&d.addEventListener&&\"undefined\"!=typeof URL&&(d.wp=d.wp||{},d.wp.receiveEmbedMessage||(d.wp.receiveEmbedMessage=function(e){var t=e.data;if((t||t.secret||t.message||t.value)&&!\/[^a-zA-Z0-9]\/.test(t.secret)){for(var s,r,n,a=l.querySelectorAll('iframe[data-secret=\"'+t.secret+'\"]'),o=l.querySelectorAll('blockquote[data-secret=\"'+t.secret+'\"]'),c=new RegExp(\"^https?:$\",\"i\"),i=0;i<o.length;i++)o[i].style.display=\"none\";for(i=0;i<a.length;i++)s=a[i],e.source===s.contentWindow&&(s.removeAttribute(\"style\"),\"height\"===t.message?(1e3<(r=parseInt(t.value,10))?r=1e3:~~r<200&&(r=200),s.height=r):\"link\"===t.message&&(r=new URL(s.getAttribute(\"src\")),n=new URL(t.value),c.test(n.protocol))&&n.host===r.host&&l.activeElement===s&&(d.top.location.href=t.value))}},d.addEventListener(\"message\",d.wp.receiveEmbedMessage,!1),l.addEventListener(\"DOMContentLoaded\",function(){for(var e,t,s=l.querySelectorAll(\"iframe.wp-embedded-content\"),r=0;r<s.length;r++)(t=(e=s[r]).getAttribute(\"data-secret\"))||(t=Math.random().toString(36).substring(2,12),e.src+=\"#?secret=\"+t,e.setAttribute(\"data-secret\",t)),e.contentWindow.postMessage({message:\"ready\",secret:t},\"*\")},!1)))}(window,document);\n\/\/# sourceURL=https:\/\/quechilero.com\/blog\/wp-includes\/js\/wp-embed.min.js\n<\/script>\n"},"jetpack_publicize_connections":[],"jetpack_shortlink":"https:\/\/wp.me\/pDKli-4sa","jetpack_sharing_enabled":true,"jetpack-related-posts":[{"id":17577,"url":"https:\/\/quechilero.com\/blog\/2013\/12\/14\/adviento-tres-miradas\/","url_meta":{"origin":17122,"position":0},"title":"Adviento: tres miradas","author":"Pepe Barrascout Ortiz","date":"14 diciembre 2013","format":false,"excerpt":"Nuestro Adviento es una mirada hacia atr\u00e1s, hacia aquel acontecimiento trascendental para vivirlo con toda la intensidad, y celebrar que Dios se ha hecho hombre, que Dios ha entrado en nuestra historia. Nuestro Adviento es una mirada a nuestro entorno para celebrar la venida constante de Dios. Invitados a vivir\u2026","rel":"","context":"En \u00abLimones\u00bb","block_context":{"text":"Limones","link":"https:\/\/quechilero.com\/blog\/category\/limones\/"},"img":{"alt_text":"","src":"","width":0,"height":0},"classes":[]},{"id":20075,"url":"https:\/\/quechilero.com\/blog\/2015\/04\/28\/transmitiendo-el-amor-de-dios\/","url_meta":{"origin":17122,"position":1},"title":"Transmitiendo el Amor de Dios","author":"Pepe Barrascout Ortiz","date":"28 abril 2015","format":false,"excerpt":"Claire Townsend encontr\u00f3 que las reuniones semanales de producci\u00f3n en el importante estudio cinematogr\u00e1fico donde trabajaba eran extremadamente fatigosas. Todas las ma\u00f1anas, varios responsables de departamentos luchaban por mantener sus puestos. El estudio hab\u00eda sido reci\u00e9n adquirido, los trabajos eran inseguros y se hab\u00eda perdido el esp\u00edritu de equipo. Por\u2026","rel":"","context":"En \u00abLimones\u00bb","block_context":{"text":"Limones","link":"https:\/\/quechilero.com\/blog\/category\/limones\/"},"img":{"alt_text":"","src":"","width":0,"height":0},"classes":[]},{"id":534,"url":"https:\/\/quechilero.com\/blog\/2007\/04\/30\/la-casa-del-artista\/","url_meta":{"origin":17122,"position":2},"title":"La Casa del Artista","author":"Pepe Barrascout Ortiz","date":"30 abril 2007","format":false,"excerpt":"Cu\u00e9ntase una historia que en una ciudad hab\u00eda un artista que todos los d\u00edas iba hasta su estudio a pie. Y era com\u00fan verlo parado frente a una casa abandonada. Una casa que nadie daba valor. Una casa que, para algunos, daba espanto. Una casa sin conservaci\u00f3n, sin pintura, descascada,\u2026","rel":"","context":"En \u00abLimones\u00bb","block_context":{"text":"Limones","link":"https:\/\/quechilero.com\/blog\/category\/limones\/"},"img":{"alt_text":"","src":"","width":0,"height":0},"classes":[]},{"id":773,"url":"https:\/\/quechilero.com\/blog\/2007\/11\/24\/la-casa-del-artista-2\/","url_meta":{"origin":17122,"position":3},"title":"La Casa del Artista","author":"Pepe Barrascout Ortiz","date":"24 noviembre 2007","format":false,"excerpt":"Cu\u00e9ntase una historia que en una ciudad hab\u00eda un artista que todos los d\u00edas iba hasta su estudio a pie. Y era com\u00fan verlo parado frente a una casa abandonada. Una casa que nadie daba valor. Una casa que, para algunos, daba espanto. Una casa sin conservaci\u00f3n, sin pintura, descascada,\u2026","rel":"","context":"En \u00abLimones\u00bb","block_context":{"text":"Limones","link":"https:\/\/quechilero.com\/blog\/category\/limones\/"},"img":{"alt_text":"","src":"","width":0,"height":0},"classes":[]},{"id":7502,"url":"https:\/\/quechilero.com\/blog\/2011\/10\/15\/epocas\/","url_meta":{"origin":17122,"position":4},"title":"\u00c9pocas","author":"Pepe Barrascout Ortiz","date":"15 octubre 2011","format":false,"excerpt":"En una cena en honor de Albert Einstein, un estudiante le pregunt\u00f3 al gran cient\u00edfico: \"\u00bfCu\u00e1l es su profesi\u00f3n?\" - Me dedico al estudio de la f\u00edsica -dijo Einstein. El estudiante exclam\u00f3: \"\u00bfQuiere decir que usted sigue estudiando f\u00edsica? Yo termin\u00e9 el a\u00f1o pasado.\" Una de las grandes tentaciones en\u2026","rel":"","context":"En \u00abLimones\u00bb","block_context":{"text":"Limones","link":"https:\/\/quechilero.com\/blog\/category\/limones\/"},"img":{"alt_text":"","src":"","width":0,"height":0},"classes":[]},{"id":496,"url":"https:\/\/quechilero.com\/blog\/2007\/03\/18\/vivir\/","url_meta":{"origin":17122,"position":5},"title":"Vivir","author":"Pepe Barrascout Ortiz","date":"18 marzo 2007","format":false,"excerpt":"Hay quienes viven encadenados a un fracaso o a una herida que nunca deja de supurar. Son personas que se amargan hoy porque hace veinte a\u00f1os su madre no los quiso, porque no pudieron estudiar lo que quer\u00edan, porque su pareja los traicion\u00f3, porque perdieron injustamente su trabajo, o lo\u2026","rel":"","context":"En \u00abLimones\u00bb","block_context":{"text":"Limones","link":"https:\/\/quechilero.com\/blog\/category\/limones\/"},"img":{"alt_text":"","src":"","width":0,"height":0},"classes":[]}],"jetpack_featured_media_url":"","_links":{"self":[{"href":"https:\/\/quechilero.com\/blog\/wp-json\/wp\/v2\/posts\/17122","targetHints":{"allow":["GET"]}}],"collection":[{"href":"https:\/\/quechilero.com\/blog\/wp-json\/wp\/v2\/posts"}],"about":[{"href":"https:\/\/quechilero.com\/blog\/wp-json\/wp\/v2\/types\/post"}],"author":[{"embeddable":true,"href":"https:\/\/quechilero.com\/blog\/wp-json\/wp\/v2\/users\/1"}],"replies":[{"embeddable":true,"href":"https:\/\/quechilero.com\/blog\/wp-json\/wp\/v2\/comments?post=17122"}],"version-history":[{"count":0,"href":"https:\/\/quechilero.com\/blog\/wp-json\/wp\/v2\/posts\/17122\/revisions"}],"wp:attachment":[{"href":"https:\/\/quechilero.com\/blog\/wp-json\/wp\/v2\/media?parent=17122"}],"wp:term":[{"taxonomy":"category","embeddable":true,"href":"https:\/\/quechilero.com\/blog\/wp-json\/wp\/v2\/categories?post=17122"},{"taxonomy":"post_tag","embeddable":true,"href":"https:\/\/quechilero.com\/blog\/wp-json\/wp\/v2\/tags?post=17122"},{"taxonomy":"series","embeddable":true,"href":"https:\/\/quechilero.com\/blog\/wp-json\/wp\/v2\/series?post=17122"}],"curies":[{"name":"wp","href":"https:\/\/api.w.org\/{rel}","templated":true}]}}