{"id":17119,"date":"2013-09-11T08:00:29","date_gmt":"2013-09-11T14:00:29","guid":{"rendered":"http:\/\/quechilero.com\/blog\/?p=17119"},"modified":"2013-09-02T06:32:30","modified_gmt":"2013-09-02T12:32:30","slug":"el-domingo-ya-empieza-el-adviento","status":"publish","type":"post","link":"https:\/\/quechilero.com\/blog\/2013\/09\/11\/el-domingo-ya-empieza-el-adviento\/","title":{"rendered":"\u00a1El domingo ya empieza el Adviento!"},"content":{"rendered":"<p>Cuatro domingos de Adviento tendr\u00e1n que pasar para que ya, una vez m\u00e1s, estemos en Navidad.<\/p>\n<p>Es tiempo de preparaci\u00f3n puesto que siempre que esperamos recibir a una persona importante, nos preparamos.<\/p>\n<p>La Iglesia nos invita a que introduzcamos en nuestro esp\u00edritu y en nuestro cotidiano vivir un nuevo aspecto disciplinario para aumentar el deseo ferviente de la venida del Mes\u00edas y que su llegada purifique e ilumine este mundo, ca\u00f3tico y deshumanizado, procurando el recogimiento y que sean m\u00e1s abundantes y profundos los tiempos de oraci\u00f3n y el ofrecimiento de sacrificios, aunque sean cosas peque\u00f1as y simples, preparando as\u00ed los Caminos del Se\u00f1or.<\/p>\n<p>Caminos que llevamos en nuestro interior y que tenemos que luchar para que no se llenen de tinieblas, de ambici\u00f3n, de lujuria, de envidia, de soberbia y de tantas otras debilidades propias de nuestro coraz\u00f3n humano, sino que sean caminos de luz, senderos que nos conduzcan a la cima de la monta\u00f1a, a la conquista de nuestro propio yo.<\/p>\n<p>Hace unos d\u00edas celebr\u00e1bamos el d\u00eda de Cristo Rey. Cristo es un Rey que no es de este mundo. El reino que El nos vino a ense\u00f1ar pertenece a los pobres, a los peque\u00f1os y tambi\u00e9n a los pecadores arrepentidos, es decir, a los que lo acogen con coraz\u00f3n humilde y los declara bienaventurados porque de ellos es el Reino de los Cielos&#8230; y a los \u00abpeque\u00f1os\u00bb es a quienes el Padre se ha dignado revelar las cosas ocultas a los sabios y a los ricos.<\/p>\n<p>Es preciso entrar en ese Reino y para eso hay que hacerse disc\u00edpulo de Cristo. A nosotros no toca ser portadores del mensaje que Jes\u00fas vino a traer a la Tierra.<\/p>\n<p>Cuatro domingos faltan para que celebremos su llegada. D\u00edas y semanas para meditar, menos carreras, menos cansancio del bullicio y ajetreo de compras y compromisos, de banalidades y gastos superfluos&#8230; mejor preparar nuestro coraz\u00f3n y tratar de que los dem\u00e1s lo hagan tambi\u00e9n para el Gran D\u00eda del Nacimiento en la Tierra de Dios que se hace hombre.<\/p>\n<p>Esto es el adviento. Prepar\u00e9monos con ilusi\u00f3n y con fe.<\/p>\n","protected":false},"excerpt":{"rendered":"<p>Cuatro domingos de Adviento tendr\u00e1n que pasar para que ya, una vez m\u00e1s, estemos en Navidad. Es tiempo de preparaci\u00f3n puesto que siempre que esperamos recibir a una persona importante, nos preparamos. La Iglesia nos invita a que introduzcamos en nuestro esp\u00edritu y en nuestro cotidiano vivir un nuevo aspecto disciplinario para aumentar el deseo &#8230; <a title=\"\u00a1El domingo ya empieza el Adviento!\" class=\"read-more\" href=\"https:\/\/quechilero.com\/blog\/2013\/09\/11\/el-domingo-ya-empieza-el-adviento\/\" aria-label=\"Leer m\u00e1s sobre \u00a1El domingo ya empieza el Adviento!\">Leer m\u00e1s<\/a><\/p>\n","protected":false},"author":1,"featured_media":0,"comment_status":"open","ping_status":"open","sticky":false,"template":"","format":"standard","meta":{"advanced_seo_description":"","jetpack_seo_html_title":"","jetpack_seo_noindex":false,"jetpack_seo_schema_type":"","episode_type":"","audio_file":"","podmotor_file_id":"","podmotor_episode_id":"","cover_image":"","cover_image_id":"","duration":"","filesize":"","filesize_raw":"","date_recorded":"","explicit":"","block":"","_jetpack_newsletter_access":"","_jetpack_dont_email_post_to_subs":false,"_jetpack_newsletter_tier_id":0,"_jetpack_memberships_contains_paywalled_content":false,"_jetpack_feature_clip_id":0,"_jetpack_memberships_contains_paid_content":false,"footnotes":"","jetpack_publicize_message":"","jetpack_publicize_feature_enabled":true,"jetpack_social_post_already_shared":false,"jetpack_social_options":{"image_generator_settings":{"template":"highway","default_image_id":0,"font":"","enabled":false},"version":2},"jetpack_post_was_ever_published":false},"categories":[2],"tags":[12,63,45,51,18,74,86,5,24],"series":[],"class_list":["post-17119","post","type-post","status-publish","format-standard","hentry","category-limones","tag-cosas","tag-debilidades","tag-deseo","tag-dios","tag-hombre","tag-jesus","tag-oracion","tag-tiempo","tag-vida"],"episode_featured_image":false,"episode_player_image":"https:\/\/i0.wp.com\/quechilero.com\/blog\/imagenes\/podcast.png?fit=1831%2C1831&ssl=1","download_link":"","player_link":"","audio_player":false,"episode_data":{"playerMode":"dark","subscribeUrls":{"amazon":{"key":"amazon","url":"","label":"Amazon","class":"amazon","icon":"amazon.png"},"apple_podcasts":{"key":"apple_podcasts","url":"","label":"Apple Podcasts","class":"apple_podcasts","icon":"apple-podcasts.png"},"castbox":{"key":"castbox","url":"","label":"CastBox","class":"castbox","icon":"castbox.png"},"deezer":{"key":"deezer","url":"","label":"Deezer","class":"deezer","icon":"deezer.png"},"google_podcasts":{"key":"google_podcasts","url":"","label":"Google Podcasts","class":"google_podcasts","icon":"google-podcasts.png"},"listen_notes":{"key":"listen_notes","url":"","label":"Listen Notes","class":"listen_notes","icon":"listen-notes.png"},"pandora":{"key":"pandora","url":"","label":"Pandora","class":"pandora","icon":"pandora.png"},"podbean":{"key":"podbean","url":"","label":"Podbean","class":"podbean","icon":"podbean.png"},"podcast_republic":{"key":"podcast_republic","url":"","label":"Podcast Republic","class":"podcast_republic","icon":"podcast-republic.png"},"rss":{"key":"rss","url":"","label":"RSS","class":"rss","icon":"rss.png"},"spotify":{"key":"spotify","url":"","label":"Spotify","class":"spotify","icon":"spotify.png"},"stitcher":{"key":"stitcher","url":"","label":"Stitcher","class":"stitcher","icon":"stitcher.png"},"tunein":{"key":"tunein","url":"","label":"TuneIn","class":"tunein","icon":"tunein.png"},"youtube":{"key":"youtube","url":"","label":"YouTube","class":"youtube","icon":"youtube.png"},"iheartradio":{"key":"iheartradio","url":"","label":"iHeartRadio","class":"iheartradio","icon":"iheartradio.png"},"ivoox":{"key":"ivoox","url":"","label":"iVoox","class":"ivoox","icon":"ivoox.png"}},"rssFeedUrl":"https:\/\/quechilero.com\/blog\/feed\/podcast\/si-la-vida-nos-da-limones","embedCode":"<blockquote class=\"wp-embedded-content\" data-secret=\"Cz7wubq0os\"><a href=\"https:\/\/quechilero.com\/blog\/2013\/09\/11\/el-domingo-ya-empieza-el-adviento\/\">\u00a1El domingo ya empieza el Adviento!<\/a><\/blockquote><iframe sandbox=\"allow-scripts\" security=\"restricted\" src=\"https:\/\/quechilero.com\/blog\/2013\/09\/11\/el-domingo-ya-empieza-el-adviento\/embed\/#?secret=Cz7wubq0os\" width=\"500\" height=\"350\" title=\"\u00ab\u00a1El domingo ya empieza el Adviento!\u00bb \u2014 Si la Vida nos da Limones...\" data-secret=\"Cz7wubq0os\" frameborder=\"0\" marginwidth=\"0\" marginheight=\"0\" scrolling=\"no\" class=\"wp-embedded-content\"><\/iframe><script>\n\/*! This file is auto-generated *\/\n!function(d,l){\"use strict\";l.querySelector&&d.addEventListener&&\"undefined\"!=typeof URL&&(d.wp=d.wp||{},d.wp.receiveEmbedMessage||(d.wp.receiveEmbedMessage=function(e){var t=e.data;if((t||t.secret||t.message||t.value)&&!\/[^a-zA-Z0-9]\/.test(t.secret)){for(var s,r,n,a=l.querySelectorAll('iframe[data-secret=\"'+t.secret+'\"]'),o=l.querySelectorAll('blockquote[data-secret=\"'+t.secret+'\"]'),c=new RegExp(\"^https?:$\",\"i\"),i=0;i<o.length;i++)o[i].style.display=\"none\";for(i=0;i<a.length;i++)s=a[i],e.source===s.contentWindow&&(s.removeAttribute(\"style\"),\"height\"===t.message?(1e3<(r=parseInt(t.value,10))?r=1e3:~~r<200&&(r=200),s.height=r):\"link\"===t.message&&(r=new URL(s.getAttribute(\"src\")),n=new URL(t.value),c.test(n.protocol))&&n.host===r.host&&l.activeElement===s&&(d.top.location.href=t.value))}},d.addEventListener(\"message\",d.wp.receiveEmbedMessage,!1),l.addEventListener(\"DOMContentLoaded\",function(){for(var e,t,s=l.querySelectorAll(\"iframe.wp-embedded-content\"),r=0;r<s.length;r++)(t=(e=s[r]).getAttribute(\"data-secret\"))||(t=Math.random().toString(36).substring(2,12),e.src+=\"#?secret=\"+t,e.setAttribute(\"data-secret\",t)),e.contentWindow.postMessage({message:\"ready\",secret:t},\"*\")},!1)))}(window,document);\n\/\/# sourceURL=https:\/\/quechilero.com\/blog\/wp-includes\/js\/wp-embed.min.js\n<\/script>\n"},"jetpack_publicize_connections":[],"jetpack_shortlink":"https:\/\/wp.me\/pDKli-4s7","jetpack_sharing_enabled":true,"jetpack-related-posts":[{"id":15358,"url":"https:\/\/quechilero.com\/blog\/2012\/12\/02\/primer-domingo-de-adviento\/","url_meta":{"origin":17119,"position":0},"title":"Primer Domingo de Adviento","author":"Pepe Barrascout Ortiz","date":"2 diciembre 2012","format":false,"excerpt":"Primer Domingo de Adviento (ciclo B) Cabeza de Familia: Hermanos: Al iniciar hoy el Adviento, comenzamos el A\u00f1o Lit\u00fargico, s\u00edmbolo de nuestra larga traves\u00eda por la vida. Vamos caminando por el desierto, atravesando unas veces, bellos oasis; otras sofocantes desiertos. Lo hacemos con alegr\u00eda y con miedo, con fe y\u2026","rel":"","context":"En \u00abLimones\u00bb","block_context":{"text":"Limones","link":"https:\/\/quechilero.com\/blog\/category\/limones\/"},"img":{"alt_text":"","src":"https:\/\/i0.wp.com\/i392.photobucket.com\/albums\/pp7\/pepejaguar\/blog\/1-domingo-adviento.png?resize=350%2C200","width":350,"height":200,"srcset":"https:\/\/i0.wp.com\/i392.photobucket.com\/albums\/pp7\/pepejaguar\/blog\/1-domingo-adviento.png?resize=350%2C200 1x, https:\/\/i0.wp.com\/i392.photobucket.com\/albums\/pp7\/pepejaguar\/blog\/1-domingo-adviento.png?resize=525%2C300 1.5x"},"classes":[]},{"id":15359,"url":"https:\/\/quechilero.com\/blog\/2012\/12\/09\/segundo-domingo-de-adviento\/","url_meta":{"origin":17119,"position":1},"title":"Segundo Domingo de Adviento","author":"Pepe Barrascout Ortiz","date":"9 diciembre 2012","format":false,"excerpt":"Segundo Domingo de Adviento (ciclo B) Reunida la familia o el grupo de personas, se encienden: la vela del primer domingo y la que corresponde al segundo domingo. Hermanos: Al introducirnos m\u00e1s de lleno en el tiempo de Adviento, la Palabra de Dios nos urge a una reflexi\u00f3n m\u00e1s profunda.\u2026","rel":"","context":"En \u00abLimones\u00bb","block_context":{"text":"Limones","link":"https:\/\/quechilero.com\/blog\/category\/limones\/"},"img":{"alt_text":"","src":"https:\/\/i0.wp.com\/i392.photobucket.com\/albums\/pp7\/pepejaguar\/blog\/2-domingo-adviento.png?resize=350%2C200","width":350,"height":200,"srcset":"https:\/\/i0.wp.com\/i392.photobucket.com\/albums\/pp7\/pepejaguar\/blog\/2-domingo-adviento.png?resize=350%2C200 1x, https:\/\/i0.wp.com\/i392.photobucket.com\/albums\/pp7\/pepejaguar\/blog\/2-domingo-adviento.png?resize=525%2C300 1.5x"},"classes":[]},{"id":15360,"url":"https:\/\/quechilero.com\/blog\/2012\/12\/16\/tercer-domingo-de-adviento\/","url_meta":{"origin":17119,"position":2},"title":"Tercer Domingo de Adviento","author":"Pepe Barrascout Ortiz","date":"16 diciembre 2012","format":false,"excerpt":"Tercer Domingo de Adviento (ciclo B) Reunida la familia o grupo de personas, se encienden las candelas del primero domingo, la del segundo y la del tercer domingo. Hermanos: A medida que avanza el Adviento y crece nuestra expectativa por un encuentro m\u00e1s intenso con Jes\u00fas, la Palabra de Dios,\u2026","rel":"","context":"En \u00abLimones\u00bb","block_context":{"text":"Limones","link":"https:\/\/quechilero.com\/blog\/category\/limones\/"},"img":{"alt_text":"","src":"https:\/\/i0.wp.com\/i392.photobucket.com\/albums\/pp7\/pepejaguar\/blog\/3-domingo-adviento.png?resize=350%2C200","width":350,"height":200,"srcset":"https:\/\/i0.wp.com\/i392.photobucket.com\/albums\/pp7\/pepejaguar\/blog\/3-domingo-adviento.png?resize=350%2C200 1x, https:\/\/i0.wp.com\/i392.photobucket.com\/albums\/pp7\/pepejaguar\/blog\/3-domingo-adviento.png?resize=525%2C300 1.5x"},"classes":[]},{"id":15361,"url":"https:\/\/quechilero.com\/blog\/2012\/12\/23\/cuarto-domingo-de-adviento\/","url_meta":{"origin":17119,"position":3},"title":"Cuarto Domingo de Adviento","author":"Pepe Barrascout Ortiz","date":"23 diciembre 2012","format":false,"excerpt":"Cuarto Domingo de Adviento (ciclo B) Reunidos todos, se encienden las cuatro velas de la corona en el orden acostumbrado (este d\u00eda lo puede hacer uno de los ni\u00f1os mas peque\u00f1os). Hermanos: A pocos d\u00edas de la Navidad, la Liturgia se une al simbolismo popular de esta fiesta, y nos\u2026","rel":"","context":"En \u00abLimones\u00bb","block_context":{"text":"Limones","link":"https:\/\/quechilero.com\/blog\/category\/limones\/"},"img":{"alt_text":"","src":"https:\/\/i0.wp.com\/i392.photobucket.com\/albums\/pp7\/pepejaguar\/blog\/4-domingo-adviento.png?resize=350%2C200","width":350,"height":200,"srcset":"https:\/\/i0.wp.com\/i392.photobucket.com\/albums\/pp7\/pepejaguar\/blog\/4-domingo-adviento.png?resize=350%2C200 1x, https:\/\/i0.wp.com\/i392.photobucket.com\/albums\/pp7\/pepejaguar\/blog\/4-domingo-adviento.png?resize=525%2C300 1.5x"},"classes":[]},{"id":2066,"url":"https:\/\/quechilero.com\/blog\/2008\/12\/08\/inmaculada-concepcion-de-maria\/","url_meta":{"origin":17119,"position":4},"title":"Inmaculada Concepci\u00f3n de Mar\u00eda","author":"Pepe Barrascout Ortiz","date":"8 diciembre 2008","format":false,"excerpt":"Hoy 8 de diciembre, celebramos la fiesta de la Inmaculada Concepci\u00f3n de la Virgen Mar\u00eda, madre de Dios y madre nuestra. Junto a la celebraci\u00f3n del Adviento, que empez\u00f3 hace dos domingos, esta otra festividad nos prepara para la conmemoraci\u00f3n de la Natividad de Jes\u00fas. M\u00e9ritos: Mar\u00eda es libre de\u2026","rel":"","context":"En \u00abLimones\u00bb","block_context":{"text":"Limones","link":"https:\/\/quechilero.com\/blog\/category\/limones\/"},"img":{"alt_text":"","src":"https:\/\/i0.wp.com\/img505.imageshack.us\/img505\/5422\/zinmaculadamurillonv9.jpg?resize=350%2C200","width":350,"height":200},"classes":[]},{"id":17590,"url":"https:\/\/quechilero.com\/blog\/2013\/12\/18\/poema-de-adviento\/","url_meta":{"origin":17119,"position":5},"title":"Poema de Adviento","author":"Pepe Barrascout Ortiz","date":"18 diciembre 2013","format":false,"excerpt":"Si todo aguarda al Mes\u00edas: la brisa, el ave, la flor, y ya lo anuncia Isa\u00edas \u00bfPor qu\u00e9 se tarda el Se\u00f1or? Se apresuran los pastores y la estrella da su luz. \u00c1ngeles cantan primores \u00bfd\u00f3nde est\u00e1 el Ni\u00f1o Jes\u00fas? El establo ya est\u00e1 listo, la tosca paja tambi\u00e9n anochece\u2026","rel":"","context":"En \u00abLimones\u00bb","block_context":{"text":"Limones","link":"https:\/\/quechilero.com\/blog\/category\/limones\/"},"img":{"alt_text":"","src":"","width":0,"height":0},"classes":[]}],"jetpack_featured_media_url":"","_links":{"self":[{"href":"https:\/\/quechilero.com\/blog\/wp-json\/wp\/v2\/posts\/17119","targetHints":{"allow":["GET"]}}],"collection":[{"href":"https:\/\/quechilero.com\/blog\/wp-json\/wp\/v2\/posts"}],"about":[{"href":"https:\/\/quechilero.com\/blog\/wp-json\/wp\/v2\/types\/post"}],"author":[{"embeddable":true,"href":"https:\/\/quechilero.com\/blog\/wp-json\/wp\/v2\/users\/1"}],"replies":[{"embeddable":true,"href":"https:\/\/quechilero.com\/blog\/wp-json\/wp\/v2\/comments?post=17119"}],"version-history":[{"count":0,"href":"https:\/\/quechilero.com\/blog\/wp-json\/wp\/v2\/posts\/17119\/revisions"}],"wp:attachment":[{"href":"https:\/\/quechilero.com\/blog\/wp-json\/wp\/v2\/media?parent=17119"}],"wp:term":[{"taxonomy":"category","embeddable":true,"href":"https:\/\/quechilero.com\/blog\/wp-json\/wp\/v2\/categories?post=17119"},{"taxonomy":"post_tag","embeddable":true,"href":"https:\/\/quechilero.com\/blog\/wp-json\/wp\/v2\/tags?post=17119"},{"taxonomy":"series","embeddable":true,"href":"https:\/\/quechilero.com\/blog\/wp-json\/wp\/v2\/series?post=17119"}],"curies":[{"name":"wp","href":"https:\/\/api.w.org\/{rel}","templated":true}]}}