{"id":17110,"date":"2013-09-02T08:00:06","date_gmt":"2013-09-02T14:00:06","guid":{"rendered":"http:\/\/quechilero.com\/blog\/?p=17110"},"modified":"2013-09-02T06:25:40","modified_gmt":"2013-09-02T12:25:40","slug":"en-medio-de-la-enfermedad","status":"publish","type":"post","link":"https:\/\/quechilero.com\/blog\/2013\/09\/02\/en-medio-de-la-enfermedad\/","title":{"rendered":"En medio de la enfermedad"},"content":{"rendered":"<p>He pasado una semana enfermo, d\u00e9bil, sin \u00e1nimo para hacer cosas. Curiosamente, no he dejado de sentir la presencia amorosa de Dios.<\/p>\n<p>Tus fuerzas te abandonan y t\u00fa te abandonas ante su presencia soberana. Entonces surge Dios y dice: \u00abNo temas, Yo estoy contigo\u00bb. Y todo cambia. Comprendes que hay un sentido para todo, incluso tu enfermedad.<\/p>\n<p>Por momentos, acostado, me trasladaba con mi mente a una capilla donde esta expuesto Jes\u00fas Sacramentado. Me detengo frente a Jes\u00fas y lo miro. Y le digo que lo quiero. \u00abEres mi mejor amigo, Se\u00f1or\u00bb. No hacemos m\u00e1s que eso. Pero me siento tan feliz de poder entregarle estos peque\u00f1os gestos de amor.<\/p>\n<p>Comprendo lo fr\u00e1giles que somos los humanos y la grandeza de nuestro esp\u00edritu.<\/p>\n<p>Anoche, ocurri\u00f3 algo significativo. Me dorm\u00ed profundamente y dormido, en sue\u00f1os, me puse a rezar. Entonces escuch\u00e9 la voz paternal de Dios que se preguntaba:<\/p>\n<p>&#8211; \u00ab\u00bfQu\u00e9 har\u00e9 contigo?\u00bb<\/p>\n<p>Yo, intuitivamente respond\u00ed:<\/p>\n<p>&#8211; \u00abDevolverme la salud.\u00bb<\/p>\n<p>De pronto surgi\u00f3 una pregunta que me estremeci\u00f3:<\/p>\n<p>&#8211; \u00ab\u00bfY qu\u00e9 hiciste con la salud que te di?\u00bb<\/p>\n<p>Me vi entonces en un tranque vehicular grit\u00e1ndole al conductor de al lado&#8230; luego, molesto con una cajera que no me atendi\u00f3 a tiempo. Surgieron as\u00ed, en cuesti\u00f3n de segundos, cientos de situaciones similares de las que me avergonc\u00e9.<\/p>\n<p>Sin dejar de amarme, Dios pregunt\u00f3:<\/p>\n<p>&#8211; \u00ab\u00bfAmaste?\u00bb<\/p>\n<p>&#8211; \u00abMuy poco Se\u00f1or\u00bb, reconoc\u00ed, \u00abcreo que fui ego\u00edsta con el tiempo que me diste\u00bb.<\/p>\n<p>&#8211; \u00abEst\u00e1 bien reconocerlo\u00bb, dijo con ternura&#8230; \u00abTendr\u00e1s otra oportunidad. Ama y haz todo el bien que puedas\u00bb.<\/p>\n<p>Entonces despert\u00e9.<\/p>\n<p>Algo pas\u00f3 en ese sue\u00f1o, que me llen\u00f3 de esperanza.<\/p>\n<p>La gripe est\u00e1 cediendo y pronto volver\u00e9 a salir. Pero esta vez ser\u00e9 diferente. Tratar\u00e9 de ver al pr\u00f3jimo como a mi hermano, y estar\u00e9 m\u00e1s cerca de Dios: amando, ayudando al que pueda.<\/p>\n","protected":false},"excerpt":{"rendered":"<p>He pasado una semana enfermo, d\u00e9bil, sin \u00e1nimo para hacer cosas. Curiosamente, no he dejado de sentir la presencia amorosa de Dios. Tus fuerzas te abandonan y t\u00fa te abandonas ante su presencia soberana. Entonces surge Dios y dice: \u00abNo temas, Yo estoy contigo\u00bb. Y todo cambia. Comprendes que hay un sentido para todo, incluso &#8230; <a title=\"En medio de la enfermedad\" class=\"read-more\" href=\"https:\/\/quechilero.com\/blog\/2013\/09\/02\/en-medio-de-la-enfermedad\/\" aria-label=\"Leer m\u00e1s sobre En medio de la enfermedad\">Leer m\u00e1s<\/a><\/p>\n","protected":false},"author":1,"featured_media":0,"comment_status":"open","ping_status":"open","sticky":false,"template":"","format":"standard","meta":{"advanced_seo_description":"","jetpack_seo_html_title":"","jetpack_seo_noindex":false,"jetpack_seo_schema_type":"","episode_type":"","audio_file":"","podmotor_file_id":"","podmotor_episode_id":"","cover_image":"","cover_image_id":"","duration":"","filesize":"","filesize_raw":"","date_recorded":"","explicit":"","block":"","_jetpack_newsletter_access":"","_jetpack_dont_email_post_to_subs":false,"_jetpack_newsletter_tier_id":0,"_jetpack_memberships_contains_paywalled_content":false,"_jetpack_feature_clip_id":0,"_jetpack_memberships_contains_paid_content":false,"footnotes":"","jetpack_publicize_message":"","jetpack_publicize_feature_enabled":true,"jetpack_social_post_already_shared":false,"jetpack_social_options":{"image_generator_settings":{"template":"highway","default_image_id":0,"font":"","enabled":false},"version":2},"jetpack_post_was_ever_published":false},"categories":[2],"tags":[11,15,112,37,12,51,46,33,74,56,5],"series":[],"class_list":["post-17110","post","type-post","status-publish","format-standard","hentry","category-limones","tag-amigo","tag-amor","tag-animo","tag-ayuda","tag-cosas","tag-dios","tag-feliz","tag-humanos","tag-jesus","tag-sueno","tag-tiempo"],"episode_featured_image":false,"episode_player_image":"https:\/\/i0.wp.com\/quechilero.com\/blog\/imagenes\/podcast.png?fit=1831%2C1831&ssl=1","download_link":"","player_link":"","audio_player":false,"episode_data":{"playerMode":"dark","subscribeUrls":{"amazon":{"key":"amazon","url":"","label":"Amazon","class":"amazon","icon":"amazon.png"},"apple_podcasts":{"key":"apple_podcasts","url":"","label":"Apple Podcasts","class":"apple_podcasts","icon":"apple-podcasts.png"},"castbox":{"key":"castbox","url":"","label":"CastBox","class":"castbox","icon":"castbox.png"},"deezer":{"key":"deezer","url":"","label":"Deezer","class":"deezer","icon":"deezer.png"},"google_podcasts":{"key":"google_podcasts","url":"","label":"Google Podcasts","class":"google_podcasts","icon":"google-podcasts.png"},"listen_notes":{"key":"listen_notes","url":"","label":"Listen Notes","class":"listen_notes","icon":"listen-notes.png"},"pandora":{"key":"pandora","url":"","label":"Pandora","class":"pandora","icon":"pandora.png"},"podbean":{"key":"podbean","url":"","label":"Podbean","class":"podbean","icon":"podbean.png"},"podcast_republic":{"key":"podcast_republic","url":"","label":"Podcast Republic","class":"podcast_republic","icon":"podcast-republic.png"},"rss":{"key":"rss","url":"","label":"RSS","class":"rss","icon":"rss.png"},"spotify":{"key":"spotify","url":"","label":"Spotify","class":"spotify","icon":"spotify.png"},"stitcher":{"key":"stitcher","url":"","label":"Stitcher","class":"stitcher","icon":"stitcher.png"},"tunein":{"key":"tunein","url":"","label":"TuneIn","class":"tunein","icon":"tunein.png"},"youtube":{"key":"youtube","url":"","label":"YouTube","class":"youtube","icon":"youtube.png"},"iheartradio":{"key":"iheartradio","url":"","label":"iHeartRadio","class":"iheartradio","icon":"iheartradio.png"},"ivoox":{"key":"ivoox","url":"","label":"iVoox","class":"ivoox","icon":"ivoox.png"}},"rssFeedUrl":"https:\/\/quechilero.com\/blog\/feed\/podcast\/si-la-vida-nos-da-limones","embedCode":"<blockquote class=\"wp-embedded-content\" data-secret=\"EEb9881OX8\"><a href=\"https:\/\/quechilero.com\/blog\/2013\/09\/02\/en-medio-de-la-enfermedad\/\">En medio de la enfermedad<\/a><\/blockquote><iframe sandbox=\"allow-scripts\" security=\"restricted\" src=\"https:\/\/quechilero.com\/blog\/2013\/09\/02\/en-medio-de-la-enfermedad\/embed\/#?secret=EEb9881OX8\" width=\"500\" height=\"350\" title=\"\u00abEn medio de la enfermedad\u00bb \u2014 Si la Vida nos da Limones...\" data-secret=\"EEb9881OX8\" frameborder=\"0\" marginwidth=\"0\" marginheight=\"0\" scrolling=\"no\" class=\"wp-embedded-content\"><\/iframe><script>\n\/*! This file is auto-generated *\/\n!function(d,l){\"use strict\";l.querySelector&&d.addEventListener&&\"undefined\"!=typeof URL&&(d.wp=d.wp||{},d.wp.receiveEmbedMessage||(d.wp.receiveEmbedMessage=function(e){var t=e.data;if((t||t.secret||t.message||t.value)&&!\/[^a-zA-Z0-9]\/.test(t.secret)){for(var s,r,n,a=l.querySelectorAll('iframe[data-secret=\"'+t.secret+'\"]'),o=l.querySelectorAll('blockquote[data-secret=\"'+t.secret+'\"]'),c=new RegExp(\"^https?:$\",\"i\"),i=0;i<o.length;i++)o[i].style.display=\"none\";for(i=0;i<a.length;i++)s=a[i],e.source===s.contentWindow&&(s.removeAttribute(\"style\"),\"height\"===t.message?(1e3<(r=parseInt(t.value,10))?r=1e3:~~r<200&&(r=200),s.height=r):\"link\"===t.message&&(r=new URL(s.getAttribute(\"src\")),n=new URL(t.value),c.test(n.protocol))&&n.host===r.host&&l.activeElement===s&&(d.top.location.href=t.value))}},d.addEventListener(\"message\",d.wp.receiveEmbedMessage,!1),l.addEventListener(\"DOMContentLoaded\",function(){for(var e,t,s=l.querySelectorAll(\"iframe.wp-embedded-content\"),r=0;r<s.length;r++)(t=(e=s[r]).getAttribute(\"data-secret\"))||(t=Math.random().toString(36).substring(2,12),e.src+=\"#?secret=\"+t,e.setAttribute(\"data-secret\",t)),e.contentWindow.postMessage({message:\"ready\",secret:t},\"*\")},!1)))}(window,document);\n\/\/# sourceURL=https:\/\/quechilero.com\/blog\/wp-includes\/js\/wp-embed.min.js\n<\/script>\n"},"jetpack_publicize_connections":[],"jetpack_shortlink":"https:\/\/wp.me\/pDKli-4rY","jetpack_sharing_enabled":true,"jetpack-related-posts":[{"id":1019,"url":"https:\/\/quechilero.com\/blog\/2008\/07\/12\/dios-cree-en-vos\/","url_meta":{"origin":17110,"position":0},"title":"Dios Cree en Vos","author":"Pepe Barrascout Ortiz","date":"12 julio 2008","format":false,"excerpt":"Estando solo en mi casa, recuerdo que cierta vez cerr\u00e9 todas las puertas y empec\u00e9 a reclamarle a Dios por muchas cosas. Porque no hab\u00eda aprendido que ser Cristiano no es no tener problemas, sino enfrentarlos al lado de Jes\u00fas. Jes\u00fas s\u00f3lo se me quedaba viendo en silencio y cuando\u2026","rel":"","context":"En \u00abLimones\u00bb","block_context":{"text":"Limones","link":"https:\/\/quechilero.com\/blog\/category\/limones\/"},"img":{"alt_text":"","src":"","width":0,"height":0},"classes":[]},{"id":21401,"url":"https:\/\/quechilero.com\/blog\/2015\/07\/31\/este-es-mi-cuerpo-esta-es-mi-sangre\/","url_meta":{"origin":17110,"position":1},"title":"\u00a1Este es mi cuerpo, esta es mi sangre!","author":"Pepe Barrascout Ortiz","date":"31 julio 2015","format":false,"excerpt":"Una vez m\u00e1s ante ti, Se\u00f1or. Hoy es un d\u00eda grande para ti, para nosotros, para tu Iglesia. Es la solemnidad donde se exalta y glorifica la presencia de tu Cuerpo, tu Sangre y tu Divinidad en el Sacramento de la Eucarist\u00eda. \u00a1Hoy es Corpus Christi! \u00bfQu\u00e9 te podemos decir,\u2026","rel":"","context":"En \u00abLimones\u00bb","block_context":{"text":"Limones","link":"https:\/\/quechilero.com\/blog\/category\/limones\/"},"img":{"alt_text":"","src":"","width":0,"height":0},"classes":[]},{"id":16309,"url":"https:\/\/quechilero.com\/blog\/2013\/03\/08\/sentido-de-la-cuaresma\/","url_meta":{"origin":17110,"position":2},"title":"Sentido de la Cuaresma","author":"Pepe Barrascout Ortiz","date":"8 marzo 2013","format":false,"excerpt":"A lo largo de este tiempo, sobre todo en la liturgia del domingo, hacemos un esfuerzo por recuperar el ritmo y estilo de verdaderos creyentes que debemos vivir como hijos de Dios. La cuaresma es un gran ejercicio espiritual para ponernos en forma para festejar los 50 d\u00edas pascuales. La\u2026","rel":"","context":"En \u00abLimones\u00bb","block_context":{"text":"Limones","link":"https:\/\/quechilero.com\/blog\/category\/limones\/"},"img":{"alt_text":"","src":"","width":0,"height":0},"classes":[]},{"id":5748,"url":"https:\/\/quechilero.com\/blog\/2010\/10\/08\/el-valor-de-la-amistad\/","url_meta":{"origin":17110,"position":3},"title":"El valor de la Amistad","author":"Pepe Barrascout Ortiz","date":"8 octubre 2010","format":false,"excerpt":"Las hermanas de L\u00e1zaro no encuentran mejor t\u00edtulo que el de la amistad para solicitar la presencia del Se\u00f1or: Tu amigo est\u00e1 enfermo (Juan 11, 3) le mandan decir. Es el mejor argumento que tienen a mano. Jes\u00fas busc\u00f3 y facilit\u00f3 la amistad a todos aquellos que encontr\u00f3 por los\u2026","rel":"","context":"En \u00abLimones\u00bb","block_context":{"text":"Limones","link":"https:\/\/quechilero.com\/blog\/category\/limones\/"},"img":{"alt_text":"","src":"","width":0,"height":0},"classes":[]},{"id":17613,"url":"https:\/\/quechilero.com\/blog\/2013\/12\/31\/sal-del-arca\/","url_meta":{"origin":17110,"position":4},"title":"Sal del Arca","author":"Pepe Barrascout Ortiz","date":"31 diciembre 2013","format":false,"excerpt":"\"Sal del arca t\u00fa, y tu mujer, y tus hijos, y las mujeres de tus hijos contigo.\" (G\u00e9nesis 8:16) Recuerdo la \u00faltima noche en mi tierra natal. Al d\u00eda siguiente, partir\u00edamos hacia la capital, en b\u00fasqueda de nuevos horizontes. Yo deb\u00eda tener trece a\u00f1os: era un adolescente, con ganas de\u2026","rel":"","context":"En \u00abLimones\u00bb","block_context":{"text":"Limones","link":"https:\/\/quechilero.com\/blog\/category\/limones\/"},"img":{"alt_text":"","src":"","width":0,"height":0},"classes":[]},{"id":20020,"url":"https:\/\/quechilero.com\/blog\/2015\/04\/03\/viernes-santo-oracion-a-jesus\/","url_meta":{"origin":17110,"position":5},"title":"Viernes Santo &#8211; Oraci\u00f3n a Jes\u00fas","author":"Pepe Barrascout Ortiz","date":"3 abril 2015","format":false,"excerpt":"Oraci\u00f3n de Viernes Santo A Jes\u00fas, en el momento de su muerte. Oh Se\u00f1or Jes\u00fas, hoy no vengo a pedirte nada. Hoy vengo a acompa\u00f1arte como aqu\u00e9l d\u00eda tu muerte, a tratar de sentir, al menos un poco, todo el sufrimiento de tu agon\u00eda. Pues \u00bfqui\u00e9n soy yo Se\u00f1or para\u2026","rel":"","context":"En \u00abLimones\u00bb","block_context":{"text":"Limones","link":"https:\/\/quechilero.com\/blog\/category\/limones\/"},"img":{"alt_text":"","src":"http:\/\/i392.photobucket.com\/albums\/pp7\/pepejaguar\/blog\/Jesuacutes%20Crucificado%20-%20Velaacutesquez_zps2d6usr4u.jpg~original","width":350,"height":200},"classes":[]}],"jetpack_featured_media_url":"","_links":{"self":[{"href":"https:\/\/quechilero.com\/blog\/wp-json\/wp\/v2\/posts\/17110","targetHints":{"allow":["GET"]}}],"collection":[{"href":"https:\/\/quechilero.com\/blog\/wp-json\/wp\/v2\/posts"}],"about":[{"href":"https:\/\/quechilero.com\/blog\/wp-json\/wp\/v2\/types\/post"}],"author":[{"embeddable":true,"href":"https:\/\/quechilero.com\/blog\/wp-json\/wp\/v2\/users\/1"}],"replies":[{"embeddable":true,"href":"https:\/\/quechilero.com\/blog\/wp-json\/wp\/v2\/comments?post=17110"}],"version-history":[{"count":0,"href":"https:\/\/quechilero.com\/blog\/wp-json\/wp\/v2\/posts\/17110\/revisions"}],"wp:attachment":[{"href":"https:\/\/quechilero.com\/blog\/wp-json\/wp\/v2\/media?parent=17110"}],"wp:term":[{"taxonomy":"category","embeddable":true,"href":"https:\/\/quechilero.com\/blog\/wp-json\/wp\/v2\/categories?post=17110"},{"taxonomy":"post_tag","embeddable":true,"href":"https:\/\/quechilero.com\/blog\/wp-json\/wp\/v2\/tags?post=17110"},{"taxonomy":"series","embeddable":true,"href":"https:\/\/quechilero.com\/blog\/wp-json\/wp\/v2\/series?post=17110"}],"curies":[{"name":"wp","href":"https:\/\/api.w.org\/{rel}","templated":true}]}}