{"id":1691,"date":"2008-12-02T11:40:37","date_gmt":"2008-12-02T17:40:37","guid":{"rendered":"http:\/\/quechilero.com\/blog\/?p=1691"},"modified":"2008-12-02T11:40:37","modified_gmt":"2008-12-02T17:40:37","slug":"en-el-momento-justo-con-el-angulo-exacto-20","status":"publish","type":"post","link":"https:\/\/quechilero.com\/blog\/2008\/12\/02\/en-el-momento-justo-con-el-angulo-exacto-20\/","title":{"rendered":"En el momento justo, con el \u00e1ngulo exacto"},"content":{"rendered":"<p>Fotograf\u00eda tomada en el momento justo, con el \u00e1ngulo exacto. <em>\u00bfTres pies?.<\/em><\/p>\n<p><a href=\"http:\/\/img134.imageshack.us\/my.php?image=bestebilder2750um5.jpg\"><img data-recalc-dims=\"1\" loading=\"lazy\" decoding=\"async\" class=\"alignnone\" src=\"https:\/\/i0.wp.com\/img134.imageshack.us\/img134\/3705\/bestebilder2750um5.jpg?resize=525%2C350\" alt=\"\" width=\"525\" height=\"350\" \/><\/a><\/p>\n","protected":false},"excerpt":{"rendered":"<p>Fotograf\u00eda tomada en el momento justo, con el \u00e1ngulo exacto. \u00bfTres pies?.<\/p>\n","protected":false},"author":1,"featured_media":0,"comment_status":"open","ping_status":"open","sticky":false,"template":"","format":"standard","meta":{"advanced_seo_description":"","jetpack_seo_html_title":"","jetpack_seo_noindex":false,"jetpack_seo_schema_type":"","episode_type":"","audio_file":"","podmotor_file_id":"","podmotor_episode_id":"","cover_image":"","cover_image_id":"","duration":"","filesize":"","filesize_raw":"","date_recorded":"","explicit":"","block":"","_jetpack_newsletter_access":"","_jetpack_dont_email_post_to_subs":false,"_jetpack_newsletter_tier_id":0,"_jetpack_memberships_contains_paywalled_content":false,"_jetpack_feature_clip_id":0,"_jetpack_memberships_contains_paid_content":false,"footnotes":"","jetpack_publicize_message":"","jetpack_publicize_feature_enabled":true,"jetpack_social_post_already_shared":false,"jetpack_social_options":{"image_generator_settings":{"template":"highway","default_image_id":0,"font":"","enabled":false},"version":2},"jetpack_post_was_ever_published":false},"categories":[98],"tags":[8],"series":[],"class_list":["post-1691","post","type-post","status-publish","format-standard","hentry","category-limones-por-mano","tag-fotografia"],"episode_featured_image":false,"episode_player_image":"https:\/\/i0.wp.com\/quechilero.com\/blog\/imagenes\/podcast.png?fit=1831%2C1831&ssl=1","download_link":"","player_link":"","audio_player":false,"episode_data":{"playerMode":"dark","subscribeUrls":{"amazon":{"key":"amazon","url":"","label":"Amazon","class":"amazon","icon":"amazon.png"},"apple_podcasts":{"key":"apple_podcasts","url":"","label":"Apple Podcasts","class":"apple_podcasts","icon":"apple-podcasts.png"},"castbox":{"key":"castbox","url":"","label":"CastBox","class":"castbox","icon":"castbox.png"},"deezer":{"key":"deezer","url":"","label":"Deezer","class":"deezer","icon":"deezer.png"},"google_podcasts":{"key":"google_podcasts","url":"","label":"Google Podcasts","class":"google_podcasts","icon":"google-podcasts.png"},"listen_notes":{"key":"listen_notes","url":"","label":"Listen Notes","class":"listen_notes","icon":"listen-notes.png"},"pandora":{"key":"pandora","url":"","label":"Pandora","class":"pandora","icon":"pandora.png"},"podbean":{"key":"podbean","url":"","label":"Podbean","class":"podbean","icon":"podbean.png"},"podcast_republic":{"key":"podcast_republic","url":"","label":"Podcast Republic","class":"podcast_republic","icon":"podcast-republic.png"},"rss":{"key":"rss","url":"","label":"RSS","class":"rss","icon":"rss.png"},"spotify":{"key":"spotify","url":"","label":"Spotify","class":"spotify","icon":"spotify.png"},"stitcher":{"key":"stitcher","url":"","label":"Stitcher","class":"stitcher","icon":"stitcher.png"},"tunein":{"key":"tunein","url":"","label":"TuneIn","class":"tunein","icon":"tunein.png"},"youtube":{"key":"youtube","url":"","label":"YouTube","class":"youtube","icon":"youtube.png"},"iheartradio":{"key":"iheartradio","url":"","label":"iHeartRadio","class":"iheartradio","icon":"iheartradio.png"},"ivoox":{"key":"ivoox","url":"","label":"iVoox","class":"ivoox","icon":"ivoox.png"}},"rssFeedUrl":"https:\/\/quechilero.com\/blog\/feed\/podcast\/si-la-vida-nos-da-limones","embedCode":"<blockquote class=\"wp-embedded-content\" data-secret=\"GKHmn1bqJl\"><a href=\"https:\/\/quechilero.com\/blog\/2008\/12\/02\/en-el-momento-justo-con-el-angulo-exacto-20\/\">En el momento justo, con el \u00e1ngulo exacto<\/a><\/blockquote><iframe sandbox=\"allow-scripts\" security=\"restricted\" src=\"https:\/\/quechilero.com\/blog\/2008\/12\/02\/en-el-momento-justo-con-el-angulo-exacto-20\/embed\/#?secret=GKHmn1bqJl\" width=\"500\" height=\"350\" title=\"\u00abEn el momento justo, con el \u00e1ngulo exacto\u00bb \u2014 Si la Vida nos da Limones...\" data-secret=\"GKHmn1bqJl\" frameborder=\"0\" marginwidth=\"0\" marginheight=\"0\" scrolling=\"no\" class=\"wp-embedded-content\"><\/iframe><script>\n\/*! This file is auto-generated *\/\n!function(d,l){\"use strict\";l.querySelector&&d.addEventListener&&\"undefined\"!=typeof URL&&(d.wp=d.wp||{},d.wp.receiveEmbedMessage||(d.wp.receiveEmbedMessage=function(e){var t=e.data;if((t||t.secret||t.message||t.value)&&!\/[^a-zA-Z0-9]\/.test(t.secret)){for(var s,r,n,a=l.querySelectorAll('iframe[data-secret=\"'+t.secret+'\"]'),o=l.querySelectorAll('blockquote[data-secret=\"'+t.secret+'\"]'),c=new RegExp(\"^https?:$\",\"i\"),i=0;i<o.length;i++)o[i].style.display=\"none\";for(i=0;i<a.length;i++)s=a[i],e.source===s.contentWindow&&(s.removeAttribute(\"style\"),\"height\"===t.message?(1e3<(r=parseInt(t.value,10))?r=1e3:~~r<200&&(r=200),s.height=r):\"link\"===t.message&&(r=new URL(s.getAttribute(\"src\")),n=new URL(t.value),c.test(n.protocol))&&n.host===r.host&&l.activeElement===s&&(d.top.location.href=t.value))}},d.addEventListener(\"message\",d.wp.receiveEmbedMessage,!1),l.addEventListener(\"DOMContentLoaded\",function(){for(var e,t,s=l.querySelectorAll(\"iframe.wp-embedded-content\"),r=0;r<s.length;r++)(t=(e=s[r]).getAttribute(\"data-secret\"))||(t=Math.random().toString(36).substring(2,12),e.src+=\"#?secret=\"+t,e.setAttribute(\"data-secret\",t)),e.contentWindow.postMessage({message:\"ready\",secret:t},\"*\")},!1)))}(window,document);\n\/\/# sourceURL=https:\/\/quechilero.com\/blog\/wp-includes\/js\/wp-embed.min.js\n<\/script>\n"},"jetpack_publicize_connections":[],"jetpack_shortlink":"https:\/\/wp.me\/pDKli-rh","jetpack_sharing_enabled":true,"jetpack-related-posts":[{"id":1005,"url":"https:\/\/quechilero.com\/blog\/2008\/07\/29\/en-el-momento-justo-con-el-angulo-exacto-4\/","url_meta":{"origin":1691,"position":0},"title":"En el momento justo, con el \u00e1ngulo exacto","author":"Pepe Barrascout Ortiz","date":"29 julio 2008","format":false,"excerpt":"Fotograf\u00eda tomada en el momento justo, con el \u00e1ngulo exacto. \u00bfTres pies...?","rel":"","context":"En \u00abLimones por mano\u00bb","block_context":{"text":"Limones por mano","link":"https:\/\/quechilero.com\/blog\/category\/limones-por-mano\/"},"img":{"alt_text":"Que Chilero","src":"https:\/\/i0.wp.com\/img160.imageshack.us\/img160\/2976\/image004aw4.jpg?resize=350%2C200","width":350,"height":200},"classes":[]},{"id":8229,"url":"https:\/\/quechilero.com\/blog\/2011\/05\/31\/en-el-momento-justo-con-el-angulo-exacto-153\/","url_meta":{"origin":1691,"position":1},"title":"En el momento justo, con el \u00e1ngulo exacto","author":"Pepe Barrascout Ortiz","date":"31 mayo 2011","format":false,"excerpt":"Los tres tiempos Fotograf\u00eda tomada en el momento justo, con el \u00e1ngulo exacto.","rel":"","context":"En \u00abLimones por mano\u00bb","block_context":{"text":"Limones por mano","link":"https:\/\/quechilero.com\/blog\/category\/limones-por-mano\/"},"img":{"alt_text":"","src":"","width":0,"height":0},"classes":[]},{"id":13102,"url":"https:\/\/quechilero.com\/blog\/2012\/05\/22\/en-el-momento-justo-con-el-angulo-exacto-204\/","url_meta":{"origin":1691,"position":2},"title":"En el momento justo, con el \u00e1ngulo exacto","author":"Pepe Barrascout Ortiz","date":"22 mayo 2012","format":false,"excerpt":"\u00bfSon cuatro o son tres? El origen de muchos conflictos, radica precisamente porque no podemos ponernos de acuerdo, porque un mismo objeto lo vemos diferente, seg\u00fan el \u00e1ngulo en el que nos encontremos. Como siempre, lo mejor es llegar a un consenso, tomar en cuenta el punto de vista del\u2026","rel":"","context":"En \u00abLimones por mano\u00bb","block_context":{"text":"Limones por mano","link":"https:\/\/quechilero.com\/blog\/category\/limones-por-mano\/"},"img":{"alt_text":"","src":"","width":0,"height":0},"classes":[]},{"id":16396,"url":"https:\/\/quechilero.com\/blog\/2013\/08\/27\/en-el-momento-justo-con-el-angulo-exacto-270\/","url_meta":{"origin":1691,"position":3},"title":"En el momento justo, con el \u00e1ngulo exacto","author":"Pepe Barrascout Ortiz","date":"27 agosto 2013","format":false,"excerpt":"A tu hijo se lo est\u00e1 comiendo un camello \u00bfqu\u00e9 haces? a) Lo salvas b) Le tomas una fotograf\u00eda Fotograf\u00eda tomada en el momento justo, con el \u00e1ngulo exacto.","rel":"","context":"En \u00abLimones por mano\u00bb","block_context":{"text":"Limones por mano","link":"https:\/\/quechilero.com\/blog\/category\/limones-por-mano\/"},"img":{"alt_text":"","src":"","width":0,"height":0},"classes":[]},{"id":1013,"url":"https:\/\/quechilero.com\/blog\/2008\/09\/23\/en-el-momento-justo-con-el-angulo-exacto-12\/","url_meta":{"origin":1691,"position":4},"title":"En el momento justo, con el \u00e1ngulo exacto","author":"Pepe Barrascout Ortiz","date":"23 septiembre 2008","format":false,"excerpt":"Fotograf\u00eda tomada en el momento justo, con el \u00e1ngulo exacto. Cuidado donde pones las manos.","rel":"","context":"En \u00abLimones por mano\u00bb","block_context":{"text":"Limones por mano","link":"https:\/\/quechilero.com\/blog\/category\/limones-por-mano\/"},"img":{"alt_text":"Que Chilero","src":"https:\/\/i0.wp.com\/img108.imageshack.us\/img108\/9931\/image013ds2.jpg?resize=350%2C200","width":350,"height":200},"classes":[]},{"id":13101,"url":"https:\/\/quechilero.com\/blog\/2012\/05\/15\/en-el-momento-justo-con-el-angulo-exacto-203\/","url_meta":{"origin":1691,"position":5},"title":"En el momento justo, con el \u00e1ngulo exacto","author":"Pepe Barrascout Ortiz","date":"15 mayo 2012","format":false,"excerpt":"Desayunando Fotograf\u00eda tomada en el momento justo, con el \u00e1ngulo exacto.","rel":"","context":"En \u00abLimones por mano\u00bb","block_context":{"text":"Limones por mano","link":"https:\/\/quechilero.com\/blog\/category\/limones-por-mano\/"},"img":{"alt_text":"","src":"","width":0,"height":0},"classes":[]}],"jetpack_featured_media_url":"","_links":{"self":[{"href":"https:\/\/quechilero.com\/blog\/wp-json\/wp\/v2\/posts\/1691","targetHints":{"allow":["GET"]}}],"collection":[{"href":"https:\/\/quechilero.com\/blog\/wp-json\/wp\/v2\/posts"}],"about":[{"href":"https:\/\/quechilero.com\/blog\/wp-json\/wp\/v2\/types\/post"}],"author":[{"embeddable":true,"href":"https:\/\/quechilero.com\/blog\/wp-json\/wp\/v2\/users\/1"}],"replies":[{"embeddable":true,"href":"https:\/\/quechilero.com\/blog\/wp-json\/wp\/v2\/comments?post=1691"}],"version-history":[{"count":0,"href":"https:\/\/quechilero.com\/blog\/wp-json\/wp\/v2\/posts\/1691\/revisions"}],"wp:attachment":[{"href":"https:\/\/quechilero.com\/blog\/wp-json\/wp\/v2\/media?parent=1691"}],"wp:term":[{"taxonomy":"category","embeddable":true,"href":"https:\/\/quechilero.com\/blog\/wp-json\/wp\/v2\/categories?post=1691"},{"taxonomy":"post_tag","embeddable":true,"href":"https:\/\/quechilero.com\/blog\/wp-json\/wp\/v2\/tags?post=1691"},{"taxonomy":"series","embeddable":true,"href":"https:\/\/quechilero.com\/blog\/wp-json\/wp\/v2\/series?post=1691"}],"curies":[{"name":"wp","href":"https:\/\/api.w.org\/{rel}","templated":true}]}}