{"id":16908,"date":"2013-11-01T08:00:55","date_gmt":"2013-11-01T14:00:55","guid":{"rendered":"http:\/\/quechilero.com\/blog\/?p=16908"},"modified":"2013-08-16T18:53:15","modified_gmt":"2013-08-17T00:53:15","slug":"fiesta-de-todos-los-santos-2","status":"publish","type":"post","link":"https:\/\/quechilero.com\/blog\/2013\/11\/01\/fiesta-de-todos-los-santos-2\/","title":{"rendered":"Fiesta de Todos los Santos"},"content":{"rendered":"<p>Este d\u00eda se celebran a todos los millones de personas que han llegado al cielo, aunque sean desconocidos para nosotros. Santo es aquel que ha llegado al cielo, algunos han sido canonizados y son por esto propuestos por la Iglesia como ejemplos de vida cristiana.<\/p>\n<p>La comuni\u00f3n de los santos, significa que ellos participan activamente en la vida de la Iglesia, por el testimonio de sus vidas, por la transmisi\u00f3n de sus escritos y por su oraci\u00f3n. Contemplan a Dios, lo alaban y no dejan de cuidar de aquellos que han quedado en la tierra. La intercesi\u00f3n de los santos significa que ellos, al estar \u00edntimamente unidos con Cristo, pueden interceder por nosotros ante el Padre. Esto ayuda mucho a nuestra debilidad humana. Su intercesi\u00f3n es su m\u00e1s alto servicio al plan de Dios. Podemos y debemos rogarles que intercedan por nosotros y por el mundo entero.<\/p>\n<p>Aunque todos los d\u00edas deber\u00edamos pedir la ayuda de los santos, es muy f\u00e1cil que el ajetreo de la vida nos haga olvidarlos y perdamos la oportunidad de recibir todas las gracias que ellos pueden alcanzarnos. Por esto, la Iglesia ha querido que un d\u00eda del a\u00f1o lo dediquemos especialmente a rezar a los santos para pedir su intercesi\u00f3n. Este d\u00eda es el 1ro. de noviembre.<\/p>\n<p>Este d\u00eda es una oportunidad que la Iglesia nos da para recordar que Dios nos ha llamado a todos a la santidad. Que ser santo no es tener una aureola en la cabeza y hacer milagros, sino simplemente hacer las cosas ordinarias extraordinariamente bien, con amor y por amor a Dios. Que debemos luchar todos para conseguirla, estando conscientes de que se nos van a presentar algunos obst\u00e1culos como nuestra pasi\u00f3n dominante; el des\u00e1nimo; el agobio del trabajo; el pesimismo; la rutina y las omisiones.<\/p>\n<p>Se puede aprovechar esta celebraci\u00f3n para hacer un plan para alcanzar la santidad y poner los medios para lograrlo:<\/p>\n<p>&#8211; Detectando el defecto dominante y planteando metas para combatirlo a corto y largo plazo.<\/p>\n<p>&#8211; Orando humildemente, reconociendo que sin Dios no podemos hacer nada.<\/p>\n<p>&#8211; Acerc\u00e1ndonos a los sacramentos.<\/p>\n","protected":false},"excerpt":{"rendered":"<p>Este d\u00eda se celebran a todos los millones de personas que han llegado al cielo, aunque sean desconocidos para nosotros. Santo es aquel que ha llegado al cielo, algunos han sido canonizados y son por esto propuestos por la Iglesia como ejemplos de vida cristiana. La comuni\u00f3n de los santos, significa que ellos participan activamente &#8230; <a title=\"Fiesta de Todos los Santos\" class=\"read-more\" href=\"https:\/\/quechilero.com\/blog\/2013\/11\/01\/fiesta-de-todos-los-santos-2\/\" aria-label=\"Leer m\u00e1s sobre Fiesta de Todos los Santos\">Leer m\u00e1s<\/a><\/p>\n","protected":false},"author":1,"featured_media":0,"comment_status":"open","ping_status":"open","sticky":false,"template":"","format":"standard","meta":{"advanced_seo_description":"","jetpack_seo_html_title":"","jetpack_seo_noindex":false,"jetpack_seo_schema_type":"","episode_type":"","audio_file":"","podmotor_file_id":"","podmotor_episode_id":"","cover_image":"","cover_image_id":"","duration":"","filesize":"","filesize_raw":"","date_recorded":"","explicit":"","block":"","_jetpack_newsletter_access":"","_jetpack_dont_email_post_to_subs":false,"_jetpack_newsletter_tier_id":0,"_jetpack_memberships_contains_paywalled_content":false,"_jetpack_feature_clip_id":0,"_jetpack_memberships_contains_paid_content":false,"footnotes":"","jetpack_publicize_message":"","jetpack_publicize_feature_enabled":true,"jetpack_social_post_already_shared":false,"jetpack_social_options":{"image_generator_settings":{"template":"highway","default_image_id":0,"font":"","enabled":false},"version":2},"jetpack_post_was_ever_published":false},"categories":[2],"tags":[15,112,37,94,12,51,32,86,52,36,24],"series":[],"class_list":["post-16908","post","type-post","status-publish","format-standard","hentry","category-limones","tag-amor","tag-animo","tag-ayuda","tag-comunion","tag-cosas","tag-dios","tag-especial","tag-oracion","tag-pasion","tag-trabajo","tag-vida"],"episode_featured_image":false,"episode_player_image":"https:\/\/i0.wp.com\/quechilero.com\/blog\/imagenes\/podcast.png?fit=1831%2C1831&ssl=1","download_link":"","player_link":"","audio_player":false,"episode_data":{"playerMode":"dark","subscribeUrls":{"amazon":{"key":"amazon","url":"","label":"Amazon","class":"amazon","icon":"amazon.png"},"apple_podcasts":{"key":"apple_podcasts","url":"","label":"Apple Podcasts","class":"apple_podcasts","icon":"apple-podcasts.png"},"castbox":{"key":"castbox","url":"","label":"CastBox","class":"castbox","icon":"castbox.png"},"deezer":{"key":"deezer","url":"","label":"Deezer","class":"deezer","icon":"deezer.png"},"google_podcasts":{"key":"google_podcasts","url":"","label":"Google Podcasts","class":"google_podcasts","icon":"google-podcasts.png"},"listen_notes":{"key":"listen_notes","url":"","label":"Listen Notes","class":"listen_notes","icon":"listen-notes.png"},"pandora":{"key":"pandora","url":"","label":"Pandora","class":"pandora","icon":"pandora.png"},"podbean":{"key":"podbean","url":"","label":"Podbean","class":"podbean","icon":"podbean.png"},"podcast_republic":{"key":"podcast_republic","url":"","label":"Podcast Republic","class":"podcast_republic","icon":"podcast-republic.png"},"rss":{"key":"rss","url":"","label":"RSS","class":"rss","icon":"rss.png"},"spotify":{"key":"spotify","url":"","label":"Spotify","class":"spotify","icon":"spotify.png"},"stitcher":{"key":"stitcher","url":"","label":"Stitcher","class":"stitcher","icon":"stitcher.png"},"tunein":{"key":"tunein","url":"","label":"TuneIn","class":"tunein","icon":"tunein.png"},"youtube":{"key":"youtube","url":"","label":"YouTube","class":"youtube","icon":"youtube.png"},"iheartradio":{"key":"iheartradio","url":"","label":"iHeartRadio","class":"iheartradio","icon":"iheartradio.png"},"ivoox":{"key":"ivoox","url":"","label":"iVoox","class":"ivoox","icon":"ivoox.png"}},"rssFeedUrl":"https:\/\/quechilero.com\/blog\/feed\/podcast\/si-la-vida-nos-da-limones","embedCode":"<blockquote class=\"wp-embedded-content\" data-secret=\"jAvjkZuaOG\"><a href=\"https:\/\/quechilero.com\/blog\/2013\/11\/01\/fiesta-de-todos-los-santos-2\/\">Fiesta de Todos los Santos<\/a><\/blockquote><iframe sandbox=\"allow-scripts\" security=\"restricted\" src=\"https:\/\/quechilero.com\/blog\/2013\/11\/01\/fiesta-de-todos-los-santos-2\/embed\/#?secret=jAvjkZuaOG\" width=\"500\" height=\"350\" title=\"\u00abFiesta de Todos los Santos\u00bb \u2014 Si la Vida nos da Limones...\" data-secret=\"jAvjkZuaOG\" frameborder=\"0\" marginwidth=\"0\" marginheight=\"0\" scrolling=\"no\" class=\"wp-embedded-content\"><\/iframe><script>\n\/*! This file is auto-generated *\/\n!function(d,l){\"use strict\";l.querySelector&&d.addEventListener&&\"undefined\"!=typeof URL&&(d.wp=d.wp||{},d.wp.receiveEmbedMessage||(d.wp.receiveEmbedMessage=function(e){var t=e.data;if((t||t.secret||t.message||t.value)&&!\/[^a-zA-Z0-9]\/.test(t.secret)){for(var s,r,n,a=l.querySelectorAll('iframe[data-secret=\"'+t.secret+'\"]'),o=l.querySelectorAll('blockquote[data-secret=\"'+t.secret+'\"]'),c=new RegExp(\"^https?:$\",\"i\"),i=0;i<o.length;i++)o[i].style.display=\"none\";for(i=0;i<a.length;i++)s=a[i],e.source===s.contentWindow&&(s.removeAttribute(\"style\"),\"height\"===t.message?(1e3<(r=parseInt(t.value,10))?r=1e3:~~r<200&&(r=200),s.height=r):\"link\"===t.message&&(r=new URL(s.getAttribute(\"src\")),n=new URL(t.value),c.test(n.protocol))&&n.host===r.host&&l.activeElement===s&&(d.top.location.href=t.value))}},d.addEventListener(\"message\",d.wp.receiveEmbedMessage,!1),l.addEventListener(\"DOMContentLoaded\",function(){for(var e,t,s=l.querySelectorAll(\"iframe.wp-embedded-content\"),r=0;r<s.length;r++)(t=(e=s[r]).getAttribute(\"data-secret\"))||(t=Math.random().toString(36).substring(2,12),e.src+=\"#?secret=\"+t,e.setAttribute(\"data-secret\",t)),e.contentWindow.postMessage({message:\"ready\",secret:t},\"*\")},!1)))}(window,document);\n\/\/# sourceURL=https:\/\/quechilero.com\/blog\/wp-includes\/js\/wp-embed.min.js\n<\/script>\n"},"jetpack_publicize_connections":[],"jetpack_shortlink":"https:\/\/wp.me\/pDKli-4oI","jetpack_sharing_enabled":true,"jetpack-related-posts":[{"id":5951,"url":"https:\/\/quechilero.com\/blog\/2010\/11\/01\/fiesta-de-todos-los-santos\/","url_meta":{"origin":16908,"position":0},"title":"Fiesta de Todos los Santos","author":"Pepe Barrascout Ortiz","date":"1 noviembre 2010","format":false,"excerpt":"Este d\u00eda se celebran a todos los millones de personas que han llegado al cielo, aunque sean desconocidos para nosotros. Santo es aquel que ha llegado al cielo, algunos han sido canonizados y son por esto propuestos por la Iglesia como ejemplos de vida cristiana. La comuni\u00f3n de los santos,\u2026","rel":"","context":"En \u00abLimones\u00bb","block_context":{"text":"Limones","link":"https:\/\/quechilero.com\/blog\/category\/limones\/"},"img":{"alt_text":"","src":"","width":0,"height":0},"classes":[]},{"id":15077,"url":"https:\/\/quechilero.com\/blog\/2012\/10\/28\/san-judas-tadeo\/","url_meta":{"origin":16908,"position":1},"title":"San Judas Tadeo","author":"Pepe Barrascout Ortiz","date":"28 octubre 2012","format":false,"excerpt":"Oraci\u00f3n a San Judas Tadeo Ap\u00f3stol glorios\u00edsimo de Nuestro Se\u00f1or Jesucristo, aclamado por los fieles con el dulce t\u00edtulo de abogado de los casos desesperados, hazme sentir tu poderosa intercesi\u00f3n aliviando la grav\u00edsima necesidad en que me encuentro. Por el estrecho parentesco que te hace primo hermano de Nuestro Se\u00f1or\u2026","rel":"","context":"En \u00abLimones\u00bb","block_context":{"text":"Limones","link":"https:\/\/quechilero.com\/blog\/category\/limones\/"},"img":{"alt_text":"","src":"","width":0,"height":0},"classes":[]},{"id":7497,"url":"https:\/\/quechilero.com\/blog\/2011\/04\/11\/le-daras-tiempo-a-dios\/","url_meta":{"origin":16908,"position":2},"title":"\u00bfLe dar\u00e1s tiempo a Dios?","author":"Pepe Barrascout Ortiz","date":"11 abril 2011","format":false,"excerpt":"Si tienes un problema muy agobiante, una necesidad muy grande en tu vida; est\u00e1s orando... esperando... pero tal vez el problema es que no est\u00e1s escuchando a Dios. Algunos creen que orar significa seguir pidiendo y pidiendo, seguir hablando y rezando y rog\u00e1ndole al Se\u00f1or con una gran palabrer\u00eda y\u2026","rel":"","context":"En \u00abLimones\u00bb","block_context":{"text":"Limones","link":"https:\/\/quechilero.com\/blog\/category\/limones\/"},"img":{"alt_text":"","src":"","width":0,"height":0},"classes":[]},{"id":4248,"url":"https:\/\/quechilero.com\/blog\/2010\/01\/15\/senor-de-esquipulas-3\/","url_meta":{"origin":16908,"position":3},"title":"Se\u00f1or de Esquipulas","author":"Pepe Barrascout Ortiz","date":"15 enero 2010","format":false,"excerpt":"Se\u00f1or Jes\u00fas, creemos que est\u00e1s vivo y resucitado. Creemos que est\u00e1s realmente presente en el Sant\u00edsimo Sacramento del altar y en cada uno de nosotros. Te alabamos y te adoramos. Te damos gracias, Se\u00f1or, por venir hasta nosotros como pan vivo bajado del cielo. T\u00fa eres la plenitud de la\u2026","rel":"","context":"En \u00abLimones\u00bb","block_context":{"text":"Limones","link":"https:\/\/quechilero.com\/blog\/category\/limones\/"},"img":{"alt_text":"","src":"","width":0,"height":0},"classes":[]},{"id":7601,"url":"https:\/\/quechilero.com\/blog\/2011\/04\/02\/reflexiones-de-cuaresma-dia-25\/","url_meta":{"origin":16908,"position":4},"title":"Reflexiones de Cuaresma d\u00eda 25","author":"Pepe Barrascout Ortiz","date":"2 abril 2011","format":false,"excerpt":"Oraci\u00f3n inicial Se\u00f1or m\u00edo, Jesucristo, creo firmemente que est\u00e1s aqu\u00ed; en estos pocos minutos de oraci\u00f3n que empiezo ahora quiero pedirte y agradecerte. Pedirte\u00a0la gracia de darme m\u00e1s cuenta de que T\u00fa vives, me escuchas y me amas; tanto, que has querido morir libremente por m\u00ed en la cruz y\u2026","rel":"","context":"En \u00abLimones por mano\u00bb","block_context":{"text":"Limones por mano","link":"https:\/\/quechilero.com\/blog\/category\/limones-por-mano\/"},"img":{"alt_text":"","src":"","width":0,"height":0},"classes":[]},{"id":27327,"url":"https:\/\/quechilero.com\/blog\/2010\/10\/03\/el-santo-rosario-misterios-gloriosos\/","url_meta":{"origin":16908,"position":5},"title":"El Santo Rosario: Misterios Gloriosos","author":"Pepe Barrascout Ortiz","date":"3 octubre 2010","format":false,"excerpt":"Los Misterios Gloriosos los rezamos los Domingos y Martes \u00a0 En el nombre del Padre, y del Hijo, y del Esp\u00edritu Santo. Am\u00e9n. Dios m\u00edo, ven en mi auxilio. Se\u00f1or, date prisa en socorrerme. Gloria al Padre, Gloria al Hijo y Gloria al Esp\u00edritu Santo, Am\u00e9n. Primer Misterio Glorioso. La\u2026","rel":"","context":"En \u00abEl Santo Rosario\u00bb","block_context":{"text":"El Santo Rosario","link":"https:\/\/quechilero.com\/blog\/category\/podcast\/el-santo-rosario\/"},"img":{"alt_text":"Misterios Gloriosos","src":"https:\/\/i0.wp.com\/i392.photobucket.com\/albums\/pp7\/pepejaguar\/blog\/Misterios-Gloriosos_zps93f1b8d6.jpg?resize=350%2C200","width":350,"height":200,"srcset":"https:\/\/i0.wp.com\/i392.photobucket.com\/albums\/pp7\/pepejaguar\/blog\/Misterios-Gloriosos_zps93f1b8d6.jpg?resize=350%2C200 1x, https:\/\/i0.wp.com\/i392.photobucket.com\/albums\/pp7\/pepejaguar\/blog\/Misterios-Gloriosos_zps93f1b8d6.jpg?resize=525%2C300 1.5x"},"classes":[]}],"jetpack_featured_media_url":"","_links":{"self":[{"href":"https:\/\/quechilero.com\/blog\/wp-json\/wp\/v2\/posts\/16908","targetHints":{"allow":["GET"]}}],"collection":[{"href":"https:\/\/quechilero.com\/blog\/wp-json\/wp\/v2\/posts"}],"about":[{"href":"https:\/\/quechilero.com\/blog\/wp-json\/wp\/v2\/types\/post"}],"author":[{"embeddable":true,"href":"https:\/\/quechilero.com\/blog\/wp-json\/wp\/v2\/users\/1"}],"replies":[{"embeddable":true,"href":"https:\/\/quechilero.com\/blog\/wp-json\/wp\/v2\/comments?post=16908"}],"version-history":[{"count":0,"href":"https:\/\/quechilero.com\/blog\/wp-json\/wp\/v2\/posts\/16908\/revisions"}],"wp:attachment":[{"href":"https:\/\/quechilero.com\/blog\/wp-json\/wp\/v2\/media?parent=16908"}],"wp:term":[{"taxonomy":"category","embeddable":true,"href":"https:\/\/quechilero.com\/blog\/wp-json\/wp\/v2\/categories?post=16908"},{"taxonomy":"post_tag","embeddable":true,"href":"https:\/\/quechilero.com\/blog\/wp-json\/wp\/v2\/tags?post=16908"},{"taxonomy":"series","embeddable":true,"href":"https:\/\/quechilero.com\/blog\/wp-json\/wp\/v2\/series?post=16908"}],"curies":[{"name":"wp","href":"https:\/\/api.w.org\/{rel}","templated":true}]}}