{"id":16902,"date":"2013-08-22T08:00:01","date_gmt":"2013-08-22T14:00:01","guid":{"rendered":"http:\/\/quechilero.com\/blog\/?p=16902"},"modified":"2013-08-16T18:47:40","modified_gmt":"2013-08-17T00:47:40","slug":"una-buena-sonrisa","status":"publish","type":"post","link":"https:\/\/quechilero.com\/blog\/2013\/08\/22\/una-buena-sonrisa\/","title":{"rendered":"Una buena sonrisa"},"content":{"rendered":"<p>Peggy estaba nerviosa porque se acercaba la hora de la cena en que ella y su esposo iban a ser los anfitriones. Era la primera vez que ten\u00edan invitados para cenar despu\u00e9s del nacimiento de su hijo Pete. Para colmar la tensi\u00f3n de Peggy, entre los invitados estaba el nuevo jefe de su esposo Bill.<\/p>\n<p>Percibiendo la tensi\u00f3n de sus padres, el beb\u00e9 empez\u00f3 a ponerse irritado y nervioso, lo que le produjo m\u00e1s frustraci\u00f3n a Peggy. En un intento por consolar al peque\u00f1o, Peggy lo carg\u00f3 y lo bes\u00f3. Para su sorpresa, el beb\u00e9 se sonri\u00f3 y se ri\u00f3, era la primera risa genuina que escuchaba de su hijo.<\/p>\n<p>En un instante, la noche tom\u00f3 un curso totalmente diferente. Peggy estuvo m\u00e1s calmada, as\u00ed como su beb\u00e9. La cena fue todo un \u00e9xito.<\/p>\n<p>\u00bfPuede la risa de un peque\u00f1o cambiar todo un d\u00eda? \u00a1S\u00ed! Tambi\u00e9n lo puede la risa entre dos adultos o la risa provocada por el recuerdo de alg\u00fan suceso gracioso.<\/p>\n<p>Cuando se sienta mucha tensi\u00f3n, no permita que explote enojado. T\u00f3mese un rato, si lo necesita, y busque un motivo para re\u00edr&#8230; \u00a1y ver\u00e1 como la tensi\u00f3n se desvanece!<\/p>\n<p>Una buena sonrisa es la luz de una casa.<\/p>\n","protected":false},"excerpt":{"rendered":"<p>Peggy estaba nerviosa porque se acercaba la hora de la cena en que ella y su esposo iban a ser los anfitriones. Era la primera vez que ten\u00edan invitados para cenar despu\u00e9s del nacimiento de su hijo Pete. Para colmar la tensi\u00f3n de Peggy, entre los invitados estaba el nuevo jefe de su esposo Bill. &#8230; <a title=\"Una buena sonrisa\" class=\"read-more\" href=\"https:\/\/quechilero.com\/blog\/2013\/08\/22\/una-buena-sonrisa\/\" aria-label=\"Leer m\u00e1s sobre Una buena sonrisa\">Leer m\u00e1s<\/a><\/p>\n","protected":false},"author":1,"featured_media":0,"comment_status":"open","ping_status":"open","sticky":false,"template":"","format":"standard","meta":{"advanced_seo_description":"","jetpack_seo_html_title":"","jetpack_seo_noindex":false,"jetpack_seo_schema_type":"","episode_type":"","audio_file":"","podmotor_file_id":"","podmotor_episode_id":"","cover_image":"","cover_image_id":"","duration":"","filesize":"","filesize_raw":"","date_recorded":"","explicit":"","block":"","_jetpack_newsletter_access":"","_jetpack_dont_email_post_to_subs":false,"_jetpack_newsletter_tier_id":0,"_jetpack_memberships_contains_paywalled_content":false,"_jetpack_feature_clip_id":0,"_jetpack_memberships_contains_paid_content":false,"footnotes":"","jetpack_publicize_message":"","jetpack_publicize_feature_enabled":true,"jetpack_social_post_already_shared":false,"jetpack_social_options":{"image_generator_settings":{"template":"highway","default_image_id":0,"font":"","enabled":false},"version":2},"jetpack_post_was_ever_published":false},"categories":[2],"tags":[92],"series":[],"class_list":["post-16902","post","type-post","status-publish","format-standard","hentry","category-limones","tag-frustracion"],"episode_featured_image":false,"episode_player_image":"https:\/\/i0.wp.com\/quechilero.com\/blog\/imagenes\/podcast.png?fit=1831%2C1831&ssl=1","download_link":"","player_link":"","audio_player":false,"episode_data":{"playerMode":"dark","subscribeUrls":{"amazon":{"key":"amazon","url":"","label":"Amazon","class":"amazon","icon":"amazon.png"},"apple_podcasts":{"key":"apple_podcasts","url":"","label":"Apple Podcasts","class":"apple_podcasts","icon":"apple-podcasts.png"},"castbox":{"key":"castbox","url":"","label":"CastBox","class":"castbox","icon":"castbox.png"},"deezer":{"key":"deezer","url":"","label":"Deezer","class":"deezer","icon":"deezer.png"},"google_podcasts":{"key":"google_podcasts","url":"","label":"Google Podcasts","class":"google_podcasts","icon":"google-podcasts.png"},"listen_notes":{"key":"listen_notes","url":"","label":"Listen Notes","class":"listen_notes","icon":"listen-notes.png"},"pandora":{"key":"pandora","url":"","label":"Pandora","class":"pandora","icon":"pandora.png"},"podbean":{"key":"podbean","url":"","label":"Podbean","class":"podbean","icon":"podbean.png"},"podcast_republic":{"key":"podcast_republic","url":"","label":"Podcast Republic","class":"podcast_republic","icon":"podcast-republic.png"},"rss":{"key":"rss","url":"","label":"RSS","class":"rss","icon":"rss.png"},"spotify":{"key":"spotify","url":"","label":"Spotify","class":"spotify","icon":"spotify.png"},"stitcher":{"key":"stitcher","url":"","label":"Stitcher","class":"stitcher","icon":"stitcher.png"},"tunein":{"key":"tunein","url":"","label":"TuneIn","class":"tunein","icon":"tunein.png"},"youtube":{"key":"youtube","url":"","label":"YouTube","class":"youtube","icon":"youtube.png"},"iheartradio":{"key":"iheartradio","url":"","label":"iHeartRadio","class":"iheartradio","icon":"iheartradio.png"},"ivoox":{"key":"ivoox","url":"","label":"iVoox","class":"ivoox","icon":"ivoox.png"}},"rssFeedUrl":"https:\/\/quechilero.com\/blog\/feed\/podcast\/si-la-vida-nos-da-limones","embedCode":"<blockquote class=\"wp-embedded-content\" data-secret=\"nE7LYFbkfb\"><a href=\"https:\/\/quechilero.com\/blog\/2013\/08\/22\/una-buena-sonrisa\/\">Una buena sonrisa<\/a><\/blockquote><iframe sandbox=\"allow-scripts\" security=\"restricted\" src=\"https:\/\/quechilero.com\/blog\/2013\/08\/22\/una-buena-sonrisa\/embed\/#?secret=nE7LYFbkfb\" width=\"500\" height=\"350\" title=\"\u00abUna buena sonrisa\u00bb \u2014 Si la Vida nos da Limones...\" data-secret=\"nE7LYFbkfb\" frameborder=\"0\" marginwidth=\"0\" marginheight=\"0\" scrolling=\"no\" class=\"wp-embedded-content\"><\/iframe><script>\n\/*! This file is auto-generated *\/\n!function(d,l){\"use strict\";l.querySelector&&d.addEventListener&&\"undefined\"!=typeof URL&&(d.wp=d.wp||{},d.wp.receiveEmbedMessage||(d.wp.receiveEmbedMessage=function(e){var t=e.data;if((t||t.secret||t.message||t.value)&&!\/[^a-zA-Z0-9]\/.test(t.secret)){for(var s,r,n,a=l.querySelectorAll('iframe[data-secret=\"'+t.secret+'\"]'),o=l.querySelectorAll('blockquote[data-secret=\"'+t.secret+'\"]'),c=new RegExp(\"^https?:$\",\"i\"),i=0;i<o.length;i++)o[i].style.display=\"none\";for(i=0;i<a.length;i++)s=a[i],e.source===s.contentWindow&&(s.removeAttribute(\"style\"),\"height\"===t.message?(1e3<(r=parseInt(t.value,10))?r=1e3:~~r<200&&(r=200),s.height=r):\"link\"===t.message&&(r=new URL(s.getAttribute(\"src\")),n=new URL(t.value),c.test(n.protocol))&&n.host===r.host&&l.activeElement===s&&(d.top.location.href=t.value))}},d.addEventListener(\"message\",d.wp.receiveEmbedMessage,!1),l.addEventListener(\"DOMContentLoaded\",function(){for(var e,t,s=l.querySelectorAll(\"iframe.wp-embedded-content\"),r=0;r<s.length;r++)(t=(e=s[r]).getAttribute(\"data-secret\"))||(t=Math.random().toString(36).substring(2,12),e.src+=\"#?secret=\"+t,e.setAttribute(\"data-secret\",t)),e.contentWindow.postMessage({message:\"ready\",secret:t},\"*\")},!1)))}(window,document);\n\/\/# sourceURL=https:\/\/quechilero.com\/blog\/wp-includes\/js\/wp-embed.min.js\n<\/script>\n"},"jetpack_publicize_connections":[],"jetpack_shortlink":"https:\/\/wp.me\/pDKli-4oC","jetpack_sharing_enabled":true,"jetpack-related-posts":[{"id":26736,"url":"https:\/\/quechilero.com\/blog\/2016\/02\/27\/podcast-las-6am-episodio-1137-buddy-holly\/","url_meta":{"origin":16902,"position":0},"title":"Podcast: Las 6am episodio 1137, Buddy Holly","author":"Pepe Barrascout Ortiz","date":"27 febrero 2016","format":false,"excerpt":"Bienvenidos al mil\u00e9simo cent\u00e9simo trig\u00e9simo s\u00e9ptimo\u00a0episodio de \u201cLas 6 de la ma\u00f1ana\u201d, un podcast diario que trae 6 canciones, para que iniciemos el d\u00eda con buena m\u00fasica. Nuestro invitado de hoy: \"Buddy Holly\" El listado para hoy es: Artista \/ Tema 01 - Because I Love You 02 - Everyday\u2026","rel":"","context":"En \u00abLas 6 de la ma\u00f1ana\u00bb","block_context":{"text":"Las 6 de la ma\u00f1ana","link":"https:\/\/quechilero.com\/blog\/category\/podcast\/las-6-de-la-manana\/"},"img":{"alt_text":"","src":"https:\/\/i0.wp.com\/quechilero.com\/blog\/imagenes\/las6am.jpg?fit=620%2C350&ssl=1&resize=350%2C200","width":350,"height":200,"srcset":"https:\/\/i0.wp.com\/quechilero.com\/blog\/imagenes\/las6am.jpg?fit=620%2C350&ssl=1&resize=350%2C200 1x, https:\/\/i0.wp.com\/quechilero.com\/blog\/imagenes\/las6am.jpg?fit=620%2C350&ssl=1&resize=525%2C300 1.5x"},"classes":[]},{"id":555,"url":"https:\/\/quechilero.com\/blog\/2007\/05\/22\/un-nombre-nuevo\/","url_meta":{"origin":16902,"position":1},"title":"Un Nombre Nuevo","author":"Pepe Barrascout Ortiz","date":"22 mayo 2007","format":false,"excerpt":"En los tiempos antiguos era costumbre del pueblo bautizar a los ni\u00f1os con el nombre del abuelo o del santo del d\u00eda. Por eso algunos nombres dados a ni\u00f1os en ese tiempo, hoy son: Adelvina, Agape, Bernardina, Belarmino, Cuasimara, Delfilia, Fulgencio, Krizia, Hildegarda, On\u00e9simo, Petronila, Probo o Teodosia. Hoy en\u2026","rel":"","context":"En \u00abLimones\u00bb","block_context":{"text":"Limones","link":"https:\/\/quechilero.com\/blog\/category\/limones\/"},"img":{"alt_text":"","src":"","width":0,"height":0},"classes":[]},{"id":2243,"url":"https:\/\/quechilero.com\/blog\/2008\/01\/17\/un-nombre-nuevo-2\/","url_meta":{"origin":16902,"position":2},"title":"Un Nombre Nuevo","author":"Pepe Barrascout Ortiz","date":"17 enero 2008","format":false,"excerpt":"En los tiempos antiguos era costumbre del pueblo bautizar a los ni\u00f1os con el nombre del abuelo o del santo del d\u00eda. Por eso algunos nombres dados a ni\u00f1os en ese tiempo, hoy son: Adelvina, Agape, Bernardina, Belarmino, Cuasimara, Delfilia, Fulgencio, Krizia, Hildegarda, On\u00edsimo, Petronila, Probo o Teodosia. Hoy en\u2026","rel":"","context":"En \u00abLimones\u00bb","block_context":{"text":"Limones","link":"https:\/\/quechilero.com\/blog\/category\/limones\/"},"img":{"alt_text":"","src":"","width":0,"height":0},"classes":[]},{"id":17608,"url":"https:\/\/quechilero.com\/blog\/2013\/12\/26\/con-quien-pasaras-las-fiestas\/","url_meta":{"origin":16902,"position":3},"title":"\u00bfCon qui\u00e9n pasar\u00e1s las fiestas?","author":"Pepe Barrascout Ortiz","date":"26 diciembre 2013","format":false,"excerpt":"Se acerca la Navidad y las preguntas obligadas comienzan a surgir: - \u00bfCon qui\u00e9n vas a pasar las fiestas? - \u00bfQu\u00e9 van a cenar en tu casa? - \u00bfD\u00f3nde vas a pasar el 24? \u00bfY el 25? Es ah\u00ed donde surgen las respuestas tambi\u00e9n obligadas: - Con mis padres, mis\u2026","rel":"","context":"En \u00abLimones\u00bb","block_context":{"text":"Limones","link":"https:\/\/quechilero.com\/blog\/category\/limones\/"},"img":{"alt_text":"","src":"","width":0,"height":0},"classes":[]},{"id":17596,"url":"https:\/\/quechilero.com\/blog\/2013\/12\/24\/cena-navidena\/","url_meta":{"origin":16902,"position":4},"title":"Cena Navide\u00f1a","author":"Pepe Barrascout Ortiz","date":"24 diciembre 2013","format":false,"excerpt":"En una v\u00edspera de Navidad, un exitoso hombre de negocios se apuraba a llegar a la carnicer\u00eda antes de que cerraran. - \u00bfVa a comprar su pavo de Navidad? -pregunt\u00f3 un amigo. - No. Hot dogs -respondi\u00f3 el hombre. Despu\u00e9s explic\u00f3 c\u00f3mo, a\u00f1os atr\u00e1s, un fracaso rotundo en sus negocios\u2026","rel":"","context":"En \u00abLimones\u00bb","block_context":{"text":"Limones","link":"https:\/\/quechilero.com\/blog\/category\/limones\/"},"img":{"alt_text":"","src":"","width":0,"height":0},"classes":[]},{"id":11429,"url":"https:\/\/quechilero.com\/blog\/2011\/12\/12\/oracion-para-la-cena-de-accion-de-gracias\/","url_meta":{"origin":16902,"position":5},"title":"Oraci\u00f3n para la Cena de Acci\u00f3n de Gracias","author":"Pepe Barrascout Ortiz","date":"12 diciembre 2011","format":false,"excerpt":"Gracias, Se\u00f1or, por el pan que nos das para aplacar el hambre. Por la risa del ni\u00f1o que se vuelve caricia. Por el mar y la nube. Por el don de sentir a plenitud la vida. Gracias, Se\u00f1or, por cada hora, a\u00fan cuando no todas sean iguales de buenas. Gracias\u2026","rel":"","context":"En \u00abLimones\u00bb","block_context":{"text":"Limones","link":"https:\/\/quechilero.com\/blog\/category\/limones\/"},"img":{"alt_text":"","src":"","width":0,"height":0},"classes":[]}],"jetpack_featured_media_url":"","_links":{"self":[{"href":"https:\/\/quechilero.com\/blog\/wp-json\/wp\/v2\/posts\/16902","targetHints":{"allow":["GET"]}}],"collection":[{"href":"https:\/\/quechilero.com\/blog\/wp-json\/wp\/v2\/posts"}],"about":[{"href":"https:\/\/quechilero.com\/blog\/wp-json\/wp\/v2\/types\/post"}],"author":[{"embeddable":true,"href":"https:\/\/quechilero.com\/blog\/wp-json\/wp\/v2\/users\/1"}],"replies":[{"embeddable":true,"href":"https:\/\/quechilero.com\/blog\/wp-json\/wp\/v2\/comments?post=16902"}],"version-history":[{"count":0,"href":"https:\/\/quechilero.com\/blog\/wp-json\/wp\/v2\/posts\/16902\/revisions"}],"wp:attachment":[{"href":"https:\/\/quechilero.com\/blog\/wp-json\/wp\/v2\/media?parent=16902"}],"wp:term":[{"taxonomy":"category","embeddable":true,"href":"https:\/\/quechilero.com\/blog\/wp-json\/wp\/v2\/categories?post=16902"},{"taxonomy":"post_tag","embeddable":true,"href":"https:\/\/quechilero.com\/blog\/wp-json\/wp\/v2\/tags?post=16902"},{"taxonomy":"series","embeddable":true,"href":"https:\/\/quechilero.com\/blog\/wp-json\/wp\/v2\/series?post=16902"}],"curies":[{"name":"wp","href":"https:\/\/api.w.org\/{rel}","templated":true}]}}