{"id":16900,"date":"2013-08-21T08:00:47","date_gmt":"2013-08-21T14:00:47","guid":{"rendered":"http:\/\/quechilero.com\/blog\/?p=16900"},"modified":"2013-08-16T18:46:57","modified_gmt":"2013-08-17T00:46:57","slug":"caracol-sin-casa","status":"publish","type":"post","link":"https:\/\/quechilero.com\/blog\/2013\/08\/21\/caracol-sin-casa\/","title":{"rendered":"Caracol sin Casa"},"content":{"rendered":"<p>Tito Rodr\u00edguez, Director del Instituto Argentino de Buceo, nos cuenta sobre esta especie:<\/p>\n<p><em>Se podr\u00eda decir que el nudibranquio o \u00abbabosa de mar\u00bb es un caracol sin caparaz\u00f3n lo que har\u00eda que este animal quede totalmente desprotegido. Pero, para defenderse, este ingenioso animal ha desarrollado algunos m\u00e9todos muy interesantes.<\/em><\/p>\n<p><em>Algunas babosas tienen coloraciones espectaculares en forma de bandas o puntos que rompen su silueta confundiendo su aspecto.<\/em><\/p>\n<p><em>Otras combinan colores que en el mar son advertidores de veneno para los depredadores como el rojo y negro o amarillo, naranja y negro.<\/em><\/p>\n<p><em>Otras especies poseen esp\u00edculas calc\u00e1reas en la piel, otras tienen mal sabor o segregan sustancias t\u00f3xicas para defenderse de un ataque.<\/em><\/p>\n<p><em>Estos moluscos tienen un r\u00e9gimen carn\u00edvoro sumamente especializado: se alimentan de esponjas, cnidarios y briozoos. Algunas especies poseen ap\u00e9ndices dorsales en forma de sacos. En \u00e9stos recept\u00e1culos acumulan las c\u00e9lulas urticantes de las an\u00e9monas e hidroideos que les sirvieron de alimento, de modo que cuando un depredador las muerde, liberan los ap\u00e9ndices y el atacante queda escarmentado.<\/em><\/p>\n<p>C\u00f3mo el caracol sin casa, los cristianos necesitamos estar conscientes de que Dios quiere que desarrollemos sistemas de defensa para mantenernos en victoria en medio de un mundo lleno de ataques y de un ataque espiritual continuo. Nuestros sistemas de defensa son la oraci\u00f3n, el estudio diario de la Palabra de Dios y las disciplinas espirituales. Cuando un creyente vive en contacto permanente con Dios, ni el mundo, ni el demonio ni la carne podr\u00e1n llevarlo al desastre. \u00bfC\u00f3mo est\u00e1n tus defensas espirituales?<\/p>\n","protected":false},"excerpt":{"rendered":"<p>Tito Rodr\u00edguez, Director del Instituto Argentino de Buceo, nos cuenta sobre esta especie: Se podr\u00eda decir que el nudibranquio o \u00abbabosa de mar\u00bb es un caracol sin caparaz\u00f3n lo que har\u00eda que este animal quede totalmente desprotegido. Pero, para defenderse, este ingenioso animal ha desarrollado algunos m\u00e9todos muy interesantes. Algunas babosas tienen coloraciones espectaculares en &#8230; <a title=\"Caracol sin Casa\" class=\"read-more\" href=\"https:\/\/quechilero.com\/blog\/2013\/08\/21\/caracol-sin-casa\/\" aria-label=\"Leer m\u00e1s sobre Caracol sin Casa\">Leer m\u00e1s<\/a><\/p>\n","protected":false},"author":1,"featured_media":0,"comment_status":"open","ping_status":"open","sticky":false,"template":"","format":"standard","meta":{"advanced_seo_description":"","jetpack_seo_html_title":"","jetpack_seo_noindex":false,"jetpack_seo_schema_type":"","episode_type":"","audio_file":"","podmotor_file_id":"","podmotor_episode_id":"","cover_image":"","cover_image_id":"","duration":"","filesize":"","filesize_raw":"","date_recorded":"","explicit":"","block":"","_jetpack_newsletter_access":"","_jetpack_dont_email_post_to_subs":false,"_jetpack_newsletter_tier_id":0,"_jetpack_memberships_contains_paywalled_content":false,"_jetpack_feature_clip_id":0,"_jetpack_memberships_contains_paid_content":false,"footnotes":"","jetpack_publicize_message":"","jetpack_publicize_feature_enabled":true,"jetpack_social_post_already_shared":false,"jetpack_social_options":{"image_generator_settings":{"template":"highway","default_image_id":0,"font":"","enabled":false},"version":2},"jetpack_post_was_ever_published":false},"categories":[2],"tags":[51,32,86,42],"series":[],"class_list":["post-16900","post","type-post","status-publish","format-standard","hentry","category-limones","tag-dios","tag-especial","tag-oracion","tag-palabra"],"episode_featured_image":false,"episode_player_image":"https:\/\/i0.wp.com\/quechilero.com\/blog\/imagenes\/podcast.png?fit=1831%2C1831&ssl=1","download_link":"","player_link":"","audio_player":false,"episode_data":{"playerMode":"dark","subscribeUrls":{"amazon":{"key":"amazon","url":"","label":"Amazon","class":"amazon","icon":"amazon.png"},"apple_podcasts":{"key":"apple_podcasts","url":"","label":"Apple Podcasts","class":"apple_podcasts","icon":"apple-podcasts.png"},"castbox":{"key":"castbox","url":"","label":"CastBox","class":"castbox","icon":"castbox.png"},"deezer":{"key":"deezer","url":"","label":"Deezer","class":"deezer","icon":"deezer.png"},"google_podcasts":{"key":"google_podcasts","url":"","label":"Google Podcasts","class":"google_podcasts","icon":"google-podcasts.png"},"listen_notes":{"key":"listen_notes","url":"","label":"Listen Notes","class":"listen_notes","icon":"listen-notes.png"},"pandora":{"key":"pandora","url":"","label":"Pandora","class":"pandora","icon":"pandora.png"},"podbean":{"key":"podbean","url":"","label":"Podbean","class":"podbean","icon":"podbean.png"},"podcast_republic":{"key":"podcast_republic","url":"","label":"Podcast Republic","class":"podcast_republic","icon":"podcast-republic.png"},"rss":{"key":"rss","url":"","label":"RSS","class":"rss","icon":"rss.png"},"spotify":{"key":"spotify","url":"","label":"Spotify","class":"spotify","icon":"spotify.png"},"stitcher":{"key":"stitcher","url":"","label":"Stitcher","class":"stitcher","icon":"stitcher.png"},"tunein":{"key":"tunein","url":"","label":"TuneIn","class":"tunein","icon":"tunein.png"},"youtube":{"key":"youtube","url":"","label":"YouTube","class":"youtube","icon":"youtube.png"},"iheartradio":{"key":"iheartradio","url":"","label":"iHeartRadio","class":"iheartradio","icon":"iheartradio.png"},"ivoox":{"key":"ivoox","url":"","label":"iVoox","class":"ivoox","icon":"ivoox.png"}},"rssFeedUrl":"https:\/\/quechilero.com\/blog\/feed\/podcast\/si-la-vida-nos-da-limones","embedCode":"<blockquote class=\"wp-embedded-content\" data-secret=\"ovBy8NPaaS\"><a href=\"https:\/\/quechilero.com\/blog\/2013\/08\/21\/caracol-sin-casa\/\">Caracol sin Casa<\/a><\/blockquote><iframe sandbox=\"allow-scripts\" security=\"restricted\" src=\"https:\/\/quechilero.com\/blog\/2013\/08\/21\/caracol-sin-casa\/embed\/#?secret=ovBy8NPaaS\" width=\"500\" height=\"350\" title=\"\u00abCaracol sin Casa\u00bb \u2014 Si la Vida nos da Limones...\" data-secret=\"ovBy8NPaaS\" frameborder=\"0\" marginwidth=\"0\" marginheight=\"0\" scrolling=\"no\" class=\"wp-embedded-content\"><\/iframe><script>\n\/*! This file is auto-generated *\/\n!function(d,l){\"use strict\";l.querySelector&&d.addEventListener&&\"undefined\"!=typeof URL&&(d.wp=d.wp||{},d.wp.receiveEmbedMessage||(d.wp.receiveEmbedMessage=function(e){var t=e.data;if((t||t.secret||t.message||t.value)&&!\/[^a-zA-Z0-9]\/.test(t.secret)){for(var s,r,n,a=l.querySelectorAll('iframe[data-secret=\"'+t.secret+'\"]'),o=l.querySelectorAll('blockquote[data-secret=\"'+t.secret+'\"]'),c=new RegExp(\"^https?:$\",\"i\"),i=0;i<o.length;i++)o[i].style.display=\"none\";for(i=0;i<a.length;i++)s=a[i],e.source===s.contentWindow&&(s.removeAttribute(\"style\"),\"height\"===t.message?(1e3<(r=parseInt(t.value,10))?r=1e3:~~r<200&&(r=200),s.height=r):\"link\"===t.message&&(r=new URL(s.getAttribute(\"src\")),n=new URL(t.value),c.test(n.protocol))&&n.host===r.host&&l.activeElement===s&&(d.top.location.href=t.value))}},d.addEventListener(\"message\",d.wp.receiveEmbedMessage,!1),l.addEventListener(\"DOMContentLoaded\",function(){for(var e,t,s=l.querySelectorAll(\"iframe.wp-embedded-content\"),r=0;r<s.length;r++)(t=(e=s[r]).getAttribute(\"data-secret\"))||(t=Math.random().toString(36).substring(2,12),e.src+=\"#?secret=\"+t,e.setAttribute(\"data-secret\",t)),e.contentWindow.postMessage({message:\"ready\",secret:t},\"*\")},!1)))}(window,document);\n\/\/# sourceURL=https:\/\/quechilero.com\/blog\/wp-includes\/js\/wp-embed.min.js\n<\/script>\n"},"jetpack_publicize_connections":[],"jetpack_shortlink":"https:\/\/wp.me\/pDKli-4oA","jetpack_sharing_enabled":true,"jetpack-related-posts":[{"id":9280,"url":"https:\/\/quechilero.com\/blog\/2011\/12\/12\/animales-carinosos-caracoles\/","url_meta":{"origin":16900,"position":0},"title":"Animales cari\u00f1osos: Caracoles","author":"Pepe Barrascout Ortiz","date":"12 diciembre 2011","format":false,"excerpt":"Fotograf\u00edas inspiracionales, con animales dando muestras de cari\u00f1o entre si. Original | Ver la serie completa de Animales Cari\u00f1osos. Visto en\u00a0Psdeluxe","rel":"","context":"En \u00abLimones por mano\u00bb","block_context":{"text":"Limones por mano","link":"https:\/\/quechilero.com\/blog\/category\/limones-por-mano\/"},"img":{"alt_text":"","src":"","width":0,"height":0},"classes":[]},{"id":9334,"url":"https:\/\/quechilero.com\/blog\/2011\/07\/11\/animales-carinosos-lobos-2\/","url_meta":{"origin":16900,"position":1},"title":"Animales cari\u00f1osos: Lobos","author":"Pepe Barrascout Ortiz","date":"11 julio 2011","format":false,"excerpt":"El lobo (Canis lupus) es un mam\u00edfero del orden de los carn\u00edvoros. El perro dom\u00e9stico (Canis lupus familiaris), pertenece a la misma especie que \u00e9l, teniendo como evidencia la secuencia del ADN y otros estudios gen\u00e9ticos. Los lobos fueron anta\u00f1o abundantes y se distribu\u00edan por Norteam\u00e9rica, Eurasia y el Oriente\u2026","rel":"","context":"En \u00abLimones por mano\u00bb","block_context":{"text":"Limones por mano","link":"https:\/\/quechilero.com\/blog\/category\/limones-por-mano\/"},"img":{"alt_text":"","src":"","width":0,"height":0},"classes":[]},{"id":9219,"url":"https:\/\/quechilero.com\/blog\/2011\/07\/04\/animales-carinosos-cabras\/","url_meta":{"origin":16900,"position":2},"title":"Animales cari\u00f1osos: Cabras","author":"Pepe Barrascout Ortiz","date":"4 julio 2011","format":false,"excerpt":"Los c\u00e1pridos (Capra) son un g\u00e9nero de mam\u00edferos artiod\u00e1ctilos de la familia Bovidae que suelen conocerse com\u00fanmente como cabras, aunque existen animales de otros g\u00e9neros (por ejemplo Oreammos) que tambi\u00e9n se llaman as\u00ed. Incluye varias especies originarias del centro-oeste de Asia, donde todav\u00eda viven la mayor\u00eda de las especies actuales,\u2026","rel":"","context":"En \u00abLimones por mano\u00bb","block_context":{"text":"Limones por mano","link":"https:\/\/quechilero.com\/blog\/category\/limones-por-mano\/"},"img":{"alt_text":"","src":"","width":0,"height":0},"classes":[]},{"id":9226,"url":"https:\/\/quechilero.com\/blog\/2011\/08\/22\/animales-carinosos-palomas\/","url_meta":{"origin":16900,"position":3},"title":"Animales cari\u00f1osos: Palomas","author":"Pepe Barrascout Ortiz","date":"22 agosto 2011","format":false,"excerpt":"Los col\u00fambidos (Columbidae) son una familia de aves del orden Columbiformes que incluye las palomas, las t\u00f3rtolas y formas afines, siendo en total unas 308 especies. Los col\u00fambidos se distribuyen por todo el mundo; la mayor diversidad de especies la tiene la ecozona indomalaya y la ecozona de Australasia. Los\u2026","rel":"","context":"En \u00abLimones por mano\u00bb","block_context":{"text":"Limones por mano","link":"https:\/\/quechilero.com\/blog\/category\/limones-por-mano\/"},"img":{"alt_text":"","src":"","width":0,"height":0},"classes":[]},{"id":9326,"url":"https:\/\/quechilero.com\/blog\/2011\/07\/25\/animales-carinosos-palomas-2\/","url_meta":{"origin":16900,"position":4},"title":"Animales cari\u00f1osos: Palomas","author":"Pepe Barrascout Ortiz","date":"25 julio 2011","format":false,"excerpt":"Los col\u00fambidos (Columbidae) son una familia de aves del orden Columbiformes que incluye las palomas, las t\u00f3rtolas y formas afines, siendo en total unas 308 especies. Los col\u00fambidos se distribuyen por todo el mundo; la mayor diversidad de especies la tiene la ecozona indomalaya y la ecozona de Australasia. Los\u2026","rel":"","context":"En \u00abLimones por mano\u00bb","block_context":{"text":"Limones por mano","link":"https:\/\/quechilero.com\/blog\/category\/limones-por-mano\/"},"img":{"alt_text":"","src":"","width":0,"height":0},"classes":[]},{"id":1020,"url":"https:\/\/quechilero.com\/blog\/2008\/07\/14\/caracoles\/","url_meta":{"origin":16900,"position":5},"title":"Caracoles","author":"Pepe Barrascout Ortiz","date":"14 julio 2008","format":false,"excerpt":"Una grulla estaba vadeando en la corriente y buscando caracoles para comer cuando un hermoso cisne se pos\u00f3 cerca de ella. La grulla nunca hab\u00eda visto un cisne, por lo que pregunt\u00f3: \"\u00bfQu\u00e9 eres t\u00fa?\" \"Soy un cisne\" -fue la respuesta. \"\u00bfY de d\u00f3nde viniste?\" -inquiri\u00f3 la grulla. \"Del Cielo\"\u2026","rel":"","context":"En \u00abLimones\u00bb","block_context":{"text":"Limones","link":"https:\/\/quechilero.com\/blog\/category\/limones\/"},"img":{"alt_text":"","src":"","width":0,"height":0},"classes":[]}],"jetpack_featured_media_url":"","_links":{"self":[{"href":"https:\/\/quechilero.com\/blog\/wp-json\/wp\/v2\/posts\/16900","targetHints":{"allow":["GET"]}}],"collection":[{"href":"https:\/\/quechilero.com\/blog\/wp-json\/wp\/v2\/posts"}],"about":[{"href":"https:\/\/quechilero.com\/blog\/wp-json\/wp\/v2\/types\/post"}],"author":[{"embeddable":true,"href":"https:\/\/quechilero.com\/blog\/wp-json\/wp\/v2\/users\/1"}],"replies":[{"embeddable":true,"href":"https:\/\/quechilero.com\/blog\/wp-json\/wp\/v2\/comments?post=16900"}],"version-history":[{"count":0,"href":"https:\/\/quechilero.com\/blog\/wp-json\/wp\/v2\/posts\/16900\/revisions"}],"wp:attachment":[{"href":"https:\/\/quechilero.com\/blog\/wp-json\/wp\/v2\/media?parent=16900"}],"wp:term":[{"taxonomy":"category","embeddable":true,"href":"https:\/\/quechilero.com\/blog\/wp-json\/wp\/v2\/categories?post=16900"},{"taxonomy":"post_tag","embeddable":true,"href":"https:\/\/quechilero.com\/blog\/wp-json\/wp\/v2\/tags?post=16900"},{"taxonomy":"series","embeddable":true,"href":"https:\/\/quechilero.com\/blog\/wp-json\/wp\/v2\/series?post=16900"}],"curies":[{"name":"wp","href":"https:\/\/api.w.org\/{rel}","templated":true}]}}