{"id":16894,"date":"2013-08-17T09:00:05","date_gmt":"2013-08-17T15:00:05","guid":{"rendered":"http:\/\/quechilero.com\/blog\/?p=16894"},"modified":"2013-08-16T18:43:38","modified_gmt":"2013-08-17T00:43:38","slug":"lo-grande-de-los-detalles","status":"publish","type":"post","link":"https:\/\/quechilero.com\/blog\/2013\/08\/17\/lo-grande-de-los-detalles\/","title":{"rendered":"Lo grande de los detalles"},"content":{"rendered":"<p>No debemos pensar que la felicidad est\u00e1 en los grandes acontecimientos. Hay que rastrearla en esas peque\u00f1as luces que se encuentran y se desperdigan en los detalles. Por ejemplo, en el trabajo, a lo mejor no podemos aspirar hoy a grandes logros, porque quiz\u00e1 no se presente la ocasi\u00f3n, pero s\u00ed podemos esperar o pronunciar una palabra inteligente, un diminuto detalle que produce alegra y que no se esperaba. Todo eso es la peque\u00f1a llave del detalle, que abre m\u00e1s corazones de lo que imaginamos.<\/p>\n<p>L\u00f3gicamente, lo grande de los detalles no es su valor material. Cuenta Hebbel con iron\u00eda la historia de aquel hombre que, estando hundi\u00e9ndose en el mar, recibi\u00f3 la ayuda de un desconocido que le tir\u00f3 una tabla a la que pudo agarrarse y salvar as\u00ed su vida. Y a\u00f1ade que el reci\u00e9n salido de las aguas se dirigi\u00f3 a su salvador y le pregunt\u00f3 que cu\u00e1nto costaba la madera de la tabla, porque quer\u00eda pag\u00e1rsela y, as\u00ed, agradec\u00e9rsela. \u00a1Como si su salvador le hubiera regalado una madera y no la vida!<\/p>\n<p>Hemos de poner creatividad e ingenio para estar en los detalles. La vida tiene, en cierta forma, una din\u00e1mica acumulativa: los cambios conducen a otros cambios, la mejora estimula a otras mejoras. Al avanzar, podemos caminar paso a paso, pero debemos ser constantes. Un peque\u00f1o detalle, visto retrospectivamente tiempo despu\u00e9s, ha dado lugar a progresos importantes. Un peque\u00f1o cambio de direcci\u00f3n en el largo viaje de la vida, marca una diferencia cada vez mayor con el paso del tiempo: un resultado final muy diferente, aunque la diferencia inicial fuera casi imperceptible.<\/p>\n","protected":false},"excerpt":{"rendered":"<p>No debemos pensar que la felicidad est\u00e1 en los grandes acontecimientos. Hay que rastrearla en esas peque\u00f1as luces que se encuentran y se desperdigan en los detalles. Por ejemplo, en el trabajo, a lo mejor no podemos aspirar hoy a grandes logros, porque quiz\u00e1 no se presente la ocasi\u00f3n, pero s\u00ed podemos esperar o pronunciar &#8230; <a title=\"Lo grande de los detalles\" class=\"read-more\" href=\"https:\/\/quechilero.com\/blog\/2013\/08\/17\/lo-grande-de-los-detalles\/\" aria-label=\"Leer m\u00e1s sobre Lo grande de los detalles\">Leer m\u00e1s<\/a><\/p>\n","protected":false},"author":1,"featured_media":0,"comment_status":"open","ping_status":"open","sticky":false,"template":"","format":"standard","meta":{"advanced_seo_description":"","jetpack_seo_html_title":"","jetpack_seo_noindex":false,"jetpack_seo_schema_type":"","episode_type":"","audio_file":"","podmotor_file_id":"","podmotor_episode_id":"","cover_image":"","cover_image_id":"","duration":"","filesize":"","filesize_raw":"","date_recorded":"","explicit":"","block":"","_jetpack_newsletter_access":"","_jetpack_dont_email_post_to_subs":false,"_jetpack_newsletter_tier_id":0,"_jetpack_memberships_contains_paywalled_content":false,"_jetpack_feature_clip_id":0,"_jetpack_memberships_contains_paid_content":false,"footnotes":"","jetpack_publicize_message":"","jetpack_publicize_feature_enabled":true,"jetpack_social_post_already_shared":false,"jetpack_social_options":{"image_generator_settings":{"template":"highway","default_image_id":0,"font":"","enabled":false},"version":2},"jetpack_post_was_ever_published":false},"categories":[2],"tags":[37,17,18,42,5,36,24],"series":[],"class_list":["post-16894","post","type-post","status-publish","format-standard","hentry","category-limones","tag-ayuda","tag-historia","tag-hombre","tag-palabra","tag-tiempo","tag-trabajo","tag-vida"],"episode_featured_image":false,"episode_player_image":"https:\/\/i0.wp.com\/quechilero.com\/blog\/imagenes\/podcast.png?fit=1831%2C1831&ssl=1","download_link":"","player_link":"","audio_player":false,"episode_data":{"playerMode":"dark","subscribeUrls":{"amazon":{"key":"amazon","url":"","label":"Amazon","class":"amazon","icon":"amazon.png"},"apple_podcasts":{"key":"apple_podcasts","url":"","label":"Apple Podcasts","class":"apple_podcasts","icon":"apple-podcasts.png"},"castbox":{"key":"castbox","url":"","label":"CastBox","class":"castbox","icon":"castbox.png"},"deezer":{"key":"deezer","url":"","label":"Deezer","class":"deezer","icon":"deezer.png"},"google_podcasts":{"key":"google_podcasts","url":"","label":"Google Podcasts","class":"google_podcasts","icon":"google-podcasts.png"},"listen_notes":{"key":"listen_notes","url":"","label":"Listen Notes","class":"listen_notes","icon":"listen-notes.png"},"pandora":{"key":"pandora","url":"","label":"Pandora","class":"pandora","icon":"pandora.png"},"podbean":{"key":"podbean","url":"","label":"Podbean","class":"podbean","icon":"podbean.png"},"podcast_republic":{"key":"podcast_republic","url":"","label":"Podcast Republic","class":"podcast_republic","icon":"podcast-republic.png"},"rss":{"key":"rss","url":"","label":"RSS","class":"rss","icon":"rss.png"},"spotify":{"key":"spotify","url":"","label":"Spotify","class":"spotify","icon":"spotify.png"},"stitcher":{"key":"stitcher","url":"","label":"Stitcher","class":"stitcher","icon":"stitcher.png"},"tunein":{"key":"tunein","url":"","label":"TuneIn","class":"tunein","icon":"tunein.png"},"youtube":{"key":"youtube","url":"","label":"YouTube","class":"youtube","icon":"youtube.png"},"iheartradio":{"key":"iheartradio","url":"","label":"iHeartRadio","class":"iheartradio","icon":"iheartradio.png"},"ivoox":{"key":"ivoox","url":"","label":"iVoox","class":"ivoox","icon":"ivoox.png"}},"rssFeedUrl":"https:\/\/quechilero.com\/blog\/feed\/podcast\/si-la-vida-nos-da-limones","embedCode":"<blockquote class=\"wp-embedded-content\" data-secret=\"LPCGJ1S4hM\"><a href=\"https:\/\/quechilero.com\/blog\/2013\/08\/17\/lo-grande-de-los-detalles\/\">Lo grande de los detalles<\/a><\/blockquote><iframe sandbox=\"allow-scripts\" security=\"restricted\" src=\"https:\/\/quechilero.com\/blog\/2013\/08\/17\/lo-grande-de-los-detalles\/embed\/#?secret=LPCGJ1S4hM\" width=\"500\" height=\"350\" title=\"\u00abLo grande de los detalles\u00bb \u2014 Si la Vida nos da Limones...\" data-secret=\"LPCGJ1S4hM\" frameborder=\"0\" marginwidth=\"0\" marginheight=\"0\" scrolling=\"no\" class=\"wp-embedded-content\"><\/iframe><script>\n\/*! This file is auto-generated *\/\n!function(d,l){\"use strict\";l.querySelector&&d.addEventListener&&\"undefined\"!=typeof URL&&(d.wp=d.wp||{},d.wp.receiveEmbedMessage||(d.wp.receiveEmbedMessage=function(e){var t=e.data;if((t||t.secret||t.message||t.value)&&!\/[^a-zA-Z0-9]\/.test(t.secret)){for(var s,r,n,a=l.querySelectorAll('iframe[data-secret=\"'+t.secret+'\"]'),o=l.querySelectorAll('blockquote[data-secret=\"'+t.secret+'\"]'),c=new RegExp(\"^https?:$\",\"i\"),i=0;i<o.length;i++)o[i].style.display=\"none\";for(i=0;i<a.length;i++)s=a[i],e.source===s.contentWindow&&(s.removeAttribute(\"style\"),\"height\"===t.message?(1e3<(r=parseInt(t.value,10))?r=1e3:~~r<200&&(r=200),s.height=r):\"link\"===t.message&&(r=new URL(s.getAttribute(\"src\")),n=new URL(t.value),c.test(n.protocol))&&n.host===r.host&&l.activeElement===s&&(d.top.location.href=t.value))}},d.addEventListener(\"message\",d.wp.receiveEmbedMessage,!1),l.addEventListener(\"DOMContentLoaded\",function(){for(var e,t,s=l.querySelectorAll(\"iframe.wp-embedded-content\"),r=0;r<s.length;r++)(t=(e=s[r]).getAttribute(\"data-secret\"))||(t=Math.random().toString(36).substring(2,12),e.src+=\"#?secret=\"+t,e.setAttribute(\"data-secret\",t)),e.contentWindow.postMessage({message:\"ready\",secret:t},\"*\")},!1)))}(window,document);\n\/\/# sourceURL=https:\/\/quechilero.com\/blog\/wp-includes\/js\/wp-embed.min.js\n<\/script>\n"},"jetpack_publicize_connections":[],"jetpack_shortlink":"https:\/\/wp.me\/pDKli-4ou","jetpack_sharing_enabled":true,"jetpack-related-posts":[{"id":21593,"url":"https:\/\/quechilero.com\/blog\/2015\/09\/18\/mas-grande-de-lo-que-se-ve\/","url_meta":{"origin":16894,"position":0},"title":"M\u00e1s grande de lo que se ve","author":"Pepe Barrascout Ortiz","date":"18 septiembre 2015","format":false,"excerpt":"Era com\u00fan encontrarse con una fila de soldados que eran enviados al combate todas las noches en la estaci\u00f3n de Washington. Hab\u00eda un anciano con un sombrero encasquetado, que pese a que ten\u00eda una seria dificultad para caminar, serv\u00eda una taza de caf\u00e9 caliente a los soldados todas las noches.\u2026","rel":"","context":"En \u00abLimones\u00bb","block_context":{"text":"Limones","link":"https:\/\/quechilero.com\/blog\/category\/limones\/"},"img":{"alt_text":"","src":"","width":0,"height":0},"classes":[]},{"id":14624,"url":"https:\/\/quechilero.com\/blog\/2012\/10\/08\/los-detalles-de-miguel-angel\/","url_meta":{"origin":16894,"position":1},"title":"Los detalles de Miguel \u00c1ngel","author":"Pepe Barrascout Ortiz","date":"8 octubre 2012","format":false,"excerpt":"El gran artista Miguel \u00c1ngel tard\u00f3 mucho tiempo en dar los \u00faltimos toques a una de sus obras m\u00e1s famosas. Cierto amigo que lo visitaba casi todos los d\u00edas le preguntaba siempre: - \u00bfQu\u00e9 has hecho hoy? A lo cual el maestro contestaba: - Hoy he perfeccionado ese detalle en\u2026","rel":"","context":"En \u00abLimones\u00bb","block_context":{"text":"Limones","link":"https:\/\/quechilero.com\/blog\/category\/limones\/"},"img":{"alt_text":"","src":"","width":0,"height":0},"classes":[]},{"id":17111,"url":"https:\/\/quechilero.com\/blog\/2013\/09\/03\/detalles-nimios\/","url_meta":{"origin":16894,"position":2},"title":"Detalles nimios","author":"Pepe Barrascout Ortiz","date":"3 septiembre 2013","format":false,"excerpt":"\"As\u00ed se inici\u00f3 el paseo aquella tarde. De cuando en cuando ella se deten\u00eda para retirar de la carretera, empuj\u00e1ndolas con su cachavita negra, alg\u00fan cristal o alguna piedra de mayor tama\u00f1o. \"En detalles tan nimios como \u00e9ste se conoce a los personas\", pens\u00e9; y luego me entretuve meditando si\u2026","rel":"","context":"En \u00abLimones\u00bb","block_context":{"text":"Limones","link":"https:\/\/quechilero.com\/blog\/category\/limones\/"},"img":{"alt_text":"","src":"","width":0,"height":0},"classes":[]},{"id":16348,"url":"https:\/\/quechilero.com\/blog\/2013\/03\/19\/un-momento-de-silencio-como-san-jose\/","url_meta":{"origin":16894,"position":3},"title":"Un momento de silencio&#8230; como San Jos\u00e9","author":"Pepe Barrascout Ortiz","date":"19 marzo 2013","format":false,"excerpt":"As\u00ed como hay dolor y alegr\u00eda, as\u00ed como hay inquietud y paz; as\u00ed el hombre tiene en su vida dos cauces por donde transcurre su existencia: La palabra y el silencio. La palabra, del lat\u00edn par\u00e1bola, es la facultad natural de hablar. Solo el hombre disfruta de la palabra. La\u2026","rel":"","context":"En \u00abLimones\u00bb","block_context":{"text":"Limones","link":"https:\/\/quechilero.com\/blog\/category\/limones\/"},"img":{"alt_text":"","src":"","width":0,"height":0},"classes":[]},{"id":11460,"url":"https:\/\/quechilero.com\/blog\/2011\/12\/26\/una-navidad-sin-cristo-o-un-cristo-sin-navidad\/","url_meta":{"origin":16894,"position":4},"title":"\u00bfUna Navidad sin Cristo o un Cristo sin Navidad?","author":"Pepe Barrascout Ortiz","date":"26 diciembre 2011","format":false,"excerpt":"Cristo vino porque Dios nos ama y porque quiere hacer sentir su amor entre nosotros. Yo me siento orgulloso porque mi Buen Padre Dios me ama. \u00bfUna Navidad sin Cristo o un Cristo sin Navidad? Cristo en su Navidad es el puente tendido por Dios para acercarse a los hombres\u2026","rel":"","context":"En \u00abLimones\u00bb","block_context":{"text":"Limones","link":"https:\/\/quechilero.com\/blog\/category\/limones\/"},"img":{"alt_text":"","src":"","width":0,"height":0},"classes":[]},{"id":1830,"url":"https:\/\/quechilero.com\/blog\/2008\/09\/15\/google-en-centroamerica\/","url_meta":{"origin":16894,"position":5},"title":"Google en Centroam\u00e9rica","author":"Pepe Barrascout Ortiz","date":"15 septiembre 2008","format":false,"excerpt":"Por mucho tiempo hemo visto como las grandes corporaciones mundiales han dejado de lado a la regi\u00f3n centroamericana por no considerarla \"atractiva\" comercialmente hablando. Sin embargo, siempre se habla de los bonitos paisajes, de la calidez de su gente, de sus tradiciones, de su comida, del acento y de tantas\u2026","rel":"","context":"En \u00abLimones\u00bb","block_context":{"text":"Limones","link":"https:\/\/quechilero.com\/blog\/category\/limones\/"},"img":{"alt_text":"","src":"https:\/\/i0.wp.com\/img389.imageshack.us\/img389\/2710\/centroamericana5.gif?resize=350%2C200","width":350,"height":200},"classes":[]}],"jetpack_featured_media_url":"","_links":{"self":[{"href":"https:\/\/quechilero.com\/blog\/wp-json\/wp\/v2\/posts\/16894","targetHints":{"allow":["GET"]}}],"collection":[{"href":"https:\/\/quechilero.com\/blog\/wp-json\/wp\/v2\/posts"}],"about":[{"href":"https:\/\/quechilero.com\/blog\/wp-json\/wp\/v2\/types\/post"}],"author":[{"embeddable":true,"href":"https:\/\/quechilero.com\/blog\/wp-json\/wp\/v2\/users\/1"}],"replies":[{"embeddable":true,"href":"https:\/\/quechilero.com\/blog\/wp-json\/wp\/v2\/comments?post=16894"}],"version-history":[{"count":0,"href":"https:\/\/quechilero.com\/blog\/wp-json\/wp\/v2\/posts\/16894\/revisions"}],"wp:attachment":[{"href":"https:\/\/quechilero.com\/blog\/wp-json\/wp\/v2\/media?parent=16894"}],"wp:term":[{"taxonomy":"category","embeddable":true,"href":"https:\/\/quechilero.com\/blog\/wp-json\/wp\/v2\/categories?post=16894"},{"taxonomy":"post_tag","embeddable":true,"href":"https:\/\/quechilero.com\/blog\/wp-json\/wp\/v2\/tags?post=16894"},{"taxonomy":"series","embeddable":true,"href":"https:\/\/quechilero.com\/blog\/wp-json\/wp\/v2\/series?post=16894"}],"curies":[{"name":"wp","href":"https:\/\/api.w.org\/{rel}","templated":true}]}}