{"id":16890,"date":"2013-08-16T08:00:07","date_gmt":"2013-08-16T14:00:07","guid":{"rendered":"http:\/\/quechilero.com\/blog\/?p=16890"},"modified":"2013-08-16T18:42:03","modified_gmt":"2013-08-17T00:42:03","slug":"porque-yo-vivo-vosotros-%ef%bb%bftambien-vivireis","status":"publish","type":"post","link":"https:\/\/quechilero.com\/blog\/2013\/08\/16\/porque-yo-vivo-vosotros-%ef%bb%bftambien-vivireis\/","title":{"rendered":"Porque yo vivo, vosotros \ufefftambi\u00e9n vivir\u00e9is"},"content":{"rendered":"<p>La vida de los creyentes es tan segura como la del mismo Jes\u00fas. Con la misma seguridad en que vive la cabeza, vivir\u00e1n los miembros. Si Jes\u00fas no ha resucitado de los muertos, estamos muertos en nuestros delitos, mas porque ha resucitado, los creyentes han resucitado tambi\u00e9n en \u00c9l. Su muerte ha borrado todas nuestras rebeliones y desatado los lazos que nos ten\u00edan sujetos a la sentencia de muerte. Su resurrecci\u00f3n prueba nuestra justificaci\u00f3n: hemos sido absueltos, y el Se\u00f1or nos dice: \u00abJehov\u00e1 ha redimido tu pecado: no morir\u00e1s\u00bb.<\/p>\n<p>Jes\u00fas hace que la vida de los suyos sea tan eterna como la suya. \u00bfC\u00f3mo pueden morir mientras \u00c9l vive, siendo una sola cosa con \u00c9l? Jes\u00fas ya no muere, y la muerte no tiene dominio alguno sobre su persona, por eso sus hijos ya no volver\u00e1n al sepulcro de sus viejos pecados, sino que vivir\u00e1n para el Se\u00f1or en novedad de vida. \u00a1Oh, creyente!, cuando te halles en gran tentaci\u00f3n y temas caer en manos de tus enemigos, consu\u00e9late con estas palabras. Nunca perder\u00e1s la vida espiritual porque est\u00e1 escondida con Cristo en Dios. No dudas de la inmortalidad del Se\u00f1or; por tanto, no pienses que te dejar\u00e1 morir estando como est\u00e1s unido con \u00c9l. La raz\u00f3n de tu vida es su vida, de la cual no debes temer. Descansa, pues, en tu Se\u00f1or viviente.<\/p>\n","protected":false},"excerpt":{"rendered":"<p>La vida de los creyentes es tan segura como la del mismo Jes\u00fas. Con la misma seguridad en que vive la cabeza, vivir\u00e1n los miembros. Si Jes\u00fas no ha resucitado de los muertos, estamos muertos en nuestros delitos, mas porque ha resucitado, los creyentes han resucitado tambi\u00e9n en \u00c9l. Su muerte ha borrado todas nuestras &#8230; <a title=\"Porque yo vivo, vosotros \ufefftambi\u00e9n vivir\u00e9is\" class=\"read-more\" href=\"https:\/\/quechilero.com\/blog\/2013\/08\/16\/porque-yo-vivo-vosotros-%ef%bb%bftambien-vivireis\/\" aria-label=\"Leer m\u00e1s sobre Porque yo vivo, vosotros \ufefftambi\u00e9n vivir\u00e9is\">Leer m\u00e1s<\/a><\/p>\n","protected":false},"author":1,"featured_media":0,"comment_status":"open","ping_status":"open","sticky":false,"template":"","format":"standard","meta":{"advanced_seo_description":"","jetpack_seo_html_title":"","jetpack_seo_noindex":false,"jetpack_seo_schema_type":"","episode_type":"","audio_file":"","podmotor_file_id":"","podmotor_episode_id":"","cover_image":"","cover_image_id":"","duration":"","filesize":"","filesize_raw":"","date_recorded":"","explicit":"","block":"","_jetpack_newsletter_access":"","_jetpack_dont_email_post_to_subs":false,"_jetpack_newsletter_tier_id":0,"_jetpack_memberships_contains_paywalled_content":false,"_jetpack_feature_clip_id":0,"_jetpack_memberships_contains_paid_content":false,"footnotes":"","jetpack_publicize_message":"","jetpack_publicize_feature_enabled":true,"jetpack_social_post_already_shared":false,"jetpack_social_options":{"image_generator_settings":{"template":"highway","default_image_id":0,"font":"","enabled":false},"version":2},"jetpack_post_was_ever_published":false},"categories":[2],"tags":[51,74,50,42,24],"series":[],"class_list":["post-16890","post","type-post","status-publish","format-standard","hentry","category-limones","tag-dios","tag-jesus","tag-muerte","tag-palabra","tag-vida"],"episode_featured_image":false,"episode_player_image":"https:\/\/i0.wp.com\/quechilero.com\/blog\/imagenes\/podcast.png?fit=1831%2C1831&ssl=1","download_link":"","player_link":"","audio_player":false,"episode_data":{"playerMode":"dark","subscribeUrls":{"amazon":{"key":"amazon","url":"","label":"Amazon","class":"amazon","icon":"amazon.png"},"apple_podcasts":{"key":"apple_podcasts","url":"","label":"Apple Podcasts","class":"apple_podcasts","icon":"apple-podcasts.png"},"castbox":{"key":"castbox","url":"","label":"CastBox","class":"castbox","icon":"castbox.png"},"deezer":{"key":"deezer","url":"","label":"Deezer","class":"deezer","icon":"deezer.png"},"google_podcasts":{"key":"google_podcasts","url":"","label":"Google Podcasts","class":"google_podcasts","icon":"google-podcasts.png"},"listen_notes":{"key":"listen_notes","url":"","label":"Listen Notes","class":"listen_notes","icon":"listen-notes.png"},"pandora":{"key":"pandora","url":"","label":"Pandora","class":"pandora","icon":"pandora.png"},"podbean":{"key":"podbean","url":"","label":"Podbean","class":"podbean","icon":"podbean.png"},"podcast_republic":{"key":"podcast_republic","url":"","label":"Podcast Republic","class":"podcast_republic","icon":"podcast-republic.png"},"rss":{"key":"rss","url":"","label":"RSS","class":"rss","icon":"rss.png"},"spotify":{"key":"spotify","url":"","label":"Spotify","class":"spotify","icon":"spotify.png"},"stitcher":{"key":"stitcher","url":"","label":"Stitcher","class":"stitcher","icon":"stitcher.png"},"tunein":{"key":"tunein","url":"","label":"TuneIn","class":"tunein","icon":"tunein.png"},"youtube":{"key":"youtube","url":"","label":"YouTube","class":"youtube","icon":"youtube.png"},"iheartradio":{"key":"iheartradio","url":"","label":"iHeartRadio","class":"iheartradio","icon":"iheartradio.png"},"ivoox":{"key":"ivoox","url":"","label":"iVoox","class":"ivoox","icon":"ivoox.png"}},"rssFeedUrl":"https:\/\/quechilero.com\/blog\/feed\/podcast\/si-la-vida-nos-da-limones","embedCode":"<blockquote class=\"wp-embedded-content\" data-secret=\"rAgPfjznYA\"><a href=\"https:\/\/quechilero.com\/blog\/2013\/08\/16\/porque-yo-vivo-vosotros-%ef%bb%bftambien-vivireis\/\">Porque yo vivo, vosotros \ufefftambi\u00e9n vivir\u00e9is<\/a><\/blockquote><iframe sandbox=\"allow-scripts\" security=\"restricted\" src=\"https:\/\/quechilero.com\/blog\/2013\/08\/16\/porque-yo-vivo-vosotros-%ef%bb%bftambien-vivireis\/embed\/#?secret=rAgPfjznYA\" width=\"500\" height=\"350\" title=\"\u00abPorque yo vivo, vosotros \ufefftambi\u00e9n vivir\u00e9is\u00bb \u2014 Si la Vida nos da Limones...\" data-secret=\"rAgPfjznYA\" frameborder=\"0\" marginwidth=\"0\" marginheight=\"0\" scrolling=\"no\" class=\"wp-embedded-content\"><\/iframe><script>\n\/*! This file is auto-generated *\/\n!function(d,l){\"use strict\";l.querySelector&&d.addEventListener&&\"undefined\"!=typeof URL&&(d.wp=d.wp||{},d.wp.receiveEmbedMessage||(d.wp.receiveEmbedMessage=function(e){var t=e.data;if((t||t.secret||t.message||t.value)&&!\/[^a-zA-Z0-9]\/.test(t.secret)){for(var s,r,n,a=l.querySelectorAll('iframe[data-secret=\"'+t.secret+'\"]'),o=l.querySelectorAll('blockquote[data-secret=\"'+t.secret+'\"]'),c=new RegExp(\"^https?:$\",\"i\"),i=0;i<o.length;i++)o[i].style.display=\"none\";for(i=0;i<a.length;i++)s=a[i],e.source===s.contentWindow&&(s.removeAttribute(\"style\"),\"height\"===t.message?(1e3<(r=parseInt(t.value,10))?r=1e3:~~r<200&&(r=200),s.height=r):\"link\"===t.message&&(r=new URL(s.getAttribute(\"src\")),n=new URL(t.value),c.test(n.protocol))&&n.host===r.host&&l.activeElement===s&&(d.top.location.href=t.value))}},d.addEventListener(\"message\",d.wp.receiveEmbedMessage,!1),l.addEventListener(\"DOMContentLoaded\",function(){for(var e,t,s=l.querySelectorAll(\"iframe.wp-embedded-content\"),r=0;r<s.length;r++)(t=(e=s[r]).getAttribute(\"data-secret\"))||(t=Math.random().toString(36).substring(2,12),e.src+=\"#?secret=\"+t,e.setAttribute(\"data-secret\",t)),e.contentWindow.postMessage({message:\"ready\",secret:t},\"*\")},!1)))}(window,document);\n\/\/# sourceURL=https:\/\/quechilero.com\/blog\/wp-includes\/js\/wp-embed.min.js\n<\/script>\n"},"jetpack_publicize_connections":[],"jetpack_shortlink":"https:\/\/wp.me\/pDKli-4oq","jetpack_sharing_enabled":true,"jetpack-related-posts":[{"id":5953,"url":"https:\/\/quechilero.com\/blog\/2010\/11\/07\/nacido-para-morir\/","url_meta":{"origin":16890,"position":0},"title":"Nacido para Morir","author":"Pepe Barrascout Ortiz","date":"7 noviembre 2010","format":false,"excerpt":"Aunque millones de personas celebran el nacimiento de Cristo, pocas parecen ser conscientes de su verdadero significado. Reconocemos que su nacimiento fue inusitado porque naci\u00f3 de una Virgen. Su vida tambi\u00e9n fue singular porque fue el \u00fanico que vivi\u00f3 sin pecar. Su muerte tambi\u00e9n fue inusual. Jes\u00fas no fue un\u2026","rel":"","context":"En \u00abLimones\u00bb","block_context":{"text":"Limones","link":"https:\/\/quechilero.com\/blog\/category\/limones\/"},"img":{"alt_text":"","src":"","width":0,"height":0},"classes":[]},{"id":889,"url":"https:\/\/quechilero.com\/blog\/2008\/03\/05\/cuaresma-evangelio-05-mar-08\/","url_meta":{"origin":16890,"position":1},"title":"Cuaresma &#8211; Evangelio 05 mar 08","author":"Pepe Barrascout Ortiz","date":"5 marzo 2008","format":false,"excerpt":"Evangelio seg\u00fan San Juan 5,17-30. El les respondi\u00f3: \"Mi Padre trabaja siempre, y yo tambi\u00e9n trabajo\". Pero para los jud\u00edos esta era una raz\u00f3n m\u00e1s para matarlo, porque no s\u00f3lo violaba el s\u00e1bado, sino que se hac\u00eda igual a Dios, llam\u00e1ndolo su propio Padre. Entonces Jes\u00fas tom\u00f3 la palabra diciendo:\u2026","rel":"","context":"En \u00abLimones\u00bb","block_context":{"text":"Limones","link":"https:\/\/quechilero.com\/blog\/category\/limones\/"},"img":{"alt_text":"","src":"","width":0,"height":0},"classes":[]},{"id":16355,"url":"https:\/\/quechilero.com\/blog\/2013\/03\/26\/resucito-cristo-mi-esperanza\/","url_meta":{"origin":16890,"position":2},"title":"Resucit\u00f3 Cristo, mi esperanza","author":"Pepe Barrascout Ortiz","date":"26 marzo 2013","format":false,"excerpt":"Llegue a todos vosotros la voz exultante de la Iglesia, con las palabras que el antiguo himno pone en labios de Mar\u00eda Magdalena, la primera en encontrar en la ma\u00f1a de Pascua a Jes\u00fas resucitado. \"Ella corri\u00f3 hacia los otros disc\u00edpulos y, con el coraz\u00f3n sobrecogido, les anunci\u00f3: He visto\u2026","rel":"","context":"En \u00abLimones\u00bb","block_context":{"text":"Limones","link":"https:\/\/quechilero.com\/blog\/category\/limones\/"},"img":{"alt_text":"","src":"","width":0,"height":0},"classes":[]},{"id":5796,"url":"https:\/\/quechilero.com\/blog\/2010\/10\/24\/en-esta-ocasion\/","url_meta":{"origin":16890,"position":3},"title":"En esta ocasi\u00f3n&#8230;","author":"Pepe Barrascout Ortiz","date":"24 octubre 2010","format":false,"excerpt":"Quiz\u00e1s para muchos, sea otro a\u00f1o m\u00e1s en que se acerca la Semana Santa, y de igual manera los d\u00edas en que se puede ir a vacacionar y pasarla bien. Para m\u00ed as\u00ed era antes. Hoy precisamente en este a\u00f1o, espero y doy gracias a Dios por estar ya en\u2026","rel":"","context":"En \u00abLimones\u00bb","block_context":{"text":"Limones","link":"https:\/\/quechilero.com\/blog\/category\/limones\/"},"img":{"alt_text":"","src":"","width":0,"height":0},"classes":[]},{"id":3202,"url":"https:\/\/quechilero.com\/blog\/2009\/08\/26\/resucito-de-entre-los-muertos\/","url_meta":{"origin":16890,"position":4},"title":"Resucit\u00f3 de entre los muertos","author":"Pepe Barrascout Ortiz","date":"26 agosto 2009","format":false,"excerpt":"En verdad ha resucitado el Se\u00f1or, \u00a1Aleluya! A \u00c9l la gloria y el poder por toda la eternidad (Lucas 24, 34; Apocalipsis 1, 6). La Resurrecci\u00f3n gloriosa del Se\u00f1or es la clave para interpretar toda su vida, y el fundamento de nuestra fe. Sin esa victoria sobre la muerte, dice\u2026","rel":"","context":"En \u00abLimones\u00bb","block_context":{"text":"Limones","link":"https:\/\/quechilero.com\/blog\/category\/limones\/"},"img":{"alt_text":"","src":"","width":0,"height":0},"classes":[]},{"id":893,"url":"https:\/\/quechilero.com\/blog\/2008\/03\/09\/cuaresma-evangelio-09-mar-08\/","url_meta":{"origin":16890,"position":5},"title":"Cuaresma &#8211; Evangelio 09 mar 08","author":"Pepe Barrascout Ortiz","date":"9 marzo 2008","format":false,"excerpt":"Evangelio seg\u00fan San Juan 11,1-45. Hab\u00eda un hombre enfermo, L\u00e1zaro de Betania, del pueblo de Mar\u00eda y de su hermana Marta.\u00a0Mar\u00eda era la misma que derram\u00f3 perfume sobre el Se\u00f1or y le sec\u00f3 los pies con sus cabellos. Su hermano L\u00e1zaro era el que estaba enfermo. Las hermanas enviaron a\u2026","rel":"","context":"En \u00abLimones\u00bb","block_context":{"text":"Limones","link":"https:\/\/quechilero.com\/blog\/category\/limones\/"},"img":{"alt_text":"","src":"","width":0,"height":0},"classes":[]}],"jetpack_featured_media_url":"","_links":{"self":[{"href":"https:\/\/quechilero.com\/blog\/wp-json\/wp\/v2\/posts\/16890","targetHints":{"allow":["GET"]}}],"collection":[{"href":"https:\/\/quechilero.com\/blog\/wp-json\/wp\/v2\/posts"}],"about":[{"href":"https:\/\/quechilero.com\/blog\/wp-json\/wp\/v2\/types\/post"}],"author":[{"embeddable":true,"href":"https:\/\/quechilero.com\/blog\/wp-json\/wp\/v2\/users\/1"}],"replies":[{"embeddable":true,"href":"https:\/\/quechilero.com\/blog\/wp-json\/wp\/v2\/comments?post=16890"}],"version-history":[{"count":0,"href":"https:\/\/quechilero.com\/blog\/wp-json\/wp\/v2\/posts\/16890\/revisions"}],"wp:attachment":[{"href":"https:\/\/quechilero.com\/blog\/wp-json\/wp\/v2\/media?parent=16890"}],"wp:term":[{"taxonomy":"category","embeddable":true,"href":"https:\/\/quechilero.com\/blog\/wp-json\/wp\/v2\/categories?post=16890"},{"taxonomy":"post_tag","embeddable":true,"href":"https:\/\/quechilero.com\/blog\/wp-json\/wp\/v2\/tags?post=16890"},{"taxonomy":"series","embeddable":true,"href":"https:\/\/quechilero.com\/blog\/wp-json\/wp\/v2\/series?post=16890"}],"curies":[{"name":"wp","href":"https:\/\/api.w.org\/{rel}","templated":true}]}}