{"id":16880,"date":"2013-08-10T08:00:15","date_gmt":"2013-08-10T14:00:15","guid":{"rendered":"http:\/\/quechilero.com\/blog\/?p=16880"},"modified":"2013-08-16T18:35:50","modified_gmt":"2013-08-17T00:35:50","slug":"cohetillos-y-las-mananitas","status":"publish","type":"post","link":"https:\/\/quechilero.com\/blog\/2013\/08\/10\/cohetillos-y-las-mananitas\/","title":{"rendered":"Cohetillos y las ma\u00f1anitas"},"content":{"rendered":"<p><span class=\"embed-youtube\" style=\"text-align:center; display: block;\"><iframe loading=\"lazy\" class=\"youtube-player\" width=\"1200\" height=\"675\" src=\"https:\/\/www.youtube.com\/embed\/TENpQIabOSU?version=3&#038;rel=1&#038;showsearch=0&#038;showinfo=1&#038;iv_load_policy=1&#038;fs=1&#038;hl=es-ES&#038;autohide=2&#038;wmode=transparent\" allowfullscreen=\"true\" style=\"border:0;\" sandbox=\"allow-scripts allow-same-origin allow-popups allow-presentation allow-popups-to-escape-sandbox\"><\/iframe><\/span><\/p>\n<p>Como el d\u00eda de hoy es mi cumplea\u00f1os, lo celebro primero dando gracias a Dios y luego con la tradicional quema de cohetillos y las ma\u00f1anitas.<\/p>\n<p><strong>Oraci\u00f3n de Cumplea\u00f1os<\/strong><\/p>\n<p>Vela por tu hijo, \u00a1Oh Se\u00f1or!, conforme aumentan mis d\u00edas.<\/p>\n<p>Bend\u00edceme y gu\u00edame doquiera que me encuentre, gu\u00e1rdame sin mancha de este mundo.<\/p>\n<p>Fortal\u00e9ceme cuando permanezca en pie, consu\u00e9lame cuando me sienta desanimado o triste, lev\u00e1ntame si caigo y que pueda permanecer en mi coraz\u00f3n, todos los d\u00edas de mi vida, la paz que excede a todo entendimiento, mediante Jesucristo Nuestro Se\u00f1or.<\/p>\n<p>Am\u00e9n.<\/p>\n","protected":false},"excerpt":{"rendered":"<p>Como el d\u00eda de hoy es mi cumplea\u00f1os, lo celebro primero dando gracias a Dios y luego con la tradicional quema de cohetillos y las ma\u00f1anitas. Oraci\u00f3n de Cumplea\u00f1os Vela por tu hijo, \u00a1Oh Se\u00f1or!, conforme aumentan mis d\u00edas. Bend\u00edceme y gu\u00edame doquiera que me encuentre, gu\u00e1rdame sin mancha de este mundo. Fortal\u00e9ceme cuando permanezca &#8230; <a title=\"Cohetillos y las ma\u00f1anitas\" class=\"read-more\" href=\"https:\/\/quechilero.com\/blog\/2013\/08\/10\/cohetillos-y-las-mananitas\/\" aria-label=\"Leer m\u00e1s sobre Cohetillos y las ma\u00f1anitas\">Leer m\u00e1s<\/a><\/p>\n","protected":false},"author":1,"featured_media":0,"comment_status":"open","ping_status":"open","sticky":false,"template":"","format":"standard","meta":{"advanced_seo_description":"","jetpack_seo_html_title":"","jetpack_seo_noindex":false,"jetpack_seo_schema_type":"","episode_type":"","audio_file":"","podmotor_file_id":"","podmotor_episode_id":"","cover_image":"","cover_image_id":"","duration":"","filesize":"","filesize_raw":"","date_recorded":"","explicit":"","block":"","_jetpack_newsletter_access":"","_jetpack_dont_email_post_to_subs":false,"_jetpack_newsletter_tier_id":0,"_jetpack_memberships_contains_paywalled_content":false,"_jetpack_feature_clip_id":0,"_jetpack_memberships_contains_paid_content":false,"footnotes":"","jetpack_publicize_message":"","jetpack_publicize_feature_enabled":true,"jetpack_social_post_already_shared":false,"jetpack_social_options":{"image_generator_settings":{"template":"highway","default_image_id":0,"font":"","enabled":false},"version":2},"jetpack_post_was_ever_published":false},"categories":[2],"tags":[51,86,40,24,53],"series":[],"class_list":["post-16880","post","type-post","status-publish","format-standard","hentry","category-limones","tag-dios","tag-oracion","tag-paz","tag-vida","tag-youtube"],"episode_featured_image":false,"episode_player_image":"https:\/\/i0.wp.com\/quechilero.com\/blog\/imagenes\/podcast.png?fit=1831%2C1831&ssl=1","download_link":"","player_link":"","audio_player":false,"episode_data":{"playerMode":"dark","subscribeUrls":{"amazon":{"key":"amazon","url":"","label":"Amazon","class":"amazon","icon":"amazon.png"},"apple_podcasts":{"key":"apple_podcasts","url":"","label":"Apple Podcasts","class":"apple_podcasts","icon":"apple-podcasts.png"},"castbox":{"key":"castbox","url":"","label":"CastBox","class":"castbox","icon":"castbox.png"},"deezer":{"key":"deezer","url":"","label":"Deezer","class":"deezer","icon":"deezer.png"},"google_podcasts":{"key":"google_podcasts","url":"","label":"Google Podcasts","class":"google_podcasts","icon":"google-podcasts.png"},"listen_notes":{"key":"listen_notes","url":"","label":"Listen Notes","class":"listen_notes","icon":"listen-notes.png"},"pandora":{"key":"pandora","url":"","label":"Pandora","class":"pandora","icon":"pandora.png"},"podbean":{"key":"podbean","url":"","label":"Podbean","class":"podbean","icon":"podbean.png"},"podcast_republic":{"key":"podcast_republic","url":"","label":"Podcast Republic","class":"podcast_republic","icon":"podcast-republic.png"},"rss":{"key":"rss","url":"","label":"RSS","class":"rss","icon":"rss.png"},"spotify":{"key":"spotify","url":"","label":"Spotify","class":"spotify","icon":"spotify.png"},"stitcher":{"key":"stitcher","url":"","label":"Stitcher","class":"stitcher","icon":"stitcher.png"},"tunein":{"key":"tunein","url":"","label":"TuneIn","class":"tunein","icon":"tunein.png"},"youtube":{"key":"youtube","url":"","label":"YouTube","class":"youtube","icon":"youtube.png"},"iheartradio":{"key":"iheartradio","url":"","label":"iHeartRadio","class":"iheartradio","icon":"iheartradio.png"},"ivoox":{"key":"ivoox","url":"","label":"iVoox","class":"ivoox","icon":"ivoox.png"}},"rssFeedUrl":"https:\/\/quechilero.com\/blog\/feed\/podcast\/si-la-vida-nos-da-limones","embedCode":"<blockquote class=\"wp-embedded-content\" data-secret=\"puH67dmXz5\"><a href=\"https:\/\/quechilero.com\/blog\/2013\/08\/10\/cohetillos-y-las-mananitas\/\">Cohetillos y las ma\u00f1anitas<\/a><\/blockquote><iframe sandbox=\"allow-scripts\" security=\"restricted\" src=\"https:\/\/quechilero.com\/blog\/2013\/08\/10\/cohetillos-y-las-mananitas\/embed\/#?secret=puH67dmXz5\" width=\"500\" height=\"350\" title=\"\u00abCohetillos y las ma\u00f1anitas\u00bb \u2014 Si la Vida nos da Limones...\" data-secret=\"puH67dmXz5\" frameborder=\"0\" marginwidth=\"0\" marginheight=\"0\" scrolling=\"no\" class=\"wp-embedded-content\"><\/iframe><script>\n\/*! This file is auto-generated *\/\n!function(d,l){\"use strict\";l.querySelector&&d.addEventListener&&\"undefined\"!=typeof URL&&(d.wp=d.wp||{},d.wp.receiveEmbedMessage||(d.wp.receiveEmbedMessage=function(e){var t=e.data;if((t||t.secret||t.message||t.value)&&!\/[^a-zA-Z0-9]\/.test(t.secret)){for(var s,r,n,a=l.querySelectorAll('iframe[data-secret=\"'+t.secret+'\"]'),o=l.querySelectorAll('blockquote[data-secret=\"'+t.secret+'\"]'),c=new RegExp(\"^https?:$\",\"i\"),i=0;i<o.length;i++)o[i].style.display=\"none\";for(i=0;i<a.length;i++)s=a[i],e.source===s.contentWindow&&(s.removeAttribute(\"style\"),\"height\"===t.message?(1e3<(r=parseInt(t.value,10))?r=1e3:~~r<200&&(r=200),s.height=r):\"link\"===t.message&&(r=new URL(s.getAttribute(\"src\")),n=new URL(t.value),c.test(n.protocol))&&n.host===r.host&&l.activeElement===s&&(d.top.location.href=t.value))}},d.addEventListener(\"message\",d.wp.receiveEmbedMessage,!1),l.addEventListener(\"DOMContentLoaded\",function(){for(var e,t,s=l.querySelectorAll(\"iframe.wp-embedded-content\"),r=0;r<s.length;r++)(t=(e=s[r]).getAttribute(\"data-secret\"))||(t=Math.random().toString(36).substring(2,12),e.src+=\"#?secret=\"+t,e.setAttribute(\"data-secret\",t)),e.contentWindow.postMessage({message:\"ready\",secret:t},\"*\")},!1)))}(window,document);\n\/\/# sourceURL=https:\/\/quechilero.com\/blog\/wp-includes\/js\/wp-embed.min.js\n<\/script>\n"},"jetpack_publicize_connections":[],"jetpack_shortlink":"https:\/\/wp.me\/pDKli-4og","jetpack_sharing_enabled":true,"jetpack-related-posts":[{"id":18063,"url":"https:\/\/quechilero.com\/blog\/2014\/08\/10\/como-te-cambia-la-vida-ser-papa\/","url_meta":{"origin":16880,"position":0},"title":"Como te cambia la vida ser pap\u00e1","author":"Pepe Barrascout Ortiz","date":"10 agosto 2014","format":false,"excerpt":"No hay duda que una de las cosas mas importantes en la vida de cualquier persona, es el d\u00eda en que se convierte en padre. Como te cambia la vida ser pap\u00e1, b\u00e1sicamente es mas que un cambio, es un inicio totalmente nuevo, el tener bajo su cargo y responsabilidad\u2026","rel":"","context":"En \u00abLimones\u00bb","block_context":{"text":"Limones","link":"https:\/\/quechilero.com\/blog\/category\/limones\/"},"img":{"alt_text":"","src":"https:\/\/i0.wp.com\/img.youtube.com\/vi\/-prOqP8AxAA\/0.jpg?resize=350%2C200","width":350,"height":200},"classes":[]},{"id":11476,"url":"https:\/\/quechilero.com\/blog\/2012\/01\/01\/oracion-de-ano-nuevo\/","url_meta":{"origin":16880,"position":1},"title":"Oraci\u00f3n de A\u00f1o Nuevo","author":"Pepe Barrascout Ortiz","date":"1 enero 2012","format":false,"excerpt":"Se\u00f1or Dios, due\u00f1o del tiempo y de la eternidad. Tuyo es el hoy y el ma\u00f1ana, el pasado y el futuro. Al empezar un a\u00f1o mas, detengo mi vida ante el nuevo calendario, aun sin estrenar, y te presento estos d\u00edas que solo Tu sabes si llegare a vivirlos. Hoy\u2026","rel":"","context":"En \u00abLimones\u00bb","block_context":{"text":"Limones","link":"https:\/\/quechilero.com\/blog\/category\/limones\/"},"img":{"alt_text":"","src":"","width":0,"height":0},"classes":[]},{"id":11472,"url":"https:\/\/quechilero.com\/blog\/2011\/12\/30\/oracion-de-fin-y-principio-de-ano\/","url_meta":{"origin":16880,"position":2},"title":"Oraci\u00f3n de fin y principio de a\u00f1o","author":"Pepe Barrascout Ortiz","date":"30 diciembre 2011","format":false,"excerpt":"Se\u00f1or, Dios, due\u00f1o del tiempo y de la eternidad, tuyo es el hoy y el ma\u00f1ana, el pasado y el futuro. Al terminar este a\u00f1o quiero darte gracias por todo aquello que recib\u00ed de TI. Gracias por la vida y el amor, por las flores, el aire y el sol,\u2026","rel":"","context":"En \u00abLimones\u00bb","block_context":{"text":"Limones","link":"https:\/\/quechilero.com\/blog\/category\/limones\/"},"img":{"alt_text":"","src":"","width":0,"height":0},"classes":[]},{"id":21410,"url":"https:\/\/quechilero.com\/blog\/2015\/08\/11\/mi-regalo-de-cumpleanos\/","url_meta":{"origin":16880,"position":3},"title":"Mi regalo de cumplea\u00f1os","author":"Pepe Barrascout Ortiz","date":"11 agosto 2015","format":false,"excerpt":"En septiembre de 2008 un joven, feligr\u00e9s de aproximadamente 20 a\u00f1os, me llam\u00f3 llorando, pidiendo que lo atendiera urgentemente. A pesar de la fatiga de ese d\u00eda, pues ya era de noche, le recib\u00ed en mi casa. Me dijo que su novia qued\u00f3 embarazada de gemelos y que ya hab\u00eda\u2026","rel":"","context":"En \u00abLimones\u00bb","block_context":{"text":"Limones","link":"https:\/\/quechilero.com\/blog\/category\/limones\/"},"img":{"alt_text":"","src":"","width":0,"height":0},"classes":[]},{"id":2326,"url":"https:\/\/quechilero.com\/blog\/2009\/01\/15\/senor-de-esquipulas-2\/","url_meta":{"origin":16880,"position":4},"title":"Se\u00f1or de Esquipulas","author":"Pepe Barrascout Ortiz","date":"15 enero 2009","format":false,"excerpt":"Creo en Ti, Dios Padre, creemos en Ti, Se\u00f1or nuestro, fuente de vida y de esperanzas, creador de nuestro ser y due\u00f1o de nuestra vida, T\u00fa, s\u00f3lo T\u00fa eres quien nos form\u00f3 y quien nos mueve. Creo en Ti, Dios Hijo, creemos en Ti, Amigo fiel, compa\u00f1ero de camino y\u2026","rel":"","context":"En \u00abLimones\u00bb","block_context":{"text":"Limones","link":"https:\/\/quechilero.com\/blog\/category\/limones\/"},"img":{"alt_text":"","src":"https:\/\/i0.wp.com\/img76.imageshack.us\/img76\/3873\/basilicanoche06wn7.jpg?resize=350%2C200","width":350,"height":200},"classes":[]},{"id":978,"url":"https:\/\/quechilero.com\/blog\/2008\/06\/07\/hagase-tu-voluntad\/","url_meta":{"origin":16880,"position":5},"title":"H\u00e1gase Tu Voluntad","author":"Pepe Barrascout Ortiz","date":"7 junio 2008","format":false,"excerpt":"Un amigo de Lincoln trat\u00f3 un d\u00eda de consolar al presidente en sus m\u00faltiples problemas, dici\u00e9ndole: \"Espero que el Se\u00f1or est\u00e9 de nuestro lado.\" Lincoln le respondi\u00f3 bondadosamente, pero enf\u00e1ticamente, que \u00e9l no esperaba eso. \u00a1Todo el mundo se qued\u00f3 sorprendido! Enseguida continu\u00f3 diciendo: \"Eso no me preocupa lo mas\u2026","rel":"","context":"En \u00abLimones\u00bb","block_context":{"text":"Limones","link":"https:\/\/quechilero.com\/blog\/category\/limones\/"},"img":{"alt_text":"","src":"","width":0,"height":0},"classes":[]}],"jetpack_featured_media_url":"","_links":{"self":[{"href":"https:\/\/quechilero.com\/blog\/wp-json\/wp\/v2\/posts\/16880","targetHints":{"allow":["GET"]}}],"collection":[{"href":"https:\/\/quechilero.com\/blog\/wp-json\/wp\/v2\/posts"}],"about":[{"href":"https:\/\/quechilero.com\/blog\/wp-json\/wp\/v2\/types\/post"}],"author":[{"embeddable":true,"href":"https:\/\/quechilero.com\/blog\/wp-json\/wp\/v2\/users\/1"}],"replies":[{"embeddable":true,"href":"https:\/\/quechilero.com\/blog\/wp-json\/wp\/v2\/comments?post=16880"}],"version-history":[{"count":0,"href":"https:\/\/quechilero.com\/blog\/wp-json\/wp\/v2\/posts\/16880\/revisions"}],"wp:attachment":[{"href":"https:\/\/quechilero.com\/blog\/wp-json\/wp\/v2\/media?parent=16880"}],"wp:term":[{"taxonomy":"category","embeddable":true,"href":"https:\/\/quechilero.com\/blog\/wp-json\/wp\/v2\/categories?post=16880"},{"taxonomy":"post_tag","embeddable":true,"href":"https:\/\/quechilero.com\/blog\/wp-json\/wp\/v2\/tags?post=16880"},{"taxonomy":"series","embeddable":true,"href":"https:\/\/quechilero.com\/blog\/wp-json\/wp\/v2\/series?post=16880"}],"curies":[{"name":"wp","href":"https:\/\/api.w.org\/{rel}","templated":true}]}}