{"id":16876,"date":"2013-08-09T08:00:54","date_gmt":"2013-08-09T14:00:54","guid":{"rendered":"http:\/\/quechilero.com\/blog\/?p=16876"},"modified":"2013-08-16T18:26:08","modified_gmt":"2013-08-17T00:26:08","slug":"del-camino","status":"publish","type":"post","link":"https:\/\/quechilero.com\/blog\/2013\/08\/09\/del-camino\/","title":{"rendered":"Del Camino"},"content":{"rendered":"<p>La tradici\u00f3n oral list\u00f3 los diez pasos del Camino espiritual:<\/p>\n<p><strong>La inquietud:<\/strong> la persona percibe que precisa cambiar de vida, sea por tedio o por sufrimiento.<\/p>\n<p><strong>La B\u00fasqueda:<\/strong> viene la decisi\u00f3n del cambio. La b\u00fasqueda se da con libros, cursos, encuentros.<\/p>\n<p><strong>La decepci\u00f3n:<\/strong> comienzan los cambios de camino. Aquel que est\u00e1 buscando percibe los problemas y defectos de los que ense\u00f1an. Por m\u00e1s que cambie de corriente filos\u00f3fica, religi\u00f3n, o sociedad secreta, encuentra los problemas cl\u00e1sicos: vanidades y b\u00fasqueda de poder.<\/p>\n<p><strong>La negaci\u00f3n:<\/strong> es com\u00fan abandonar el camino despu\u00e9s de constatar que los que est\u00e1n en ellos a\u00fan no resolvieron sus problemas.<\/p>\n<p><strong>La angustia:<\/strong> el camino fue abandonado, mas una simiente fue plantada: la fe. Y crece d\u00eda y noche. La persona se siente disconforme, con una sensaci\u00f3n de que descubri\u00f3 algo y lo perdi\u00f3.<\/p>\n<p><strong>El retorno:<\/strong> por causa de otra ruptura seria (una tragedia, un \u00e9xtasis, etc.) la persona descubre que su Fe est\u00e1 viva. Y la fe, si fue bien cultivada, resiste a cualquier decepci\u00f3n.<\/p>\n<p><strong>El maestro:<\/strong> el momento m\u00e1s peligroso. Los maestros son apenas personas experimentadas. El camino es individual, mas, en este momento, puede desvirtuarse, y volverse colectivo.<\/p>\n<p><strong>Las se\u00f1ales:<\/strong> el camino se muestra por s\u00ed mismo. A trav\u00e9s de las se\u00f1ales, Dios le ense\u00f1a lo que precisa saber.<\/p>\n<p><strong>La noche oscura:<\/strong> son hechas las elecciones. La persona cambia su vida y da sus pasos, a pesar del miedo.<\/p>\n<p><strong>La Comuni\u00f3n:<\/strong> es el momento en que, como dec\u00eda San Pablo, la propia Divinidad pasa a habitar en la persona. El misterio de los milagros se manifiesta con toda su maravilla y grandeza.<\/p>\n","protected":false},"excerpt":{"rendered":"<p>La tradici\u00f3n oral list\u00f3 los diez pasos del Camino espiritual: La inquietud: la persona percibe que precisa cambiar de vida, sea por tedio o por sufrimiento. La B\u00fasqueda: viene la decisi\u00f3n del cambio. La b\u00fasqueda se da con libros, cursos, encuentros. La decepci\u00f3n: comienzan los cambios de camino. Aquel que est\u00e1 buscando percibe los problemas &#8230; <a title=\"Del Camino\" class=\"read-more\" href=\"https:\/\/quechilero.com\/blog\/2013\/08\/09\/del-camino\/\" aria-label=\"Leer m\u00e1s sobre Del Camino\">Leer m\u00e1s<\/a><\/p>\n","protected":false},"author":1,"featured_media":0,"comment_status":"open","ping_status":"open","sticky":false,"template":"","format":"standard","meta":{"advanced_seo_description":"","jetpack_seo_html_title":"","jetpack_seo_noindex":false,"jetpack_seo_schema_type":"","episode_type":"","audio_file":"","podmotor_file_id":"","podmotor_episode_id":"","cover_image":"","cover_image_id":"","duration":"","filesize":"","filesize_raw":"","date_recorded":"","explicit":"","block":"","_jetpack_newsletter_access":"","_jetpack_dont_email_post_to_subs":false,"_jetpack_newsletter_tier_id":0,"_jetpack_memberships_contains_paywalled_content":false,"_jetpack_feature_clip_id":0,"_jetpack_memberships_contains_paid_content":false,"footnotes":"","jetpack_publicize_message":"","jetpack_publicize_feature_enabled":true,"jetpack_social_post_already_shared":false,"jetpack_social_options":{"image_generator_settings":{"template":"highway","default_image_id":0,"font":"","enabled":false},"version":2},"jetpack_post_was_ever_published":false},"categories":[2],"tags":[94,51,72,21,24],"series":[],"class_list":["post-16876","post","type-post","status-publish","format-standard","hentry","category-limones","tag-comunion","tag-dios","tag-libro","tag-problema","tag-vida"],"episode_featured_image":false,"episode_player_image":"https:\/\/i0.wp.com\/quechilero.com\/blog\/imagenes\/podcast.png?fit=1831%2C1831&ssl=1","download_link":"","player_link":"","audio_player":false,"episode_data":{"playerMode":"dark","subscribeUrls":{"amazon":{"key":"amazon","url":"","label":"Amazon","class":"amazon","icon":"amazon.png"},"apple_podcasts":{"key":"apple_podcasts","url":"","label":"Apple Podcasts","class":"apple_podcasts","icon":"apple-podcasts.png"},"castbox":{"key":"castbox","url":"","label":"CastBox","class":"castbox","icon":"castbox.png"},"deezer":{"key":"deezer","url":"","label":"Deezer","class":"deezer","icon":"deezer.png"},"google_podcasts":{"key":"google_podcasts","url":"","label":"Google Podcasts","class":"google_podcasts","icon":"google-podcasts.png"},"listen_notes":{"key":"listen_notes","url":"","label":"Listen Notes","class":"listen_notes","icon":"listen-notes.png"},"pandora":{"key":"pandora","url":"","label":"Pandora","class":"pandora","icon":"pandora.png"},"podbean":{"key":"podbean","url":"","label":"Podbean","class":"podbean","icon":"podbean.png"},"podcast_republic":{"key":"podcast_republic","url":"","label":"Podcast Republic","class":"podcast_republic","icon":"podcast-republic.png"},"rss":{"key":"rss","url":"","label":"RSS","class":"rss","icon":"rss.png"},"spotify":{"key":"spotify","url":"","label":"Spotify","class":"spotify","icon":"spotify.png"},"stitcher":{"key":"stitcher","url":"","label":"Stitcher","class":"stitcher","icon":"stitcher.png"},"tunein":{"key":"tunein","url":"","label":"TuneIn","class":"tunein","icon":"tunein.png"},"youtube":{"key":"youtube","url":"","label":"YouTube","class":"youtube","icon":"youtube.png"},"iheartradio":{"key":"iheartradio","url":"","label":"iHeartRadio","class":"iheartradio","icon":"iheartradio.png"},"ivoox":{"key":"ivoox","url":"","label":"iVoox","class":"ivoox","icon":"ivoox.png"}},"rssFeedUrl":"https:\/\/quechilero.com\/blog\/feed\/podcast\/si-la-vida-nos-da-limones","embedCode":"<blockquote class=\"wp-embedded-content\" data-secret=\"waA06SiNhD\"><a href=\"https:\/\/quechilero.com\/blog\/2013\/08\/09\/del-camino\/\">Del Camino<\/a><\/blockquote><iframe sandbox=\"allow-scripts\" security=\"restricted\" src=\"https:\/\/quechilero.com\/blog\/2013\/08\/09\/del-camino\/embed\/#?secret=waA06SiNhD\" width=\"500\" height=\"350\" title=\"\u00abDel Camino\u00bb \u2014 Si la Vida nos da Limones...\" data-secret=\"waA06SiNhD\" frameborder=\"0\" marginwidth=\"0\" marginheight=\"0\" scrolling=\"no\" class=\"wp-embedded-content\"><\/iframe><script>\n\/*! This file is auto-generated *\/\n!function(d,l){\"use strict\";l.querySelector&&d.addEventListener&&\"undefined\"!=typeof URL&&(d.wp=d.wp||{},d.wp.receiveEmbedMessage||(d.wp.receiveEmbedMessage=function(e){var t=e.data;if((t||t.secret||t.message||t.value)&&!\/[^a-zA-Z0-9]\/.test(t.secret)){for(var s,r,n,a=l.querySelectorAll('iframe[data-secret=\"'+t.secret+'\"]'),o=l.querySelectorAll('blockquote[data-secret=\"'+t.secret+'\"]'),c=new RegExp(\"^https?:$\",\"i\"),i=0;i<o.length;i++)o[i].style.display=\"none\";for(i=0;i<a.length;i++)s=a[i],e.source===s.contentWindow&&(s.removeAttribute(\"style\"),\"height\"===t.message?(1e3<(r=parseInt(t.value,10))?r=1e3:~~r<200&&(r=200),s.height=r):\"link\"===t.message&&(r=new URL(s.getAttribute(\"src\")),n=new URL(t.value),c.test(n.protocol))&&n.host===r.host&&l.activeElement===s&&(d.top.location.href=t.value))}},d.addEventListener(\"message\",d.wp.receiveEmbedMessage,!1),l.addEventListener(\"DOMContentLoaded\",function(){for(var e,t,s=l.querySelectorAll(\"iframe.wp-embedded-content\"),r=0;r<s.length;r++)(t=(e=s[r]).getAttribute(\"data-secret\"))||(t=Math.random().toString(36).substring(2,12),e.src+=\"#?secret=\"+t,e.setAttribute(\"data-secret\",t)),e.contentWindow.postMessage({message:\"ready\",secret:t},\"*\")},!1)))}(window,document);\n\/\/# sourceURL=https:\/\/quechilero.com\/blog\/wp-includes\/js\/wp-embed.min.js\n<\/script>\n"},"jetpack_publicize_connections":[],"jetpack_shortlink":"https:\/\/wp.me\/pDKli-4oc","jetpack_sharing_enabled":true,"jetpack-related-posts":[{"id":2891,"url":"https:\/\/quechilero.com\/blog\/2009\/07\/15\/resolviendo-problemas-en-forma-creativa-ii\/","url_meta":{"origin":16876,"position":0},"title":"Resolviendo problemas en forma creativa (II)","author":"Pepe Barrascout Ortiz","date":"15 julio 2009","format":false,"excerpt":"Siguiendo el enlace, se puede leer la primera parte de \"Resolviendo problemas en forma creativa\" Necesitamos los problemas para motivarnos, para aceptar el reto de resolverlos como un modo de vida positivo y la fuente de la que puede fluir el goce.\u00a0 En ocasiones sufrimos problemas y, sin embargo, nos\u2026","rel":"","context":"En \u00abLimones\u00bb","block_context":{"text":"Limones","link":"https:\/\/quechilero.com\/blog\/category\/limones\/"},"img":{"alt_text":"","src":"","width":0,"height":0},"classes":[]},{"id":17306,"url":"https:\/\/quechilero.com\/blog\/2013\/10\/04\/las-preocupaciones\/","url_meta":{"origin":16876,"position":1},"title":"Las preocupaciones","author":"Pepe Barrascout Ortiz","date":"4 octubre 2013","format":false,"excerpt":"Cuando las preocupaciones te agobien y sientas que tu cuerpo ya no puede m\u00e1s, no te encierres en una idea solamente: desah\u00f3gate, y piensa que en ese momento est\u00e1s viviendo un instante de tu larga vida. Todos los problemas son circunstanciales y las circunstancias son igual que las olas: vienen\u2026","rel":"","context":"En \u00abLimones\u00bb","block_context":{"text":"Limones","link":"https:\/\/quechilero.com\/blog\/category\/limones\/"},"img":{"alt_text":"","src":"","width":0,"height":0},"classes":[]},{"id":4391,"url":"https:\/\/quechilero.com\/blog\/2010\/03\/13\/cargando-con-la-balsa\/","url_meta":{"origin":16876,"position":2},"title":"Cargando con la balsa","author":"Pepe Barrascout Ortiz","date":"13 marzo 2010","format":false,"excerpt":"Un hombre iba caminando con dificultad por la orilla de un r\u00edo. Observ\u00f3 que la orilla opuesta era mucho m\u00e1s transitable, pero no pod\u00eda alcanzarla a nado porque la corriente era muy fuerte. As\u00ed que par\u00f3, reuni\u00f3 algunas ca\u00f1as y los materiales necesarios y construy\u00f3 una balsa. Subido en ella\u2026","rel":"","context":"En \u00abLimones\u00bb","block_context":{"text":"Limones","link":"https:\/\/quechilero.com\/blog\/category\/limones\/"},"img":{"alt_text":"","src":"","width":0,"height":0},"classes":[]},{"id":14029,"url":"https:\/\/quechilero.com\/blog\/2012\/07\/01\/de-caminar\/","url_meta":{"origin":16876,"position":3},"title":"De caminar","author":"Pepe Barrascout Ortiz","date":"1 julio 2012","format":false,"excerpt":"Dos hombres caminan por la playa. Uno de ellos hace esto porque, en virtud de problemas de coraz\u00f3n, el m\u00e9dico aconsej\u00f3 los paseos matinales. El otro est\u00e1 all\u00ed porque la caminata es uno de los grandes placeres de su vida. El hombre con problemas de coraz\u00f3n comenta: \"\u00a1Quisiera que esto\u2026","rel":"","context":"En \u00abLimones\u00bb","block_context":{"text":"Limones","link":"https:\/\/quechilero.com\/blog\/category\/limones\/"},"img":{"alt_text":"","src":"","width":0,"height":0},"classes":[]},{"id":478,"url":"https:\/\/quechilero.com\/blog\/2007\/03\/13\/como-cambiar-nuestros-moldes-mentales\/","url_meta":{"origin":16876,"position":4},"title":"C\u00f3mo cambiar nuestros moldes mentales","author":"Pepe Barrascout Ortiz","date":"13 marzo 2007","format":false,"excerpt":"El m\u00e9todo de la asertividad espiritual ense\u00f1a c\u00f3mo orientar nuestra vida seg\u00fan nuestros deseos, y c\u00f3mo adquirir herramientas para cambiar los moldes de pensamiento y con nuevos canales. Autor: Silvia Aber El proceso incluye varios pasos: Con\u00f3cete a ti mismo Este paso requiere valor, puesto que en su transcurso analizamos\u2026","rel":"","context":"En \u00abLimones\u00bb","block_context":{"text":"Limones","link":"https:\/\/quechilero.com\/blog\/category\/limones\/"},"img":{"alt_text":"","src":"","width":0,"height":0},"classes":[]},{"id":16916,"url":"https:\/\/quechilero.com\/blog\/2013\/08\/27\/caminar-sin-detenerse\/","url_meta":{"origin":16876,"position":5},"title":"Caminar sin detenerse","author":"Pepe Barrascout Ortiz","date":"27 agosto 2013","format":false,"excerpt":"Cuando S\u00f3crates estaba en la c\u00e1rcel, le pidi\u00f3 a un prisionero que cantaba que le ense\u00f1ara una canci\u00f3n. - \"\u00bfPara qu\u00e9?\" -le pregunt\u00f3 el otro. - \"Para que pueda morir sabiendo una cosa m\u00e1s\" -respondi\u00f3 el fil\u00f3sofo. Amigos y hermanos, que la paz de Dios reine en sus vidas. Dicen\u2026","rel":"","context":"En \u00abLimones\u00bb","block_context":{"text":"Limones","link":"https:\/\/quechilero.com\/blog\/category\/limones\/"},"img":{"alt_text":"","src":"","width":0,"height":0},"classes":[]}],"jetpack_featured_media_url":"","_links":{"self":[{"href":"https:\/\/quechilero.com\/blog\/wp-json\/wp\/v2\/posts\/16876","targetHints":{"allow":["GET"]}}],"collection":[{"href":"https:\/\/quechilero.com\/blog\/wp-json\/wp\/v2\/posts"}],"about":[{"href":"https:\/\/quechilero.com\/blog\/wp-json\/wp\/v2\/types\/post"}],"author":[{"embeddable":true,"href":"https:\/\/quechilero.com\/blog\/wp-json\/wp\/v2\/users\/1"}],"replies":[{"embeddable":true,"href":"https:\/\/quechilero.com\/blog\/wp-json\/wp\/v2\/comments?post=16876"}],"version-history":[{"count":0,"href":"https:\/\/quechilero.com\/blog\/wp-json\/wp\/v2\/posts\/16876\/revisions"}],"wp:attachment":[{"href":"https:\/\/quechilero.com\/blog\/wp-json\/wp\/v2\/media?parent=16876"}],"wp:term":[{"taxonomy":"category","embeddable":true,"href":"https:\/\/quechilero.com\/blog\/wp-json\/wp\/v2\/categories?post=16876"},{"taxonomy":"post_tag","embeddable":true,"href":"https:\/\/quechilero.com\/blog\/wp-json\/wp\/v2\/tags?post=16876"},{"taxonomy":"series","embeddable":true,"href":"https:\/\/quechilero.com\/blog\/wp-json\/wp\/v2\/series?post=16876"}],"curies":[{"name":"wp","href":"https:\/\/api.w.org\/{rel}","templated":true}]}}