{"id":16870,"date":"2013-08-06T08:00:00","date_gmt":"2013-08-06T14:00:00","guid":{"rendered":"http:\/\/quechilero.com\/blog\/?p=16870"},"modified":"2013-08-16T18:20:42","modified_gmt":"2013-08-17T00:20:42","slug":"quien-tenga-pan","status":"publish","type":"post","link":"https:\/\/quechilero.com\/blog\/2013\/08\/06\/quien-tenga-pan\/","title":{"rendered":"Quien tenga pan&#8230;"},"content":{"rendered":"<p>Uno de los santos m\u00e1s entra\u00f1ables en la historia de la iglesia es San Francisco de As\u00eds. Todos sabemos de \u00e9l algo importante: su humildad y su alegr\u00eda de vivir. Cuentan de \u00e9l y de la comunidad en la que viv\u00eda, que en Cuaresma realizaban tremendos ayunos.<\/p>\n<p>Una noche, cuando todos los frailes se encontraban retirados en las celdas del convento, escuch\u00f3 los gemidos de un hermano; se levant\u00f3 y fue donde estaba el hermano que lloraba. Se acerc\u00f3 y le pregunt\u00f3: \u00abHermano, \u00bfqu\u00e9 te pasa?\u00bb. El fraile respondi\u00f3: \u00abLloro porque me muero de hambre.\u00bb<\/p>\n<p>Francisco, ni corto ni perezoso, despert\u00f3 a todos los hermanos y les explic\u00f3 que el ayuno est\u00e1 muy bien, pero que no pueden dejar que un hermano se muera de hambre. Pero como no est\u00e1 bien que dejen al hermano comer solo, para que \u00e9ste no pase verg\u00fcenza, todos deben acompa\u00f1arle. As\u00ed que los hizo levantarse a todos y se dirigieron al comedor. Y la comida se convirti\u00f3 en una fiesta.<\/p>\n<p>Es verdad que en la mesa no hab\u00eda m\u00e1s que un pan y unos pocos r\u00e1banos, pero, eso s\u00ed, estaban bien regados por la alegr\u00eda com\u00fan.<\/p>\n<p>Est\u00e1 bien dar de comer al hambriento; est\u00e1 mucho mejor compartir todos juntos la humilde alegr\u00eda que tenemos. Es verdad que uno se pone a pensar que repartir un pan hoy, me reporta un sano gozo cristiano, pero nos inunda la desesperaci\u00f3n de c\u00f3mo vamos a realizarlo ma\u00f1ana. Es evidente que nadie, nunca, ser\u00e1 capaz de curar todo el mal del mundo, pero yo me atrevo a decirte: si importante es compartir el pan, m\u00e1s importante lo es si \u00e9ste lo acompa\u00f1amos con alegr\u00eda.<\/p>\n<p>\u00abQuien tenga pan, que lo reparta; quien tenga pan y una sonrisa, que distribuya los dos. Quien tenga s\u00f3lo una sonrisa, que no se sienta pobre e impotente: que reparta sonrisa y amor.\u00bb (Jos\u00e9 Luis Mart\u00edn Descalzo)<\/p>\n<p>El hambre del buen fraile seguro que volvi\u00f3, pero de lo que nunca se olvidar\u00e1 ser\u00e1 del gesto de amor que tuvieron sus hermanos al compartir con \u00e9l la mesa a esas horas de la noche.<\/p>\n","protected":false},"excerpt":{"rendered":"<p>Uno de los santos m\u00e1s entra\u00f1ables en la historia de la iglesia es San Francisco de As\u00eds. Todos sabemos de \u00e9l algo importante: su humildad y su alegr\u00eda de vivir. Cuentan de \u00e9l y de la comunidad en la que viv\u00eda, que en Cuaresma realizaban tremendos ayunos. Una noche, cuando todos los frailes se encontraban &#8230; <a title=\"Quien tenga pan&#8230;\" class=\"read-more\" href=\"https:\/\/quechilero.com\/blog\/2013\/08\/06\/quien-tenga-pan\/\" aria-label=\"Leer m\u00e1s sobre Quien tenga pan&#8230;\">Leer m\u00e1s<\/a><\/p>\n","protected":false},"author":1,"featured_media":0,"comment_status":"open","ping_status":"open","sticky":false,"template":"","format":"standard","meta":{"advanced_seo_description":"","jetpack_seo_html_title":"","jetpack_seo_noindex":false,"jetpack_seo_schema_type":"","episode_type":"","audio_file":"","podmotor_file_id":"","podmotor_episode_id":"","cover_image":"","cover_image_id":"","duration":"","filesize":"","filesize_raw":"","date_recorded":"","explicit":"","block":"","_jetpack_newsletter_access":"","_jetpack_dont_email_post_to_subs":false,"_jetpack_newsletter_tier_id":0,"_jetpack_memberships_contains_paywalled_content":false,"_jetpack_feature_clip_id":0,"_jetpack_memberships_contains_paid_content":false,"footnotes":"","jetpack_publicize_message":"","jetpack_publicize_feature_enabled":true,"jetpack_social_post_already_shared":false,"jetpack_social_options":{"image_generator_settings":{"template":"highway","default_image_id":0,"font":"","enabled":false},"version":2},"jetpack_post_was_ever_published":false},"categories":[2],"tags":[87,15,100,17,40,41,24],"series":[],"class_list":["post-16870","post","type-post","status-publish","format-standard","hentry","category-limones","tag-alegria","tag-amor","tag-cuaresma","tag-historia","tag-paz","tag-verdad","tag-vida"],"episode_featured_image":false,"episode_player_image":"https:\/\/i0.wp.com\/quechilero.com\/blog\/imagenes\/podcast.png?fit=1831%2C1831&ssl=1","download_link":"","player_link":"","audio_player":false,"episode_data":{"playerMode":"dark","subscribeUrls":{"amazon":{"key":"amazon","url":"","label":"Amazon","class":"amazon","icon":"amazon.png"},"apple_podcasts":{"key":"apple_podcasts","url":"","label":"Apple Podcasts","class":"apple_podcasts","icon":"apple-podcasts.png"},"castbox":{"key":"castbox","url":"","label":"CastBox","class":"castbox","icon":"castbox.png"},"deezer":{"key":"deezer","url":"","label":"Deezer","class":"deezer","icon":"deezer.png"},"google_podcasts":{"key":"google_podcasts","url":"","label":"Google Podcasts","class":"google_podcasts","icon":"google-podcasts.png"},"listen_notes":{"key":"listen_notes","url":"","label":"Listen Notes","class":"listen_notes","icon":"listen-notes.png"},"pandora":{"key":"pandora","url":"","label":"Pandora","class":"pandora","icon":"pandora.png"},"podbean":{"key":"podbean","url":"","label":"Podbean","class":"podbean","icon":"podbean.png"},"podcast_republic":{"key":"podcast_republic","url":"","label":"Podcast Republic","class":"podcast_republic","icon":"podcast-republic.png"},"rss":{"key":"rss","url":"","label":"RSS","class":"rss","icon":"rss.png"},"spotify":{"key":"spotify","url":"","label":"Spotify","class":"spotify","icon":"spotify.png"},"stitcher":{"key":"stitcher","url":"","label":"Stitcher","class":"stitcher","icon":"stitcher.png"},"tunein":{"key":"tunein","url":"","label":"TuneIn","class":"tunein","icon":"tunein.png"},"youtube":{"key":"youtube","url":"","label":"YouTube","class":"youtube","icon":"youtube.png"},"iheartradio":{"key":"iheartradio","url":"","label":"iHeartRadio","class":"iheartradio","icon":"iheartradio.png"},"ivoox":{"key":"ivoox","url":"","label":"iVoox","class":"ivoox","icon":"ivoox.png"}},"rssFeedUrl":"https:\/\/quechilero.com\/blog\/feed\/podcast\/si-la-vida-nos-da-limones","embedCode":"<blockquote class=\"wp-embedded-content\" data-secret=\"8fyIOvNxuX\"><a href=\"https:\/\/quechilero.com\/blog\/2013\/08\/06\/quien-tenga-pan\/\">Quien tenga pan&#8230;<\/a><\/blockquote><iframe sandbox=\"allow-scripts\" security=\"restricted\" src=\"https:\/\/quechilero.com\/blog\/2013\/08\/06\/quien-tenga-pan\/embed\/#?secret=8fyIOvNxuX\" width=\"500\" height=\"350\" title=\"\u00abQuien tenga pan&#8230;\u00bb \u2014 Si la Vida nos da Limones...\" data-secret=\"8fyIOvNxuX\" frameborder=\"0\" marginwidth=\"0\" marginheight=\"0\" scrolling=\"no\" class=\"wp-embedded-content\"><\/iframe><script>\n\/*! This file is auto-generated *\/\n!function(d,l){\"use strict\";l.querySelector&&d.addEventListener&&\"undefined\"!=typeof URL&&(d.wp=d.wp||{},d.wp.receiveEmbedMessage||(d.wp.receiveEmbedMessage=function(e){var t=e.data;if((t||t.secret||t.message||t.value)&&!\/[^a-zA-Z0-9]\/.test(t.secret)){for(var s,r,n,a=l.querySelectorAll('iframe[data-secret=\"'+t.secret+'\"]'),o=l.querySelectorAll('blockquote[data-secret=\"'+t.secret+'\"]'),c=new RegExp(\"^https?:$\",\"i\"),i=0;i<o.length;i++)o[i].style.display=\"none\";for(i=0;i<a.length;i++)s=a[i],e.source===s.contentWindow&&(s.removeAttribute(\"style\"),\"height\"===t.message?(1e3<(r=parseInt(t.value,10))?r=1e3:~~r<200&&(r=200),s.height=r):\"link\"===t.message&&(r=new URL(s.getAttribute(\"src\")),n=new URL(t.value),c.test(n.protocol))&&n.host===r.host&&l.activeElement===s&&(d.top.location.href=t.value))}},d.addEventListener(\"message\",d.wp.receiveEmbedMessage,!1),l.addEventListener(\"DOMContentLoaded\",function(){for(var e,t,s=l.querySelectorAll(\"iframe.wp-embedded-content\"),r=0;r<s.length;r++)(t=(e=s[r]).getAttribute(\"data-secret\"))||(t=Math.random().toString(36).substring(2,12),e.src+=\"#?secret=\"+t,e.setAttribute(\"data-secret\",t)),e.contentWindow.postMessage({message:\"ready\",secret:t},\"*\")},!1)))}(window,document);\n\/\/# sourceURL=https:\/\/quechilero.com\/blog\/wp-includes\/js\/wp-embed.min.js\n<\/script>\n"},"jetpack_publicize_connections":[],"jetpack_shortlink":"https:\/\/wp.me\/pDKli-4o6","jetpack_sharing_enabled":true,"jetpack-related-posts":[{"id":878,"url":"https:\/\/quechilero.com\/blog\/2008\/02\/23\/cuaresma-evangelio-23-feb-08\/","url_meta":{"origin":16870,"position":0},"title":"Cuaresma &#8211; Evangelio 23 feb 08","author":"Pepe Barrascout Ortiz","date":"23 febrero 2008","format":false,"excerpt":"Evangelio seg\u00fan San Lucas 15,1-3.11-32. Todos los publicanos y pecadores se acercaban a Jes\u00fas para escucharlo. Los fariseos y los escribas murmuraban, diciendo: \"Este hombre recibe a los pecadores y come con ellos\". Jes\u00fas les dijo entonces esta par\u00e1bola: Jes\u00fas dijo tambi\u00e9n: \"Un hombre ten\u00eda dos hijos. El menor de\u2026","rel":"","context":"En \u00abLimones\u00bb","block_context":{"text":"Limones","link":"https:\/\/quechilero.com\/blog\/category\/limones\/"},"img":{"alt_text":"","src":"","width":0,"height":0},"classes":[]},{"id":893,"url":"https:\/\/quechilero.com\/blog\/2008\/03\/09\/cuaresma-evangelio-09-mar-08\/","url_meta":{"origin":16870,"position":1},"title":"Cuaresma &#8211; Evangelio 09 mar 08","author":"Pepe Barrascout Ortiz","date":"9 marzo 2008","format":false,"excerpt":"Evangelio seg\u00fan San Juan 11,1-45. Hab\u00eda un hombre enfermo, L\u00e1zaro de Betania, del pueblo de Mar\u00eda y de su hermana Marta.\u00a0Mar\u00eda era la misma que derram\u00f3 perfume sobre el Se\u00f1or y le sec\u00f3 los pies con sus cabellos. Su hermano L\u00e1zaro era el que estaba enfermo. Las hermanas enviaron a\u2026","rel":"","context":"En \u00abLimones\u00bb","block_context":{"text":"Limones","link":"https:\/\/quechilero.com\/blog\/category\/limones\/"},"img":{"alt_text":"","src":"","width":0,"height":0},"classes":[]},{"id":864,"url":"https:\/\/quechilero.com\/blog\/2008\/02\/11\/cuaresma-evangelio-del-dia-11-feb-08\/","url_meta":{"origin":16870,"position":2},"title":"Cuaresma &#8211; Evangelio 11 feb 08","author":"Pepe Barrascout Ortiz","date":"11 febrero 2008","format":false,"excerpt":"Evangelio seg\u00fan San Mateo 25,31-46. Cuando el Hijo del hombre venga en su gloria rodeado de todos los \u00e1ngeles, se sentar\u00e1 en su trono glorioso. Todas las naciones ser\u00e1n reunidas en su presencia, y \u00c9l separar\u00e1 a unos de otros, como el pastor separa las ovejas de los cabritos, y\u2026","rel":"","context":"En \u00abLimones\u00bb","block_context":{"text":"Limones","link":"https:\/\/quechilero.com\/blog\/category\/limones\/"},"img":{"alt_text":"","src":"","width":0,"height":0},"classes":[]},{"id":17312,"url":"https:\/\/quechilero.com\/blog\/2013\/10\/10\/el-ayuno\/","url_meta":{"origin":16870,"position":3},"title":"El Ayuno","author":"Pepe Barrascout Ortiz","date":"10 octubre 2013","format":false,"excerpt":"La Cuaresma se presta para encontrar el sentido del ayuno en la historia y la forma de practicarlo adecuadamente. El ayuno es una gran herramienta de acercamiento a Dios tanto a trav\u00e9s de la solidaridad en el sufrimiento de los pobres como a trav\u00e9s del sacrificio ofrecido a Dios. \"El\u2026","rel":"","context":"En \u00abLimones\u00bb","block_context":{"text":"Limones","link":"https:\/\/quechilero.com\/blog\/category\/limones\/"},"img":{"alt_text":"","src":"","width":0,"height":0},"classes":[]},{"id":908,"url":"https:\/\/quechilero.com\/blog\/2008\/03\/22\/cuaresma-evangelio-22-mar-08\/","url_meta":{"origin":16870,"position":4},"title":"Cuaresma &#8211; Evangelio 22 mar 08","author":"Pepe Barrascout Ortiz","date":"22 marzo 2008","format":false,"excerpt":"Evangelio seg\u00fan San Mateo 28,1-10. Pasado el s\u00e1bado, al amanecer del primer d\u00eda de la semana, Mar\u00eda Magdalena y la otra Mar\u00eda fueron a visitar el sepulcro. De pronto, se produjo un gran temblor de tierra: el Angel del Se\u00f1or baj\u00f3 del cielo, hizo rodar la piedra del sepulcro y\u2026","rel":"","context":"En \u00abLimones\u00bb","block_context":{"text":"Limones","link":"https:\/\/quechilero.com\/blog\/category\/limones\/"},"img":{"alt_text":"","src":"","width":0,"height":0},"classes":[]},{"id":868,"url":"https:\/\/quechilero.com\/blog\/2008\/02\/15\/cuaresma-evangelio-15-feb-08\/","url_meta":{"origin":16870,"position":5},"title":"Cuaresma &#8211; Evangelio 15 feb 08","author":"Pepe Barrascout Ortiz","date":"15 febrero 2008","format":false,"excerpt":"Evangelio seg\u00fan San Mateo 5,20-26. Les aseguro que si la justicia de ustedes no es superior a la de los escribas y fariseos, no entrar\u00e1n en el Reino de los Cielos. Ustedes han o\u00eddo que se dijo a los antepasados: No matar\u00e1s, y el que mata, debe ser llevado ante\u2026","rel":"","context":"En \u00abLimones\u00bb","block_context":{"text":"Limones","link":"https:\/\/quechilero.com\/blog\/category\/limones\/"},"img":{"alt_text":"","src":"","width":0,"height":0},"classes":[]}],"jetpack_featured_media_url":"","_links":{"self":[{"href":"https:\/\/quechilero.com\/blog\/wp-json\/wp\/v2\/posts\/16870","targetHints":{"allow":["GET"]}}],"collection":[{"href":"https:\/\/quechilero.com\/blog\/wp-json\/wp\/v2\/posts"}],"about":[{"href":"https:\/\/quechilero.com\/blog\/wp-json\/wp\/v2\/types\/post"}],"author":[{"embeddable":true,"href":"https:\/\/quechilero.com\/blog\/wp-json\/wp\/v2\/users\/1"}],"replies":[{"embeddable":true,"href":"https:\/\/quechilero.com\/blog\/wp-json\/wp\/v2\/comments?post=16870"}],"version-history":[{"count":0,"href":"https:\/\/quechilero.com\/blog\/wp-json\/wp\/v2\/posts\/16870\/revisions"}],"wp:attachment":[{"href":"https:\/\/quechilero.com\/blog\/wp-json\/wp\/v2\/media?parent=16870"}],"wp:term":[{"taxonomy":"category","embeddable":true,"href":"https:\/\/quechilero.com\/blog\/wp-json\/wp\/v2\/categories?post=16870"},{"taxonomy":"post_tag","embeddable":true,"href":"https:\/\/quechilero.com\/blog\/wp-json\/wp\/v2\/tags?post=16870"},{"taxonomy":"series","embeddable":true,"href":"https:\/\/quechilero.com\/blog\/wp-json\/wp\/v2\/series?post=16870"}],"curies":[{"name":"wp","href":"https:\/\/api.w.org\/{rel}","templated":true}]}}