{"id":16854,"date":"2013-07-29T08:00:13","date_gmt":"2013-07-29T14:00:13","guid":{"rendered":"http:\/\/quechilero.com\/blog\/?p=16854"},"modified":"2013-08-16T18:12:48","modified_gmt":"2013-08-17T00:12:48","slug":"ubuntu-2","status":"publish","type":"post","link":"https:\/\/quechilero.com\/blog\/2013\/07\/29\/ubuntu-2\/","title":{"rendered":"Ubuntu"},"content":{"rendered":"<p>Que excelente ser\u00eda que en nuestras empresas u organizaciones todo el personal aprendi\u00e9ramos a vivir con un estilo de vida Ubuntu para desarrollar el trabajo en equipo.<\/p>\n<p>Hace algunas semanas le\u00ed la siguiente historia que me ha dejado reflexionando mucho sobre nuestras actitudes en los equipos de trabajo. La historia se llamaba: \u00abLa Tribu\u00bb y es la siguiente:<\/p>\n<p>\u00abUn antrop\u00f3logo propuso un juego a los ni\u00f1os de una tribu Africana&#8230; Coloc\u00f3 una canasta llena de frutas cerca de un \u00e1rbol y le dijo a los ni\u00f1os que aquel que llegara primero ganar\u00eda todas las frutas.<\/p>\n<p>Cuando dio la se\u00f1al para que corrieran, todos los ni\u00f1os se tomaron de las manos y corrieron juntos, despu\u00e9s se sentaron unidos a disfrutar del premio que hab\u00edan logrado entre todos.<\/p>\n<p>Sorprendido, \u00e9l les pregunt\u00f3 por qu\u00e9 hab\u00edan corrido as\u00ed, si uno solo pod\u00eda haber ganado todas las frutas, y ellos le respondieron: \u00abUbuntu\u00bb, \u00bfc\u00f3mo uno de nosotros podr\u00eda estar feliz si todos los dem\u00e1s est\u00e1n tristes? (Ubuntu, en la cultura Xhosa significa: Yo soy porque nosotros somos).\u00bb<\/p>\n<p>Este estilo de vida es lo que hace la diferencia entre un equipo de trabajo y el trabajo en equipo. Muchos pertenecemos a un equipo porque \u00abni modo\u00bb, all\u00ed tengo que estar y es parte de mi trabajo. Sin embargo, nuestra actitud hace siempre la diferencia para que todos trabajemos para alcanzar el prop\u00f3sito com\u00fan.<\/p>\n<p>Si logramos entender lo que significa Ubuntu\u00a0en nuestra cultura&#8230; lograremos equipos exitosos. Adelante, desarrollemos y fortalezcamos equipos con un estilo de vida Ubuntu.<\/p>\n<p><i><b>Ren\u00e9 Alvarado, Coach y Consultor de Liderazgo<\/b><\/i><\/p>\n","protected":false},"excerpt":{"rendered":"<p>Que excelente ser\u00eda que en nuestras empresas u organizaciones todo el personal aprendi\u00e9ramos a vivir con un estilo de vida Ubuntu para desarrollar el trabajo en equipo. Hace algunas semanas le\u00ed la siguiente historia que me ha dejado reflexionando mucho sobre nuestras actitudes en los equipos de trabajo. La historia se llamaba: \u00abLa Tribu\u00bb y &#8230; <a title=\"Ubuntu\" class=\"read-more\" href=\"https:\/\/quechilero.com\/blog\/2013\/07\/29\/ubuntu-2\/\" aria-label=\"Leer m\u00e1s sobre Ubuntu\">Leer m\u00e1s<\/a><\/p>\n","protected":false},"author":1,"featured_media":0,"comment_status":"open","ping_status":"open","sticky":false,"template":"","format":"standard","meta":{"advanced_seo_description":"","jetpack_seo_html_title":"","jetpack_seo_noindex":false,"jetpack_seo_schema_type":"","episode_type":"","audio_file":"","podmotor_file_id":"","podmotor_episode_id":"","cover_image":"","cover_image_id":"","duration":"","filesize":"","filesize_raw":"","date_recorded":"","explicit":"","block":"","_jetpack_newsletter_access":"","_jetpack_dont_email_post_to_subs":false,"_jetpack_newsletter_tier_id":0,"_jetpack_memberships_contains_paywalled_content":false,"_jetpack_feature_clip_id":0,"_jetpack_memberships_contains_paid_content":false,"footnotes":"","jetpack_publicize_message":"","jetpack_publicize_feature_enabled":true,"jetpack_social_post_already_shared":false,"jetpack_social_options":{"image_generator_settings":{"template":"highway","default_image_id":0,"font":"","enabled":false},"version":2},"jetpack_post_was_ever_published":false},"categories":[2],"tags":[16,96,46,17,83,36,24],"series":[],"class_list":["post-16854","post","type-post","status-publish","format-standard","hentry","category-limones","tag-equipo","tag-exito","tag-feliz","tag-historia","tag-liderazgo","tag-trabajo","tag-vida"],"episode_featured_image":false,"episode_player_image":"https:\/\/i0.wp.com\/quechilero.com\/blog\/imagenes\/podcast.png?fit=1831%2C1831&ssl=1","download_link":"","player_link":"","audio_player":false,"episode_data":{"playerMode":"dark","subscribeUrls":{"amazon":{"key":"amazon","url":"","label":"Amazon","class":"amazon","icon":"amazon.png"},"apple_podcasts":{"key":"apple_podcasts","url":"","label":"Apple Podcasts","class":"apple_podcasts","icon":"apple-podcasts.png"},"castbox":{"key":"castbox","url":"","label":"CastBox","class":"castbox","icon":"castbox.png"},"deezer":{"key":"deezer","url":"","label":"Deezer","class":"deezer","icon":"deezer.png"},"google_podcasts":{"key":"google_podcasts","url":"","label":"Google Podcasts","class":"google_podcasts","icon":"google-podcasts.png"},"listen_notes":{"key":"listen_notes","url":"","label":"Listen Notes","class":"listen_notes","icon":"listen-notes.png"},"pandora":{"key":"pandora","url":"","label":"Pandora","class":"pandora","icon":"pandora.png"},"podbean":{"key":"podbean","url":"","label":"Podbean","class":"podbean","icon":"podbean.png"},"podcast_republic":{"key":"podcast_republic","url":"","label":"Podcast Republic","class":"podcast_republic","icon":"podcast-republic.png"},"rss":{"key":"rss","url":"","label":"RSS","class":"rss","icon":"rss.png"},"spotify":{"key":"spotify","url":"","label":"Spotify","class":"spotify","icon":"spotify.png"},"stitcher":{"key":"stitcher","url":"","label":"Stitcher","class":"stitcher","icon":"stitcher.png"},"tunein":{"key":"tunein","url":"","label":"TuneIn","class":"tunein","icon":"tunein.png"},"youtube":{"key":"youtube","url":"","label":"YouTube","class":"youtube","icon":"youtube.png"},"iheartradio":{"key":"iheartradio","url":"","label":"iHeartRadio","class":"iheartradio","icon":"iheartradio.png"},"ivoox":{"key":"ivoox","url":"","label":"iVoox","class":"ivoox","icon":"ivoox.png"}},"rssFeedUrl":"https:\/\/quechilero.com\/blog\/feed\/podcast\/si-la-vida-nos-da-limones","embedCode":"<blockquote class=\"wp-embedded-content\" data-secret=\"90v5U3zQnM\"><a href=\"https:\/\/quechilero.com\/blog\/2013\/07\/29\/ubuntu-2\/\">Ubuntu<\/a><\/blockquote><iframe sandbox=\"allow-scripts\" security=\"restricted\" src=\"https:\/\/quechilero.com\/blog\/2013\/07\/29\/ubuntu-2\/embed\/#?secret=90v5U3zQnM\" width=\"500\" height=\"350\" title=\"\u00abUbuntu\u00bb \u2014 Si la Vida nos da Limones...\" data-secret=\"90v5U3zQnM\" frameborder=\"0\" marginwidth=\"0\" marginheight=\"0\" scrolling=\"no\" class=\"wp-embedded-content\"><\/iframe><script>\n\/*! This file is auto-generated *\/\n!function(d,l){\"use strict\";l.querySelector&&d.addEventListener&&\"undefined\"!=typeof URL&&(d.wp=d.wp||{},d.wp.receiveEmbedMessage||(d.wp.receiveEmbedMessage=function(e){var t=e.data;if((t||t.secret||t.message||t.value)&&!\/[^a-zA-Z0-9]\/.test(t.secret)){for(var s,r,n,a=l.querySelectorAll('iframe[data-secret=\"'+t.secret+'\"]'),o=l.querySelectorAll('blockquote[data-secret=\"'+t.secret+'\"]'),c=new RegExp(\"^https?:$\",\"i\"),i=0;i<o.length;i++)o[i].style.display=\"none\";for(i=0;i<a.length;i++)s=a[i],e.source===s.contentWindow&&(s.removeAttribute(\"style\"),\"height\"===t.message?(1e3<(r=parseInt(t.value,10))?r=1e3:~~r<200&&(r=200),s.height=r):\"link\"===t.message&&(r=new URL(s.getAttribute(\"src\")),n=new URL(t.value),c.test(n.protocol))&&n.host===r.host&&l.activeElement===s&&(d.top.location.href=t.value))}},d.addEventListener(\"message\",d.wp.receiveEmbedMessage,!1),l.addEventListener(\"DOMContentLoaded\",function(){for(var e,t,s=l.querySelectorAll(\"iframe.wp-embedded-content\"),r=0;r<s.length;r++)(t=(e=s[r]).getAttribute(\"data-secret\"))||(t=Math.random().toString(36).substring(2,12),e.src+=\"#?secret=\"+t,e.setAttribute(\"data-secret\",t)),e.contentWindow.postMessage({message:\"ready\",secret:t},\"*\")},!1)))}(window,document);\n\/\/# sourceURL=https:\/\/quechilero.com\/blog\/wp-includes\/js\/wp-embed.min.js\n<\/script>\n"},"jetpack_publicize_connections":[],"jetpack_shortlink":"https:\/\/wp.me\/pDKli-4nQ","jetpack_sharing_enabled":true,"jetpack-related-posts":[{"id":994,"url":"https:\/\/quechilero.com\/blog\/2008\/05\/29\/cds-de-ubuntu-kubuntu\/","url_meta":{"origin":16854,"position":0},"title":"CDs de Ubuntu + Kubuntu","author":"Pepe Barrascout Ortiz","date":"29 mayo 2008","format":false,"excerpt":"Hace una semana llegaron los CDs de Ubuntu y Kubuntu en su versi\u00f3n 8.04, todas las m\u00e1quinas que utilizo ya est\u00e1n actualizadas a la nueva versi\u00f3n, mas unas extras que aunque no utilizo, son de algunos amigos a los que ya he \"convertido\" para usar algunas de estas distribuciones de\u2026","rel":"","context":"En \u00abLimones\u00bb","block_context":{"text":"Limones","link":"https:\/\/quechilero.com\/blog\/category\/limones\/"},"img":{"alt_text":"","src":"","width":0,"height":0},"classes":[]},{"id":471,"url":"https:\/\/quechilero.com\/blog\/2007\/02\/25\/aventrua-linux-dia-1\/","url_meta":{"origin":16854,"position":1},"title":"Aventrua Linux. D\u00eda 1","author":"Pepe Barrascout Ortiz","date":"25 febrero 2007","format":false,"excerpt":"Desde hace alg\u00fan tiempo, me empec\u00e9 a interesar mas por usar GNU\/Linux a pesar de no saber absolutamente nada de nada, es m\u00e1s ahora a casi un a\u00f1o en que realmente me puse a buscar informaci\u00f3n, no considero saber a\u00fan nada. A finales de agosto de 2006 leyendo uno de\u2026","rel":"","context":"En \u00abLimones\u00bb","block_context":{"text":"Limones","link":"https:\/\/quechilero.com\/blog\/category\/limones\/"},"img":{"alt_text":"","src":"","width":0,"height":0},"classes":[]},{"id":18037,"url":"https:\/\/quechilero.com\/blog\/2014\/08\/01\/hibernacion-en-ubuntu-kubuntu-xubuntu\/","url_meta":{"origin":16854,"position":2},"title":"Hibernaci\u00f3n en Ubuntu + Kubuntu + Xubuntu","author":"Pepe Barrascout Ortiz","date":"1 agosto 2014","format":false,"excerpt":"Desde hace algunas versiones, la familia de Ubuntu que incluye entre otros a Kubuntu y Xubuntu, ya no trae por defecto la opci\u00f3n de hibernaci\u00f3n. Principalmente porque alguno que otro hardware no lo soporta. Sin embargo podemos verificar si nuestro equipo puede hibernar y activarlo. Para esto tendremos que hacer\u2026","rel":"","context":"En \u00abLimones\u00bb","block_context":{"text":"Limones","link":"https:\/\/quechilero.com\/blog\/category\/limones\/"},"img":{"alt_text":"","src":"","width":0,"height":0},"classes":[]},{"id":3934,"url":"https:\/\/quechilero.com\/blog\/2009\/11\/23\/el-sistema-operativo-mas-rapido\/","url_meta":{"origin":16854,"position":3},"title":"El sistema operativo mas r\u00e1pido","author":"Pepe Barrascout Ortiz","date":"23 noviembre 2009","format":false,"excerpt":"En su publicidad, Microsoft ha dicho que la \u00faltima versi\u00f3n de su sistema operativo, Windows 7, ser\u00eda mas r\u00e1pido, estable y f\u00e1cil de usar, que sus predecesores. Sin embargo, como siempre, no han cumplido con su palabra y siguen invadiendo la mente del consumidor, con propaganda falsa. Microsoft espera resultados\u2026","rel":"","context":"En \u00abLimones\u00bb","block_context":{"text":"Limones","link":"https:\/\/quechilero.com\/blog\/category\/limones\/"},"img":{"alt_text":"","src":"","width":0,"height":0},"classes":[]},{"id":6451,"url":"https:\/\/quechilero.com\/blog\/2011\/02\/05\/la-vida-dentro-de-microsoft\/","url_meta":{"origin":16854,"position":4},"title":"La vida dentro de Microsoft","author":"Pepe Barrascout Ortiz","date":"5 febrero 2011","format":false,"excerpt":"Muchas veces hemos le\u00eddo, visto y escuchado, muchas historias sobre como es la vida en las grandes corporaciones, en especial las relacionadas con tecnolog\u00eda. Dentro de las mas famosas y populares, est\u00e1n las historias, sobre como trabajan en Google. Algo que pareciera inveros\u00edmil, en especial en nuestros pa\u00edses latinoamericanos y\u2026","rel":"","context":"En \u00abLimones\u00bb","block_context":{"text":"Limones","link":"https:\/\/quechilero.com\/blog\/category\/limones\/"},"img":{"alt_text":"","src":"","width":0,"height":0},"classes":[]},{"id":14064,"url":"https:\/\/quechilero.com\/blog\/2012\/07\/26\/corre-el-riesgo\/","url_meta":{"origin":16854,"position":5},"title":"Corre el riesgo","author":"Pepe Barrascout Ortiz","date":"26 julio 2012","format":false,"excerpt":"Re\u00edr es correr el riesgo de parecer tonto. Llorar es correr el riesgo de parecer sentimental. Acercarse a otro es correr el riesgo de involucrarse. Demostrar sus sentimientos es correr el riesgo de demostrar su verdadero yo. Poner sus ideas, sus sue\u00f1os, delante de la gente es correr el riesgo\u2026","rel":"","context":"En \u00abLimones\u00bb","block_context":{"text":"Limones","link":"https:\/\/quechilero.com\/blog\/category\/limones\/"},"img":{"alt_text":"","src":"","width":0,"height":0},"classes":[]}],"jetpack_featured_media_url":"","_links":{"self":[{"href":"https:\/\/quechilero.com\/blog\/wp-json\/wp\/v2\/posts\/16854","targetHints":{"allow":["GET"]}}],"collection":[{"href":"https:\/\/quechilero.com\/blog\/wp-json\/wp\/v2\/posts"}],"about":[{"href":"https:\/\/quechilero.com\/blog\/wp-json\/wp\/v2\/types\/post"}],"author":[{"embeddable":true,"href":"https:\/\/quechilero.com\/blog\/wp-json\/wp\/v2\/users\/1"}],"replies":[{"embeddable":true,"href":"https:\/\/quechilero.com\/blog\/wp-json\/wp\/v2\/comments?post=16854"}],"version-history":[{"count":0,"href":"https:\/\/quechilero.com\/blog\/wp-json\/wp\/v2\/posts\/16854\/revisions"}],"wp:attachment":[{"href":"https:\/\/quechilero.com\/blog\/wp-json\/wp\/v2\/media?parent=16854"}],"wp:term":[{"taxonomy":"category","embeddable":true,"href":"https:\/\/quechilero.com\/blog\/wp-json\/wp\/v2\/categories?post=16854"},{"taxonomy":"post_tag","embeddable":true,"href":"https:\/\/quechilero.com\/blog\/wp-json\/wp\/v2\/tags?post=16854"},{"taxonomy":"series","embeddable":true,"href":"https:\/\/quechilero.com\/blog\/wp-json\/wp\/v2\/series?post=16854"}],"curies":[{"name":"wp","href":"https:\/\/api.w.org\/{rel}","templated":true}]}}