{"id":16852,"date":"2013-07-28T08:00:26","date_gmt":"2013-07-28T14:00:26","guid":{"rendered":"http:\/\/quechilero.com\/blog\/?p=16852"},"modified":"2013-08-16T18:11:08","modified_gmt":"2013-08-17T00:11:08","slug":"en-soledad-pero-no-solo","status":"publish","type":"post","link":"https:\/\/quechilero.com\/blog\/2013\/07\/28\/en-soledad-pero-no-solo\/","title":{"rendered":"En soledad, pero no solo"},"content":{"rendered":"<p>La breve nota que me envi\u00f3 dec\u00eda mucho.<\/p>\n<p>&#8211; Soy una persona incapacitada en una silla de ruedas -escribi\u00f3-. Me siento sola, a pesar de que s\u00e9 que nunca estoy sola. Dios siempre est\u00e1 presente. No tengo mucha gente con quien hablar.<\/p>\n<p>La palabra soledad ha sido considerada la m\u00e1s desolada del idioma. No respeta edad, raza, condici\u00f3n econ\u00f3mica ni inteligencia.<\/p>\n<p>Albert Einstein dijo: \u00abEs extra\u00f1o ser conocido universalmente, y al mismo tiempo sentirse solo.\u00bb<\/p>\n<p>Dios nos hizo para la intimidad y la compa\u00f1\u00eda con otras personas. Incluso antes que el pecado entrara en el mundo, declar\u00f3 que no era bueno que el hombre estuviera solo (G\u00e9nesis 2:18). Es por eso que mucha gente a menudo se siente tan vac\u00eda por dentro.<\/p>\n<p>Jes\u00fas tambi\u00e9n conoci\u00f3 la soledad. Seguro que la sinti\u00f3 cuando sus disc\u00edpulos lo abandonaron (Marcos 14:50). Sin embargo, la presencia del Padre lo compens\u00f3 de m\u00e1s. Jes\u00fas dijo: \u00abNo estoy solo, porque el Padre est\u00e1 conmigo\u00bb (Juan 16:32). Esa intimidad con el Se\u00f1or est\u00e1 disponible a todos los que ponen su confianza en \u00c9l y en su Palabra.<\/p>\n<p>Podemos disminuir nuestra sensaci\u00f3n de soledad acerc\u00e1ndonos a los dem\u00e1s. Pero incluso m\u00e1s importante es que debemos acercarnos al Se\u00f1or. \u00c9l siempre est\u00e1 con nosotros, y desea que tengamos comuni\u00f3n con \u00c9l durante todo el d\u00eda.<\/p>\n","protected":false},"excerpt":{"rendered":"<p>La breve nota que me envi\u00f3 dec\u00eda mucho. &#8211; Soy una persona incapacitada en una silla de ruedas -escribi\u00f3-. Me siento sola, a pesar de que s\u00e9 que nunca estoy sola. Dios siempre est\u00e1 presente. No tengo mucha gente con quien hablar. La palabra soledad ha sido considerada la m\u00e1s desolada del idioma. No respeta &#8230; <a title=\"En soledad, pero no solo\" class=\"read-more\" href=\"https:\/\/quechilero.com\/blog\/2013\/07\/28\/en-soledad-pero-no-solo\/\" aria-label=\"Leer m\u00e1s sobre En soledad, pero no solo\">Leer m\u00e1s<\/a><\/p>\n","protected":false},"author":1,"featured_media":0,"comment_status":"open","ping_status":"open","sticky":false,"template":"","format":"standard","meta":{"advanced_seo_description":"","jetpack_seo_html_title":"","jetpack_seo_noindex":false,"jetpack_seo_schema_type":"","episode_type":"","audio_file":"","podmotor_file_id":"","podmotor_episode_id":"","cover_image":"","cover_image_id":"","duration":"","filesize":"","filesize_raw":"","date_recorded":"","explicit":"","block":"","_jetpack_newsletter_access":"","_jetpack_dont_email_post_to_subs":false,"_jetpack_newsletter_tier_id":0,"_jetpack_memberships_contains_paywalled_content":false,"_jetpack_feature_clip_id":0,"_jetpack_memberships_contains_paid_content":false,"footnotes":"","jetpack_publicize_message":"","jetpack_publicize_feature_enabled":true,"jetpack_social_post_already_shared":false,"jetpack_social_options":{"image_generator_settings":{"template":"highway","default_image_id":0,"font":"","enabled":false},"version":2},"jetpack_post_was_ever_published":false},"categories":[2],"tags":[94,38,51,18,74,42,5],"series":[],"class_list":["post-16852","post","type-post","status-publish","format-standard","hentry","category-limones","tag-comunion","tag-confianza","tag-dios","tag-hombre","tag-jesus","tag-palabra","tag-tiempo"],"episode_featured_image":false,"episode_player_image":"https:\/\/i0.wp.com\/quechilero.com\/blog\/imagenes\/podcast.png?fit=1831%2C1831&ssl=1","download_link":"","player_link":"","audio_player":false,"episode_data":{"playerMode":"dark","subscribeUrls":{"amazon":{"key":"amazon","url":"","label":"Amazon","class":"amazon","icon":"amazon.png"},"apple_podcasts":{"key":"apple_podcasts","url":"","label":"Apple Podcasts","class":"apple_podcasts","icon":"apple-podcasts.png"},"castbox":{"key":"castbox","url":"","label":"CastBox","class":"castbox","icon":"castbox.png"},"deezer":{"key":"deezer","url":"","label":"Deezer","class":"deezer","icon":"deezer.png"},"google_podcasts":{"key":"google_podcasts","url":"","label":"Google Podcasts","class":"google_podcasts","icon":"google-podcasts.png"},"listen_notes":{"key":"listen_notes","url":"","label":"Listen Notes","class":"listen_notes","icon":"listen-notes.png"},"pandora":{"key":"pandora","url":"","label":"Pandora","class":"pandora","icon":"pandora.png"},"podbean":{"key":"podbean","url":"","label":"Podbean","class":"podbean","icon":"podbean.png"},"podcast_republic":{"key":"podcast_republic","url":"","label":"Podcast Republic","class":"podcast_republic","icon":"podcast-republic.png"},"rss":{"key":"rss","url":"","label":"RSS","class":"rss","icon":"rss.png"},"spotify":{"key":"spotify","url":"","label":"Spotify","class":"spotify","icon":"spotify.png"},"stitcher":{"key":"stitcher","url":"","label":"Stitcher","class":"stitcher","icon":"stitcher.png"},"tunein":{"key":"tunein","url":"","label":"TuneIn","class":"tunein","icon":"tunein.png"},"youtube":{"key":"youtube","url":"","label":"YouTube","class":"youtube","icon":"youtube.png"},"iheartradio":{"key":"iheartradio","url":"","label":"iHeartRadio","class":"iheartradio","icon":"iheartradio.png"},"ivoox":{"key":"ivoox","url":"","label":"iVoox","class":"ivoox","icon":"ivoox.png"}},"rssFeedUrl":"https:\/\/quechilero.com\/blog\/feed\/podcast\/si-la-vida-nos-da-limones","embedCode":"<blockquote class=\"wp-embedded-content\" data-secret=\"oASysTcHp0\"><a href=\"https:\/\/quechilero.com\/blog\/2013\/07\/28\/en-soledad-pero-no-solo\/\">En soledad, pero no solo<\/a><\/blockquote><iframe sandbox=\"allow-scripts\" security=\"restricted\" src=\"https:\/\/quechilero.com\/blog\/2013\/07\/28\/en-soledad-pero-no-solo\/embed\/#?secret=oASysTcHp0\" width=\"500\" height=\"350\" title=\"\u00abEn soledad, pero no solo\u00bb \u2014 Si la Vida nos da Limones...\" data-secret=\"oASysTcHp0\" frameborder=\"0\" marginwidth=\"0\" marginheight=\"0\" scrolling=\"no\" class=\"wp-embedded-content\"><\/iframe><script>\n\/*! This file is auto-generated *\/\n!function(d,l){\"use strict\";l.querySelector&&d.addEventListener&&\"undefined\"!=typeof URL&&(d.wp=d.wp||{},d.wp.receiveEmbedMessage||(d.wp.receiveEmbedMessage=function(e){var t=e.data;if((t||t.secret||t.message||t.value)&&!\/[^a-zA-Z0-9]\/.test(t.secret)){for(var s,r,n,a=l.querySelectorAll('iframe[data-secret=\"'+t.secret+'\"]'),o=l.querySelectorAll('blockquote[data-secret=\"'+t.secret+'\"]'),c=new RegExp(\"^https?:$\",\"i\"),i=0;i<o.length;i++)o[i].style.display=\"none\";for(i=0;i<a.length;i++)s=a[i],e.source===s.contentWindow&&(s.removeAttribute(\"style\"),\"height\"===t.message?(1e3<(r=parseInt(t.value,10))?r=1e3:~~r<200&&(r=200),s.height=r):\"link\"===t.message&&(r=new URL(s.getAttribute(\"src\")),n=new URL(t.value),c.test(n.protocol))&&n.host===r.host&&l.activeElement===s&&(d.top.location.href=t.value))}},d.addEventListener(\"message\",d.wp.receiveEmbedMessage,!1),l.addEventListener(\"DOMContentLoaded\",function(){for(var e,t,s=l.querySelectorAll(\"iframe.wp-embedded-content\"),r=0;r<s.length;r++)(t=(e=s[r]).getAttribute(\"data-secret\"))||(t=Math.random().toString(36).substring(2,12),e.src+=\"#?secret=\"+t,e.setAttribute(\"data-secret\",t)),e.contentWindow.postMessage({message:\"ready\",secret:t},\"*\")},!1)))}(window,document);\n\/\/# sourceURL=https:\/\/quechilero.com\/blog\/wp-includes\/js\/wp-embed.min.js\n<\/script>\n"},"jetpack_publicize_connections":[],"jetpack_shortlink":"https:\/\/wp.me\/pDKli-4nO","jetpack_sharing_enabled":true,"jetpack-related-posts":[{"id":7580,"url":"https:\/\/quechilero.com\/blog\/2011\/03\/12\/reflexiones-de-cuaresma-dia-4\/","url_meta":{"origin":16852,"position":0},"title":"Reflexiones de Cuaresma d\u00eda 4","author":"Pepe Barrascout Ortiz","date":"12 marzo 2011","format":false,"excerpt":"Oraci\u00f3n inicial Se\u00f1or m\u00edo, Jesucristo, creo firmemente que est\u00e1s aqu\u00ed; en estos pocos minutos de oraci\u00f3n que empiezo ahora quiero pedirte y agradecerte. Pedirte\u00a0la gracia de darme m\u00e1s cuenta de que T\u00fa vives, me escuchas y me amas; tanto, que has querido morir libremente por m\u00ed en la cruz y\u2026","rel":"","context":"En \u00abLimones por mano\u00bb","block_context":{"text":"Limones por mano","link":"https:\/\/quechilero.com\/blog\/category\/limones-por-mano\/"},"img":{"alt_text":"","src":"","width":0,"height":0},"classes":[]},{"id":3184,"url":"https:\/\/quechilero.com\/blog\/2009\/09\/09\/el-ermitano-domador-de-animales\/","url_meta":{"origin":16852,"position":1},"title":"El Ermita\u00f1o domador de animales","author":"Pepe Barrascout Ortiz","date":"9 septiembre 2009","format":false,"excerpt":"Se cuenta lo siguiente de un viejo anacoreta o ermita\u00f1o, es decir, una de esas personas que por amor a Dios se refugian en la soledad del desierto, del bosque o de las monta\u00f1as para solamente dedicarse a la oraci\u00f3n y a la penitencia. Se quejaba muchas veces que ten\u00eda\u2026","rel":"","context":"En \u00abLimones\u00bb","block_context":{"text":"Limones","link":"https:\/\/quechilero.com\/blog\/category\/limones\/"},"img":{"alt_text":"","src":"","width":0,"height":0},"classes":[]},{"id":6205,"url":"https:\/\/quechilero.com\/blog\/2010\/12\/05\/abstinencia-de-palabras-e-imagenes-ver-juzgar-y-actuar-2\/","url_meta":{"origin":16852,"position":2},"title":"Abstinencia de palabras e im\u00e1genes: Ver, Juzgar y \u00a1Actuar!","author":"Pepe Barrascout Ortiz","date":"5 diciembre 2010","format":false,"excerpt":"Juzgar: La Cuaresma es tiempo propicio para la soledad, el silencio, la oraci\u00f3n. Jes\u00fas se fue al desierto por cuarenta d\u00edas, igual que Mois\u00e9s y El\u00edas. Durante su intensa actividad apost\u00f3lica, siempre buscaba tiempos y lugares para apartarse y estar a solas con su Padre. La abstinencia que la Iglesia\u2026","rel":"","context":"En \u00abLimones\u00bb","block_context":{"text":"Limones","link":"https:\/\/quechilero.com\/blog\/category\/limones\/"},"img":{"alt_text":"","src":"","width":0,"height":0},"classes":[]},{"id":21401,"url":"https:\/\/quechilero.com\/blog\/2015\/07\/31\/este-es-mi-cuerpo-esta-es-mi-sangre\/","url_meta":{"origin":16852,"position":3},"title":"\u00a1Este es mi cuerpo, esta es mi sangre!","author":"Pepe Barrascout Ortiz","date":"31 julio 2015","format":false,"excerpt":"Una vez m\u00e1s ante ti, Se\u00f1or. Hoy es un d\u00eda grande para ti, para nosotros, para tu Iglesia. Es la solemnidad donde se exalta y glorifica la presencia de tu Cuerpo, tu Sangre y tu Divinidad en el Sacramento de la Eucarist\u00eda. \u00a1Hoy es Corpus Christi! \u00bfQu\u00e9 te podemos decir,\u2026","rel":"","context":"En \u00abLimones\u00bb","block_context":{"text":"Limones","link":"https:\/\/quechilero.com\/blog\/category\/limones\/"},"img":{"alt_text":"","src":"","width":0,"height":0},"classes":[]},{"id":20020,"url":"https:\/\/quechilero.com\/blog\/2015\/04\/03\/viernes-santo-oracion-a-jesus\/","url_meta":{"origin":16852,"position":4},"title":"Viernes Santo &#8211; Oraci\u00f3n a Jes\u00fas","author":"Pepe Barrascout Ortiz","date":"3 abril 2015","format":false,"excerpt":"Oraci\u00f3n de Viernes Santo A Jes\u00fas, en el momento de su muerte. Oh Se\u00f1or Jes\u00fas, hoy no vengo a pedirte nada. Hoy vengo a acompa\u00f1arte como aqu\u00e9l d\u00eda tu muerte, a tratar de sentir, al menos un poco, todo el sufrimiento de tu agon\u00eda. Pues \u00bfqui\u00e9n soy yo Se\u00f1or para\u2026","rel":"","context":"En \u00abLimones\u00bb","block_context":{"text":"Limones","link":"https:\/\/quechilero.com\/blog\/category\/limones\/"},"img":{"alt_text":"","src":"http:\/\/i392.photobucket.com\/albums\/pp7\/pepejaguar\/blog\/Jesuacutes%20Crucificado%20-%20Velaacutesquez_zps2d6usr4u.jpg~original","width":350,"height":200},"classes":[]},{"id":11460,"url":"https:\/\/quechilero.com\/blog\/2011\/12\/26\/una-navidad-sin-cristo-o-un-cristo-sin-navidad\/","url_meta":{"origin":16852,"position":5},"title":"\u00bfUna Navidad sin Cristo o un Cristo sin Navidad?","author":"Pepe Barrascout Ortiz","date":"26 diciembre 2011","format":false,"excerpt":"Cristo vino porque Dios nos ama y porque quiere hacer sentir su amor entre nosotros. Yo me siento orgulloso porque mi Buen Padre Dios me ama. \u00bfUna Navidad sin Cristo o un Cristo sin Navidad? Cristo en su Navidad es el puente tendido por Dios para acercarse a los hombres\u2026","rel":"","context":"En \u00abLimones\u00bb","block_context":{"text":"Limones","link":"https:\/\/quechilero.com\/blog\/category\/limones\/"},"img":{"alt_text":"","src":"","width":0,"height":0},"classes":[]}],"jetpack_featured_media_url":"","_links":{"self":[{"href":"https:\/\/quechilero.com\/blog\/wp-json\/wp\/v2\/posts\/16852","targetHints":{"allow":["GET"]}}],"collection":[{"href":"https:\/\/quechilero.com\/blog\/wp-json\/wp\/v2\/posts"}],"about":[{"href":"https:\/\/quechilero.com\/blog\/wp-json\/wp\/v2\/types\/post"}],"author":[{"embeddable":true,"href":"https:\/\/quechilero.com\/blog\/wp-json\/wp\/v2\/users\/1"}],"replies":[{"embeddable":true,"href":"https:\/\/quechilero.com\/blog\/wp-json\/wp\/v2\/comments?post=16852"}],"version-history":[{"count":0,"href":"https:\/\/quechilero.com\/blog\/wp-json\/wp\/v2\/posts\/16852\/revisions"}],"wp:attachment":[{"href":"https:\/\/quechilero.com\/blog\/wp-json\/wp\/v2\/media?parent=16852"}],"wp:term":[{"taxonomy":"category","embeddable":true,"href":"https:\/\/quechilero.com\/blog\/wp-json\/wp\/v2\/categories?post=16852"},{"taxonomy":"post_tag","embeddable":true,"href":"https:\/\/quechilero.com\/blog\/wp-json\/wp\/v2\/tags?post=16852"},{"taxonomy":"series","embeddable":true,"href":"https:\/\/quechilero.com\/blog\/wp-json\/wp\/v2\/series?post=16852"}],"curies":[{"name":"wp","href":"https:\/\/api.w.org\/{rel}","templated":true}]}}