{"id":16850,"date":"2013-07-27T08:00:39","date_gmt":"2013-07-27T14:00:39","guid":{"rendered":"http:\/\/quechilero.com\/blog\/?p=16850"},"modified":"2013-08-16T18:10:19","modified_gmt":"2013-08-17T00:10:19","slug":"corazon-valeroso","status":"publish","type":"post","link":"https:\/\/quechilero.com\/blog\/2013\/07\/27\/corazon-valeroso\/","title":{"rendered":"Coraz\u00f3n Valeroso"},"content":{"rendered":"<p>Se cuenta la historia de un querido amigo y miembro de la iglesia, que falleci\u00f3 luego de una larga vida de amor y servicio.<\/p>\n<p>En el funeral, sus hijos se levantaron uno por uno a contar historias referentes a su padre y pronto pudo notarse un tema com\u00fan: que su m\u00e1s singular y extraordinaria cualidad fue su voluntad para servir a otros, sin importar cu\u00e1l fuera la necesidad.<\/p>\n<p>Era uno de esos hombres siempre dispuestos a tender una mano, hacer un favor, alg\u00fan trabajo peculiar, o simplemente ofrecer un transporte a alguien. Una de sus hijas mencion\u00f3 que a dondequiera que se dirig\u00eda, llevaba consigo una caja de herramientas y un par de vestimentas de mec\u00e1nico en el maletero del carro, \u00abpor si acaso alguien necesitaba alguna reparaci\u00f3n\u00bb.<\/p>\n<p>Muchas veces, cuando escuchamos la palabra \u00abcoraje\u00bb, pensamos en actos heroicos en per\u00edodos de crisis. , No obstante, en nuestra vida cotidiana, no debemos pasar por alto la valent\u00eda de simplemente estar ah\u00ed. Las vidas cambian cuando con fidelidad proveemos para nuestras familias, cuidamos de los ancianos, o prestamos atenci\u00f3n a un amigo en dificultad. Persistir en hacer de este mundo, un mejor lugar para vivir, es definitivamente una expresi\u00f3n de coraje.<\/p>\n<p>Mientras se desarrolla tu d\u00eda, recuerda que podr\u00edas ser el h\u00e9roe de alguien.<\/p>\n","protected":false},"excerpt":{"rendered":"<p>Se cuenta la historia de un querido amigo y miembro de la iglesia, que falleci\u00f3 luego de una larga vida de amor y servicio. En el funeral, sus hijos se levantaron uno por uno a contar historias referentes a su padre y pronto pudo notarse un tema com\u00fan: que su m\u00e1s singular y extraordinaria cualidad &#8230; <a title=\"Coraz\u00f3n Valeroso\" class=\"read-more\" href=\"https:\/\/quechilero.com\/blog\/2013\/07\/27\/corazon-valeroso\/\" aria-label=\"Leer m\u00e1s sobre Coraz\u00f3n Valeroso\">Leer m\u00e1s<\/a><\/p>\n","protected":false},"author":1,"featured_media":0,"comment_status":"open","ping_status":"open","sticky":false,"template":"","format":"standard","meta":{"advanced_seo_description":"","jetpack_seo_html_title":"","jetpack_seo_noindex":false,"jetpack_seo_schema_type":"","episode_type":"","audio_file":"","podmotor_file_id":"","podmotor_episode_id":"","cover_image":"","cover_image_id":"","duration":"","filesize":"","filesize_raw":"","date_recorded":"","explicit":"","block":"","_jetpack_newsletter_access":"","_jetpack_dont_email_post_to_subs":false,"_jetpack_newsletter_tier_id":0,"_jetpack_memberships_contains_paywalled_content":false,"_jetpack_feature_clip_id":0,"_jetpack_memberships_contains_paid_content":false,"footnotes":"","jetpack_publicize_message":"","jetpack_publicize_feature_enabled":true,"jetpack_social_post_already_shared":false,"jetpack_social_options":{"image_generator_settings":{"template":"highway","default_image_id":0,"font":"","enabled":false},"version":2},"jetpack_post_was_ever_published":false},"categories":[2],"tags":[11,15,17,18,42,36,24],"series":[],"class_list":["post-16850","post","type-post","status-publish","format-standard","hentry","category-limones","tag-amigo","tag-amor","tag-historia","tag-hombre","tag-palabra","tag-trabajo","tag-vida"],"episode_featured_image":false,"episode_player_image":"https:\/\/i0.wp.com\/quechilero.com\/blog\/imagenes\/podcast.png?fit=1831%2C1831&ssl=1","download_link":"","player_link":"","audio_player":false,"episode_data":{"playerMode":"dark","subscribeUrls":{"amazon":{"key":"amazon","url":"","label":"Amazon","class":"amazon","icon":"amazon.png"},"apple_podcasts":{"key":"apple_podcasts","url":"","label":"Apple Podcasts","class":"apple_podcasts","icon":"apple-podcasts.png"},"castbox":{"key":"castbox","url":"","label":"CastBox","class":"castbox","icon":"castbox.png"},"deezer":{"key":"deezer","url":"","label":"Deezer","class":"deezer","icon":"deezer.png"},"google_podcasts":{"key":"google_podcasts","url":"","label":"Google Podcasts","class":"google_podcasts","icon":"google-podcasts.png"},"listen_notes":{"key":"listen_notes","url":"","label":"Listen Notes","class":"listen_notes","icon":"listen-notes.png"},"pandora":{"key":"pandora","url":"","label":"Pandora","class":"pandora","icon":"pandora.png"},"podbean":{"key":"podbean","url":"","label":"Podbean","class":"podbean","icon":"podbean.png"},"podcast_republic":{"key":"podcast_republic","url":"","label":"Podcast Republic","class":"podcast_republic","icon":"podcast-republic.png"},"rss":{"key":"rss","url":"","label":"RSS","class":"rss","icon":"rss.png"},"spotify":{"key":"spotify","url":"","label":"Spotify","class":"spotify","icon":"spotify.png"},"stitcher":{"key":"stitcher","url":"","label":"Stitcher","class":"stitcher","icon":"stitcher.png"},"tunein":{"key":"tunein","url":"","label":"TuneIn","class":"tunein","icon":"tunein.png"},"youtube":{"key":"youtube","url":"","label":"YouTube","class":"youtube","icon":"youtube.png"},"iheartradio":{"key":"iheartradio","url":"","label":"iHeartRadio","class":"iheartradio","icon":"iheartradio.png"},"ivoox":{"key":"ivoox","url":"","label":"iVoox","class":"ivoox","icon":"ivoox.png"}},"rssFeedUrl":"https:\/\/quechilero.com\/blog\/feed\/podcast\/si-la-vida-nos-da-limones","embedCode":"<blockquote class=\"wp-embedded-content\" data-secret=\"96yYx6wwWw\"><a href=\"https:\/\/quechilero.com\/blog\/2013\/07\/27\/corazon-valeroso\/\">Coraz\u00f3n Valeroso<\/a><\/blockquote><iframe sandbox=\"allow-scripts\" security=\"restricted\" src=\"https:\/\/quechilero.com\/blog\/2013\/07\/27\/corazon-valeroso\/embed\/#?secret=96yYx6wwWw\" width=\"500\" height=\"350\" title=\"\u00abCoraz\u00f3n Valeroso\u00bb \u2014 Si la Vida nos da Limones...\" data-secret=\"96yYx6wwWw\" frameborder=\"0\" marginwidth=\"0\" marginheight=\"0\" scrolling=\"no\" class=\"wp-embedded-content\"><\/iframe><script>\n\/*! This file is auto-generated *\/\n!function(d,l){\"use strict\";l.querySelector&&d.addEventListener&&\"undefined\"!=typeof URL&&(d.wp=d.wp||{},d.wp.receiveEmbedMessage||(d.wp.receiveEmbedMessage=function(e){var t=e.data;if((t||t.secret||t.message||t.value)&&!\/[^a-zA-Z0-9]\/.test(t.secret)){for(var s,r,n,a=l.querySelectorAll('iframe[data-secret=\"'+t.secret+'\"]'),o=l.querySelectorAll('blockquote[data-secret=\"'+t.secret+'\"]'),c=new RegExp(\"^https?:$\",\"i\"),i=0;i<o.length;i++)o[i].style.display=\"none\";for(i=0;i<a.length;i++)s=a[i],e.source===s.contentWindow&&(s.removeAttribute(\"style\"),\"height\"===t.message?(1e3<(r=parseInt(t.value,10))?r=1e3:~~r<200&&(r=200),s.height=r):\"link\"===t.message&&(r=new URL(s.getAttribute(\"src\")),n=new URL(t.value),c.test(n.protocol))&&n.host===r.host&&l.activeElement===s&&(d.top.location.href=t.value))}},d.addEventListener(\"message\",d.wp.receiveEmbedMessage,!1),l.addEventListener(\"DOMContentLoaded\",function(){for(var e,t,s=l.querySelectorAll(\"iframe.wp-embedded-content\"),r=0;r<s.length;r++)(t=(e=s[r]).getAttribute(\"data-secret\"))||(t=Math.random().toString(36).substring(2,12),e.src+=\"#?secret=\"+t,e.setAttribute(\"data-secret\",t)),e.contentWindow.postMessage({message:\"ready\",secret:t},\"*\")},!1)))}(window,document);\n\/\/# sourceURL=https:\/\/quechilero.com\/blog\/wp-includes\/js\/wp-embed.min.js\n<\/script>\n"},"jetpack_publicize_connections":[],"jetpack_shortlink":"https:\/\/wp.me\/pDKli-4nM","jetpack_sharing_enabled":true,"jetpack-related-posts":[{"id":20085,"url":"https:\/\/quechilero.com\/blog\/2015\/05\/03\/alguien-digno-de-imitar\/","url_meta":{"origin":16850,"position":0},"title":"Alguien digno de imitar","author":"Pepe Barrascout Ortiz","date":"3 mayo 2015","format":false,"excerpt":"El funeral del abuelo de Madison fue uno de los mayores vistos en la ciudad. M\u00e1s de quinientas personas asistieron a la iglesia para el servicio f\u00fanebre. Amigos del abuelo que lo conoc\u00edan desde la ni\u00f1ez, vecinos, personas que trabajaron con \u00e9l, amigos m\u00e1s j\u00f3venes, comerciantes, hermanos, sus hijos y\u2026","rel":"","context":"En \u00abLimones\u00bb","block_context":{"text":"Limones","link":"https:\/\/quechilero.com\/blog\/category\/limones\/"},"img":{"alt_text":"","src":"","width":0,"height":0},"classes":[]},{"id":14606,"url":"https:\/\/quechilero.com\/blog\/2012\/09\/28\/soy-inocente\/","url_meta":{"origin":16850,"position":1},"title":"\u00a1Soy inocente!","author":"Pepe Barrascout Ortiz","date":"28 septiembre 2012","format":false,"excerpt":"Todos los estudiantes de un colegio en Florida -2550 en total- estaban en problemas. Un sistema de mensajes notific\u00f3 a cada uno de los padres que su hijo (o hijos) quedar\u00edan castigados ese fin de semana por mal comportamiento. Muchos ni\u00f1os alegaron su inocencia, pero algunos padres de todas maneras\u2026","rel":"","context":"En \u00abLimones\u00bb","block_context":{"text":"Limones","link":"https:\/\/quechilero.com\/blog\/category\/limones\/"},"img":{"alt_text":"","src":"","width":0,"height":0},"classes":[]},{"id":17573,"url":"https:\/\/quechilero.com\/blog\/2013\/12\/10\/el-senor-vino-viene-y-vendra\/","url_meta":{"origin":16850,"position":2},"title":"El Se\u00f1or vino, viene y vendr\u00e1","author":"Pepe Barrascout Ortiz","date":"10 diciembre 2013","format":false,"excerpt":"En el Adviento celebramos el misterio de la venida del Se\u00f1or en una actitud gozosa, de vigilancia, de espera y de acogida. Nuestra vida se presenta, con asombro siempre nuevo, ante el misterio entra\u00f1able de un Dios que se ha hecho hombre. Con el Adviento se nos convoca a preparar\u2026","rel":"","context":"En \u00abLimones\u00bb","block_context":{"text":"Limones","link":"https:\/\/quechilero.com\/blog\/category\/limones\/"},"img":{"alt_text":"","src":"","width":0,"height":0},"classes":[]},{"id":21249,"url":"https:\/\/quechilero.com\/blog\/2015\/07\/05\/la-fortaleza-de-un-hombre\/","url_meta":{"origin":16850,"position":3},"title":"La fortaleza de un Hombre","author":"Pepe Barrascout Ortiz","date":"5 julio 2015","format":false,"excerpt":"La fortaleza de un Hombre no est\u00e1 en el ancho de sus hombros.... Est\u00e1 en el tama\u00f1o de sus brazos cuando abrazan. La fortaleza de un Hombre no est\u00e1 en lo profundo del tono de su voz.... Est\u00e1 en la gentileza que usa en sus palabras. La fortaleza de un\u2026","rel":"","context":"En \u00abLimones\u00bb","block_context":{"text":"Limones","link":"https:\/\/quechilero.com\/blog\/category\/limones\/"},"img":{"alt_text":"","src":"","width":0,"height":0},"classes":[]},{"id":17617,"url":"https:\/\/quechilero.com\/blog\/2014\/01\/04\/martires-como-lo-lograron\/","url_meta":{"origin":16850,"position":4},"title":"M\u00e1rtires: \u00bfc\u00f3mo lo lograron?","author":"Pepe Barrascout Ortiz","date":"4 enero 2014","format":false,"excerpt":"La historia de la Iglesia est\u00e1 marcada por la sangre de miles y miles de m\u00e1rtires. En Palestina y en Italia, en Rusia y en Espa\u00f1a, en Canad\u00e1 y en M\u00e9xico, en China y en Jap\u00f3n, en Vietnam y en la India, en Uganda y en T\u00fanez. La lista de\u2026","rel":"","context":"En \u00abLimones\u00bb","block_context":{"text":"Limones","link":"https:\/\/quechilero.com\/blog\/category\/limones\/"},"img":{"alt_text":"","src":"","width":0,"height":0},"classes":[]},{"id":17482,"url":"https:\/\/quechilero.com\/blog\/2013\/12\/06\/mendigos\/","url_meta":{"origin":16850,"position":5},"title":"Mendigos","author":"Pepe Barrascout Ortiz","date":"6 diciembre 2013","format":false,"excerpt":"No s\u00f3lo son mendigos los que andan por las calles mal vestidos, pidiendo de comer o beber porque tienen hambre, sed o fr\u00edo. Hay en muchos rincones del mundo, miles de limosneros escondidos; elegantes, con techo, pan y vino, pero carentes de amor y sinti\u00e9ndose por dentro vac\u00edos. Mendigos de\u2026","rel":"","context":"En \u00abLimones\u00bb","block_context":{"text":"Limones","link":"https:\/\/quechilero.com\/blog\/category\/limones\/"},"img":{"alt_text":"","src":"","width":0,"height":0},"classes":[]}],"jetpack_featured_media_url":"","_links":{"self":[{"href":"https:\/\/quechilero.com\/blog\/wp-json\/wp\/v2\/posts\/16850","targetHints":{"allow":["GET"]}}],"collection":[{"href":"https:\/\/quechilero.com\/blog\/wp-json\/wp\/v2\/posts"}],"about":[{"href":"https:\/\/quechilero.com\/blog\/wp-json\/wp\/v2\/types\/post"}],"author":[{"embeddable":true,"href":"https:\/\/quechilero.com\/blog\/wp-json\/wp\/v2\/users\/1"}],"replies":[{"embeddable":true,"href":"https:\/\/quechilero.com\/blog\/wp-json\/wp\/v2\/comments?post=16850"}],"version-history":[{"count":0,"href":"https:\/\/quechilero.com\/blog\/wp-json\/wp\/v2\/posts\/16850\/revisions"}],"wp:attachment":[{"href":"https:\/\/quechilero.com\/blog\/wp-json\/wp\/v2\/media?parent=16850"}],"wp:term":[{"taxonomy":"category","embeddable":true,"href":"https:\/\/quechilero.com\/blog\/wp-json\/wp\/v2\/categories?post=16850"},{"taxonomy":"post_tag","embeddable":true,"href":"https:\/\/quechilero.com\/blog\/wp-json\/wp\/v2\/tags?post=16850"},{"taxonomy":"series","embeddable":true,"href":"https:\/\/quechilero.com\/blog\/wp-json\/wp\/v2\/series?post=16850"}],"curies":[{"name":"wp","href":"https:\/\/api.w.org\/{rel}","templated":true}]}}