{"id":16816,"date":"2013-07-11T08:00:43","date_gmt":"2013-07-11T14:00:43","guid":{"rendered":"http:\/\/quechilero.com\/blog\/?p=16816"},"modified":"2013-08-16T17:00:19","modified_gmt":"2013-08-16T23:00:19","slug":"comunion-alimento-del-alma","status":"publish","type":"post","link":"https:\/\/quechilero.com\/blog\/2013\/07\/11\/comunion-alimento-del-alma\/","title":{"rendered":"Comuni\u00f3n, alimento del alma"},"content":{"rendered":"<p>Me he preguntado muchas veces: \u00bfPor qu\u00e9 los hombres, cuando van a un banquete, saben disfrutar del comer y del beber y, en cambio, cuando van a una iglesia, se aburren soberanamente?<\/p>\n<p>\u00bfSer\u00e1 m\u00e1s importante alimentar el cuerpo que alimentar el alma? El hombre es cuerpo y alma. El cuerpo es mortal, el alma no muere. Por eso, lo l\u00f3gico ser\u00eda que, si siento gusto y apetito por comer y beber bien, deber\u00eda sentir un apetito infinitamente mayor por las cosas del esp\u00edritu, por alimentar mi alma.<\/p>\n<p>Pero, \u00bfpor qu\u00e9 sentimos hambre y sed de las cosas materiales, las cosas del cuerpo, y no sentimos hambre y sed de los valores del esp\u00edritu? \u00bfSer\u00e1 porque nuestra alma est\u00e1 muy enferma?<\/p>\n<p>Orar es amar y ser amado. Si te aburres rezando, yendo a misa, es que ya no amas.<\/p>\n<p><em><strong>P. Mariano de Blas LC<\/strong><\/em><\/p>\n","protected":false},"excerpt":{"rendered":"<p>Me he preguntado muchas veces: \u00bfPor qu\u00e9 los hombres, cuando van a un banquete, saben disfrutar del comer y del beber y, en cambio, cuando van a una iglesia, se aburren soberanamente? \u00bfSer\u00e1 m\u00e1s importante alimentar el cuerpo que alimentar el alma? El hombre es cuerpo y alma. El cuerpo es mortal, el alma no &#8230; <a title=\"Comuni\u00f3n, alimento del alma\" class=\"read-more\" href=\"https:\/\/quechilero.com\/blog\/2013\/07\/11\/comunion-alimento-del-alma\/\" aria-label=\"Leer m\u00e1s sobre Comuni\u00f3n, alimento del alma\">Leer m\u00e1s<\/a><\/p>\n","protected":false},"author":1,"featured_media":0,"comment_status":"open","ping_status":"open","sticky":false,"template":"","format":"standard","meta":{"advanced_seo_description":"","jetpack_seo_html_title":"","jetpack_seo_noindex":false,"jetpack_seo_schema_type":"","episode_type":"","audio_file":"","podmotor_file_id":"","podmotor_episode_id":"","cover_image":"","cover_image_id":"","duration":"","filesize":"","filesize_raw":"","date_recorded":"","explicit":"","block":"","_jetpack_newsletter_access":"","_jetpack_dont_email_post_to_subs":false,"_jetpack_newsletter_tier_id":0,"_jetpack_memberships_contains_paywalled_content":false,"_jetpack_feature_clip_id":0,"_jetpack_memberships_contains_paid_content":false,"footnotes":"","jetpack_publicize_message":"","jetpack_publicize_feature_enabled":true,"jetpack_social_post_already_shared":false,"jetpack_social_options":{"image_generator_settings":{"template":"highway","default_image_id":0,"font":"","enabled":false},"version":2},"jetpack_post_was_ever_published":false},"categories":[2],"tags":[94,12,18],"series":[],"class_list":["post-16816","post","type-post","status-publish","format-standard","hentry","category-limones","tag-comunion","tag-cosas","tag-hombre"],"episode_featured_image":false,"episode_player_image":"https:\/\/i0.wp.com\/quechilero.com\/blog\/imagenes\/podcast.png?fit=1831%2C1831&ssl=1","download_link":"","player_link":"","audio_player":false,"episode_data":{"playerMode":"dark","subscribeUrls":{"amazon":{"key":"amazon","url":"","label":"Amazon","class":"amazon","icon":"amazon.png"},"apple_podcasts":{"key":"apple_podcasts","url":"","label":"Apple Podcasts","class":"apple_podcasts","icon":"apple-podcasts.png"},"castbox":{"key":"castbox","url":"","label":"CastBox","class":"castbox","icon":"castbox.png"},"deezer":{"key":"deezer","url":"","label":"Deezer","class":"deezer","icon":"deezer.png"},"google_podcasts":{"key":"google_podcasts","url":"","label":"Google Podcasts","class":"google_podcasts","icon":"google-podcasts.png"},"listen_notes":{"key":"listen_notes","url":"","label":"Listen Notes","class":"listen_notes","icon":"listen-notes.png"},"pandora":{"key":"pandora","url":"","label":"Pandora","class":"pandora","icon":"pandora.png"},"podbean":{"key":"podbean","url":"","label":"Podbean","class":"podbean","icon":"podbean.png"},"podcast_republic":{"key":"podcast_republic","url":"","label":"Podcast Republic","class":"podcast_republic","icon":"podcast-republic.png"},"rss":{"key":"rss","url":"","label":"RSS","class":"rss","icon":"rss.png"},"spotify":{"key":"spotify","url":"","label":"Spotify","class":"spotify","icon":"spotify.png"},"stitcher":{"key":"stitcher","url":"","label":"Stitcher","class":"stitcher","icon":"stitcher.png"},"tunein":{"key":"tunein","url":"","label":"TuneIn","class":"tunein","icon":"tunein.png"},"youtube":{"key":"youtube","url":"","label":"YouTube","class":"youtube","icon":"youtube.png"},"iheartradio":{"key":"iheartradio","url":"","label":"iHeartRadio","class":"iheartradio","icon":"iheartradio.png"},"ivoox":{"key":"ivoox","url":"","label":"iVoox","class":"ivoox","icon":"ivoox.png"}},"rssFeedUrl":"https:\/\/quechilero.com\/blog\/feed\/podcast\/si-la-vida-nos-da-limones","embedCode":"<blockquote class=\"wp-embedded-content\" data-secret=\"lrsrCKS9cN\"><a href=\"https:\/\/quechilero.com\/blog\/2013\/07\/11\/comunion-alimento-del-alma\/\">Comuni\u00f3n, alimento del alma<\/a><\/blockquote><iframe sandbox=\"allow-scripts\" security=\"restricted\" src=\"https:\/\/quechilero.com\/blog\/2013\/07\/11\/comunion-alimento-del-alma\/embed\/#?secret=lrsrCKS9cN\" width=\"500\" height=\"350\" title=\"\u00abComuni\u00f3n, alimento del alma\u00bb \u2014 Si la Vida nos da Limones...\" data-secret=\"lrsrCKS9cN\" frameborder=\"0\" marginwidth=\"0\" marginheight=\"0\" scrolling=\"no\" class=\"wp-embedded-content\"><\/iframe><script>\n\/*! This file is auto-generated *\/\n!function(d,l){\"use strict\";l.querySelector&&d.addEventListener&&\"undefined\"!=typeof URL&&(d.wp=d.wp||{},d.wp.receiveEmbedMessage||(d.wp.receiveEmbedMessage=function(e){var t=e.data;if((t||t.secret||t.message||t.value)&&!\/[^a-zA-Z0-9]\/.test(t.secret)){for(var s,r,n,a=l.querySelectorAll('iframe[data-secret=\"'+t.secret+'\"]'),o=l.querySelectorAll('blockquote[data-secret=\"'+t.secret+'\"]'),c=new RegExp(\"^https?:$\",\"i\"),i=0;i<o.length;i++)o[i].style.display=\"none\";for(i=0;i<a.length;i++)s=a[i],e.source===s.contentWindow&&(s.removeAttribute(\"style\"),\"height\"===t.message?(1e3<(r=parseInt(t.value,10))?r=1e3:~~r<200&&(r=200),s.height=r):\"link\"===t.message&&(r=new URL(s.getAttribute(\"src\")),n=new URL(t.value),c.test(n.protocol))&&n.host===r.host&&l.activeElement===s&&(d.top.location.href=t.value))}},d.addEventListener(\"message\",d.wp.receiveEmbedMessage,!1),l.addEventListener(\"DOMContentLoaded\",function(){for(var e,t,s=l.querySelectorAll(\"iframe.wp-embedded-content\"),r=0;r<s.length;r++)(t=(e=s[r]).getAttribute(\"data-secret\"))||(t=Math.random().toString(36).substring(2,12),e.src+=\"#?secret=\"+t,e.setAttribute(\"data-secret\",t)),e.contentWindow.postMessage({message:\"ready\",secret:t},\"*\")},!1)))}(window,document);\n\/\/# sourceURL=https:\/\/quechilero.com\/blog\/wp-includes\/js\/wp-embed.min.js\n<\/script>\n"},"jetpack_publicize_connections":[],"jetpack_shortlink":"https:\/\/wp.me\/pDKli-4ne","jetpack_sharing_enabled":true,"jetpack-related-posts":[{"id":926,"url":"https:\/\/quechilero.com\/blog\/2008\/05\/11\/el-hijo-preferido\/","url_meta":{"origin":16816,"position":0},"title":"El hijo preferido","author":"Pepe Barrascout Ortiz","date":"11 mayo 2008","format":false,"excerpt":"Cierta vez le preguntaron a una madre cu\u00e1l era su hijo preferido, aqu\u00e9l al que ella m\u00e1s amaba. Y ella, dejando entrever una sonrisa, respondi\u00f3: \"Nada es m\u00e1s voluble que un coraz\u00f3n de madre\" Y como madre, le respondi\u00f3: \"El hijo predilecto, aqu\u00e9l a quien me dedico de cuerpo y\u2026","rel":"","context":"En \u00abLimones\u00bb","block_context":{"text":"Limones","link":"https:\/\/quechilero.com\/blog\/category\/limones\/"},"img":{"alt_text":"","src":"","width":0,"height":0},"classes":[]},{"id":2821,"url":"https:\/\/quechilero.com\/blog\/2009\/06\/28\/la-incertidumbre\/","url_meta":{"origin":16816,"position":1},"title":"La incertidumbre","author":"Pepe Barrascout Ortiz","date":"28 junio 2009","format":false,"excerpt":"Un hombre estaba sentado en el comedor de su casa; a su izquierda hab\u00eda un vaso con agua y a su derecha un plato de alimento. Inseguro de si era hambre o sed lo que padec\u00eda, dudaba entre tomar la comida o beber el agua. Y persistiendo la incertidumbre muri\u00f3\u2026","rel":"","context":"En \u00abLimones\u00bb","block_context":{"text":"Limones","link":"https:\/\/quechilero.com\/blog\/category\/limones\/"},"img":{"alt_text":"","src":"","width":0,"height":0},"classes":[]},{"id":914,"url":"https:\/\/quechilero.com\/blog\/2008\/03\/28\/parabola-del-compas\/","url_meta":{"origin":16816,"position":2},"title":"Par\u00e1bola del comp\u00e1s","author":"Pepe Barrascout Ortiz","date":"28 marzo 2008","format":false,"excerpt":"Me figurar\u00e9 que mi coraz\u00f3n es como aquella pieza en que estaba sentado Jes\u00fas y que mi alma est\u00e1 contemplando a los pies de Jes\u00fas, como Mar\u00eda, y que mi cuerpo, como Marta, est\u00e1 ocupado en las cosas de mi ministerio, a fin de que sean como una comida, la\u2026","rel":"","context":"En \u00abLimones\u00bb","block_context":{"text":"Limones","link":"https:\/\/quechilero.com\/blog\/category\/limones\/"},"img":{"alt_text":"","src":"","width":0,"height":0},"classes":[]},{"id":11293,"url":"https:\/\/quechilero.com\/blog\/2011\/10\/31\/no-hay-que-preocuparse-unicamente-por-el-principio-y-el-fin\/","url_meta":{"origin":16816,"position":3},"title":"No hay que preocuparse \u00fanicamente por el principio y el fin","author":"Pepe Barrascout Ortiz","date":"31 octubre 2011","format":false,"excerpt":"Roberto pregunt\u00f3 un d\u00eda a su mam\u00e1 si es cierto que antes de nacer fuimos polvo. \"Pues yo creo que s\u00ed\", le respondi\u00f3 ella. \"\u00bfY es cierto que nos convertimos en polvo despu\u00e9s de morir?\" \"S\u00ed, mi vida\", le dijo su mam\u00e1. \"Entonces\", dijo Roberto, \"debajo de mi cama hay\u2026","rel":"","context":"En \u00abLimones\u00bb","block_context":{"text":"Limones","link":"https:\/\/quechilero.com\/blog\/category\/limones\/"},"img":{"alt_text":"","src":"","width":0,"height":0},"classes":[]},{"id":4607,"url":"https:\/\/quechilero.com\/blog\/2010\/04\/02\/meditacion-de-las-siete-palabras\/","url_meta":{"origin":16816,"position":4},"title":"Meditaci\u00f3n de las Siete Palabras","author":"Pepe Barrascout Ortiz","date":"2 abril 2010","format":false,"excerpt":"Oraci\u00f3n Jes\u00fas en la Cruz aboga: da al ladr\u00f3n: lega su Madre: qu\u00e9jase: la sed le ahoga: cumple: entrega el alma al Padre Al Calvario hay que llegar porque Cristo, nuestra Luz, hoy tambi\u00e9n nos quiere hablar desde el ara de la Cruz. \u00a1Virgen de dolores y Madre m\u00eda! Que,\u2026","rel":"","context":"En \u00abLimones\u00bb","block_context":{"text":"Limones","link":"https:\/\/quechilero.com\/blog\/category\/limones\/"},"img":{"alt_text":"","src":"","width":0,"height":0},"classes":[]},{"id":17723,"url":"https:\/\/quechilero.com\/blog\/2014\/02\/05\/deseo-de-la-leche-espiritual\/","url_meta":{"origin":16816,"position":5},"title":"Deseo de la leche espiritual","author":"Pepe Barrascout Ortiz","date":"5 febrero 2014","format":false,"excerpt":"Desechando, pues, toda malicia, todo enga\u00f1o, hipocres\u00eda, envidias, y todas las detracciones, desead, como ni\u00f1os reci\u00e9n nacidos, la leche espiritual no adulterada, para que por ella crezc\u00e1is para salvaci\u00f3n. (1 Pedro 2:1-2) \u00bfC\u00f3mo crecemos espiritualmente? El ap\u00f3stol Pablo dice que debemos crecer hacia la plena estatura de Cristo mismo (Ef.\u2026","rel":"","context":"En \u00abLimones\u00bb","block_context":{"text":"Limones","link":"https:\/\/quechilero.com\/blog\/category\/limones\/"},"img":{"alt_text":"","src":"","width":0,"height":0},"classes":[]}],"jetpack_featured_media_url":"","_links":{"self":[{"href":"https:\/\/quechilero.com\/blog\/wp-json\/wp\/v2\/posts\/16816","targetHints":{"allow":["GET"]}}],"collection":[{"href":"https:\/\/quechilero.com\/blog\/wp-json\/wp\/v2\/posts"}],"about":[{"href":"https:\/\/quechilero.com\/blog\/wp-json\/wp\/v2\/types\/post"}],"author":[{"embeddable":true,"href":"https:\/\/quechilero.com\/blog\/wp-json\/wp\/v2\/users\/1"}],"replies":[{"embeddable":true,"href":"https:\/\/quechilero.com\/blog\/wp-json\/wp\/v2\/comments?post=16816"}],"version-history":[{"count":0,"href":"https:\/\/quechilero.com\/blog\/wp-json\/wp\/v2\/posts\/16816\/revisions"}],"wp:attachment":[{"href":"https:\/\/quechilero.com\/blog\/wp-json\/wp\/v2\/media?parent=16816"}],"wp:term":[{"taxonomy":"category","embeddable":true,"href":"https:\/\/quechilero.com\/blog\/wp-json\/wp\/v2\/categories?post=16816"},{"taxonomy":"post_tag","embeddable":true,"href":"https:\/\/quechilero.com\/blog\/wp-json\/wp\/v2\/tags?post=16816"},{"taxonomy":"series","embeddable":true,"href":"https:\/\/quechilero.com\/blog\/wp-json\/wp\/v2\/series?post=16816"}],"curies":[{"name":"wp","href":"https:\/\/api.w.org\/{rel}","templated":true}]}}