{"id":16814,"date":"2013-07-10T08:00:58","date_gmt":"2013-07-10T14:00:58","guid":{"rendered":"http:\/\/quechilero.com\/blog\/?p=16814"},"modified":"2013-08-16T16:59:38","modified_gmt":"2013-08-16T22:59:38","slug":"%ef%bb%bfsiembra","status":"publish","type":"post","link":"https:\/\/quechilero.com\/blog\/2013\/07\/10\/%ef%bb%bfsiembra\/","title":{"rendered":"\ufeff\u00a1Siembra!"},"content":{"rendered":"<p style=\"text-align: center;\">Siembra amor, y recoger\u00e1s una uni\u00f3n,<br \/>\nsiembra uniones, y recoger\u00e1s una paz,<br \/>\nsiembra paz, y recoger\u00e1s una armon\u00eda,<br \/>\nsiembra armon\u00edas, y recoger\u00e1s una ilusi\u00f3n.<\/p>\n<p style=\"text-align: center;\">Siembra ilusiones, y recoger\u00e1s la vida,<br \/>\nsiembra la vida, y recoger\u00e1s el regalo,<br \/>\nsiembra regalos, y recoger\u00e1s la alegr\u00eda,<br \/>\nsiembra alegr\u00eda y recoger\u00e1s la fe perdida.<\/p>\n<p style=\"text-align: center;\">Siembra la fe, y recoger\u00e1s esperanza,<br \/>\nsiembra esperanza, y recoger\u00e1s confianza,<br \/>\nsiembra confianza, y recoger\u00e1s la unidad,<br \/>\nsiembra unidad, y recoger\u00e1s la felicidad.<\/p>\n<p style=\"text-align: center;\">Siembra felicidad, y recoger\u00e1s un car\u00e1cter,<br \/>\nsiembra acciones, y recoger\u00e1s un h\u00e1bito,<br \/>\nsiembra h\u00e1bitos, y recoger\u00e1s un car\u00e1cter,<br \/>\nsiembra un car\u00e1cter, y recoger\u00e1s un destino.<\/p>\n<p style=\"text-align: center;\">Y con esa ilusi\u00f3n, crecer\u00e1 tu sue\u00f1o,<br \/>\ncon ese sue\u00f1o, crecer\u00e1 tu realidad,<br \/>\ncon esa realidad, crecer\u00e1 tu verdad,<br \/>\nque te llevar\u00e1 a la Verdad Universal.<\/p>\n<p style=\"text-align: center;\"><em><strong>Ludy Mellt Sekher<\/strong><\/em><\/p>\n","protected":false},"excerpt":{"rendered":"<p>Siembra amor, y recoger\u00e1s una uni\u00f3n, siembra uniones, y recoger\u00e1s una paz, siembra paz, y recoger\u00e1s una armon\u00eda, siembra armon\u00edas, y recoger\u00e1s una ilusi\u00f3n. Siembra ilusiones, y recoger\u00e1s la vida, siembra la vida, y recoger\u00e1s el regalo, siembra regalos, y recoger\u00e1s la alegr\u00eda, siembra alegr\u00eda y recoger\u00e1s la fe perdida. Siembra la fe, y recoger\u00e1s &#8230; <a title=\"\ufeff\u00a1Siembra!\" class=\"read-more\" href=\"https:\/\/quechilero.com\/blog\/2013\/07\/10\/%ef%bb%bfsiembra\/\" aria-label=\"Leer m\u00e1s sobre \ufeff\u00a1Siembra!\">Leer m\u00e1s<\/a><\/p>\n","protected":false},"author":1,"featured_media":0,"comment_status":"open","ping_status":"open","sticky":false,"template":"","format":"standard","meta":{"advanced_seo_description":"","jetpack_seo_html_title":"","jetpack_seo_noindex":false,"jetpack_seo_schema_type":"","episode_type":"","audio_file":"","podmotor_file_id":"","podmotor_episode_id":"","cover_image":"","cover_image_id":"","duration":"","filesize":"","filesize_raw":"","date_recorded":"","explicit":"","block":"","_jetpack_newsletter_access":"","_jetpack_dont_email_post_to_subs":false,"_jetpack_newsletter_tier_id":0,"_jetpack_memberships_contains_paywalled_content":false,"_jetpack_feature_clip_id":0,"_jetpack_memberships_contains_paid_content":false,"footnotes":"","jetpack_publicize_message":"","jetpack_publicize_feature_enabled":true,"jetpack_social_post_already_shared":false,"jetpack_social_options":{"image_generator_settings":{"template":"highway","default_image_id":0,"font":"","enabled":false},"version":2},"jetpack_post_was_ever_published":false},"categories":[2],"tags":[87,15,38,67,40,56,41,24],"series":[],"class_list":["post-16814","post","type-post","status-publish","format-standard","hentry","category-limones","tag-alegria","tag-amor","tag-confianza","tag-crecer","tag-paz","tag-sueno","tag-verdad","tag-vida"],"episode_featured_image":false,"episode_player_image":"https:\/\/i0.wp.com\/quechilero.com\/blog\/imagenes\/podcast.png?fit=1831%2C1831&ssl=1","download_link":"","player_link":"","audio_player":false,"episode_data":{"playerMode":"dark","subscribeUrls":{"amazon":{"key":"amazon","url":"","label":"Amazon","class":"amazon","icon":"amazon.png"},"apple_podcasts":{"key":"apple_podcasts","url":"","label":"Apple Podcasts","class":"apple_podcasts","icon":"apple-podcasts.png"},"castbox":{"key":"castbox","url":"","label":"CastBox","class":"castbox","icon":"castbox.png"},"deezer":{"key":"deezer","url":"","label":"Deezer","class":"deezer","icon":"deezer.png"},"google_podcasts":{"key":"google_podcasts","url":"","label":"Google Podcasts","class":"google_podcasts","icon":"google-podcasts.png"},"listen_notes":{"key":"listen_notes","url":"","label":"Listen Notes","class":"listen_notes","icon":"listen-notes.png"},"pandora":{"key":"pandora","url":"","label":"Pandora","class":"pandora","icon":"pandora.png"},"podbean":{"key":"podbean","url":"","label":"Podbean","class":"podbean","icon":"podbean.png"},"podcast_republic":{"key":"podcast_republic","url":"","label":"Podcast Republic","class":"podcast_republic","icon":"podcast-republic.png"},"rss":{"key":"rss","url":"","label":"RSS","class":"rss","icon":"rss.png"},"spotify":{"key":"spotify","url":"","label":"Spotify","class":"spotify","icon":"spotify.png"},"stitcher":{"key":"stitcher","url":"","label":"Stitcher","class":"stitcher","icon":"stitcher.png"},"tunein":{"key":"tunein","url":"","label":"TuneIn","class":"tunein","icon":"tunein.png"},"youtube":{"key":"youtube","url":"","label":"YouTube","class":"youtube","icon":"youtube.png"},"iheartradio":{"key":"iheartradio","url":"","label":"iHeartRadio","class":"iheartradio","icon":"iheartradio.png"},"ivoox":{"key":"ivoox","url":"","label":"iVoox","class":"ivoox","icon":"ivoox.png"}},"rssFeedUrl":"https:\/\/quechilero.com\/blog\/feed\/podcast\/si-la-vida-nos-da-limones","embedCode":"<blockquote class=\"wp-embedded-content\" data-secret=\"R7EGUvcQbh\"><a href=\"https:\/\/quechilero.com\/blog\/2013\/07\/10\/%ef%bb%bfsiembra\/\">\ufeff\u00a1Siembra!<\/a><\/blockquote><iframe sandbox=\"allow-scripts\" security=\"restricted\" src=\"https:\/\/quechilero.com\/blog\/2013\/07\/10\/%ef%bb%bfsiembra\/embed\/#?secret=R7EGUvcQbh\" width=\"500\" height=\"350\" title=\"\u00ab\ufeff\u00a1Siembra!\u00bb \u2014 Si la Vida nos da Limones...\" data-secret=\"R7EGUvcQbh\" frameborder=\"0\" marginwidth=\"0\" marginheight=\"0\" scrolling=\"no\" class=\"wp-embedded-content\"><\/iframe><script>\n\/*! This file is auto-generated *\/\n!function(d,l){\"use strict\";l.querySelector&&d.addEventListener&&\"undefined\"!=typeof URL&&(d.wp=d.wp||{},d.wp.receiveEmbedMessage||(d.wp.receiveEmbedMessage=function(e){var t=e.data;if((t||t.secret||t.message||t.value)&&!\/[^a-zA-Z0-9]\/.test(t.secret)){for(var s,r,n,a=l.querySelectorAll('iframe[data-secret=\"'+t.secret+'\"]'),o=l.querySelectorAll('blockquote[data-secret=\"'+t.secret+'\"]'),c=new RegExp(\"^https?:$\",\"i\"),i=0;i<o.length;i++)o[i].style.display=\"none\";for(i=0;i<a.length;i++)s=a[i],e.source===s.contentWindow&&(s.removeAttribute(\"style\"),\"height\"===t.message?(1e3<(r=parseInt(t.value,10))?r=1e3:~~r<200&&(r=200),s.height=r):\"link\"===t.message&&(r=new URL(s.getAttribute(\"src\")),n=new URL(t.value),c.test(n.protocol))&&n.host===r.host&&l.activeElement===s&&(d.top.location.href=t.value))}},d.addEventListener(\"message\",d.wp.receiveEmbedMessage,!1),l.addEventListener(\"DOMContentLoaded\",function(){for(var e,t,s=l.querySelectorAll(\"iframe.wp-embedded-content\"),r=0;r<s.length;r++)(t=(e=s[r]).getAttribute(\"data-secret\"))||(t=Math.random().toString(36).substring(2,12),e.src+=\"#?secret=\"+t,e.setAttribute(\"data-secret\",t)),e.contentWindow.postMessage({message:\"ready\",secret:t},\"*\")},!1)))}(window,document);\n\/\/# sourceURL=https:\/\/quechilero.com\/blog\/wp-includes\/js\/wp-embed.min.js\n<\/script>\n"},"jetpack_publicize_connections":[],"jetpack_shortlink":"https:\/\/wp.me\/pDKli-4nc","jetpack_sharing_enabled":true,"jetpack-related-posts":[{"id":19655,"url":"https:\/\/quechilero.com\/blog\/2015\/01\/14\/siembra\/","url_meta":{"origin":16814,"position":0},"title":"Siembra","author":"Pepe Barrascout Ortiz","date":"14 enero 2015","format":false,"excerpt":"En el campo del mundo, t\u00fa eres el sembrador. No puedes huir de la responsabilidad. No digas que el suelo es \u00e1spero, que llueve frecuentemente, que el sol quema o que la semilla no sirve. No es tu funci\u00f3n juzgar la tierra y el tiempo. Tu misi\u00f3n es sembrar. \u00a1La\u2026","rel":"","context":"En \u00abLimones\u00bb","block_context":{"text":"Limones","link":"https:\/\/quechilero.com\/blog\/category\/limones\/"},"img":{"alt_text":"","src":"","width":0,"height":0},"classes":[]},{"id":14519,"url":"https:\/\/quechilero.com\/blog\/2012\/09\/12\/que-te-parece\/","url_meta":{"origin":16814,"position":1},"title":"\u00bfQu\u00e9 te parece?","author":"Pepe Barrascout Ortiz","date":"12 septiembre 2012","format":false,"excerpt":"En la lectura de la Biblia de hoy Jes\u00fas le preguntaba a Pedro sobre el pago de impuestos, y le dice: \"\u00bfQu\u00e9 te parece, Sim\u00f3n?\"\u00a0 Es importante lo que pensamos. Tenemos que ser cuidadosos con nuestros pensamientos. Hay un refr\u00e1n que dice: Siembra una idea, cosecha un hecho; Siembra un\u2026","rel":"","context":"En \u00abLimones\u00bb","block_context":{"text":"Limones","link":"https:\/\/quechilero.com\/blog\/category\/limones\/"},"img":{"alt_text":"","src":"","width":0,"height":0},"classes":[]},{"id":10882,"url":"https:\/\/quechilero.com\/blog\/2011\/10\/12\/balas-o-semillas\/","url_meta":{"origin":16814,"position":2},"title":"Balas o semillas","author":"Pepe Barrascout Ortiz","date":"12 octubre 2011","format":false,"excerpt":"Uno puede ofrecerle sus ideas a otro como balas o como semillas. Puede dispararlas, o sembrarlas; pegarle en la cabeza a la gente con ellas, o plantarlas en sus corazones. Las ideas usadas como balas matar\u00e1n la inspiraci\u00f3n y neutralizar\u00e1n la motivaci\u00f3n. Usadas como semillas, echar\u00e1n ra\u00edces, crecer\u00e1n y se\u2026","rel":"","context":"En \u00abLimones\u00bb","block_context":{"text":"Limones","link":"https:\/\/quechilero.com\/blog\/category\/limones\/"},"img":{"alt_text":"","src":"","width":0,"height":0},"classes":[]},{"id":21589,"url":"https:\/\/quechilero.com\/blog\/2015\/09\/15\/oracion-por-la-paz-en-el-mundo\/","url_meta":{"origin":16814,"position":3},"title":"Oraci\u00f3n por la paz en el mundo","author":"Pepe Barrascout Ortiz","date":"15 septiembre 2015","format":false,"excerpt":"Se\u00f1or Jes\u00fas, T\u00fa gu\u00edas sabiamente la historia de tu Iglesia y de las naciones, escucha ahora nuestra s\u00faplica. Nuestros idiomas se confunden como anta\u00f1o en la torre de Babel. Somos hijos de un mismo Padre que T\u00fa nos revelaste y no sabemos ser hermanos, y el odio siembra m\u00e1s miedo\u2026","rel":"","context":"En \u00abLimones\u00bb","block_context":{"text":"Limones","link":"https:\/\/quechilero.com\/blog\/category\/limones\/"},"img":{"alt_text":"","src":"","width":0,"height":0},"classes":[]},{"id":17480,"url":"https:\/\/quechilero.com\/blog\/2013\/12\/03\/muertos-para-vivir\/","url_meta":{"origin":16814,"position":4},"title":"Muertos para vivir","author":"Pepe Barrascout Ortiz","date":"3 diciembre 2013","format":false,"excerpt":"Hace ya bastante tiempo, un hombre de familia tuvo que elegir entre Dios o sus seres m\u00e1s queridos. Eran creyentes en un pa\u00eds, donde el nombre de Jes\u00fas era blasfemia para ellos. El padre de familia era predicador y su temor no estaba sobre los hombres, sino sobre Dios; es\u2026","rel":"","context":"En \u00abLimones\u00bb","block_context":{"text":"Limones","link":"https:\/\/quechilero.com\/blog\/category\/limones\/"},"img":{"alt_text":"","src":"","width":0,"height":0},"classes":[]},{"id":16832,"url":"https:\/\/quechilero.com\/blog\/2013\/07\/19\/como-inviertes-tus-dones\/","url_meta":{"origin":16814,"position":5},"title":"\u00bfC\u00f3mo inviertes tus dones?","author":"Pepe Barrascout Ortiz","date":"19 julio 2013","format":false,"excerpt":"\u00bfC\u00f3mo inviertes los dones que te han dado?, \u00bflos usas de manera inteligente viviendo en abundancia, plenamente, feliz, aunque se ponga el d\u00eda nublado? \u00bfTe sabes sembrado que va dejando la semilla de amor, de tal manera que tu vida sea vida aunque se muera, para que alguien te siga\u2026","rel":"","context":"En \u00abLimones\u00bb","block_context":{"text":"Limones","link":"https:\/\/quechilero.com\/blog\/category\/limones\/"},"img":{"alt_text":"","src":"","width":0,"height":0},"classes":[]}],"jetpack_featured_media_url":"","_links":{"self":[{"href":"https:\/\/quechilero.com\/blog\/wp-json\/wp\/v2\/posts\/16814","targetHints":{"allow":["GET"]}}],"collection":[{"href":"https:\/\/quechilero.com\/blog\/wp-json\/wp\/v2\/posts"}],"about":[{"href":"https:\/\/quechilero.com\/blog\/wp-json\/wp\/v2\/types\/post"}],"author":[{"embeddable":true,"href":"https:\/\/quechilero.com\/blog\/wp-json\/wp\/v2\/users\/1"}],"replies":[{"embeddable":true,"href":"https:\/\/quechilero.com\/blog\/wp-json\/wp\/v2\/comments?post=16814"}],"version-history":[{"count":0,"href":"https:\/\/quechilero.com\/blog\/wp-json\/wp\/v2\/posts\/16814\/revisions"}],"wp:attachment":[{"href":"https:\/\/quechilero.com\/blog\/wp-json\/wp\/v2\/media?parent=16814"}],"wp:term":[{"taxonomy":"category","embeddable":true,"href":"https:\/\/quechilero.com\/blog\/wp-json\/wp\/v2\/categories?post=16814"},{"taxonomy":"post_tag","embeddable":true,"href":"https:\/\/quechilero.com\/blog\/wp-json\/wp\/v2\/tags?post=16814"},{"taxonomy":"series","embeddable":true,"href":"https:\/\/quechilero.com\/blog\/wp-json\/wp\/v2\/series?post=16814"}],"curies":[{"name":"wp","href":"https:\/\/api.w.org\/{rel}","templated":true}]}}