{"id":16812,"date":"2013-07-09T08:00:56","date_gmt":"2013-07-09T14:00:56","guid":{"rendered":"http:\/\/quechilero.com\/blog\/?p=16812"},"modified":"2013-08-16T16:58:43","modified_gmt":"2013-08-16T22:58:43","slug":"hermano-y-hermana","status":"publish","type":"post","link":"https:\/\/quechilero.com\/blog\/2013\/07\/09\/hermano-y-hermana\/","title":{"rendered":"Hermano y hermana"},"content":{"rendered":"<p>Un padre ten\u00eda un hijo y una hija, el hijo de muy buena apariencia, y ella de una fealdad extraordinaria. Mientras ellos jugaban un d\u00eda como ni\u00f1os, por casualidad se miraron juntos en un espejo que estaba colocado en la silla de su madre. El muchacho se congratul\u00f3 de su buen parecer; pero la muchacha se puso enojada, y no pod\u00eda aguantar las auto-alabanzas de su hermano, interpretando todo que \u00e9l dec\u00eda como cosas en contra de ella (\u00bfy c\u00f3mo podr\u00eda hacerlo de otra manera?). Ella corri\u00f3 a donde su padre pidiendo que castigara a su hermano, y rencorosamente lo acus\u00f3 de que como muchacho, hac\u00eda uso de una cualidad que pertenece s\u00f3lo a muchachas. El padre los abraz\u00f3 a ambos, y otorgando sus besos y afecto imparcialmente a cada uno, dijo:<\/p>\n<p>&#8211; Deseo que ambos se examinen ante el espejo cada d\u00eda: t\u00fa, mi hijo, no debes estropear tu belleza con una mala conducta; y t\u00fa, mi hija, puedes compensar tu carencia de belleza con tus grandes virtudes.<\/p>\n<p style=\"text-align: center;\"><em>Siempre debemos respetar las cualidades y defectos ajenos, y no maltratar al pr\u00f3jimo presumiendo de nuestras ventajas.<\/em><\/p>\n<p><em><strong>Esopo<\/strong><\/em><\/p>\n","protected":false},"excerpt":{"rendered":"<p>Un padre ten\u00eda un hijo y una hija, el hijo de muy buena apariencia, y ella de una fealdad extraordinaria. Mientras ellos jugaban un d\u00eda como ni\u00f1os, por casualidad se miraron juntos en un espejo que estaba colocado en la silla de su madre. El muchacho se congratul\u00f3 de su buen parecer; pero la muchacha &#8230; <a title=\"Hermano y hermana\" class=\"read-more\" href=\"https:\/\/quechilero.com\/blog\/2013\/07\/09\/hermano-y-hermana\/\" aria-label=\"Leer m\u00e1s sobre Hermano y hermana\">Leer m\u00e1s<\/a><\/p>\n","protected":false},"author":1,"featured_media":0,"comment_status":"open","ping_status":"open","sticky":false,"template":"","format":"standard","meta":{"advanced_seo_description":"","jetpack_seo_html_title":"","jetpack_seo_noindex":false,"jetpack_seo_schema_type":"","episode_type":"","audio_file":"","podmotor_file_id":"","podmotor_episode_id":"","cover_image":"","cover_image_id":"","duration":"","filesize":"","filesize_raw":"","date_recorded":"","explicit":"","block":"","_jetpack_newsletter_access":"","_jetpack_dont_email_post_to_subs":false,"_jetpack_newsletter_tier_id":0,"_jetpack_memberships_contains_paywalled_content":false,"_jetpack_feature_clip_id":0,"_jetpack_memberships_contains_paid_content":false,"footnotes":"","jetpack_publicize_message":"","jetpack_publicize_feature_enabled":true,"jetpack_social_post_already_shared":false,"jetpack_social_options":{"image_generator_settings":{"template":"highway","default_image_id":0,"font":"","enabled":false},"version":2},"jetpack_post_was_ever_published":false},"categories":[2],"tags":[12,45,39],"series":[],"class_list":["post-16812","post","type-post","status-publish","format-standard","hentry","category-limones","tag-cosas","tag-deseo","tag-madre"],"episode_featured_image":false,"episode_player_image":"https:\/\/i0.wp.com\/quechilero.com\/blog\/imagenes\/podcast.png?fit=1831%2C1831&ssl=1","download_link":"","player_link":"","audio_player":false,"episode_data":{"playerMode":"dark","subscribeUrls":{"amazon":{"key":"amazon","url":"","label":"Amazon","class":"amazon","icon":"amazon.png"},"apple_podcasts":{"key":"apple_podcasts","url":"","label":"Apple Podcasts","class":"apple_podcasts","icon":"apple-podcasts.png"},"castbox":{"key":"castbox","url":"","label":"CastBox","class":"castbox","icon":"castbox.png"},"deezer":{"key":"deezer","url":"","label":"Deezer","class":"deezer","icon":"deezer.png"},"google_podcasts":{"key":"google_podcasts","url":"","label":"Google Podcasts","class":"google_podcasts","icon":"google-podcasts.png"},"listen_notes":{"key":"listen_notes","url":"","label":"Listen Notes","class":"listen_notes","icon":"listen-notes.png"},"pandora":{"key":"pandora","url":"","label":"Pandora","class":"pandora","icon":"pandora.png"},"podbean":{"key":"podbean","url":"","label":"Podbean","class":"podbean","icon":"podbean.png"},"podcast_republic":{"key":"podcast_republic","url":"","label":"Podcast Republic","class":"podcast_republic","icon":"podcast-republic.png"},"rss":{"key":"rss","url":"","label":"RSS","class":"rss","icon":"rss.png"},"spotify":{"key":"spotify","url":"","label":"Spotify","class":"spotify","icon":"spotify.png"},"stitcher":{"key":"stitcher","url":"","label":"Stitcher","class":"stitcher","icon":"stitcher.png"},"tunein":{"key":"tunein","url":"","label":"TuneIn","class":"tunein","icon":"tunein.png"},"youtube":{"key":"youtube","url":"","label":"YouTube","class":"youtube","icon":"youtube.png"},"iheartradio":{"key":"iheartradio","url":"","label":"iHeartRadio","class":"iheartradio","icon":"iheartradio.png"},"ivoox":{"key":"ivoox","url":"","label":"iVoox","class":"ivoox","icon":"ivoox.png"}},"rssFeedUrl":"https:\/\/quechilero.com\/blog\/feed\/podcast\/si-la-vida-nos-da-limones","embedCode":"<blockquote class=\"wp-embedded-content\" data-secret=\"GLZgTR2oqe\"><a href=\"https:\/\/quechilero.com\/blog\/2013\/07\/09\/hermano-y-hermana\/\">Hermano y hermana<\/a><\/blockquote><iframe sandbox=\"allow-scripts\" security=\"restricted\" src=\"https:\/\/quechilero.com\/blog\/2013\/07\/09\/hermano-y-hermana\/embed\/#?secret=GLZgTR2oqe\" width=\"500\" height=\"350\" title=\"\u00abHermano y hermana\u00bb \u2014 Si la Vida nos da Limones...\" data-secret=\"GLZgTR2oqe\" frameborder=\"0\" marginwidth=\"0\" marginheight=\"0\" scrolling=\"no\" class=\"wp-embedded-content\"><\/iframe><script>\n\/*! This file is auto-generated *\/\n!function(d,l){\"use strict\";l.querySelector&&d.addEventListener&&\"undefined\"!=typeof URL&&(d.wp=d.wp||{},d.wp.receiveEmbedMessage||(d.wp.receiveEmbedMessage=function(e){var t=e.data;if((t||t.secret||t.message||t.value)&&!\/[^a-zA-Z0-9]\/.test(t.secret)){for(var s,r,n,a=l.querySelectorAll('iframe[data-secret=\"'+t.secret+'\"]'),o=l.querySelectorAll('blockquote[data-secret=\"'+t.secret+'\"]'),c=new RegExp(\"^https?:$\",\"i\"),i=0;i<o.length;i++)o[i].style.display=\"none\";for(i=0;i<a.length;i++)s=a[i],e.source===s.contentWindow&&(s.removeAttribute(\"style\"),\"height\"===t.message?(1e3<(r=parseInt(t.value,10))?r=1e3:~~r<200&&(r=200),s.height=r):\"link\"===t.message&&(r=new URL(s.getAttribute(\"src\")),n=new URL(t.value),c.test(n.protocol))&&n.host===r.host&&l.activeElement===s&&(d.top.location.href=t.value))}},d.addEventListener(\"message\",d.wp.receiveEmbedMessage,!1),l.addEventListener(\"DOMContentLoaded\",function(){for(var e,t,s=l.querySelectorAll(\"iframe.wp-embedded-content\"),r=0;r<s.length;r++)(t=(e=s[r]).getAttribute(\"data-secret\"))||(t=Math.random().toString(36).substring(2,12),e.src+=\"#?secret=\"+t,e.setAttribute(\"data-secret\",t)),e.contentWindow.postMessage({message:\"ready\",secret:t},\"*\")},!1)))}(window,document);\n\/\/# sourceURL=https:\/\/quechilero.com\/blog\/wp-includes\/js\/wp-embed.min.js\n<\/script>\n"},"jetpack_publicize_connections":[],"jetpack_shortlink":"https:\/\/wp.me\/pDKli-4na","jetpack_sharing_enabled":true,"jetpack-related-posts":[{"id":455,"url":"https:\/\/quechilero.com\/blog\/2007\/03\/01\/el-padre-solitario\/","url_meta":{"origin":16812,"position":0},"title":"El padre solitario","author":"Pepe Barrascout Ortiz","date":"1 marzo 2007","format":false,"excerpt":"La rebeld\u00eda atac\u00f3 el mundo de Joe como una ventisca a Minnesota. Cuando ya ten\u00eda edad suficiente como para conducir un autom\u00f3vil, Madeline decidi\u00f3 que era suficiente mayor como para dirigir su propia vida. Y esa vida no inclu\u00eda a su padre. \"Deb\u00ed hab\u00e9rmelo imaginado\", dir\u00eda Joe m\u00e1s tarde, \"pero\u2026","rel":"","context":"En \u00abLimones\u00bb","block_context":{"text":"Limones","link":"https:\/\/quechilero.com\/blog\/category\/limones\/"},"img":{"alt_text":"","src":"","width":0,"height":0},"classes":[]},{"id":6236,"url":"https:\/\/quechilero.com\/blog\/2011\/01\/07\/obediencia\/","url_meta":{"origin":16812,"position":1},"title":"Obediencia","author":"Pepe Barrascout Ortiz","date":"7 enero 2011","format":false,"excerpt":"En una expedici\u00f3n de caza, una familia se detuvo para almorzar. Los ni\u00f1os jugaban a la sombra de un \u00e1rbol, distantes de sus padres y del resto de los adultos del grupo. De repente, el padre de uno de ellos, peg\u00f3 un salto y grit\u00f3 a su hijo: \"\u00c9chate al\u2026","rel":"","context":"En \u00abLimones\u00bb","block_context":{"text":"Limones","link":"https:\/\/quechilero.com\/blog\/category\/limones\/"},"img":{"alt_text":"","src":"","width":0,"height":0},"classes":[]},{"id":1026,"url":"https:\/\/quechilero.com\/blog\/2008\/07\/21\/querer-es-poder\/","url_meta":{"origin":16812,"position":2},"title":"Querer es poder","author":"Pepe Barrascout Ortiz","date":"21 julio 2008","format":false,"excerpt":"La oficina de reclutamiento del ej\u00e9rcito de Bombay, recibi\u00f3 una carta de tres muchachos entre los 10 y 13 a\u00f1os, en la que preguntaban si hab\u00eda alg\u00fan medio por el cual ellos pudieran ayudar a su pa\u00eds. Los ni\u00f1os, que eran hermanos, estaban \"casi seguros que eran demasiado peque\u00f1os, pero...\",\u2026","rel":"","context":"En \u00abLimones\u00bb","block_context":{"text":"Limones","link":"https:\/\/quechilero.com\/blog\/category\/limones\/"},"img":{"alt_text":"","src":"","width":0,"height":0},"classes":[]},{"id":4336,"url":"https:\/\/quechilero.com\/blog\/2010\/02\/21\/eres-mi-vida\/","url_meta":{"origin":16812,"position":3},"title":"Eres mi vida","author":"Pepe Barrascout Ortiz","date":"21 febrero 2010","format":false,"excerpt":"Hab\u00eda un ni\u00f1o de la India que fue enviado por sus padres a un internado. Antes de ser enviado, este muchacho fue el alumno m\u00e1s brillante de su clase. Era el primero en todo. \u00c9l era un campe\u00f3n. Pero el muchacho cambi\u00f3 despu\u00e9s de salir de casa. Sus notas empezaron\u2026","rel":"","context":"En \u00abLimones\u00bb","block_context":{"text":"Limones","link":"https:\/\/quechilero.com\/blog\/category\/limones\/"},"img":{"alt_text":"","src":"","width":0,"height":0},"classes":[]},{"id":17593,"url":"https:\/\/quechilero.com\/blog\/2013\/12\/21\/el-mejor-regalo\/","url_meta":{"origin":16812,"position":4},"title":"El mejor regalo","author":"Pepe Barrascout Ortiz","date":"21 diciembre 2013","format":false,"excerpt":"A un amigo m\u00edo llamado David, su hermano le dio un autom\u00f3vil como regalo de Navidad. En nochebuena, cuando David sali\u00f3 de su oficina, un ni\u00f1o de la calle estaba caminando alrededor del brillante coche nuevo, admir\u00e1ndolo. - \u00bfEste es su coche se\u00f1or? -pregunt\u00f3. David afirm\u00f3 con la cabeza. -\u2026","rel":"","context":"En \u00abLimones\u00bb","block_context":{"text":"Limones","link":"https:\/\/quechilero.com\/blog\/category\/limones\/"},"img":{"alt_text":"","src":"","width":0,"height":0},"classes":[]},{"id":16735,"url":"https:\/\/quechilero.com\/blog\/2013\/05\/31\/el-%ef%bb%bfarbol-de-manzanas\/","url_meta":{"origin":16812,"position":5},"title":"El \ufeff\u00e1rbol de manzanas","author":"Pepe Barrascout Ortiz","date":"31 mayo 2013","format":false,"excerpt":"Hace mucho tiempo, exist\u00eda un enorme \u00e1rbol de manzanas. Un peque\u00f1o ni\u00f1o lo amaba mucho y todos los d\u00edas jugaba alrededor de \u00e9l. Trepaba al \u00e1rbol hasta el tope, com\u00eda sus manzanas y tomaba una siesta bajo su sombra. \u00c9l amaba al \u00e1rbol y el \u00e1rbol amaba al ni\u00f1o. Pas\u00f3\u2026","rel":"","context":"En \u00abLimones\u00bb","block_context":{"text":"Limones","link":"https:\/\/quechilero.com\/blog\/category\/limones\/"},"img":{"alt_text":"","src":"","width":0,"height":0},"classes":[]}],"jetpack_featured_media_url":"","_links":{"self":[{"href":"https:\/\/quechilero.com\/blog\/wp-json\/wp\/v2\/posts\/16812","targetHints":{"allow":["GET"]}}],"collection":[{"href":"https:\/\/quechilero.com\/blog\/wp-json\/wp\/v2\/posts"}],"about":[{"href":"https:\/\/quechilero.com\/blog\/wp-json\/wp\/v2\/types\/post"}],"author":[{"embeddable":true,"href":"https:\/\/quechilero.com\/blog\/wp-json\/wp\/v2\/users\/1"}],"replies":[{"embeddable":true,"href":"https:\/\/quechilero.com\/blog\/wp-json\/wp\/v2\/comments?post=16812"}],"version-history":[{"count":0,"href":"https:\/\/quechilero.com\/blog\/wp-json\/wp\/v2\/posts\/16812\/revisions"}],"wp:attachment":[{"href":"https:\/\/quechilero.com\/blog\/wp-json\/wp\/v2\/media?parent=16812"}],"wp:term":[{"taxonomy":"category","embeddable":true,"href":"https:\/\/quechilero.com\/blog\/wp-json\/wp\/v2\/categories?post=16812"},{"taxonomy":"post_tag","embeddable":true,"href":"https:\/\/quechilero.com\/blog\/wp-json\/wp\/v2\/tags?post=16812"},{"taxonomy":"series","embeddable":true,"href":"https:\/\/quechilero.com\/blog\/wp-json\/wp\/v2\/series?post=16812"}],"curies":[{"name":"wp","href":"https:\/\/api.w.org\/{rel}","templated":true}]}}