{"id":16741,"date":"2013-06-03T08:00:15","date_gmt":"2013-06-03T14:00:15","guid":{"rendered":"http:\/\/quechilero.com\/blog\/?p=16741"},"modified":"2013-08-16T15:52:45","modified_gmt":"2013-08-16T21:52:45","slug":"un-tiempo-para-orar","status":"publish","type":"post","link":"https:\/\/quechilero.com\/blog\/2013\/06\/03\/un-tiempo-para-orar\/","title":{"rendered":"Un tiempo para orar"},"content":{"rendered":"<p>Unos a\u00f1os atr\u00e1s, un anuncio de televisi\u00f3n enfocaba el rostro sonriente de una preciosa joven. Aparec\u00eda mirando hacia abajo y evidentemente ocupada con cierta tarea, aunque no se ve\u00eda lo que hac\u00eda. Mientras desempe\u00f1aba su labor, ella oraba. El anuncio hacia \u00e9nfasis en ocupar tiempo para orar, aunque tuvieran que desarrollarse otros deberes durante el d\u00eda.<\/p>\n<p>Cuando el movimiento de la c\u00e1mara mostr\u00f3 un panorama m\u00e1s amplio, se vio claramente que la joven cambiaba el pa\u00f1al a su beb\u00e9.<\/p>\n<p>\u00a1Qu\u00e9 hermosa ilustraci\u00f3n acerca de lo f\u00e1cil que es para nosotros hablar con el Se\u00f1or! Tal vez le sea dif\u00edcil apartar un tiempo, a\u00fan breve, cada ma\u00f1ana, pero en el transcurso de las veinticuatro horas del d\u00eda, podemos con creatividad encontrar unos instantes y dedicarlos a Dios.<\/p>\n<p>Murmuramos y rechinamos,<br \/>\nNos enfurecemos y estallamos,<br \/>\nHablamos entre dientes y rezongamos,<br \/>\nNuestros sentimientos resultan da\u00f1ados.<br \/>\nNo podemos entender,<br \/>\nNuestra visi\u00f3n se nubla m\u00e1s y m\u00e1s,<br \/>\nY todo lo que necesitamos es:<br \/>\nTener un momento con \u00c9l.<\/p>\n<p>La mayor\u00eda de nosotros estamos tan ocupados durante el d\u00eda que se nos hace muy dif\u00edcil apartar una porci\u00f3n de tiempo para orar, y no precisamente para una breve plegaria de gratitud, sino unos momentos de genuina comunicaci\u00f3n con el Se\u00f1or.<\/p>\n<p>Dios anhela que tengamos este tiempo juntos, y nosotros lo necesitamos. Hay ocasiones para estar a solas con el Salvador, pero es necesario que con gran empe\u00f1o las busquemos.<\/p>\n","protected":false},"excerpt":{"rendered":"<p>Unos a\u00f1os atr\u00e1s, un anuncio de televisi\u00f3n enfocaba el rostro sonriente de una preciosa joven. Aparec\u00eda mirando hacia abajo y evidentemente ocupada con cierta tarea, aunque no se ve\u00eda lo que hac\u00eda. Mientras desempe\u00f1aba su labor, ella oraba. El anuncio hacia \u00e9nfasis en ocupar tiempo para orar, aunque tuvieran que desarrollarse otros deberes durante el &#8230; <a title=\"Un tiempo para orar\" class=\"read-more\" href=\"https:\/\/quechilero.com\/blog\/2013\/06\/03\/un-tiempo-para-orar\/\" aria-label=\"Leer m\u00e1s sobre Un tiempo para orar\">Leer m\u00e1s<\/a><\/p>\n","protected":false},"author":1,"featured_media":0,"comment_status":"open","ping_status":"open","sticky":false,"template":"","format":"standard","meta":{"advanced_seo_description":"","jetpack_seo_html_title":"","jetpack_seo_noindex":false,"jetpack_seo_schema_type":"","episode_type":"","audio_file":"","podmotor_file_id":"","podmotor_episode_id":"","cover_image":"","cover_image_id":"","duration":"","filesize":"","filesize_raw":"","date_recorded":"","explicit":"","block":"","_jetpack_newsletter_access":"","_jetpack_dont_email_post_to_subs":false,"_jetpack_newsletter_tier_id":0,"_jetpack_memberships_contains_paywalled_content":false,"_jetpack_feature_clip_id":0,"_jetpack_memberships_contains_paid_content":false,"footnotes":"","jetpack_publicize_message":"","jetpack_publicize_feature_enabled":true,"jetpack_social_post_already_shared":false,"jetpack_social_options":{"image_generator_settings":{"template":"highway","default_image_id":0,"font":"","enabled":false},"version":2},"jetpack_post_was_ever_published":false},"categories":[2],"tags":[51,102,82,5,24],"series":[],"class_list":["post-16741","post","type-post","status-publish","format-standard","hentry","category-limones","tag-dios","tag-ilustracion","tag-sentimiento","tag-tiempo","tag-vida"],"episode_featured_image":false,"episode_player_image":"https:\/\/i0.wp.com\/quechilero.com\/blog\/imagenes\/podcast.png?fit=1831%2C1831&ssl=1","download_link":"","player_link":"","audio_player":false,"episode_data":{"playerMode":"dark","subscribeUrls":{"amazon":{"key":"amazon","url":"","label":"Amazon","class":"amazon","icon":"amazon.png"},"apple_podcasts":{"key":"apple_podcasts","url":"","label":"Apple Podcasts","class":"apple_podcasts","icon":"apple-podcasts.png"},"castbox":{"key":"castbox","url":"","label":"CastBox","class":"castbox","icon":"castbox.png"},"deezer":{"key":"deezer","url":"","label":"Deezer","class":"deezer","icon":"deezer.png"},"google_podcasts":{"key":"google_podcasts","url":"","label":"Google Podcasts","class":"google_podcasts","icon":"google-podcasts.png"},"listen_notes":{"key":"listen_notes","url":"","label":"Listen Notes","class":"listen_notes","icon":"listen-notes.png"},"pandora":{"key":"pandora","url":"","label":"Pandora","class":"pandora","icon":"pandora.png"},"podbean":{"key":"podbean","url":"","label":"Podbean","class":"podbean","icon":"podbean.png"},"podcast_republic":{"key":"podcast_republic","url":"","label":"Podcast Republic","class":"podcast_republic","icon":"podcast-republic.png"},"rss":{"key":"rss","url":"","label":"RSS","class":"rss","icon":"rss.png"},"spotify":{"key":"spotify","url":"","label":"Spotify","class":"spotify","icon":"spotify.png"},"stitcher":{"key":"stitcher","url":"","label":"Stitcher","class":"stitcher","icon":"stitcher.png"},"tunein":{"key":"tunein","url":"","label":"TuneIn","class":"tunein","icon":"tunein.png"},"youtube":{"key":"youtube","url":"","label":"YouTube","class":"youtube","icon":"youtube.png"},"iheartradio":{"key":"iheartradio","url":"","label":"iHeartRadio","class":"iheartradio","icon":"iheartradio.png"},"ivoox":{"key":"ivoox","url":"","label":"iVoox","class":"ivoox","icon":"ivoox.png"}},"rssFeedUrl":"https:\/\/quechilero.com\/blog\/feed\/podcast\/si-la-vida-nos-da-limones","embedCode":"<blockquote class=\"wp-embedded-content\" data-secret=\"vohrLGviNo\"><a href=\"https:\/\/quechilero.com\/blog\/2013\/06\/03\/un-tiempo-para-orar\/\">Un tiempo para orar<\/a><\/blockquote><iframe sandbox=\"allow-scripts\" security=\"restricted\" src=\"https:\/\/quechilero.com\/blog\/2013\/06\/03\/un-tiempo-para-orar\/embed\/#?secret=vohrLGviNo\" width=\"500\" height=\"350\" title=\"\u00abUn tiempo para orar\u00bb \u2014 Si la Vida nos da Limones...\" data-secret=\"vohrLGviNo\" frameborder=\"0\" marginwidth=\"0\" marginheight=\"0\" scrolling=\"no\" class=\"wp-embedded-content\"><\/iframe><script>\n\/*! This file is auto-generated *\/\n!function(d,l){\"use strict\";l.querySelector&&d.addEventListener&&\"undefined\"!=typeof URL&&(d.wp=d.wp||{},d.wp.receiveEmbedMessage||(d.wp.receiveEmbedMessage=function(e){var t=e.data;if((t||t.secret||t.message||t.value)&&!\/[^a-zA-Z0-9]\/.test(t.secret)){for(var s,r,n,a=l.querySelectorAll('iframe[data-secret=\"'+t.secret+'\"]'),o=l.querySelectorAll('blockquote[data-secret=\"'+t.secret+'\"]'),c=new RegExp(\"^https?:$\",\"i\"),i=0;i<o.length;i++)o[i].style.display=\"none\";for(i=0;i<a.length;i++)s=a[i],e.source===s.contentWindow&&(s.removeAttribute(\"style\"),\"height\"===t.message?(1e3<(r=parseInt(t.value,10))?r=1e3:~~r<200&&(r=200),s.height=r):\"link\"===t.message&&(r=new URL(s.getAttribute(\"src\")),n=new URL(t.value),c.test(n.protocol))&&n.host===r.host&&l.activeElement===s&&(d.top.location.href=t.value))}},d.addEventListener(\"message\",d.wp.receiveEmbedMessage,!1),l.addEventListener(\"DOMContentLoaded\",function(){for(var e,t,s=l.querySelectorAll(\"iframe.wp-embedded-content\"),r=0;r<s.length;r++)(t=(e=s[r]).getAttribute(\"data-secret\"))||(t=Math.random().toString(36).substring(2,12),e.src+=\"#?secret=\"+t,e.setAttribute(\"data-secret\",t)),e.contentWindow.postMessage({message:\"ready\",secret:t},\"*\")},!1)))}(window,document);\n\/\/# sourceURL=https:\/\/quechilero.com\/blog\/wp-includes\/js\/wp-embed.min.js\n<\/script>\n"},"jetpack_publicize_connections":[],"jetpack_shortlink":"https:\/\/wp.me\/pDKli-4m1","jetpack_sharing_enabled":true,"jetpack-related-posts":[{"id":16013,"url":"https:\/\/quechilero.com\/blog\/2013\/02\/11\/el-dios-a-quien-yo-sirvo\/","url_meta":{"origin":16741,"position":0},"title":"El Dios a quien yo sirvo","author":"Pepe Barrascout Ortiz","date":"11 febrero 2013","format":false,"excerpt":"Un joven que trabajaba en el ej\u00e9rcito era humillado constantemente por ser cristiano. Un d\u00eda, su superior, queriendo humillarlo delante del pelot\u00f3n, llam\u00f3 al soldado y le dijo: - Joven venga aqu\u00ed, tome la llave y vaya hacia aquel Jeep y estaci\u00f3nelo all\u00e1 al frente. El joven soldado dijo: -\u2026","rel":"","context":"En \u00abLimones\u00bb","block_context":{"text":"Limones","link":"https:\/\/quechilero.com\/blog\/category\/limones\/"},"img":{"alt_text":"","src":"","width":0,"height":0},"classes":[]},{"id":7497,"url":"https:\/\/quechilero.com\/blog\/2011\/04\/11\/le-daras-tiempo-a-dios\/","url_meta":{"origin":16741,"position":1},"title":"\u00bfLe dar\u00e1s tiempo a Dios?","author":"Pepe Barrascout Ortiz","date":"11 abril 2011","format":false,"excerpt":"Si tienes un problema muy agobiante, una necesidad muy grande en tu vida; est\u00e1s orando... esperando... pero tal vez el problema es que no est\u00e1s escuchando a Dios. Algunos creen que orar significa seguir pidiendo y pidiendo, seguir hablando y rezando y rog\u00e1ndole al Se\u00f1or con una gran palabrer\u00eda y\u2026","rel":"","context":"En \u00abLimones\u00bb","block_context":{"text":"Limones","link":"https:\/\/quechilero.com\/blog\/category\/limones\/"},"img":{"alt_text":"","src":"","width":0,"height":0},"classes":[]},{"id":17748,"url":"https:\/\/quechilero.com\/blog\/2014\/02\/23\/no-juzguen-a-los-demas\/","url_meta":{"origin":16741,"position":2},"title":"No juzguen a los dem\u00e1s","author":"Pepe Barrascout Ortiz","date":"23 febrero 2014","format":false,"excerpt":"Cuenta una historia que cuatro personas entraron a un templo a orar y a adorar a Dios. Estaban all\u00ed postrados cuando entr\u00f3 otro creyente y se qued\u00f3 de pie mientras hac\u00eda su oraci\u00f3n. Entonces uno de los cuatro dijo indignado: - A esa persona le falta devoci\u00f3n porque no se\u2026","rel":"","context":"En \u00abLimones\u00bb","block_context":{"text":"Limones","link":"https:\/\/quechilero.com\/blog\/category\/limones\/"},"img":{"alt_text":"","src":"","width":0,"height":0},"classes":[]},{"id":2650,"url":"https:\/\/quechilero.com\/blog\/2009\/04\/16\/mandale-tribulaciones\/","url_meta":{"origin":16741,"position":3},"title":"M\u00e1ndale tribulaciones","author":"Pepe Barrascout Ortiz","date":"16 abril 2009","format":false,"excerpt":"Un joven acudi\u00f3 una vez a un anciano y le pidi\u00f3 que orara por \u00e9l: - \"Me doy cuenta que estoy cayendo continuamente en la impaciencia, \u00bfpodr\u00eda orar por m\u00ed para que pueda ser m\u00e1s paciente?\" El anciano accedi\u00f3. Se arrodillaron, y el hombre de Dios comenz\u00f3 a orar: -\u2026","rel":"","context":"En \u00abLimones\u00bb","block_context":{"text":"Limones","link":"https:\/\/quechilero.com\/blog\/category\/limones\/"},"img":{"alt_text":"","src":"","width":0,"height":0},"classes":[]},{"id":19533,"url":"https:\/\/quechilero.com\/blog\/2014\/10\/19\/siempre-puedes-estar-orando\/","url_meta":{"origin":16741,"position":4},"title":"Siempre puedes estar orando","author":"Pepe Barrascout Ortiz","date":"19 octubre 2014","format":false,"excerpt":"No hace falta que te eches de rodillas al suelo para poder orar. Pues de hecho, en todo lo que haces deber\u00edas orar y tener \"puestos los ojos en Jes\u00fas, el autor y consumador de nuestra fe.\" (Heb. 12:2) Orar es como respirar, como respirar constantemente el Esp\u00edritu Santo. \u00a1Mantente\u2026","rel":"","context":"En \u00abLimones\u00bb","block_context":{"text":"Limones","link":"https:\/\/quechilero.com\/blog\/category\/limones\/"},"img":{"alt_text":"","src":"","width":0,"height":0},"classes":[]},{"id":20117,"url":"https:\/\/quechilero.com\/blog\/2015\/05\/21\/haz-mi-paso-lento-senor\/","url_meta":{"origin":16741,"position":5},"title":"Haz mi paso lento, Se\u00f1or","author":"Pepe Barrascout Ortiz","date":"21 mayo 2015","format":false,"excerpt":"Alivia el latido de mi coraz\u00f3n mediante la quietud de mi mente. Dame, en medio de la confusi\u00f3n de mi d\u00eda, la calma de los cerros eternos. Aten\u00faa la tensi\u00f3n de mis nervios y m\u00fasculos, con la m\u00fasica suavizadora de las corrientes cantarinas que viven en mi memoria. Ay\u00fadame a\u2026","rel":"","context":"En \u00abLimones\u00bb","block_context":{"text":"Limones","link":"https:\/\/quechilero.com\/blog\/category\/limones\/"},"img":{"alt_text":"","src":"","width":0,"height":0},"classes":[]}],"jetpack_featured_media_url":"","_links":{"self":[{"href":"https:\/\/quechilero.com\/blog\/wp-json\/wp\/v2\/posts\/16741","targetHints":{"allow":["GET"]}}],"collection":[{"href":"https:\/\/quechilero.com\/blog\/wp-json\/wp\/v2\/posts"}],"about":[{"href":"https:\/\/quechilero.com\/blog\/wp-json\/wp\/v2\/types\/post"}],"author":[{"embeddable":true,"href":"https:\/\/quechilero.com\/blog\/wp-json\/wp\/v2\/users\/1"}],"replies":[{"embeddable":true,"href":"https:\/\/quechilero.com\/blog\/wp-json\/wp\/v2\/comments?post=16741"}],"version-history":[{"count":0,"href":"https:\/\/quechilero.com\/blog\/wp-json\/wp\/v2\/posts\/16741\/revisions"}],"wp:attachment":[{"href":"https:\/\/quechilero.com\/blog\/wp-json\/wp\/v2\/media?parent=16741"}],"wp:term":[{"taxonomy":"category","embeddable":true,"href":"https:\/\/quechilero.com\/blog\/wp-json\/wp\/v2\/categories?post=16741"},{"taxonomy":"post_tag","embeddable":true,"href":"https:\/\/quechilero.com\/blog\/wp-json\/wp\/v2\/tags?post=16741"},{"taxonomy":"series","embeddable":true,"href":"https:\/\/quechilero.com\/blog\/wp-json\/wp\/v2\/series?post=16741"}],"curies":[{"name":"wp","href":"https:\/\/api.w.org\/{rel}","templated":true}]}}