{"id":16737,"date":"2013-06-01T08:00:50","date_gmt":"2013-06-01T14:00:50","guid":{"rendered":"http:\/\/quechilero.com\/blog\/?p=16737"},"modified":"2013-08-16T12:33:32","modified_gmt":"2013-08-16T18:33:32","slug":"hoy-%ef%bb%bfdire-gracias-por-todo-papa","status":"publish","type":"post","link":"https:\/\/quechilero.com\/blog\/2013\/06\/01\/hoy-%ef%bb%bfdire-gracias-por-todo-papa\/","title":{"rendered":"Hoy&#8230; \ufeffDir\u00e9 gracias por todo Pap\u00e1"},"content":{"rendered":"<p>En medio de fuerzas y acontecimientos demasiado grandes para que nosotros solos forcejeemos con ellos, se nos presenta un mensaje intimidante de aislamiento. Empeque\u00f1ecidos frente al tama\u00f1o del universo, la incertidumbre del futuro, las necesidades de comida y amistad, somos como ese estudiante de primer a\u00f1o de bachillerato que acaba de cambiarse de ciudad y est\u00e1 de pie enfrente de su nueva escuela el primer d\u00eda de clases, sin conocer a nadie.<\/p>\n<p>Nos espera cualquier cosa. Ah\u00ed es cuando queremos saber con certeza que no estamos solos. El adorar es una forma de agradecer al Se\u00f1or por estar con nosotros m\u00e1s cerca de lo que cualquier otro amigo podr\u00eda estarlo alguna vez.<\/p>\n<p>En el coraz\u00f3n mismo de la adoraci\u00f3n y la alabanza est\u00e1 la acci\u00f3n de gracias, gratitud al Se\u00f1or por todo lo que ha hecho y por todo lo que es. Con la adoraci\u00f3n reconocemos la mano del Se\u00f1or en nuestra vida y le decimos cu\u00e1n contentos estamos por ello. Es sencillo y espont\u00e1neo, como las gracias expresadas a un padre por un ni\u00f1o que acaba de pescar su primer pez: \u00abGracias por traerme a pescar, pap\u00e1.\u00bb<\/p>\n<p>Hay tanto dentro de estas palabras atesoradas durante a\u00f1os por el padre, y se convierten en el punto culminante del viaje.<\/p>\n<p>La adoraci\u00f3n no es el reconocimiento de un desconocido; es el agradecimiento de un ni\u00f1o para quien el padre ha dispuesto y hecho muchas otras cosas. Aunque el ni\u00f1o en realidad nada sabe sobre las preparaciones para el viaje, mucho menos para la vida diaria en el hogar una vez que hayan regresado, el padre considera las simples gracias como la suficiente recompensa por todo. Casi ninguna otra cosa puede hacer que un padre se sienta tan exitoso en su vida.<\/p>\n<p>As\u00ed es como Dios recibe nuestra adoraci\u00f3n. Es como decir: \u00abGracias, Pap\u00e1. Te amo\u00bb. Aunque posiblemente nuestra adoraci\u00f3n no pueda abarcar todo lo que el Se\u00f1or es o todo lo que ha hecho por nosotros, \u00c9l la recibe como Su honra m\u00e1s preciada.<\/p>\n<p>Los \u00e1ngeles claman en adoraci\u00f3n majestuosa todo el tiempo, pero al Se\u00f1or le encanta el sonido de nuestra simple adoraci\u00f3n m\u00e1s que todos los himnos angelicales que pudieran cantarse alguna vez.<\/p>\n<p>Hoy le dir\u00e9 gracias Pap\u00e1 por todo lo que has hecho por m\u00ed.<\/p>\n<p>Se\u00f1or, T\u00fa eres mi padre y puedo decirte en este d\u00eda: \u00abGracias Pap\u00e1 por amarme y darme oxigeno cada d\u00eda, tu amor incomparable y flores cada primavera. En el Nombre de Jes\u00fas. Am\u00e9n.\u00bb<\/p>\n","protected":false},"excerpt":{"rendered":"<p>En medio de fuerzas y acontecimientos demasiado grandes para que nosotros solos forcejeemos con ellos, se nos presenta un mensaje intimidante de aislamiento. Empeque\u00f1ecidos frente al tama\u00f1o del universo, la incertidumbre del futuro, las necesidades de comida y amistad, somos como ese estudiante de primer a\u00f1o de bachillerato que acaba de cambiarse de ciudad y &#8230; <a title=\"Hoy&#8230; \ufeffDir\u00e9 gracias por todo Pap\u00e1\" class=\"read-more\" href=\"https:\/\/quechilero.com\/blog\/2013\/06\/01\/hoy-%ef%bb%bfdire-gracias-por-todo-papa\/\" aria-label=\"Leer m\u00e1s sobre Hoy&#8230; \ufeffDir\u00e9 gracias por todo Pap\u00e1\">Leer m\u00e1s<\/a><\/p>\n","protected":false},"author":1,"featured_media":0,"comment_status":"open","ping_status":"open","sticky":false,"template":"","format":"standard","meta":{"advanced_seo_description":"","jetpack_seo_html_title":"","jetpack_seo_noindex":false,"jetpack_seo_schema_type":"","episode_type":"","audio_file":"","podmotor_file_id":"","podmotor_episode_id":"","cover_image":"","cover_image_id":"","duration":"","filesize":"","filesize_raw":"","date_recorded":"","explicit":"","block":"","_jetpack_newsletter_access":"","_jetpack_dont_email_post_to_subs":false,"_jetpack_newsletter_tier_id":0,"_jetpack_memberships_contains_paywalled_content":false,"_jetpack_feature_clip_id":0,"_jetpack_memberships_contains_paid_content":false,"footnotes":"","jetpack_publicize_message":"","jetpack_publicize_feature_enabled":true,"jetpack_social_post_already_shared":false,"jetpack_social_options":{"image_generator_settings":{"template":"highway","default_image_id":0,"font":"","enabled":false},"version":2},"jetpack_post_was_ever_published":false},"categories":[2],"tags":[14,11,84,15,12,51,96,88,74,86,42,5,24],"series":[],"class_list":["post-16737","post","type-post","status-publish","format-standard","hentry","category-limones","tag-accion","tag-amigo","tag-amistad","tag-amor","tag-cosas","tag-dios","tag-exito","tag-flores","tag-jesus","tag-oracion","tag-palabra","tag-tiempo","tag-vida"],"episode_featured_image":false,"episode_player_image":"https:\/\/i0.wp.com\/quechilero.com\/blog\/imagenes\/podcast.png?fit=1831%2C1831&ssl=1","download_link":"","player_link":"","audio_player":false,"episode_data":{"playerMode":"dark","subscribeUrls":{"amazon":{"key":"amazon","url":"","label":"Amazon","class":"amazon","icon":"amazon.png"},"apple_podcasts":{"key":"apple_podcasts","url":"","label":"Apple Podcasts","class":"apple_podcasts","icon":"apple-podcasts.png"},"castbox":{"key":"castbox","url":"","label":"CastBox","class":"castbox","icon":"castbox.png"},"deezer":{"key":"deezer","url":"","label":"Deezer","class":"deezer","icon":"deezer.png"},"google_podcasts":{"key":"google_podcasts","url":"","label":"Google Podcasts","class":"google_podcasts","icon":"google-podcasts.png"},"listen_notes":{"key":"listen_notes","url":"","label":"Listen Notes","class":"listen_notes","icon":"listen-notes.png"},"pandora":{"key":"pandora","url":"","label":"Pandora","class":"pandora","icon":"pandora.png"},"podbean":{"key":"podbean","url":"","label":"Podbean","class":"podbean","icon":"podbean.png"},"podcast_republic":{"key":"podcast_republic","url":"","label":"Podcast Republic","class":"podcast_republic","icon":"podcast-republic.png"},"rss":{"key":"rss","url":"","label":"RSS","class":"rss","icon":"rss.png"},"spotify":{"key":"spotify","url":"","label":"Spotify","class":"spotify","icon":"spotify.png"},"stitcher":{"key":"stitcher","url":"","label":"Stitcher","class":"stitcher","icon":"stitcher.png"},"tunein":{"key":"tunein","url":"","label":"TuneIn","class":"tunein","icon":"tunein.png"},"youtube":{"key":"youtube","url":"","label":"YouTube","class":"youtube","icon":"youtube.png"},"iheartradio":{"key":"iheartradio","url":"","label":"iHeartRadio","class":"iheartradio","icon":"iheartradio.png"},"ivoox":{"key":"ivoox","url":"","label":"iVoox","class":"ivoox","icon":"ivoox.png"}},"rssFeedUrl":"https:\/\/quechilero.com\/blog\/feed\/podcast\/si-la-vida-nos-da-limones","embedCode":"<blockquote class=\"wp-embedded-content\" data-secret=\"G2Z2lSQ34t\"><a href=\"https:\/\/quechilero.com\/blog\/2013\/06\/01\/hoy-%ef%bb%bfdire-gracias-por-todo-papa\/\">Hoy&#8230; \ufeffDir\u00e9 gracias por todo Pap\u00e1<\/a><\/blockquote><iframe sandbox=\"allow-scripts\" security=\"restricted\" src=\"https:\/\/quechilero.com\/blog\/2013\/06\/01\/hoy-%ef%bb%bfdire-gracias-por-todo-papa\/embed\/#?secret=G2Z2lSQ34t\" width=\"500\" height=\"350\" title=\"\u00abHoy&#8230; \ufeffDir\u00e9 gracias por todo Pap\u00e1\u00bb \u2014 Si la Vida nos da Limones...\" data-secret=\"G2Z2lSQ34t\" frameborder=\"0\" marginwidth=\"0\" marginheight=\"0\" scrolling=\"no\" class=\"wp-embedded-content\"><\/iframe><script>\n\/*! This file is auto-generated *\/\n!function(d,l){\"use strict\";l.querySelector&&d.addEventListener&&\"undefined\"!=typeof URL&&(d.wp=d.wp||{},d.wp.receiveEmbedMessage||(d.wp.receiveEmbedMessage=function(e){var t=e.data;if((t||t.secret||t.message||t.value)&&!\/[^a-zA-Z0-9]\/.test(t.secret)){for(var s,r,n,a=l.querySelectorAll('iframe[data-secret=\"'+t.secret+'\"]'),o=l.querySelectorAll('blockquote[data-secret=\"'+t.secret+'\"]'),c=new RegExp(\"^https?:$\",\"i\"),i=0;i<o.length;i++)o[i].style.display=\"none\";for(i=0;i<a.length;i++)s=a[i],e.source===s.contentWindow&&(s.removeAttribute(\"style\"),\"height\"===t.message?(1e3<(r=parseInt(t.value,10))?r=1e3:~~r<200&&(r=200),s.height=r):\"link\"===t.message&&(r=new URL(s.getAttribute(\"src\")),n=new URL(t.value),c.test(n.protocol))&&n.host===r.host&&l.activeElement===s&&(d.top.location.href=t.value))}},d.addEventListener(\"message\",d.wp.receiveEmbedMessage,!1),l.addEventListener(\"DOMContentLoaded\",function(){for(var e,t,s=l.querySelectorAll(\"iframe.wp-embedded-content\"),r=0;r<s.length;r++)(t=(e=s[r]).getAttribute(\"data-secret\"))||(t=Math.random().toString(36).substring(2,12),e.src+=\"#?secret=\"+t,e.setAttribute(\"data-secret\",t)),e.contentWindow.postMessage({message:\"ready\",secret:t},\"*\")},!1)))}(window,document);\n\/\/# sourceURL=https:\/\/quechilero.com\/blog\/wp-includes\/js\/wp-embed.min.js\n<\/script>\n"},"jetpack_publicize_connections":[],"jetpack_shortlink":"https:\/\/wp.me\/pDKli-4lX","jetpack_sharing_enabled":true,"jetpack-related-posts":[{"id":22613,"url":"https:\/\/quechilero.com\/blog\/2017\/08\/22\/gracias-amigos-2017\/","url_meta":{"origin":16737,"position":0},"title":"Gracias amigos","author":"Pepe Barrascout Ortiz","date":"22 agosto 2017","format":false,"excerpt":"Una vez m\u00e1s, a todos mis amigos les doy las gracias, que como en a\u00f1os anteriores, me han saludado con motivo de mi cumplea\u00f1os. Cada vez, este mensaje de agradecimiento llega m\u00e1s tarde, porque cada vez son m\u00e1s los saludos que recibo y se hace bastante complicado irlos reuniendo. Sin\u2026","rel":"","context":"En \u00abLimones\u00bb","block_context":{"text":"Limones","link":"https:\/\/quechilero.com\/blog\/category\/limones\/"},"img":{"alt_text":"","src":"","width":0,"height":0},"classes":[]},{"id":11429,"url":"https:\/\/quechilero.com\/blog\/2011\/12\/12\/oracion-para-la-cena-de-accion-de-gracias\/","url_meta":{"origin":16737,"position":1},"title":"Oraci\u00f3n para la Cena de Acci\u00f3n de Gracias","author":"Pepe Barrascout Ortiz","date":"12 diciembre 2011","format":false,"excerpt":"Gracias, Se\u00f1or, por el pan que nos das para aplacar el hambre. Por la risa del ni\u00f1o que se vuelve caricia. Por el mar y la nube. Por el don de sentir a plenitud la vida. Gracias, Se\u00f1or, por cada hora, a\u00fan cuando no todas sean iguales de buenas. Gracias\u2026","rel":"","context":"En \u00abLimones\u00bb","block_context":{"text":"Limones","link":"https:\/\/quechilero.com\/blog\/category\/limones\/"},"img":{"alt_text":"","src":"","width":0,"height":0},"classes":[]},{"id":5748,"url":"https:\/\/quechilero.com\/blog\/2010\/10\/08\/el-valor-de-la-amistad\/","url_meta":{"origin":16737,"position":2},"title":"El valor de la Amistad","author":"Pepe Barrascout Ortiz","date":"8 octubre 2010","format":false,"excerpt":"Las hermanas de L\u00e1zaro no encuentran mejor t\u00edtulo que el de la amistad para solicitar la presencia del Se\u00f1or: Tu amigo est\u00e1 enfermo (Juan 11, 3) le mandan decir. Es el mejor argumento que tienen a mano. Jes\u00fas busc\u00f3 y facilit\u00f3 la amistad a todos aquellos que encontr\u00f3 por los\u2026","rel":"","context":"En \u00abLimones\u00bb","block_context":{"text":"Limones","link":"https:\/\/quechilero.com\/blog\/category\/limones\/"},"img":{"alt_text":"","src":"","width":0,"height":0},"classes":[]},{"id":21528,"url":"https:\/\/quechilero.com\/blog\/2015\/08\/26\/amigos-gracias\/","url_meta":{"origin":16737,"position":3},"title":"Amigos, gracias","author":"Pepe Barrascout Ortiz","date":"26 agosto 2015","format":false,"excerpt":"Es reconfortante y alegre, recibir muestras de cari\u00f1o y aprecio en el d\u00eda de nuestro cumplea\u00f1os. Ya sea por tradici\u00f3n, costumbre o sentimiento de agrado, el recibir un saludo, es algo que siempre es bien recibido. Amigos, gracias. Con el paso del tiempo, los saludos de cumplea\u00f1os han ido cambiando,\u2026","rel":"","context":"En \u00abLimones\u00bb","block_context":{"text":"Limones","link":"https:\/\/quechilero.com\/blog\/category\/limones\/"},"img":{"alt_text":"","src":"http:\/\/i392.photobucket.com\/albums\/pp7\/pepejaguar\/blog\/001_zpsexpfswow.jpg~original","width":350,"height":200,"srcset":"http:\/\/i392.photobucket.com\/albums\/pp7\/pepejaguar\/blog\/001_zpsexpfswow.jpg~original 1x, http:\/\/i392.photobucket.com\/albums\/pp7\/pepejaguar\/blog\/001_zpsexpfswow.jpg~original 1.5x, http:\/\/i392.photobucket.com\/albums\/pp7\/pepejaguar\/blog\/001_zpsexpfswow.jpg~original 2x"},"classes":[]},{"id":10236,"url":"https:\/\/quechilero.com\/blog\/2011\/08\/23\/gracias-amigos\/","url_meta":{"origin":16737,"position":4},"title":"Gracias Amigos","author":"Pepe Barrascout Ortiz","date":"23 agosto 2011","format":false,"excerpt":"Nada nos pertenece, hasta que no lo hemos agradecido adecuadamente. Muchas gracias amigos, por todas las muestras de cari\u00f1o y aprecio, que cada quien con su estilo propio, me hizo saber para el d\u00eda de mi cumplea\u00f1os. No pod\u00eda dejar de agradecer a todos y cada uno sus amables palabras,\u2026","rel":"","context":"En \u00abLimones\u00bb","block_context":{"text":"Limones","link":"https:\/\/quechilero.com\/blog\/category\/limones\/"},"img":{"alt_text":"","src":"https:\/\/i0.wp.com\/lh5.googleusercontent.com\/-Qqbsxd-jX-M\/TlK_sp1o_kI\/AAAAAAAAA4o\/up0ntgvygj4\/s800\/cumplea%2525C3%2525B1os1.png?resize=350%2C200&ssl=1","width":350,"height":200,"srcset":"https:\/\/i0.wp.com\/lh5.googleusercontent.com\/-Qqbsxd-jX-M\/TlK_sp1o_kI\/AAAAAAAAA4o\/up0ntgvygj4\/s800\/cumplea%2525C3%2525B1os1.png?resize=350%2C200&ssl=1 1x, https:\/\/i0.wp.com\/lh5.googleusercontent.com\/-Qqbsxd-jX-M\/TlK_sp1o_kI\/AAAAAAAAA4o\/up0ntgvygj4\/s800\/cumplea%2525C3%2525B1os1.png?resize=525%2C300&ssl=1 1.5x"},"classes":[]},{"id":29244,"url":"https:\/\/quechilero.com\/blog\/2018\/08\/20\/gracias-amigos-2018\/","url_meta":{"origin":16737,"position":5},"title":"Gracias amigos","author":"Pepe Barrascout Ortiz","date":"20 agosto 2018","format":false,"excerpt":"Este a\u00f1o rompiendo la tradici\u00f3n y siguiendo el ejemplo de mi santo patrono,\u00a0San Lorenzo, el d\u00eda de mi cumplea\u00f1os en lugar de salir de viaje, lo pas\u00e9 al lado del tesoro m\u00e1s valioso que tiene la Iglesia. Fue agradable pasar el d\u00eda hablando de Dios, se los recomiendo, hagan lo\u2026","rel":"","context":"En \u00abLimones\u00bb","block_context":{"text":"Limones","link":"https:\/\/quechilero.com\/blog\/category\/limones\/"},"img":{"alt_text":"","src":"https:\/\/i0.wp.com\/archive.org\/download\/QueChileroBlog\/AlberguePapaFrancisco10ago18.jpg?resize=350%2C200&ssl=1","width":350,"height":200,"srcset":"https:\/\/i0.wp.com\/archive.org\/download\/QueChileroBlog\/AlberguePapaFrancisco10ago18.jpg?resize=350%2C200&ssl=1 1x, https:\/\/i0.wp.com\/archive.org\/download\/QueChileroBlog\/AlberguePapaFrancisco10ago18.jpg?resize=525%2C300&ssl=1 1.5x"},"classes":[]}],"jetpack_featured_media_url":"","_links":{"self":[{"href":"https:\/\/quechilero.com\/blog\/wp-json\/wp\/v2\/posts\/16737","targetHints":{"allow":["GET"]}}],"collection":[{"href":"https:\/\/quechilero.com\/blog\/wp-json\/wp\/v2\/posts"}],"about":[{"href":"https:\/\/quechilero.com\/blog\/wp-json\/wp\/v2\/types\/post"}],"author":[{"embeddable":true,"href":"https:\/\/quechilero.com\/blog\/wp-json\/wp\/v2\/users\/1"}],"replies":[{"embeddable":true,"href":"https:\/\/quechilero.com\/blog\/wp-json\/wp\/v2\/comments?post=16737"}],"version-history":[{"count":0,"href":"https:\/\/quechilero.com\/blog\/wp-json\/wp\/v2\/posts\/16737\/revisions"}],"wp:attachment":[{"href":"https:\/\/quechilero.com\/blog\/wp-json\/wp\/v2\/media?parent=16737"}],"wp:term":[{"taxonomy":"category","embeddable":true,"href":"https:\/\/quechilero.com\/blog\/wp-json\/wp\/v2\/categories?post=16737"},{"taxonomy":"post_tag","embeddable":true,"href":"https:\/\/quechilero.com\/blog\/wp-json\/wp\/v2\/tags?post=16737"},{"taxonomy":"series","embeddable":true,"href":"https:\/\/quechilero.com\/blog\/wp-json\/wp\/v2\/series?post=16737"}],"curies":[{"name":"wp","href":"https:\/\/api.w.org\/{rel}","templated":true}]}}