{"id":16727,"date":"2013-05-27T08:00:42","date_gmt":"2013-05-27T14:00:42","guid":{"rendered":"http:\/\/quechilero.com\/blog\/?p=16727"},"modified":"2013-08-16T12:28:36","modified_gmt":"2013-08-16T18:28:36","slug":"descubrir-a-cristo-como-amigo","status":"publish","type":"post","link":"https:\/\/quechilero.com\/blog\/2013\/05\/27\/descubrir-a-cristo-como-amigo\/","title":{"rendered":"Descubrir a Cristo como Amigo"},"content":{"rendered":"<p>Tal vez lo hemos le\u00eddo muchas veces: Jes\u00fas no quiere llamarnos siervos. Su deseo consiste en que seamos y vivamos como amigos (Cf. Jn 15,14-15).<\/p>\n<p>La vida, sin embargo, nos arrastra con mil problemas, mil angustias, mil miedos, mil placeres que llegan y que pasan. Estamos m\u00e1s preocupados por el trabajo o por la pintura del techo que por lo que le ocurre a nuestro Amigo.<\/p>\n<p>Jes\u00fas, sin embargo, mantiene su mano tendida, su Coraz\u00f3n abierto, su mirada llena de cari\u00f1o. Sabemos que nos espera, con una presencia humilde y acogedora, en la Eucarist\u00eda. Sabemos que anhela perdonarnos en el encuentro de la misericordia que se produce en cada confesi\u00f3n bien hecha.<\/p>\n<p>Si dejamos un poco de espacio a su amor de Amigo, si le abrimos, aunque sea una simple rendija, la puerta del alma, entrar\u00e1 con gusto. As\u00ed podremos cenar juntos (Cf. Ap 3,20).<\/p>\n<p>Es entonces cuando descubriremos que su presencia suaviza las penas, enciende alegr\u00edas, da fortaleza para afrontar una vida llena de sorpresas y de pruebas.<\/p>\n<p>Tener a Cristo cerca cambia completamente la existencia humana. El mundo adquiere un color distinto. El que es verdadero amigo del Amigo eterno entiende pronto que hemos nacido para \u00c9l, y que nuestro coraz\u00f3n, como el de San Agust\u00edn y el de tantos santos del pasado y del presente, s\u00f3lo podr\u00e1 estar tranquilo y sereno cuando lo encontremos.<\/p>\n<p><em><strong>P. Fernando Pascual LC<\/strong><\/em><\/p>\n","protected":false},"excerpt":{"rendered":"<p>Tal vez lo hemos le\u00eddo muchas veces: Jes\u00fas no quiere llamarnos siervos. Su deseo consiste en que seamos y vivamos como amigos (Cf. Jn 15,14-15). La vida, sin embargo, nos arrastra con mil problemas, mil angustias, mil miedos, mil placeres que llegan y que pasan. Estamos m\u00e1s preocupados por el trabajo o por la pintura &#8230; <a title=\"Descubrir a Cristo como Amigo\" class=\"read-more\" href=\"https:\/\/quechilero.com\/blog\/2013\/05\/27\/descubrir-a-cristo-como-amigo\/\" aria-label=\"Leer m\u00e1s sobre Descubrir a Cristo como Amigo\">Leer m\u00e1s<\/a><\/p>\n","protected":false},"author":1,"featured_media":0,"comment_status":"open","ping_status":"open","sticky":false,"template":"","format":"standard","meta":{"advanced_seo_description":"","jetpack_seo_html_title":"","jetpack_seo_noindex":false,"jetpack_seo_schema_type":"","episode_type":"","audio_file":"","podmotor_file_id":"","podmotor_episode_id":"","cover_image":"","cover_image_id":"","duration":"","filesize":"","filesize_raw":"","date_recorded":"","explicit":"","block":"","_jetpack_newsletter_access":"","_jetpack_dont_email_post_to_subs":false,"_jetpack_newsletter_tier_id":0,"_jetpack_memberships_contains_paywalled_content":false,"_jetpack_feature_clip_id":0,"_jetpack_memberships_contains_paid_content":false,"footnotes":"","jetpack_publicize_message":"","jetpack_publicize_feature_enabled":true,"jetpack_social_post_already_shared":false,"jetpack_social_options":{"image_generator_settings":{"template":"highway","default_image_id":0,"font":"","enabled":false},"version":2},"jetpack_post_was_ever_published":false},"categories":[2],"tags":[87,11,15,45,64,74,21,36,41,24],"series":[],"class_list":["post-16727","post","type-post","status-publish","format-standard","hentry","category-limones","tag-alegria","tag-amigo","tag-amor","tag-deseo","tag-fortaleza","tag-jesus","tag-problema","tag-trabajo","tag-verdad","tag-vida"],"episode_featured_image":false,"episode_player_image":"https:\/\/i0.wp.com\/quechilero.com\/blog\/imagenes\/podcast.png?fit=1831%2C1831&ssl=1","download_link":"","player_link":"","audio_player":false,"episode_data":{"playerMode":"dark","subscribeUrls":{"amazon":{"key":"amazon","url":"","label":"Amazon","class":"amazon","icon":"amazon.png"},"apple_podcasts":{"key":"apple_podcasts","url":"","label":"Apple Podcasts","class":"apple_podcasts","icon":"apple-podcasts.png"},"castbox":{"key":"castbox","url":"","label":"CastBox","class":"castbox","icon":"castbox.png"},"deezer":{"key":"deezer","url":"","label":"Deezer","class":"deezer","icon":"deezer.png"},"google_podcasts":{"key":"google_podcasts","url":"","label":"Google Podcasts","class":"google_podcasts","icon":"google-podcasts.png"},"listen_notes":{"key":"listen_notes","url":"","label":"Listen Notes","class":"listen_notes","icon":"listen-notes.png"},"pandora":{"key":"pandora","url":"","label":"Pandora","class":"pandora","icon":"pandora.png"},"podbean":{"key":"podbean","url":"","label":"Podbean","class":"podbean","icon":"podbean.png"},"podcast_republic":{"key":"podcast_republic","url":"","label":"Podcast Republic","class":"podcast_republic","icon":"podcast-republic.png"},"rss":{"key":"rss","url":"","label":"RSS","class":"rss","icon":"rss.png"},"spotify":{"key":"spotify","url":"","label":"Spotify","class":"spotify","icon":"spotify.png"},"stitcher":{"key":"stitcher","url":"","label":"Stitcher","class":"stitcher","icon":"stitcher.png"},"tunein":{"key":"tunein","url":"","label":"TuneIn","class":"tunein","icon":"tunein.png"},"youtube":{"key":"youtube","url":"","label":"YouTube","class":"youtube","icon":"youtube.png"},"iheartradio":{"key":"iheartradio","url":"","label":"iHeartRadio","class":"iheartradio","icon":"iheartradio.png"},"ivoox":{"key":"ivoox","url":"","label":"iVoox","class":"ivoox","icon":"ivoox.png"}},"rssFeedUrl":"https:\/\/quechilero.com\/blog\/feed\/podcast\/si-la-vida-nos-da-limones","embedCode":"<blockquote class=\"wp-embedded-content\" data-secret=\"4ldA9ZXJ4M\"><a href=\"https:\/\/quechilero.com\/blog\/2013\/05\/27\/descubrir-a-cristo-como-amigo\/\">Descubrir a Cristo como Amigo<\/a><\/blockquote><iframe sandbox=\"allow-scripts\" security=\"restricted\" src=\"https:\/\/quechilero.com\/blog\/2013\/05\/27\/descubrir-a-cristo-como-amigo\/embed\/#?secret=4ldA9ZXJ4M\" width=\"500\" height=\"350\" title=\"\u00abDescubrir a Cristo como Amigo\u00bb \u2014 Si la Vida nos da Limones...\" data-secret=\"4ldA9ZXJ4M\" frameborder=\"0\" marginwidth=\"0\" marginheight=\"0\" scrolling=\"no\" class=\"wp-embedded-content\"><\/iframe><script>\n\/*! This file is auto-generated *\/\n!function(d,l){\"use strict\";l.querySelector&&d.addEventListener&&\"undefined\"!=typeof URL&&(d.wp=d.wp||{},d.wp.receiveEmbedMessage||(d.wp.receiveEmbedMessage=function(e){var t=e.data;if((t||t.secret||t.message||t.value)&&!\/[^a-zA-Z0-9]\/.test(t.secret)){for(var s,r,n,a=l.querySelectorAll('iframe[data-secret=\"'+t.secret+'\"]'),o=l.querySelectorAll('blockquote[data-secret=\"'+t.secret+'\"]'),c=new RegExp(\"^https?:$\",\"i\"),i=0;i<o.length;i++)o[i].style.display=\"none\";for(i=0;i<a.length;i++)s=a[i],e.source===s.contentWindow&&(s.removeAttribute(\"style\"),\"height\"===t.message?(1e3<(r=parseInt(t.value,10))?r=1e3:~~r<200&&(r=200),s.height=r):\"link\"===t.message&&(r=new URL(s.getAttribute(\"src\")),n=new URL(t.value),c.test(n.protocol))&&n.host===r.host&&l.activeElement===s&&(d.top.location.href=t.value))}},d.addEventListener(\"message\",d.wp.receiveEmbedMessage,!1),l.addEventListener(\"DOMContentLoaded\",function(){for(var e,t,s=l.querySelectorAll(\"iframe.wp-embedded-content\"),r=0;r<s.length;r++)(t=(e=s[r]).getAttribute(\"data-secret\"))||(t=Math.random().toString(36).substring(2,12),e.src+=\"#?secret=\"+t,e.setAttribute(\"data-secret\",t)),e.contentWindow.postMessage({message:\"ready\",secret:t},\"*\")},!1)))}(window,document);\n\/\/# sourceURL=https:\/\/quechilero.com\/blog\/wp-includes\/js\/wp-embed.min.js\n<\/script>\n"},"jetpack_publicize_connections":[],"jetpack_shortlink":"https:\/\/wp.me\/pDKli-4lN","jetpack_sharing_enabled":true,"jetpack-related-posts":[{"id":27315,"url":"https:\/\/quechilero.com\/blog\/2013\/10\/03\/podcast-en-la-vida-de-san-agustin-episodio-10\/","url_meta":{"origin":16727,"position":0},"title":"Podcast: En la Vida de San Agust\u00edn, episodio 10","author":"Pepe Barrascout Ortiz","date":"3 octubre 2013","format":false,"excerpt":"De las inquietudes juveniles y su formaci\u00f3n El cap\u00edtulo comienza con la predicaci\u00f3n de Agust\u00edn sobre la oraci\u00f3n de Jes\u00fas a Dios Padre (Juan 17). Despu\u00e9s tendr\u00e1 una conversaci\u00f3n con Heraclio, el formador, y lo anima a tener paciencia a los formandos. Juanico entrar\u00e1 por primera vez a la habitaci\u00f3n,\u2026","rel":"","context":"En \u00abPodcast\u00bb","block_context":{"text":"Podcast","link":"https:\/\/quechilero.com\/blog\/category\/podcast\/"},"img":{"alt_text":"Las 6 de la ma\u00f1ana. Podcast","src":"https:\/\/i0.wp.com\/lh3.googleusercontent.com\/-MuDpgG_t8tg\/Uics8DjfI0I\/AAAAAAAACFg\/DQ_9XUG-gUE\/s800\/san-agustin.png?resize=350%2C200&ssl=1","width":350,"height":200,"srcset":"https:\/\/i0.wp.com\/lh3.googleusercontent.com\/-MuDpgG_t8tg\/Uics8DjfI0I\/AAAAAAAACFg\/DQ_9XUG-gUE\/s800\/san-agustin.png?resize=350%2C200&ssl=1 1x, https:\/\/i0.wp.com\/lh3.googleusercontent.com\/-MuDpgG_t8tg\/Uics8DjfI0I\/AAAAAAAACFg\/DQ_9XUG-gUE\/s800\/san-agustin.png?resize=525%2C300&ssl=1 1.5x"},"classes":[]},{"id":7613,"url":"https:\/\/quechilero.com\/blog\/2011\/04\/14\/reflexiones-de-cuaresma-dia-37\/","url_meta":{"origin":16727,"position":1},"title":"Reflexiones de Cuaresma d\u00eda 37","author":"Pepe Barrascout Ortiz","date":"14 abril 2011","format":false,"excerpt":"Oraci\u00f3n inicial Se\u00f1or m\u00edo, Jesucristo, creo firmemente que est\u00e1s aqu\u00ed; en estos pocos minutos de oraci\u00f3n que empiezo ahora quiero pedirte y agradecerte. Pedirte\u00a0la gracia de darme m\u00e1s cuenta de que T\u00fa vives, me escuchas y me amas; tanto, que has querido morir libremente por m\u00ed en la cruz y\u2026","rel":"","context":"En \u00abLimones por mano\u00bb","block_context":{"text":"Limones por mano","link":"https:\/\/quechilero.com\/blog\/category\/limones-por-mano\/"},"img":{"alt_text":"","src":"","width":0,"height":0},"classes":[]},{"id":2852,"url":"https:\/\/quechilero.com\/blog\/2009\/07\/06\/ten-hambre-por-unas-horas\/","url_meta":{"origin":16727,"position":2},"title":"Ten hambre por unas horas","author":"Pepe Barrascout Ortiz","date":"6 julio 2009","format":false,"excerpt":"Casi todos estamos inmersos en la cultura de consumir, comprar y adquirir y entre m\u00e1s tengamos, mejor. Sin embargo olvidamos los principios b\u00e1sicos del ser humano y nos olvidamos que hay millones que apenas tienen, si acaso, para cumplir con sus necesidades m\u00e1s b\u00e1sicas como alimento o vestido. Ni\u00f1os que\u2026","rel":"","context":"En \u00abLimones\u00bb","block_context":{"text":"Limones","link":"https:\/\/quechilero.com\/blog\/category\/limones\/"},"img":{"alt_text":"","src":"","width":0,"height":0},"classes":[]},{"id":20085,"url":"https:\/\/quechilero.com\/blog\/2015\/05\/03\/alguien-digno-de-imitar\/","url_meta":{"origin":16727,"position":3},"title":"Alguien digno de imitar","author":"Pepe Barrascout Ortiz","date":"3 mayo 2015","format":false,"excerpt":"El funeral del abuelo de Madison fue uno de los mayores vistos en la ciudad. M\u00e1s de quinientas personas asistieron a la iglesia para el servicio f\u00fanebre. Amigos del abuelo que lo conoc\u00edan desde la ni\u00f1ez, vecinos, personas que trabajaron con \u00e9l, amigos m\u00e1s j\u00f3venes, comerciantes, hermanos, sus hijos y\u2026","rel":"","context":"En \u00abLimones\u00bb","block_context":{"text":"Limones","link":"https:\/\/quechilero.com\/blog\/category\/limones\/"},"img":{"alt_text":"","src":"","width":0,"height":0},"classes":[]},{"id":1019,"url":"https:\/\/quechilero.com\/blog\/2008\/07\/12\/dios-cree-en-vos\/","url_meta":{"origin":16727,"position":4},"title":"Dios Cree en Vos","author":"Pepe Barrascout Ortiz","date":"12 julio 2008","format":false,"excerpt":"Estando solo en mi casa, recuerdo que cierta vez cerr\u00e9 todas las puertas y empec\u00e9 a reclamarle a Dios por muchas cosas. Porque no hab\u00eda aprendido que ser Cristiano no es no tener problemas, sino enfrentarlos al lado de Jes\u00fas. Jes\u00fas s\u00f3lo se me quedaba viendo en silencio y cuando\u2026","rel":"","context":"En \u00abLimones\u00bb","block_context":{"text":"Limones","link":"https:\/\/quechilero.com\/blog\/category\/limones\/"},"img":{"alt_text":"","src":"","width":0,"height":0},"classes":[]},{"id":17464,"url":"https:\/\/quechilero.com\/blog\/2013\/11\/25\/anclado-en-la-esperanza\/","url_meta":{"origin":16727,"position":5},"title":"Anclado en la esperanza","author":"Pepe Barrascout Ortiz","date":"25 noviembre 2013","format":false,"excerpt":"Ocurri\u00f3. Comet\u00ed ese pecado que tanto da\u00f1o me hizo. Falt\u00e9 a una promesa dada. No ayud\u00e9 a un familiar que me necesitaba. Traicion\u00e9 la confianza de un amigo. O, simplemente, fui v\u00edctima de los actos que otros cometieron con una malicia que me llena de rabia. Ocurri\u00f3. A veces quedamos\u2026","rel":"","context":"En \u00abLimones\u00bb","block_context":{"text":"Limones","link":"https:\/\/quechilero.com\/blog\/category\/limones\/"},"img":{"alt_text":"","src":"","width":0,"height":0},"classes":[]}],"jetpack_featured_media_url":"","_links":{"self":[{"href":"https:\/\/quechilero.com\/blog\/wp-json\/wp\/v2\/posts\/16727","targetHints":{"allow":["GET"]}}],"collection":[{"href":"https:\/\/quechilero.com\/blog\/wp-json\/wp\/v2\/posts"}],"about":[{"href":"https:\/\/quechilero.com\/blog\/wp-json\/wp\/v2\/types\/post"}],"author":[{"embeddable":true,"href":"https:\/\/quechilero.com\/blog\/wp-json\/wp\/v2\/users\/1"}],"replies":[{"embeddable":true,"href":"https:\/\/quechilero.com\/blog\/wp-json\/wp\/v2\/comments?post=16727"}],"version-history":[{"count":0,"href":"https:\/\/quechilero.com\/blog\/wp-json\/wp\/v2\/posts\/16727\/revisions"}],"wp:attachment":[{"href":"https:\/\/quechilero.com\/blog\/wp-json\/wp\/v2\/media?parent=16727"}],"wp:term":[{"taxonomy":"category","embeddable":true,"href":"https:\/\/quechilero.com\/blog\/wp-json\/wp\/v2\/categories?post=16727"},{"taxonomy":"post_tag","embeddable":true,"href":"https:\/\/quechilero.com\/blog\/wp-json\/wp\/v2\/tags?post=16727"},{"taxonomy":"series","embeddable":true,"href":"https:\/\/quechilero.com\/blog\/wp-json\/wp\/v2\/series?post=16727"}],"curies":[{"name":"wp","href":"https:\/\/api.w.org\/{rel}","templated":true}]}}