{"id":16725,"date":"2013-05-26T08:00:46","date_gmt":"2013-05-26T14:00:46","guid":{"rendered":"http:\/\/quechilero.com\/blog\/?p=16725"},"modified":"2013-08-16T12:27:37","modified_gmt":"2013-08-16T18:27:37","slug":"solemnidad-de-corpus-christi","status":"publish","type":"post","link":"https:\/\/quechilero.com\/blog\/2013\/05\/26\/solemnidad-de-corpus-christi\/","title":{"rendered":"Solemnidad de Corpus Christi"},"content":{"rendered":"<p>Con esta importante celebraci\u00f3n comprendemos mejor la instituci\u00f3n de la Sagrada Eucarist\u00eda, cumpliendo la promesa de Cristo de entregarse a s\u00ed mismo por la salvaci\u00f3n de la humanidad<\/p>\n<p>Corpus Christi es \u00abCuerpo de Cristo\u00bb en lat\u00edn. Esta fiesta conmemora la instituci\u00f3n de la Santa Eucarist\u00eda y se celebra en la Iglesia Latina el jueves despu\u00e9s del domingo de la Sant\u00edsima Trinidad.<\/p>\n<p>La Eucarist\u00eda fue instituida por Jesucristo el \u00abJueves Santo\u00bb. Sin embargo, este d\u00eda en semana santa est\u00e1 ocupado con muchas reflexiones sobre la pasi\u00f3n.<\/p>\n<p>Dios utiliz\u00f3 a santa Juliana de Mont Cornillon para propiciar esta fiesta. La santa nace en Retines cerca de Li\u00e8ge, B\u00e9lgica en 1193. Qued\u00f3 hu\u00e9rfana muy peque\u00f1a y fue educada por las monjas Agustinas en Mont Cornillon. Cuando creci\u00f3, hizo su profesi\u00f3n religiosa y m\u00e1s tarde fue superiora de su comunidad. Por diferentes intrigas tuvo que irse del convento. Muri\u00f3 el 5 de abril de 1258, en la casa de las monjas Cistercienses en Fosses y fue enterrada en Villiers.<\/p>\n<p>Juliana, desde joven, tuvo una gran veneraci\u00f3n al Sant\u00edsimo Sacramento. Y siempre a\u00f1oraba que se tuviera una fiesta especial en su honor. Este deseo se dice haberse intensificado por una visi\u00f3n que ella tuvo de la Iglesia bajo la apariencia de luna llena con una mancha negra, que significaba la ausencia de esta solemnidad. Ella le hizo conocer sus ideas a Roberto de Thorete, el entonces obispo de Li\u00e8ge, tambi\u00e9n al docto Dominico Hugh, m\u00e1s tarde cardenal legado de los Pa\u00edses Bajos; a Jacques Pantale\u00f3n, en ese tiempo archidi\u00e1cono de Li\u00e8ge, quien llegar\u00eda a ser el Papa Urbano IV. El obispo Roberto se impresion\u00f3 favorablemente y como en ese tiempo los obispos ten\u00edan el derecho de ordenar fiestas para sus di\u00f3cesis, invoc\u00f3 un s\u00ednodo en 1246 y orden\u00f3 que la celebraci\u00f3n se tuviera el a\u00f1o entrante.<\/p>\n<p>El obispo Roberto no vivi\u00f3 para ver la realizaci\u00f3n de su orden, ya que muri\u00f3 el 16 de octubre de 1246, pero la fiesta se celebr\u00f3 por primera vez por los c\u00e1nones de San Mart\u00edn en Li\u00e8ge. Jacques Pantale\u00f3n lleg\u00f3 a ser Papa el 29 de agosto de 1261. Urbano IV, siempre siendo admirador de esta fiesta, public\u00f3 la bula \u00abTransiturus\u00bb el 8 de septiembre de 1264, en la cual, despu\u00e9s de haber ensalzado el amor de nuestro Salvador expresado en la Santa Eucarist\u00eda, orden\u00f3 que se celebrara la solemnidad de \u00abCorpus Christi\u00bb en el d\u00eda jueves despu\u00e9s del domingo de la Sant\u00edsima Trinidad, al mismo tiempo otorgando muchas indulgencias a todos los fieles que asistieran a la santa misa y al oficio. Este oficio, compuesto por el doctor ang\u00e9lico, Santo Tom\u00e1s de Aquino, por petici\u00f3n del Papa, es uno de los m\u00e1s hermosos en el breviario Romano y ha sido admirado a\u00fan por protestantes.<\/p>\n<p>La muerte del Papa Urbano IV (el 2 de octubre de 1264), un poco despu\u00e9s de la publicaci\u00f3n del decreto, obstaculiz\u00f3 que se difundiera la fiesta. Pero el Papa Clemente V tom\u00f3 el asunto en sus manos y en el concilio general de Viena (1311), orden\u00f3 una vez m\u00e1s la adopci\u00f3n de esta fiesta. Public\u00f3 un nuevo decreto incorporando el de Urbano IV. Juan XXII, sucesor de Clemente V, inst\u00f3 su observancia.<\/p>\n<p>La fiesta fue aceptada en Cologne en 1306; en Worms la adoptaron en 1315; en Strasburg en 1316. En Inglaterra fue introducida de B\u00e9lgica entre 1320 y 1325. En los Estados Unidos y en otros pa\u00edses la solemnidad se celebra el domingo despu\u00e9s del domingo de la Sant\u00edsima Trinidad.<\/p>\n","protected":false},"excerpt":{"rendered":"<p>Con esta importante celebraci\u00f3n comprendemos mejor la instituci\u00f3n de la Sagrada Eucarist\u00eda, cumpliendo la promesa de Cristo de entregarse a s\u00ed mismo por la salvaci\u00f3n de la humanidad Corpus Christi es \u00abCuerpo de Cristo\u00bb en lat\u00edn. Esta fiesta conmemora la instituci\u00f3n de la Santa Eucarist\u00eda y se celebra en la Iglesia Latina el jueves despu\u00e9s &#8230; <a title=\"Solemnidad de Corpus Christi\" class=\"read-more\" href=\"https:\/\/quechilero.com\/blog\/2013\/05\/26\/solemnidad-de-corpus-christi\/\" aria-label=\"Leer m\u00e1s sobre Solemnidad de Corpus Christi\">Leer m\u00e1s<\/a><\/p>\n","protected":false},"author":1,"featured_media":0,"comment_status":"open","ping_status":"open","sticky":false,"template":"","format":"standard","meta":{"advanced_seo_description":"","jetpack_seo_html_title":"","jetpack_seo_noindex":false,"jetpack_seo_schema_type":"","episode_type":"","audio_file":"","podmotor_file_id":"","podmotor_episode_id":"","cover_image":"","cover_image_id":"","duration":"","filesize":"","filesize_raw":"","date_recorded":"","explicit":"","block":"","_jetpack_newsletter_access":"","_jetpack_dont_email_post_to_subs":false,"_jetpack_newsletter_tier_id":0,"_jetpack_memberships_contains_paywalled_content":false,"_jetpack_feature_clip_id":0,"_jetpack_memberships_contains_paid_content":false,"footnotes":"","jetpack_publicize_message":"","jetpack_publicize_feature_enabled":true,"jetpack_social_post_already_shared":false,"jetpack_social_options":{"image_generator_settings":{"template":"highway","default_image_id":0,"font":"","enabled":false},"version":2},"jetpack_post_was_ever_published":false},"categories":[2],"tags":[15,45,51,32,9,50,52,5],"series":[],"class_list":["post-16725","post","type-post","status-publish","format-standard","hentry","category-limones","tag-amor","tag-deseo","tag-dios","tag-especial","tag-idea","tag-muerte","tag-pasion","tag-tiempo"],"episode_featured_image":false,"episode_player_image":"https:\/\/i0.wp.com\/quechilero.com\/blog\/imagenes\/podcast.png?fit=1831%2C1831&ssl=1","download_link":"","player_link":"","audio_player":false,"episode_data":{"playerMode":"dark","subscribeUrls":{"amazon":{"key":"amazon","url":"","label":"Amazon","class":"amazon","icon":"amazon.png"},"apple_podcasts":{"key":"apple_podcasts","url":"","label":"Apple Podcasts","class":"apple_podcasts","icon":"apple-podcasts.png"},"castbox":{"key":"castbox","url":"","label":"CastBox","class":"castbox","icon":"castbox.png"},"deezer":{"key":"deezer","url":"","label":"Deezer","class":"deezer","icon":"deezer.png"},"google_podcasts":{"key":"google_podcasts","url":"","label":"Google Podcasts","class":"google_podcasts","icon":"google-podcasts.png"},"listen_notes":{"key":"listen_notes","url":"","label":"Listen Notes","class":"listen_notes","icon":"listen-notes.png"},"pandora":{"key":"pandora","url":"","label":"Pandora","class":"pandora","icon":"pandora.png"},"podbean":{"key":"podbean","url":"","label":"Podbean","class":"podbean","icon":"podbean.png"},"podcast_republic":{"key":"podcast_republic","url":"","label":"Podcast Republic","class":"podcast_republic","icon":"podcast-republic.png"},"rss":{"key":"rss","url":"","label":"RSS","class":"rss","icon":"rss.png"},"spotify":{"key":"spotify","url":"","label":"Spotify","class":"spotify","icon":"spotify.png"},"stitcher":{"key":"stitcher","url":"","label":"Stitcher","class":"stitcher","icon":"stitcher.png"},"tunein":{"key":"tunein","url":"","label":"TuneIn","class":"tunein","icon":"tunein.png"},"youtube":{"key":"youtube","url":"","label":"YouTube","class":"youtube","icon":"youtube.png"},"iheartradio":{"key":"iheartradio","url":"","label":"iHeartRadio","class":"iheartradio","icon":"iheartradio.png"},"ivoox":{"key":"ivoox","url":"","label":"iVoox","class":"ivoox","icon":"ivoox.png"}},"rssFeedUrl":"https:\/\/quechilero.com\/blog\/feed\/podcast\/si-la-vida-nos-da-limones","embedCode":"<blockquote class=\"wp-embedded-content\" data-secret=\"KlEIDLHLLn\"><a href=\"https:\/\/quechilero.com\/blog\/2013\/05\/26\/solemnidad-de-corpus-christi\/\">Solemnidad de Corpus Christi<\/a><\/blockquote><iframe sandbox=\"allow-scripts\" security=\"restricted\" src=\"https:\/\/quechilero.com\/blog\/2013\/05\/26\/solemnidad-de-corpus-christi\/embed\/#?secret=KlEIDLHLLn\" width=\"500\" height=\"350\" title=\"\u00abSolemnidad de Corpus Christi\u00bb \u2014 Si la Vida nos da Limones...\" data-secret=\"KlEIDLHLLn\" frameborder=\"0\" marginwidth=\"0\" marginheight=\"0\" scrolling=\"no\" class=\"wp-embedded-content\"><\/iframe><script>\n\/*! This file is auto-generated *\/\n!function(d,l){\"use strict\";l.querySelector&&d.addEventListener&&\"undefined\"!=typeof URL&&(d.wp=d.wp||{},d.wp.receiveEmbedMessage||(d.wp.receiveEmbedMessage=function(e){var t=e.data;if((t||t.secret||t.message||t.value)&&!\/[^a-zA-Z0-9]\/.test(t.secret)){for(var s,r,n,a=l.querySelectorAll('iframe[data-secret=\"'+t.secret+'\"]'),o=l.querySelectorAll('blockquote[data-secret=\"'+t.secret+'\"]'),c=new RegExp(\"^https?:$\",\"i\"),i=0;i<o.length;i++)o[i].style.display=\"none\";for(i=0;i<a.length;i++)s=a[i],e.source===s.contentWindow&&(s.removeAttribute(\"style\"),\"height\"===t.message?(1e3<(r=parseInt(t.value,10))?r=1e3:~~r<200&&(r=200),s.height=r):\"link\"===t.message&&(r=new URL(s.getAttribute(\"src\")),n=new URL(t.value),c.test(n.protocol))&&n.host===r.host&&l.activeElement===s&&(d.top.location.href=t.value))}},d.addEventListener(\"message\",d.wp.receiveEmbedMessage,!1),l.addEventListener(\"DOMContentLoaded\",function(){for(var e,t,s=l.querySelectorAll(\"iframe.wp-embedded-content\"),r=0;r<s.length;r++)(t=(e=s[r]).getAttribute(\"data-secret\"))||(t=Math.random().toString(36).substring(2,12),e.src+=\"#?secret=\"+t,e.setAttribute(\"data-secret\",t)),e.contentWindow.postMessage({message:\"ready\",secret:t},\"*\")},!1)))}(window,document);\n\/\/# sourceURL=https:\/\/quechilero.com\/blog\/wp-includes\/js\/wp-embed.min.js\n<\/script>\n"},"jetpack_publicize_connections":[],"jetpack_shortlink":"https:\/\/wp.me\/pDKli-4lL","jetpack_sharing_enabled":true,"jetpack-related-posts":[{"id":9552,"url":"https:\/\/quechilero.com\/blog\/2011\/06\/26\/procesion-de-corpus-christi\/","url_meta":{"origin":16725,"position":0},"title":"Procesi\u00f3n de Corpus Christi","author":"Pepe Barrascout Ortiz","date":"26 junio 2011","format":false,"excerpt":"Participar en la procesi\u00f3n con el Sant\u00edsimo La procesi\u00f3n con el Sant\u00edsimo consiste en hacer un homenaje agradecido, p\u00fablico y multitudinario de la presencia real de Cristo en la Eucarist\u00eda. Se acostumbra sacar en procesi\u00f3n al Sant\u00edsimo Sacramento por las calles y las plazas o dentro de la parroquia o\u2026","rel":"","context":"En \u00abLimones\u00bb","block_context":{"text":"Limones","link":"https:\/\/quechilero.com\/blog\/category\/limones\/"},"img":{"alt_text":"","src":"","width":0,"height":0},"classes":[]},{"id":461,"url":"https:\/\/quechilero.com\/blog\/2007\/02\/21\/el-santo-rosario\/","url_meta":{"origin":16725,"position":1},"title":"El Santo Rosario","author":"Pepe Barrascout Ortiz","date":"21 febrero 2007","format":false,"excerpt":"Preparaci\u00f3n: * Nos hacemos la se\u00f1al de la Cruz * Nos ponemos en presencia de Dios y para que la oraci\u00f3n llegue al Cielo, pedimos humildemente perd\u00f3n al Se\u00f1or por nuestras faltas (en silencio). Rezamos el Acto de Contrici\u00f3n (el \"P\u00e9same\") * Decimos: \"En el primer misterio recordamos...\" (nombramos el\u2026","rel":"","context":"En \u00abLimones\u00bb","block_context":{"text":"Limones","link":"https:\/\/quechilero.com\/blog\/category\/limones\/"},"img":{"alt_text":"","src":"","width":0,"height":0},"classes":[]},{"id":21401,"url":"https:\/\/quechilero.com\/blog\/2015\/07\/31\/este-es-mi-cuerpo-esta-es-mi-sangre\/","url_meta":{"origin":16725,"position":2},"title":"\u00a1Este es mi cuerpo, esta es mi sangre!","author":"Pepe Barrascout Ortiz","date":"31 julio 2015","format":false,"excerpt":"Una vez m\u00e1s ante ti, Se\u00f1or. Hoy es un d\u00eda grande para ti, para nosotros, para tu Iglesia. Es la solemnidad donde se exalta y glorifica la presencia de tu Cuerpo, tu Sangre y tu Divinidad en el Sacramento de la Eucarist\u00eda. \u00a1Hoy es Corpus Christi! \u00bfQu\u00e9 te podemos decir,\u2026","rel":"","context":"En \u00abLimones\u00bb","block_context":{"text":"Limones","link":"https:\/\/quechilero.com\/blog\/category\/limones\/"},"img":{"alt_text":"","src":"","width":0,"height":0},"classes":[]},{"id":4614,"url":"https:\/\/quechilero.com\/blog\/2010\/04\/02\/viernes-santo\/","url_meta":{"origin":16725,"position":3},"title":"Viernes Santo","author":"Pepe Barrascout Ortiz","date":"2 abril 2010","format":false,"excerpt":"La tarde del Viernes Santo presenta el drama inmenso de la muerte de Cristo en el Calvario. La cruz erguida sobre el mundo sigue en pie como signo de salvaci\u00f3n y de esperanza. Con la Pasi\u00f3n de Jes\u00fas seg\u00fan el\u00a0Evangelio de Juan contemplamos el misterio del Crucificado, con el coraz\u00f3n\u2026","rel":"","context":"En \u00abLimones\u00bb","block_context":{"text":"Limones","link":"https:\/\/quechilero.com\/blog\/category\/limones\/"},"img":{"alt_text":"","src":"","width":0,"height":0},"classes":[]},{"id":27326,"url":"https:\/\/quechilero.com\/blog\/2010\/10\/04\/santo-rosario-misterios-luminosos\/","url_meta":{"origin":16725,"position":4},"title":"Santo Rosario: Misterios Luminosos","author":"Pepe Barrascout Ortiz","date":"4 octubre 2010","format":false,"excerpt":"Los Misterios Luminosos los rezamos los Jueves En el nombre del Padre, y del Hijo, y del Esp\u00edritu Santo. Am\u00e9n. Dios m\u00edo, ven en mi auxilio. Se\u00f1or, date prisa en socorrerme. Gloria al Padre, Gloria al Hijo y Gloria al Esp\u00edritu Santo, Am\u00e9n. Primer Misterio Luminoso. El Bautismo de Jes\u00fas.\u2026","rel":"","context":"En \u00abEl Santo Rosario\u00bb","block_context":{"text":"El Santo Rosario","link":"https:\/\/quechilero.com\/blog\/category\/podcast\/el-santo-rosario\/"},"img":{"alt_text":"Misterios Luminosos","src":"https:\/\/i0.wp.com\/i392.photobucket.com\/albums\/pp7\/pepejaguar\/blog\/Misterios-Luminosos_zpsb09a52c6.jpg?resize=350%2C200","width":350,"height":200,"srcset":"https:\/\/i0.wp.com\/i392.photobucket.com\/albums\/pp7\/pepejaguar\/blog\/Misterios-Luminosos_zpsb09a52c6.jpg?resize=350%2C200 1x, https:\/\/i0.wp.com\/i392.photobucket.com\/albums\/pp7\/pepejaguar\/blog\/Misterios-Luminosos_zpsb09a52c6.jpg?resize=525%2C300 1.5x"},"classes":[]},{"id":5951,"url":"https:\/\/quechilero.com\/blog\/2010\/11\/01\/fiesta-de-todos-los-santos\/","url_meta":{"origin":16725,"position":5},"title":"Fiesta de Todos los Santos","author":"Pepe Barrascout Ortiz","date":"1 noviembre 2010","format":false,"excerpt":"Este d\u00eda se celebran a todos los millones de personas que han llegado al cielo, aunque sean desconocidos para nosotros. Santo es aquel que ha llegado al cielo, algunos han sido canonizados y son por esto propuestos por la Iglesia como ejemplos de vida cristiana. La comuni\u00f3n de los santos,\u2026","rel":"","context":"En \u00abLimones\u00bb","block_context":{"text":"Limones","link":"https:\/\/quechilero.com\/blog\/category\/limones\/"},"img":{"alt_text":"","src":"","width":0,"height":0},"classes":[]}],"jetpack_featured_media_url":"","_links":{"self":[{"href":"https:\/\/quechilero.com\/blog\/wp-json\/wp\/v2\/posts\/16725","targetHints":{"allow":["GET"]}}],"collection":[{"href":"https:\/\/quechilero.com\/blog\/wp-json\/wp\/v2\/posts"}],"about":[{"href":"https:\/\/quechilero.com\/blog\/wp-json\/wp\/v2\/types\/post"}],"author":[{"embeddable":true,"href":"https:\/\/quechilero.com\/blog\/wp-json\/wp\/v2\/users\/1"}],"replies":[{"embeddable":true,"href":"https:\/\/quechilero.com\/blog\/wp-json\/wp\/v2\/comments?post=16725"}],"version-history":[{"count":0,"href":"https:\/\/quechilero.com\/blog\/wp-json\/wp\/v2\/posts\/16725\/revisions"}],"wp:attachment":[{"href":"https:\/\/quechilero.com\/blog\/wp-json\/wp\/v2\/media?parent=16725"}],"wp:term":[{"taxonomy":"category","embeddable":true,"href":"https:\/\/quechilero.com\/blog\/wp-json\/wp\/v2\/categories?post=16725"},{"taxonomy":"post_tag","embeddable":true,"href":"https:\/\/quechilero.com\/blog\/wp-json\/wp\/v2\/tags?post=16725"},{"taxonomy":"series","embeddable":true,"href":"https:\/\/quechilero.com\/blog\/wp-json\/wp\/v2\/series?post=16725"}],"curies":[{"name":"wp","href":"https:\/\/api.w.org\/{rel}","templated":true}]}}