{"id":16715,"date":"2013-05-20T08:00:40","date_gmt":"2013-05-20T14:00:40","guid":{"rendered":"http:\/\/quechilero.com\/blog\/?p=16715"},"modified":"2013-08-16T12:21:53","modified_gmt":"2013-08-16T18:21:53","slug":"cambiar-el-mundo","status":"publish","type":"post","link":"https:\/\/quechilero.com\/blog\/2013\/05\/20\/cambiar-el-mundo\/","title":{"rendered":"Cambiar el mundo"},"content":{"rendered":"<p>Lleg\u00f3 una vez un profeta a una ciudad y comenz\u00f3 a gritar, en su plaza mayor, que era necesario un cambio de la marcha del pa\u00eds. El profeta gritaba y gritaba y una multitud considerable acudi\u00f3 a escuchar sus voces, aunque m\u00e1s por curiosidad que por inter\u00e9s.<\/p>\n<p>Y el profeta pon\u00eda toda su alma en sus voces, exigiendo el cambio de las costumbres. Pero, seg\u00fan pasaban los d\u00edas, eran menos cada vez los curiosos que rodeaban al profeta y ni una sola persona parec\u00eda dispuesta a cambiar de vida. Pero el profeta no se desalentaba y segu\u00eda gritando.<\/p>\n<p>Hasta que un d\u00eda ya nadie se detuvo a escuchar sus voces. Mas el profeta segu\u00eda gritando en la soledad de la gran plaza. Y pasaban los d\u00edas. Y el profeta segu\u00eda gritando. Y nadie le escuchaba.<\/p>\n<p>Al fin, alguien se acerc\u00f3 y le pregunt\u00f3: \u00ab\u00bfPor qu\u00e9 sigues gritando? \u00bfNo ves que nadie est\u00e1 dispuesto a cambiar?\u00bb<\/p>\n<p>\u00abSigo gritando\u00bb -dijo el profeta- \u00abporque si me callara, ellos me habr\u00edan cambiado a m\u00ed.\u00bb<\/p>\n","protected":false},"excerpt":{"rendered":"<p>Lleg\u00f3 una vez un profeta a una ciudad y comenz\u00f3 a gritar, en su plaza mayor, que era necesario un cambio de la marcha del pa\u00eds. El profeta gritaba y gritaba y una multitud considerable acudi\u00f3 a escuchar sus voces, aunque m\u00e1s por curiosidad que por inter\u00e9s. Y el profeta pon\u00eda toda su alma en &#8230; <a title=\"Cambiar el mundo\" class=\"read-more\" href=\"https:\/\/quechilero.com\/blog\/2013\/05\/20\/cambiar-el-mundo\/\" aria-label=\"Leer m\u00e1s sobre Cambiar el mundo\">Leer m\u00e1s<\/a><\/p>\n","protected":false},"author":1,"featured_media":0,"comment_status":"open","ping_status":"open","sticky":false,"template":"","format":"standard","meta":{"advanced_seo_description":"","jetpack_seo_html_title":"","jetpack_seo_noindex":false,"jetpack_seo_schema_type":"","episode_type":"","audio_file":"","podmotor_file_id":"","podmotor_episode_id":"","cover_image":"","cover_image_id":"","duration":"","filesize":"","filesize_raw":"","date_recorded":"","explicit":"","block":"","_jetpack_newsletter_access":"","_jetpack_dont_email_post_to_subs":false,"_jetpack_newsletter_tier_id":0,"_jetpack_memberships_contains_paywalled_content":false,"_jetpack_feature_clip_id":0,"_jetpack_memberships_contains_paid_content":false,"footnotes":"","jetpack_publicize_message":"","jetpack_publicize_feature_enabled":true,"jetpack_social_post_already_shared":false,"jetpack_social_options":{"image_generator_settings":{"template":"highway","default_image_id":0,"font":"","enabled":false},"version":2},"jetpack_post_was_ever_published":false},"categories":[2],"tags":[48,24],"series":[],"class_list":["post-16715","post","type-post","status-publish","format-standard","hentry","category-limones","tag-curiosidad","tag-vida"],"episode_featured_image":false,"episode_player_image":"https:\/\/i0.wp.com\/quechilero.com\/blog\/imagenes\/podcast.png?fit=1831%2C1831&ssl=1","download_link":"","player_link":"","audio_player":false,"episode_data":{"playerMode":"dark","subscribeUrls":{"amazon":{"key":"amazon","url":"","label":"Amazon","class":"amazon","icon":"amazon.png"},"apple_podcasts":{"key":"apple_podcasts","url":"","label":"Apple Podcasts","class":"apple_podcasts","icon":"apple-podcasts.png"},"castbox":{"key":"castbox","url":"","label":"CastBox","class":"castbox","icon":"castbox.png"},"deezer":{"key":"deezer","url":"","label":"Deezer","class":"deezer","icon":"deezer.png"},"google_podcasts":{"key":"google_podcasts","url":"","label":"Google Podcasts","class":"google_podcasts","icon":"google-podcasts.png"},"listen_notes":{"key":"listen_notes","url":"","label":"Listen Notes","class":"listen_notes","icon":"listen-notes.png"},"pandora":{"key":"pandora","url":"","label":"Pandora","class":"pandora","icon":"pandora.png"},"podbean":{"key":"podbean","url":"","label":"Podbean","class":"podbean","icon":"podbean.png"},"podcast_republic":{"key":"podcast_republic","url":"","label":"Podcast Republic","class":"podcast_republic","icon":"podcast-republic.png"},"rss":{"key":"rss","url":"","label":"RSS","class":"rss","icon":"rss.png"},"spotify":{"key":"spotify","url":"","label":"Spotify","class":"spotify","icon":"spotify.png"},"stitcher":{"key":"stitcher","url":"","label":"Stitcher","class":"stitcher","icon":"stitcher.png"},"tunein":{"key":"tunein","url":"","label":"TuneIn","class":"tunein","icon":"tunein.png"},"youtube":{"key":"youtube","url":"","label":"YouTube","class":"youtube","icon":"youtube.png"},"iheartradio":{"key":"iheartradio","url":"","label":"iHeartRadio","class":"iheartradio","icon":"iheartradio.png"},"ivoox":{"key":"ivoox","url":"","label":"iVoox","class":"ivoox","icon":"ivoox.png"}},"rssFeedUrl":"https:\/\/quechilero.com\/blog\/feed\/podcast\/si-la-vida-nos-da-limones","embedCode":"<blockquote class=\"wp-embedded-content\" data-secret=\"7vAbgTksuZ\"><a href=\"https:\/\/quechilero.com\/blog\/2013\/05\/20\/cambiar-el-mundo\/\">Cambiar el mundo<\/a><\/blockquote><iframe sandbox=\"allow-scripts\" security=\"restricted\" src=\"https:\/\/quechilero.com\/blog\/2013\/05\/20\/cambiar-el-mundo\/embed\/#?secret=7vAbgTksuZ\" width=\"500\" height=\"350\" title=\"\u00abCambiar el mundo\u00bb \u2014 Si la Vida nos da Limones...\" data-secret=\"7vAbgTksuZ\" frameborder=\"0\" marginwidth=\"0\" marginheight=\"0\" scrolling=\"no\" class=\"wp-embedded-content\"><\/iframe><script>\n\/*! This file is auto-generated *\/\n!function(d,l){\"use strict\";l.querySelector&&d.addEventListener&&\"undefined\"!=typeof URL&&(d.wp=d.wp||{},d.wp.receiveEmbedMessage||(d.wp.receiveEmbedMessage=function(e){var t=e.data;if((t||t.secret||t.message||t.value)&&!\/[^a-zA-Z0-9]\/.test(t.secret)){for(var s,r,n,a=l.querySelectorAll('iframe[data-secret=\"'+t.secret+'\"]'),o=l.querySelectorAll('blockquote[data-secret=\"'+t.secret+'\"]'),c=new RegExp(\"^https?:$\",\"i\"),i=0;i<o.length;i++)o[i].style.display=\"none\";for(i=0;i<a.length;i++)s=a[i],e.source===s.contentWindow&&(s.removeAttribute(\"style\"),\"height\"===t.message?(1e3<(r=parseInt(t.value,10))?r=1e3:~~r<200&&(r=200),s.height=r):\"link\"===t.message&&(r=new URL(s.getAttribute(\"src\")),n=new URL(t.value),c.test(n.protocol))&&n.host===r.host&&l.activeElement===s&&(d.top.location.href=t.value))}},d.addEventListener(\"message\",d.wp.receiveEmbedMessage,!1),l.addEventListener(\"DOMContentLoaded\",function(){for(var e,t,s=l.querySelectorAll(\"iframe.wp-embedded-content\"),r=0;r<s.length;r++)(t=(e=s[r]).getAttribute(\"data-secret\"))||(t=Math.random().toString(36).substring(2,12),e.src+=\"#?secret=\"+t,e.setAttribute(\"data-secret\",t)),e.contentWindow.postMessage({message:\"ready\",secret:t},\"*\")},!1)))}(window,document);\n\/\/# sourceURL=https:\/\/quechilero.com\/blog\/wp-includes\/js\/wp-embed.min.js\n<\/script>\n"},"jetpack_publicize_connections":[],"jetpack_shortlink":"https:\/\/wp.me\/pDKli-4lB","jetpack_sharing_enabled":true,"jetpack-related-posts":[{"id":892,"url":"https:\/\/quechilero.com\/blog\/2008\/03\/08\/cuaresma-evangelio-08-mar-08\/","url_meta":{"origin":16715,"position":0},"title":"Cuaresma &#8211; Evangelio 08 mar 08","author":"Pepe Barrascout Ortiz","date":"8 marzo 2008","format":false,"excerpt":"Evangelio seg\u00fan San Juan 7,40-53. Algunos de la multitud que lo hab\u00edan o\u00eddo, opinaban: \"Este es verdaderamente el Profeta\". Otros dec\u00edan: \"Este es el Mes\u00edas\". Pero otros preguntaban: \"\u00bfAcaso el Mes\u00edas vendr\u00e1 de Galilea? \u00bfNo dice la Escritura que el Mes\u00edas vendr\u00e1 del linaje de David y de Bel\u00e9n, el\u2026","rel":"","context":"En \u00abLimones\u00bb","block_context":{"text":"Limones","link":"https:\/\/quechilero.com\/blog\/category\/limones\/"},"img":{"alt_text":"","src":"","width":0,"height":0},"classes":[]},{"id":15359,"url":"https:\/\/quechilero.com\/blog\/2012\/12\/09\/segundo-domingo-de-adviento\/","url_meta":{"origin":16715,"position":1},"title":"Segundo Domingo de Adviento","author":"Pepe Barrascout Ortiz","date":"9 diciembre 2012","format":false,"excerpt":"Segundo Domingo de Adviento (ciclo B) Reunida la familia o el grupo de personas, se encienden: la vela del primer domingo y la que corresponde al segundo domingo. Hermanos: Al introducirnos m\u00e1s de lleno en el tiempo de Adviento, la Palabra de Dios nos urge a una reflexi\u00f3n m\u00e1s profunda.\u2026","rel":"","context":"En \u00abLimones\u00bb","block_context":{"text":"Limones","link":"https:\/\/quechilero.com\/blog\/category\/limones\/"},"img":{"alt_text":"","src":"https:\/\/i0.wp.com\/i392.photobucket.com\/albums\/pp7\/pepejaguar\/blog\/2-domingo-adviento.png?resize=350%2C200","width":350,"height":200,"srcset":"https:\/\/i0.wp.com\/i392.photobucket.com\/albums\/pp7\/pepejaguar\/blog\/2-domingo-adviento.png?resize=350%2C200 1x, https:\/\/i0.wp.com\/i392.photobucket.com\/albums\/pp7\/pepejaguar\/blog\/2-domingo-adviento.png?resize=525%2C300 1.5x"},"classes":[]},{"id":15360,"url":"https:\/\/quechilero.com\/blog\/2012\/12\/16\/tercer-domingo-de-adviento\/","url_meta":{"origin":16715,"position":2},"title":"Tercer Domingo de Adviento","author":"Pepe Barrascout Ortiz","date":"16 diciembre 2012","format":false,"excerpt":"Tercer Domingo de Adviento (ciclo B) Reunida la familia o grupo de personas, se encienden las candelas del primero domingo, la del segundo y la del tercer domingo. Hermanos: A medida que avanza el Adviento y crece nuestra expectativa por un encuentro m\u00e1s intenso con Jes\u00fas, la Palabra de Dios,\u2026","rel":"","context":"En \u00abLimones\u00bb","block_context":{"text":"Limones","link":"https:\/\/quechilero.com\/blog\/category\/limones\/"},"img":{"alt_text":"","src":"https:\/\/i0.wp.com\/i392.photobucket.com\/albums\/pp7\/pepejaguar\/blog\/3-domingo-adviento.png?resize=350%2C200","width":350,"height":200,"srcset":"https:\/\/i0.wp.com\/i392.photobucket.com\/albums\/pp7\/pepejaguar\/blog\/3-domingo-adviento.png?resize=350%2C200 1x, https:\/\/i0.wp.com\/i392.photobucket.com\/albums\/pp7\/pepejaguar\/blog\/3-domingo-adviento.png?resize=525%2C300 1.5x"},"classes":[]},{"id":876,"url":"https:\/\/quechilero.com\/blog\/2008\/02\/21\/cuaresma-evangelio-21-feb-08\/","url_meta":{"origin":16715,"position":3},"title":"Cuaresma &#8211; Evangelio 21 feb 08","author":"Pepe Barrascout Ortiz","date":"21 febrero 2008","format":false,"excerpt":"Evangelio seg\u00fan San Lucas 16,19-31. Hab\u00eda un hombre rico que se vest\u00eda de p\u00farpura y lino fin\u00edsimo y cada d\u00eda hac\u00eda espl\u00e9ndidos banquetes. A su puerta, cubierto de llagas, yac\u00eda un pobre llamado L\u00e1zaro, que ansiaba saciarse con lo que ca\u00eda de la mesa del rico; y hasta los perros\u2026","rel":"","context":"En \u00abLimones\u00bb","block_context":{"text":"Limones","link":"https:\/\/quechilero.com\/blog\/category\/limones\/"},"img":{"alt_text":"","src":"","width":0,"height":0},"classes":[]},{"id":7526,"url":"https:\/\/quechilero.com\/blog\/2011\/04\/25\/el-beato-juan-xxiii\/","url_meta":{"origin":16715,"position":4},"title":"El Beato Juan XXIII","author":"Pepe Barrascout Ortiz","date":"25 abril 2011","format":false,"excerpt":"Fue elegido Papa a los 77 a\u00f1os. Desde el primer momento inaugur\u00f3 en la Iglesia un nuevo estilo de renovaci\u00f3n, adaptaci\u00f3n, di\u00e1logo y comuni\u00f3n. Su figura, lejos de apagarse, va creciendo con el paso de los a\u00f1os. Fue el profeta que la Iglesia necesitaba. Una imagen renovada de la bondad:\u2026","rel":"","context":"En \u00abLimones\u00bb","block_context":{"text":"Limones","link":"https:\/\/quechilero.com\/blog\/category\/limones\/"},"img":{"alt_text":"","src":"","width":0,"height":0},"classes":[]},{"id":4987,"url":"https:\/\/quechilero.com\/blog\/2010\/06\/28\/el-guerrero-y-su-esposa\/","url_meta":{"origin":16715,"position":5},"title":"El guerrero y su esposa","author":"Pepe Barrascout Ortiz","date":"28 junio 2010","format":false,"excerpt":"Cuenta una historia de la tradici\u00f3n sufi que un valiente guerrero regres\u00f3 a su pueblo despu\u00e9s de haber combatido con toda el alma por su patria. Al llegar a casa su alma se derrumb\u00f3 cuando le dieron la triste noticia de que su amada esposa hab\u00eda muerto. El guerrero, abatido\u2026","rel":"","context":"En \u00abLimones\u00bb","block_context":{"text":"Limones","link":"https:\/\/quechilero.com\/blog\/category\/limones\/"},"img":{"alt_text":"","src":"","width":0,"height":0},"classes":[]}],"jetpack_featured_media_url":"","_links":{"self":[{"href":"https:\/\/quechilero.com\/blog\/wp-json\/wp\/v2\/posts\/16715","targetHints":{"allow":["GET"]}}],"collection":[{"href":"https:\/\/quechilero.com\/blog\/wp-json\/wp\/v2\/posts"}],"about":[{"href":"https:\/\/quechilero.com\/blog\/wp-json\/wp\/v2\/types\/post"}],"author":[{"embeddable":true,"href":"https:\/\/quechilero.com\/blog\/wp-json\/wp\/v2\/users\/1"}],"replies":[{"embeddable":true,"href":"https:\/\/quechilero.com\/blog\/wp-json\/wp\/v2\/comments?post=16715"}],"version-history":[{"count":0,"href":"https:\/\/quechilero.com\/blog\/wp-json\/wp\/v2\/posts\/16715\/revisions"}],"wp:attachment":[{"href":"https:\/\/quechilero.com\/blog\/wp-json\/wp\/v2\/media?parent=16715"}],"wp:term":[{"taxonomy":"category","embeddable":true,"href":"https:\/\/quechilero.com\/blog\/wp-json\/wp\/v2\/categories?post=16715"},{"taxonomy":"post_tag","embeddable":true,"href":"https:\/\/quechilero.com\/blog\/wp-json\/wp\/v2\/tags?post=16715"},{"taxonomy":"series","embeddable":true,"href":"https:\/\/quechilero.com\/blog\/wp-json\/wp\/v2\/series?post=16715"}],"curies":[{"name":"wp","href":"https:\/\/api.w.org\/{rel}","templated":true}]}}