{"id":16713,"date":"2013-05-19T08:00:34","date_gmt":"2013-05-19T14:00:34","guid":{"rendered":"http:\/\/quechilero.com\/blog\/?p=16713"},"modified":"2013-08-16T12:20:30","modified_gmt":"2013-08-16T18:20:30","slug":"la-%ef%bb%bfvisitacion-de-la-santisima-virgen-maria","status":"publish","type":"post","link":"https:\/\/quechilero.com\/blog\/2013\/05\/19\/la-%ef%bb%bfvisitacion-de-la-santisima-virgen-maria\/","title":{"rendered":"La \ufeffVisitaci\u00f3n de la Sant\u00edsima Virgen Mar\u00eda"},"content":{"rendered":"<p>Al mismo tiempo que el \u00c1ngel Gabriel anunci\u00f3 a Mar\u00eda la Encarnaci\u00f3n del Hijo de Dios, le dio la noticia de que su parienta Isabel, est\u00e9ril y de edad avanzada, ten\u00eda en su vientre, hac\u00eda seis meses, un hijo destinado a ser el Precursor del Mes\u00edas. Mar\u00eda, llena de gracia y animada por el Esp\u00edritu Santo, parti\u00f3 sin dilaci\u00f3n a visitarla. Marcha de prisa, porque siente en sus entra\u00f1as -Primera Procesi\u00f3n del Corpus- la presencia del Hu\u00e9sped, y ese dulce peso pone alas a sus pies.<\/p>\n<p>\u00abQu\u00e9 hermosos son sobre los montes los pies del mensajero que anuncia la paz\u00bb. Efectivamente, imaginarse a Mar\u00eda por aquellos \u00e1ridos caminos, en la primavera florida de sus quince a\u00f1os, llevando en sus entra\u00f1as el divino Secreto, saltando y volando en alas del gozo y del amor, es una estampa l\u00edrica sin par..<\/p>\n<p>Lleg\u00f3 a una ciudad de las monta\u00f1as de Judea. La tradici\u00f3n se\u00f1ala a A\u00edn-Karim como esa ciudad de Jud\u00e1. Entrando Mar\u00eda en casa de Zacar\u00edas, esposo de Isabel, salud\u00f3 a \u00e9sta. Y sucedi\u00f3 que el ni\u00f1o que Isabel llevaba en sus entra\u00f1as, salt\u00f3 de gozo e Isabel, llena del Esp\u00edritu Santo, exclam\u00f3: \u00abBendita t\u00fa entre las mujeres y bendito el fruto de tu vientre. \u00bfQui\u00e9n soy yo para que la madre de mi Se\u00f1or venga a verme? Apenas lleg\u00f3 tu saludo a mis o\u00eddos, el ni\u00f1o salt\u00f3 de gozo en mi seno. Dichosa t\u00fa que has cre\u00eddo, porque se cumplir\u00e1 cuanto te fue anunciado de parte del Se\u00f1or\u00bb. Y nace de los labios de Mar\u00eda el Magn\u00edficat, canto de humildad y de agradecimiento, que introduce un sistema nuevo de valores. Este c\u00e1ntico es un resumen de la Biblia, s\u00edntesis de la historia de la salvaci\u00f3n. Anuncia la verdadera revoluci\u00f3n, no la de los hombres, sino la de Dios.<\/p>\n<p>La Virgen de la Visitaci\u00f3n, caminando de prisa, es una imagen fascinante. Primero ha dicho \u00absi\u00bb a Dios. Luego ese \u00absi\u00bb, convertido en mensaje, lo participa a los dem\u00e1s. La Anunciaci\u00f3n es lo que le ha sucedido a Mar\u00eda. La Visitaci\u00f3n es lo que Mar\u00eda hace que suceda en los dem\u00e1s, por su prontitud, generosidad y confianza.<\/p>\n","protected":false},"excerpt":{"rendered":"<p>Al mismo tiempo que el \u00c1ngel Gabriel anunci\u00f3 a Mar\u00eda la Encarnaci\u00f3n del Hijo de Dios, le dio la noticia de que su parienta Isabel, est\u00e9ril y de edad avanzada, ten\u00eda en su vientre, hac\u00eda seis meses, un hijo destinado a ser el Precursor del Mes\u00edas. Mar\u00eda, llena de gracia y animada por el Esp\u00edritu &#8230; <a title=\"La \ufeffVisitaci\u00f3n de la Sant\u00edsima Virgen Mar\u00eda\" class=\"read-more\" href=\"https:\/\/quechilero.com\/blog\/2013\/05\/19\/la-%ef%bb%bfvisitacion-de-la-santisima-virgen-maria\/\" aria-label=\"Leer m\u00e1s sobre La \ufeffVisitaci\u00f3n de la Sant\u00edsima Virgen Mar\u00eda\">Leer m\u00e1s<\/a><\/p>\n","protected":false},"author":1,"featured_media":0,"comment_status":"open","ping_status":"open","sticky":false,"template":"","format":"standard","meta":{"advanced_seo_description":"","jetpack_seo_html_title":"","jetpack_seo_noindex":false,"jetpack_seo_schema_type":"","episode_type":"","audio_file":"","podmotor_file_id":"","podmotor_episode_id":"","cover_image":"","cover_image_id":"","duration":"","filesize":"","filesize_raw":"","date_recorded":"","explicit":"","block":"","_jetpack_newsletter_access":"","_jetpack_dont_email_post_to_subs":false,"_jetpack_newsletter_tier_id":0,"_jetpack_memberships_contains_paywalled_content":false,"_jetpack_feature_clip_id":0,"_jetpack_memberships_contains_paid_content":false,"footnotes":"","jetpack_publicize_message":"","jetpack_publicize_feature_enabled":true,"jetpack_social_post_already_shared":false,"jetpack_social_options":{"image_generator_settings":{"template":"highway","default_image_id":0,"font":"","enabled":false},"version":2},"jetpack_post_was_ever_published":false},"categories":[2],"tags":[15,38,51,17,18,39,20,40,5,41,80],"series":[],"class_list":["post-16713","post","type-post","status-publish","format-standard","hentry","category-limones","tag-amor","tag-confianza","tag-dios","tag-historia","tag-hombre","tag-madre","tag-mujer","tag-paz","tag-tiempo","tag-verdad","tag-virgen-maria"],"episode_featured_image":false,"episode_player_image":"https:\/\/i0.wp.com\/quechilero.com\/blog\/imagenes\/podcast.png?fit=1831%2C1831&ssl=1","download_link":"","player_link":"","audio_player":false,"episode_data":{"playerMode":"dark","subscribeUrls":{"amazon":{"key":"amazon","url":"","label":"Amazon","class":"amazon","icon":"amazon.png"},"apple_podcasts":{"key":"apple_podcasts","url":"","label":"Apple Podcasts","class":"apple_podcasts","icon":"apple-podcasts.png"},"castbox":{"key":"castbox","url":"","label":"CastBox","class":"castbox","icon":"castbox.png"},"deezer":{"key":"deezer","url":"","label":"Deezer","class":"deezer","icon":"deezer.png"},"google_podcasts":{"key":"google_podcasts","url":"","label":"Google Podcasts","class":"google_podcasts","icon":"google-podcasts.png"},"listen_notes":{"key":"listen_notes","url":"","label":"Listen Notes","class":"listen_notes","icon":"listen-notes.png"},"pandora":{"key":"pandora","url":"","label":"Pandora","class":"pandora","icon":"pandora.png"},"podbean":{"key":"podbean","url":"","label":"Podbean","class":"podbean","icon":"podbean.png"},"podcast_republic":{"key":"podcast_republic","url":"","label":"Podcast Republic","class":"podcast_republic","icon":"podcast-republic.png"},"rss":{"key":"rss","url":"","label":"RSS","class":"rss","icon":"rss.png"},"spotify":{"key":"spotify","url":"","label":"Spotify","class":"spotify","icon":"spotify.png"},"stitcher":{"key":"stitcher","url":"","label":"Stitcher","class":"stitcher","icon":"stitcher.png"},"tunein":{"key":"tunein","url":"","label":"TuneIn","class":"tunein","icon":"tunein.png"},"youtube":{"key":"youtube","url":"","label":"YouTube","class":"youtube","icon":"youtube.png"},"iheartradio":{"key":"iheartradio","url":"","label":"iHeartRadio","class":"iheartradio","icon":"iheartradio.png"},"ivoox":{"key":"ivoox","url":"","label":"iVoox","class":"ivoox","icon":"ivoox.png"}},"rssFeedUrl":"https:\/\/quechilero.com\/blog\/feed\/podcast\/si-la-vida-nos-da-limones","embedCode":"<blockquote class=\"wp-embedded-content\" data-secret=\"iHi6qLZg2t\"><a href=\"https:\/\/quechilero.com\/blog\/2013\/05\/19\/la-%ef%bb%bfvisitacion-de-la-santisima-virgen-maria\/\">La \ufeffVisitaci\u00f3n de la Sant\u00edsima Virgen Mar\u00eda<\/a><\/blockquote><iframe sandbox=\"allow-scripts\" security=\"restricted\" src=\"https:\/\/quechilero.com\/blog\/2013\/05\/19\/la-%ef%bb%bfvisitacion-de-la-santisima-virgen-maria\/embed\/#?secret=iHi6qLZg2t\" width=\"500\" height=\"350\" title=\"\u00abLa \ufeffVisitaci\u00f3n de la Sant\u00edsima Virgen Mar\u00eda\u00bb \u2014 Si la Vida nos da Limones...\" data-secret=\"iHi6qLZg2t\" frameborder=\"0\" marginwidth=\"0\" marginheight=\"0\" scrolling=\"no\" class=\"wp-embedded-content\"><\/iframe><script>\n\/*! This file is auto-generated *\/\n!function(d,l){\"use strict\";l.querySelector&&d.addEventListener&&\"undefined\"!=typeof URL&&(d.wp=d.wp||{},d.wp.receiveEmbedMessage||(d.wp.receiveEmbedMessage=function(e){var t=e.data;if((t||t.secret||t.message||t.value)&&!\/[^a-zA-Z0-9]\/.test(t.secret)){for(var s,r,n,a=l.querySelectorAll('iframe[data-secret=\"'+t.secret+'\"]'),o=l.querySelectorAll('blockquote[data-secret=\"'+t.secret+'\"]'),c=new RegExp(\"^https?:$\",\"i\"),i=0;i<o.length;i++)o[i].style.display=\"none\";for(i=0;i<a.length;i++)s=a[i],e.source===s.contentWindow&&(s.removeAttribute(\"style\"),\"height\"===t.message?(1e3<(r=parseInt(t.value,10))?r=1e3:~~r<200&&(r=200),s.height=r):\"link\"===t.message&&(r=new URL(s.getAttribute(\"src\")),n=new URL(t.value),c.test(n.protocol))&&n.host===r.host&&l.activeElement===s&&(d.top.location.href=t.value))}},d.addEventListener(\"message\",d.wp.receiveEmbedMessage,!1),l.addEventListener(\"DOMContentLoaded\",function(){for(var e,t,s=l.querySelectorAll(\"iframe.wp-embedded-content\"),r=0;r<s.length;r++)(t=(e=s[r]).getAttribute(\"data-secret\"))||(t=Math.random().toString(36).substring(2,12),e.src+=\"#?secret=\"+t,e.setAttribute(\"data-secret\",t)),e.contentWindow.postMessage({message:\"ready\",secret:t},\"*\")},!1)))}(window,document);\n\/\/# sourceURL=https:\/\/quechilero.com\/blog\/wp-includes\/js\/wp-embed.min.js\n<\/script>\n"},"jetpack_publicize_connections":[],"jetpack_shortlink":"https:\/\/wp.me\/pDKli-4lz","jetpack_sharing_enabled":true,"jetpack-related-posts":[{"id":787,"url":"https:\/\/quechilero.com\/blog\/2007\/11\/15\/impresionantes-presentaciones-del-baile-de-la-conquista-de-guatemala\/","url_meta":{"origin":16713,"position":0},"title":"Impresionantes presentaciones del baile de La Conquista de Guatemala","author":"Pepe Barrascout Ortiz","date":"15 noviembre 2007","format":false,"excerpt":"Rabinal, Baja Verapaz Impresionantes presentaciones del baile de La Conquista de Guatemala El municipio de Rabinal, Baja Verapaz, se destaca el \u00faltimo fin de semana de noviembre, por la impresionante presentaci\u00f3n de la danza de enmascarados \"La Conquista de Guatemala\". Esta representaci\u00f3n folcl\u00f3rica se efect\u00faa en la fiesta de la\u2026","rel":"","context":"En \u00abLimones\u00bb","block_context":{"text":"Limones","link":"https:\/\/quechilero.com\/blog\/category\/limones\/"},"img":{"alt_text":"Rabinal","src":"https:\/\/i0.wp.com\/farm1.static.flickr.com\/128\/322378090_b43dfc3518.jpg?resize=350%2C200","width":350,"height":200},"classes":[]},{"id":372,"url":"https:\/\/quechilero.com\/blog\/2006\/11\/19\/baile-de-la-conquista\/","url_meta":{"origin":16713,"position":1},"title":"Baile de la Conquista","author":"Pepe Barrascout Ortiz","date":"19 noviembre 2006","format":false,"excerpt":"Guatemala es un pa\u00eds de tradiciones, algunas muy arraigadas y que se practican desde hace muchos a\u00f1os. En Rabinal, Baja Verapaz se realiza desde hace medio siglo, la representaci\u00f3n del Baile de la Conquista de Guatemala, con el cual se celebra la fiesta de la Virgen del Patrocinio. Del 25\u2026","rel":"","context":"En \u00abLimones\u00bb","block_context":{"text":"Limones","link":"https:\/\/quechilero.com\/blog\/category\/limones\/"},"img":{"alt_text":"Mario Abigail Valdiz\u00f3n Ayala","src":"https:\/\/i0.wp.com\/static.flickr.com\/109\/299786342_c3ed42e689_o.gif?resize=350%2C200","width":350,"height":200},"classes":[]},{"id":27328,"url":"https:\/\/quechilero.com\/blog\/2010\/10\/02\/el-santo-rosario-misterios-gozosos\/","url_meta":{"origin":16713,"position":2},"title":"El Santo Rosario: Misterios Gozosos","author":"Pepe Barrascout Ortiz","date":"2 octubre 2010","format":false,"excerpt":"Los Misterios Gozosos los rezamos los Lunes y S\u00e1bados \u00a0 En el nombre del Padre, y del Hijo, y del Esp\u00edritu Santo. Am\u00e9n. Dios m\u00edo, ven en mi auxilio. Se\u00f1or, date prisa en socorrerme. Gloria al Padre, Gloria al Hijo y Gloria al Esp\u00edritu Santo, Am\u00e9n. Primer Misterio Gozoso. La\u2026","rel":"","context":"En \u00abEl Santo Rosario\u00bb","block_context":{"text":"El Santo Rosario","link":"https:\/\/quechilero.com\/blog\/category\/podcast\/el-santo-rosario\/"},"img":{"alt_text":"Misterios Gozosos","src":"https:\/\/i0.wp.com\/i392.photobucket.com\/albums\/pp7\/pepejaguar\/blog\/Misterios-Gozosos_zps4a26ae91.jpg?resize=350%2C200","width":350,"height":200,"srcset":"https:\/\/i0.wp.com\/i392.photobucket.com\/albums\/pp7\/pepejaguar\/blog\/Misterios-Gozosos_zps4a26ae91.jpg?resize=350%2C200 1x, https:\/\/i0.wp.com\/i392.photobucket.com\/albums\/pp7\/pepejaguar\/blog\/Misterios-Gozosos_zps4a26ae91.jpg?resize=525%2C300 1.5x"},"classes":[]},{"id":12302,"url":"https:\/\/quechilero.com\/blog\/2012\/01\/20\/san-sebastian\/","url_meta":{"origin":16713,"position":3},"title":"San Sebasti\u00e1n","author":"Pepe Barrascout Ortiz","date":"20 enero 2012","format":false,"excerpt":"San Sebasti\u00e1n, que alcanzaste de Dios tanta fe y caridad, que llegaste a sacrificar tu vida por obedecer a Dios, y socorrer a tus hermanos cristianos. Ahora que vives junto a Dios, escucha las plegarias y s\u00faplicas que con gratitud, fe y devoci\u00f3n, acuden a t\u00ed desde los campos, pueblos\u2026","rel":"","context":"En \u00abLimones\u00bb","block_context":{"text":"Limones","link":"https:\/\/quechilero.com\/blog\/category\/limones\/"},"img":{"alt_text":"","src":"https:\/\/i0.wp.com\/i392.photobucket.com\/albums\/pp7\/pepejaguar\/blog\/401528_10150486307648931_541353930_8752916_638264961_n.jpg?resize=350%2C200","width":350,"height":200},"classes":[]},{"id":4777,"url":"https:\/\/quechilero.com\/blog\/2010\/05\/10\/acto-de-consagracion-a-maria-santisima\/","url_meta":{"origin":16713,"position":4},"title":"Acto de Consagraci\u00f3n a Mar\u00eda Sant\u00edsima","author":"Pepe Barrascout Ortiz","date":"10 mayo 2010","format":false,"excerpt":"Virgen Santa, la m\u00e1s pura de todas las v\u00edrgenes, y la Madre de mi Dios, Mar\u00eda Sant\u00edsima: Yo, aunque indigno de comparecer ante vuestra presencia soberana, confiando, sin embargo, en vuestra bondad, vengo a arrojarme a vuestros pies, Oh refugio de los pecadores, vengo a ofreceros este coraz\u00f3n m\u00edo como\u2026","rel":"","context":"En \u00abLimones\u00bb","block_context":{"text":"Limones","link":"https:\/\/quechilero.com\/blog\/category\/limones\/"},"img":{"alt_text":"","src":"","width":0,"height":0},"classes":[]},{"id":18113,"url":"https:\/\/quechilero.com\/blog\/2014\/08\/02\/nuestra-senora-de-los-angeles\/","url_meta":{"origin":16713,"position":5},"title":"Nuestra Se\u00f1ora de los \u00c1ngeles","author":"Pepe Barrascout Ortiz","date":"2 agosto 2014","format":false,"excerpt":"Nuestra Se\u00f1ora de los \u00c1ngeles, es la advocaci\u00f3n\u00a0que recibe la Virgen Mar\u00eda, como Reina de todos los \u00e1ngeles. Los franciscanos lo celebran el 2 de agosto. En Cartago (Costa Rica), existe una Bas\u00edlica Menor, en su honor, es la patrona de Costa Rica y es venerada por muchas personas que\u2026","rel":"","context":"En \u00abLimones\u00bb","block_context":{"text":"Limones","link":"https:\/\/quechilero.com\/blog\/category\/limones\/"},"img":{"alt_text":"","src":"","width":0,"height":0},"classes":[]}],"jetpack_featured_media_url":"","_links":{"self":[{"href":"https:\/\/quechilero.com\/blog\/wp-json\/wp\/v2\/posts\/16713","targetHints":{"allow":["GET"]}}],"collection":[{"href":"https:\/\/quechilero.com\/blog\/wp-json\/wp\/v2\/posts"}],"about":[{"href":"https:\/\/quechilero.com\/blog\/wp-json\/wp\/v2\/types\/post"}],"author":[{"embeddable":true,"href":"https:\/\/quechilero.com\/blog\/wp-json\/wp\/v2\/users\/1"}],"replies":[{"embeddable":true,"href":"https:\/\/quechilero.com\/blog\/wp-json\/wp\/v2\/comments?post=16713"}],"version-history":[{"count":0,"href":"https:\/\/quechilero.com\/blog\/wp-json\/wp\/v2\/posts\/16713\/revisions"}],"wp:attachment":[{"href":"https:\/\/quechilero.com\/blog\/wp-json\/wp\/v2\/media?parent=16713"}],"wp:term":[{"taxonomy":"category","embeddable":true,"href":"https:\/\/quechilero.com\/blog\/wp-json\/wp\/v2\/categories?post=16713"},{"taxonomy":"post_tag","embeddable":true,"href":"https:\/\/quechilero.com\/blog\/wp-json\/wp\/v2\/tags?post=16713"},{"taxonomy":"series","embeddable":true,"href":"https:\/\/quechilero.com\/blog\/wp-json\/wp\/v2\/series?post=16713"}],"curies":[{"name":"wp","href":"https:\/\/api.w.org\/{rel}","templated":true}]}}