{"id":16711,"date":"2013-05-18T08:00:38","date_gmt":"2013-05-18T14:00:38","guid":{"rendered":"http:\/\/quechilero.com\/blog\/?p=16711"},"modified":"2013-08-16T12:19:28","modified_gmt":"2013-08-16T18:19:28","slug":"%ef%bb%bfalegrate-por-el-dia-de-hoy","status":"publish","type":"post","link":"https:\/\/quechilero.com\/blog\/2013\/05\/18\/%ef%bb%bfalegrate-por-el-dia-de-hoy\/","title":{"rendered":"\ufeffAl\u00e9grate por el d\u00eda de hoy"},"content":{"rendered":"<p>En su libro titulado The Tapestry (El tapiz), Edith Schaeffer describe un verano en que su esposo Francis pas\u00f3 tres meses en Europa. Durante ese tiempo, en el que lo extra\u00f1\u00f3 mucho, Edith y su hermana Janet llevaron a sus hijos a vivir en una antigua escuela en Cape Cod. Puesto que ten\u00edan muy poco dinero, compart\u00edan la renta, no ten\u00edan auto y creaban aventuras a diario para los cinco ni\u00f1os.<\/p>\n<p>Mirando atr\u00e1s a\u00f1os despu\u00e9s, Edith dijo de ese verano: \u00abNunca m\u00e1s he vuelto a pasar un tiempo as\u00ed con mis hijos ni con mi hermana o sobrinos. Los repentinos y queridos momentos de la vida hay que reconocerlos por lo singulares que son. No se pueden desperdiciar deseando otra cosa.\u00bb<\/p>\n<p>La perspectiva de Edith nos ofrece una clave para aplicar las palabras del Salmo 118:24: \u00abEste es el d\u00eda que el Se\u00f1or ha hecho; regocij\u00e9monos y alegr\u00e9monos en \u00e9l.\u00bb Durante los momentos dif\u00edciles nos vemos tentados a volvernos pasivos mientras esperamos que pase una tormenta de la vida. Pero Dios nos invita a buscar activamente las oportunidades que tenemos a la mano en lugar de lamentarnos por lo que no tenemos.<\/p>\n<p>Puesto que el Se\u00f1or ha hecho este d\u00eda, podemos ver m\u00e1s all\u00e1 de las puertas cerradas y ver la gente y las oportunidades que antes pasamos por alto. Al celebrar su valor descubriremos el gozo y la alegr\u00eda que vienen de Dios.<\/p>\n<p>Si miras el lado brillante de la vida no tienes que preocuparte porque se te vaya a cansar la vista.<\/p>\n","protected":false},"excerpt":{"rendered":"<p>En su libro titulado The Tapestry (El tapiz), Edith Schaeffer describe un verano en que su esposo Francis pas\u00f3 tres meses en Europa. Durante ese tiempo, en el que lo extra\u00f1\u00f3 mucho, Edith y su hermana Janet llevaron a sus hijos a vivir en una antigua escuela en Cape Cod. Puesto que ten\u00edan muy poco &#8230; <a title=\"\ufeffAl\u00e9grate por el d\u00eda de hoy\" class=\"read-more\" href=\"https:\/\/quechilero.com\/blog\/2013\/05\/18\/%ef%bb%bfalegrate-por-el-dia-de-hoy\/\" aria-label=\"Leer m\u00e1s sobre \ufeffAl\u00e9grate por el d\u00eda de hoy\">Leer m\u00e1s<\/a><\/p>\n","protected":false},"author":1,"featured_media":0,"comment_status":"open","ping_status":"open","sticky":false,"template":"","format":"standard","meta":{"advanced_seo_description":"","jetpack_seo_html_title":"","jetpack_seo_noindex":false,"jetpack_seo_schema_type":"","episode_type":"","audio_file":"","podmotor_file_id":"","podmotor_episode_id":"","cover_image":"","cover_image_id":"","duration":"","filesize":"","filesize_raw":"","date_recorded":"","explicit":"","block":"","_jetpack_newsletter_access":"","_jetpack_dont_email_post_to_subs":false,"_jetpack_newsletter_tier_id":0,"_jetpack_memberships_contains_paywalled_content":false,"_jetpack_feature_clip_id":0,"_jetpack_memberships_contains_paid_content":false,"footnotes":"","jetpack_publicize_message":"","jetpack_publicize_feature_enabled":true,"jetpack_social_post_already_shared":false,"jetpack_social_options":{"image_generator_settings":{"template":"highway","default_image_id":0,"font":"","enabled":false},"version":2},"jetpack_post_was_ever_published":false},"categories":[2],"tags":[87,26,51,72,42,5,24],"series":[],"class_list":["post-16711","post","type-post","status-publish","format-standard","hentry","category-limones","tag-alegria","tag-dinero","tag-dios","tag-libro","tag-palabra","tag-tiempo","tag-vida"],"episode_featured_image":false,"episode_player_image":"https:\/\/i0.wp.com\/quechilero.com\/blog\/imagenes\/podcast.png?fit=1831%2C1831&ssl=1","download_link":"","player_link":"","audio_player":false,"episode_data":{"playerMode":"dark","subscribeUrls":{"amazon":{"key":"amazon","url":"","label":"Amazon","class":"amazon","icon":"amazon.png"},"apple_podcasts":{"key":"apple_podcasts","url":"","label":"Apple Podcasts","class":"apple_podcasts","icon":"apple-podcasts.png"},"castbox":{"key":"castbox","url":"","label":"CastBox","class":"castbox","icon":"castbox.png"},"deezer":{"key":"deezer","url":"","label":"Deezer","class":"deezer","icon":"deezer.png"},"google_podcasts":{"key":"google_podcasts","url":"","label":"Google Podcasts","class":"google_podcasts","icon":"google-podcasts.png"},"listen_notes":{"key":"listen_notes","url":"","label":"Listen Notes","class":"listen_notes","icon":"listen-notes.png"},"pandora":{"key":"pandora","url":"","label":"Pandora","class":"pandora","icon":"pandora.png"},"podbean":{"key":"podbean","url":"","label":"Podbean","class":"podbean","icon":"podbean.png"},"podcast_republic":{"key":"podcast_republic","url":"","label":"Podcast Republic","class":"podcast_republic","icon":"podcast-republic.png"},"rss":{"key":"rss","url":"","label":"RSS","class":"rss","icon":"rss.png"},"spotify":{"key":"spotify","url":"","label":"Spotify","class":"spotify","icon":"spotify.png"},"stitcher":{"key":"stitcher","url":"","label":"Stitcher","class":"stitcher","icon":"stitcher.png"},"tunein":{"key":"tunein","url":"","label":"TuneIn","class":"tunein","icon":"tunein.png"},"youtube":{"key":"youtube","url":"","label":"YouTube","class":"youtube","icon":"youtube.png"},"iheartradio":{"key":"iheartradio","url":"","label":"iHeartRadio","class":"iheartradio","icon":"iheartradio.png"},"ivoox":{"key":"ivoox","url":"","label":"iVoox","class":"ivoox","icon":"ivoox.png"}},"rssFeedUrl":"https:\/\/quechilero.com\/blog\/feed\/podcast\/si-la-vida-nos-da-limones","embedCode":"<blockquote class=\"wp-embedded-content\" data-secret=\"HU0Ty9e7q8\"><a href=\"https:\/\/quechilero.com\/blog\/2013\/05\/18\/%ef%bb%bfalegrate-por-el-dia-de-hoy\/\">\ufeffAl\u00e9grate por el d\u00eda de hoy<\/a><\/blockquote><iframe sandbox=\"allow-scripts\" security=\"restricted\" src=\"https:\/\/quechilero.com\/blog\/2013\/05\/18\/%ef%bb%bfalegrate-por-el-dia-de-hoy\/embed\/#?secret=HU0Ty9e7q8\" width=\"500\" height=\"350\" title=\"\u00ab\ufeffAl\u00e9grate por el d\u00eda de hoy\u00bb \u2014 Si la Vida nos da Limones...\" data-secret=\"HU0Ty9e7q8\" frameborder=\"0\" marginwidth=\"0\" marginheight=\"0\" scrolling=\"no\" class=\"wp-embedded-content\"><\/iframe><script>\n\/*! This file is auto-generated *\/\n!function(d,l){\"use strict\";l.querySelector&&d.addEventListener&&\"undefined\"!=typeof URL&&(d.wp=d.wp||{},d.wp.receiveEmbedMessage||(d.wp.receiveEmbedMessage=function(e){var t=e.data;if((t||t.secret||t.message||t.value)&&!\/[^a-zA-Z0-9]\/.test(t.secret)){for(var s,r,n,a=l.querySelectorAll('iframe[data-secret=\"'+t.secret+'\"]'),o=l.querySelectorAll('blockquote[data-secret=\"'+t.secret+'\"]'),c=new RegExp(\"^https?:$\",\"i\"),i=0;i<o.length;i++)o[i].style.display=\"none\";for(i=0;i<a.length;i++)s=a[i],e.source===s.contentWindow&&(s.removeAttribute(\"style\"),\"height\"===t.message?(1e3<(r=parseInt(t.value,10))?r=1e3:~~r<200&&(r=200),s.height=r):\"link\"===t.message&&(r=new URL(s.getAttribute(\"src\")),n=new URL(t.value),c.test(n.protocol))&&n.host===r.host&&l.activeElement===s&&(d.top.location.href=t.value))}},d.addEventListener(\"message\",d.wp.receiveEmbedMessage,!1),l.addEventListener(\"DOMContentLoaded\",function(){for(var e,t,s=l.querySelectorAll(\"iframe.wp-embedded-content\"),r=0;r<s.length;r++)(t=(e=s[r]).getAttribute(\"data-secret\"))||(t=Math.random().toString(36).substring(2,12),e.src+=\"#?secret=\"+t,e.setAttribute(\"data-secret\",t)),e.contentWindow.postMessage({message:\"ready\",secret:t},\"*\")},!1)))}(window,document);\n\/\/# sourceURL=https:\/\/quechilero.com\/blog\/wp-includes\/js\/wp-embed.min.js\n<\/script>\n"},"jetpack_publicize_connections":[],"jetpack_shortlink":"https:\/\/wp.me\/pDKli-4lx","jetpack_sharing_enabled":true,"jetpack-related-posts":[{"id":29009,"url":"https:\/\/quechilero.com\/blog\/2018\/05\/04\/limonada-456\/","url_meta":{"origin":16711,"position":0},"title":"Limonada # 456","author":"Pepe Barrascout Ortiz","date":"4 mayo 2018","format":false,"excerpt":"El amor al pr\u00f3jimo, es la medida de nuestro amor a Dios. Santa Edith Stein","rel":"","context":"En \u00abLimonadas\u00bb","block_context":{"text":"Limonadas","link":"https:\/\/quechilero.com\/blog\/category\/limonadas\/"},"img":{"alt_text":"","src":"https:\/\/i0.wp.com\/quechilero.com\/blog\/imagenes\/limonadas.jpg?fit=620%2C350&ssl=1&resize=350%2C200","width":350,"height":200,"srcset":"https:\/\/i0.wp.com\/quechilero.com\/blog\/imagenes\/limonadas.jpg?fit=620%2C350&ssl=1&resize=350%2C200 1x, https:\/\/i0.wp.com\/quechilero.com\/blog\/imagenes\/limonadas.jpg?fit=620%2C350&ssl=1&resize=525%2C300 1.5x"},"classes":[]},{"id":13896,"url":"https:\/\/quechilero.com\/blog\/2013\/10\/25\/limonada-289\/","url_meta":{"origin":16711,"position":1},"title":"Limonada # 289","author":"Pepe Barrascout Ortiz","date":"25 octubre 2013","format":false,"excerpt":"Existem duas formas de espalhar a luz: ser a vela ou ser o espelho que reflete a vela. Edith Wharton","rel":"","context":"En \u00abLimonadas\u00bb","block_context":{"text":"Limonadas","link":"https:\/\/quechilero.com\/blog\/category\/limonadas\/"},"img":{"alt_text":"","src":"","width":0,"height":0},"classes":[]},{"id":19269,"url":"https:\/\/quechilero.com\/blog\/2014\/08\/28\/las-cuatro-estaciones\/","url_meta":{"origin":16711,"position":2},"title":"Las cuatro estaciones","author":"Pepe Barrascout Ortiz","date":"28 agosto 2014","format":false,"excerpt":"Hab\u00eda una vez un hombre que ten\u00eda cuatro hijos. El hombre buscaba que ellos aprendieran a no juzgar las cosas tan r\u00e1pidamente; entonces los envi\u00f3 a cada uno por turnos a visitar un peral que estaba a una gran distancia. El primer hijo se fue en el invierno, el segundo\u2026","rel":"","context":"En \u00abLimones\u00bb","block_context":{"text":"Limones","link":"https:\/\/quechilero.com\/blog\/category\/limones\/"},"img":{"alt_text":"","src":"","width":0,"height":0},"classes":[]},{"id":602,"url":"https:\/\/quechilero.com\/blog\/2007\/08\/03\/por-que-las-mujeres-somos-brujas\/","url_meta":{"origin":16711,"position":3},"title":"\u00bfPor qu\u00e9 las mujeres somos Brujas?","author":"Pepe Barrascout Ortiz","date":"3 agosto 2007","format":false,"excerpt":"Porque llegamos a fin de mes haciendo magia con el dinero; Porque lanzamos conjuros varios contra el alza de precios; Porque estamos al mismo tiempo en varios lugares: lavando ropa, planchando, sirviendo la cena y haciendo tarea escolar; Porque somos capaces de convertir en culebra con la mirada a aquella\u2026","rel":"","context":"En \u00abLimones\u00bb","block_context":{"text":"Limones","link":"https:\/\/quechilero.com\/blog\/category\/limones\/"},"img":{"alt_text":"","src":"","width":0,"height":0},"classes":[]},{"id":11460,"url":"https:\/\/quechilero.com\/blog\/2011\/12\/26\/una-navidad-sin-cristo-o-un-cristo-sin-navidad\/","url_meta":{"origin":16711,"position":4},"title":"\u00bfUna Navidad sin Cristo o un Cristo sin Navidad?","author":"Pepe Barrascout Ortiz","date":"26 diciembre 2011","format":false,"excerpt":"Cristo vino porque Dios nos ama y porque quiere hacer sentir su amor entre nosotros. Yo me siento orgulloso porque mi Buen Padre Dios me ama. \u00bfUna Navidad sin Cristo o un Cristo sin Navidad? Cristo en su Navidad es el puente tendido por Dios para acercarse a los hombres\u2026","rel":"","context":"En \u00abLimones\u00bb","block_context":{"text":"Limones","link":"https:\/\/quechilero.com\/blog\/category\/limones\/"},"img":{"alt_text":"","src":"","width":0,"height":0},"classes":[]},{"id":16733,"url":"https:\/\/quechilero.com\/blog\/2013\/05\/30\/quiero-ser-como-%ef%bb%bftu\/","url_meta":{"origin":16711,"position":5},"title":"Quiero ser como \ufefft\u00fa","author":"Pepe Barrascout Ortiz","date":"30 mayo 2013","format":false,"excerpt":"Mi hijo naci\u00f3 hace pocos d\u00edas, lleg\u00f3 a este mundo de una manera normal... Pero yo ten\u00eda que viajar, \u00a1ten\u00eda tantos compromisos! Mi hijo aprendi\u00f3 a comer cuando menos lo esperaba, comenz\u00f3 a hablar cuando yo no estaba... \u00a1C\u00f3mo crece mi hijo de r\u00e1pido! \u00a1C\u00f3mo pasa el tiempo! Mi hijo,\u2026","rel":"","context":"En \u00abLimones\u00bb","block_context":{"text":"Limones","link":"https:\/\/quechilero.com\/blog\/category\/limones\/"},"img":{"alt_text":"","src":"","width":0,"height":0},"classes":[]}],"jetpack_featured_media_url":"","_links":{"self":[{"href":"https:\/\/quechilero.com\/blog\/wp-json\/wp\/v2\/posts\/16711","targetHints":{"allow":["GET"]}}],"collection":[{"href":"https:\/\/quechilero.com\/blog\/wp-json\/wp\/v2\/posts"}],"about":[{"href":"https:\/\/quechilero.com\/blog\/wp-json\/wp\/v2\/types\/post"}],"author":[{"embeddable":true,"href":"https:\/\/quechilero.com\/blog\/wp-json\/wp\/v2\/users\/1"}],"replies":[{"embeddable":true,"href":"https:\/\/quechilero.com\/blog\/wp-json\/wp\/v2\/comments?post=16711"}],"version-history":[{"count":0,"href":"https:\/\/quechilero.com\/blog\/wp-json\/wp\/v2\/posts\/16711\/revisions"}],"wp:attachment":[{"href":"https:\/\/quechilero.com\/blog\/wp-json\/wp\/v2\/media?parent=16711"}],"wp:term":[{"taxonomy":"category","embeddable":true,"href":"https:\/\/quechilero.com\/blog\/wp-json\/wp\/v2\/categories?post=16711"},{"taxonomy":"post_tag","embeddable":true,"href":"https:\/\/quechilero.com\/blog\/wp-json\/wp\/v2\/tags?post=16711"},{"taxonomy":"series","embeddable":true,"href":"https:\/\/quechilero.com\/blog\/wp-json\/wp\/v2\/series?post=16711"}],"curies":[{"name":"wp","href":"https:\/\/api.w.org\/{rel}","templated":true}]}}